{"id":34296,"date":"2022-06-06T13:00:39","date_gmt":"2022-06-06T16:00:39","guid":{"rendered":"http:\/\/aarquiteta.com.br\/?p=34296"},"modified":"2024-09-13T17:01:57","modified_gmt":"2024-09-13T20:01:57","slug":"criar-textura-de-superficie-no-archicad","status":"publish","type":"post","link":"https:\/\/www.aarquiteta.com.br\/blog\/criar-textura-de-superficie-no-archicad\/","title":{"rendered":"Textura de superf\u00edcie &#8211; Aprenda como criar no ARCHICAD!"},"content":{"rendered":"<p><img decoding=\"async\" class=\"aligncenter wp-image-56835 size-full\" title=\"Textura de superf\u00edcie - Aprenda como criar no ARCHICAD!\" src=\"https:\/\/www.aarquiteta.com.br\/blog\/wp-content\/uploads\/2022\/06\/ARCHICAD-TEXTURA-DE-SUPERFICIE.jpg\" alt=\"Textura de superf\u00edcie - Aprenda como criar no ARCHICAD!\" width=\"1200\" height=\"800\" srcset=\"https:\/\/www.aarquiteta.com.br\/blog\/wp-content\/uploads\/2022\/06\/ARCHICAD-TEXTURA-DE-SUPERFICIE.jpg 1200w, https:\/\/www.aarquiteta.com.br\/blog\/wp-content\/uploads\/2022\/06\/ARCHICAD-TEXTURA-DE-SUPERFICIE-1024x683.jpg 1024w, https:\/\/www.aarquiteta.com.br\/blog\/wp-content\/uploads\/2022\/06\/ARCHICAD-TEXTURA-DE-SUPERFICIE-696x464.jpg 696w, https:\/\/www.aarquiteta.com.br\/blog\/wp-content\/uploads\/2022\/06\/ARCHICAD-TEXTURA-DE-SUPERFICIE-150x100.jpg 150w\" sizes=\"(max-width: 1200px) 100vw, 1200px\" \/><\/p>\n<p>Textura de superf\u00edcie \u2014 Aprenda como criar no ARCHICAD!<\/p>\n<p>Se voc\u00ea est\u00e1 buscando informa\u00e7\u00f5es sobre como criar ou alterar Texturas de Superf\u00edcie no <a href=\"https:\/\/www.aarquiteta.com.br\/blog\/plantas-de-casa\/\" target=\"_blank\" rel=\"noopener\">ARCHICAD<\/a>, confira neste artigo um passo a passo de como fazer para configurar sua imagem jpg no elemento do 3D ARCHICAD.<\/p>\n<h2>Textura de superf\u00edcie \u2014 Aprenda como criar no <a href=\"https:\/\/www.aarquiteta.com.br\/blog\/cursos-de-arquitetura-e-decoracao\/archicad\/\" target=\"_blank\" rel=\"noopener\">ARCHICAD<\/a>!<\/h2>\n<p>Superf\u00edcie \u00e9 o nome dado ao acabamento de uma <a href=\"https:\/\/www.aarquiteta.com.br\/blog\/paredes-compostas-no-archicad\/\" target=\"_blank\" rel=\"noopener\">composi\u00e7\u00e3o de material de constru\u00e7\u00e3o<\/a>, que pode ser uma imagem na cor de uma tinta, uma categoria de madeira, vidro, pastilhas, todo e qualquer material que seja de\u00a0 acabamento em um elemento da Arquitetura.<\/p>\n<p>A G<a href=\"https:\/\/graphisoft.com\/br\" target=\"_blank\" rel=\"noopener\">raphisoft<\/a> criou a <a href=\"https:\/\/www.aarquiteta.com.br\/blog\/como-instalar-o-archicad-gratuitamente\/\" target=\"_blank\" rel=\"noopener\">biblioteca do ARCHICAD AC24,<\/a> e ela costuma trazer-nos uma lista dos principais materiais para utiliza\u00e7\u00e3o em superf\u00edcie.<\/p>\n<p>No entanto, algumas vezes, podemos n\u00e3o encontrar a textura perfeita ideal para utilizarmos em nosso <a href=\"https:\/\/www.aarquiteta.com.br\/blog\/plantas-de-casa\/\" target=\"_blank\" rel=\"noopener\">projeto<\/a>, por isso elaborei este artigo para voc\u00ea que est\u00e1 aqui agora buscando uma solu\u00e7\u00e3o para este problema de <a href=\"https:\/\/www.aarquiteta.com.br\/blog\/canetas-no-archicad\/\" target=\"_blank\" rel=\"noopener\">COMO PERSONALIZAR<\/a> imagens de acabamento.<\/p>\n<p>Por exemplo:<\/p>\n<p>Voc\u00ea criou a modelagem do <a href=\"https:\/\/www.aarquiteta.com.br\/blog\/projeto-de-arquitetura\/\" target=\"_blank\" rel=\"noopener\">seu projeto<\/a> e est\u00e1 na fase final de escolher a cor da tinta a ser utilizada na obra. Seu cliente escolheu com voc\u00ea em uma loja da Suvinil uma cor AMARELA exclusiva, uma combina\u00e7\u00e3o de pigmentos criada apenas para o seu <a href=\"https:\/\/www.aarquiteta.com.br\/blog\/canetas-no-archicad\/\" target=\"_blank\" rel=\"noopener\">projeto<\/a>.<\/p>\n<p>N\u00e3o h\u00e1 nada parecido com o que voc\u00ea busca na biblioteca de textura de superf\u00edcie em seu programa BIM favorito, o <a href=\"https:\/\/www.aarquiteta.com.br\/curso-de-arquitetura\/\" target=\"_blank\" rel=\"noopener\">ARCHICAD.<\/a><\/p>\n<p>Mostrarei para quem utiliza o <a href=\"http:\/\/www.aarquiteta.com.br\/curso-gratis-archicad\/\" target=\"_blank\" rel=\"noopener\">ARCHICAD<\/a> como criar textura de superf\u00edcie, ou seja, a pintura final da constru\u00e7\u00e3o na real como ela ficar\u00e1 ap\u00f3s instalada.<\/p>\n<p>Para isso voc\u00ea precisar\u00e1 de uma imagem da cor criada em um JPG de boa qualidade, com resolu\u00e7\u00e3o suficiente para dar o m\u00e1ximo de precis\u00e3o no seu <a href=\"https:\/\/www.aarquiteta.com.br\/blog\/projeto-arquitetonico\/\" target=\"_blank\" rel=\"noopener\">projeto.<\/a><\/p>\n<p><iframe style=\"width: 120px; height: 240px;\" src=\"\/\/ws-na.amazon-adsystem.com\/widgets\/q?ServiceVersion=20070822&amp;OneJS=1&amp;Operation=GetAdHtml&amp;MarketPlace=BR&amp;source=ss&amp;ref=as_ss_li_til&amp;ad_type=product_link&amp;tracking_id=aarquiteta-20&amp;language=pt_BR&amp;marketplace=amazon&amp;region=BR&amp;placement=8561453443&amp;asins=8561453443&amp;linkId=270820f75c42ca0a4acd8d41c495df99&amp;show_border=true&amp;link_opens_in_new_window=true\" frameborder=\"0\" marginwidth=\"0\" marginheight=\"0\" scrolling=\"no\" sandbox=\"allow-popups allow-scripts allow-modals allow-forms allow-same-origin\"><\/iframe><\/p>\n<h2>Como criar a textura de superf\u00edcie no <a href=\"https:\/\/www.aarquiteta.com.br\/curso-de-arquitetura\/\" target=\"_blank\" rel=\"noopener\">ARCHICAD<\/a>?<\/h2>\n<p>No Menu superior do <a href=\"https:\/\/www.aarquiteta.com.br\/blog\/projeto-de-arquitetura\/\" target=\"_blank\" rel=\"noopener\">ARCHICAD<\/a> voc\u00ea acessar\u00e1 o \u2018item\u2019: JANELAS e buscar pela barra de Ferramentas. Na op\u00e7\u00e3o na ferramenta voc\u00ea acionar\u00e1 a barra ATRIBUTOS:<\/p>\n<figure id=\"attachment_34298\" aria-describedby=\"caption-attachment-34298\" style=\"width: 683px\" class=\"wp-caption aligncenter\"><a href=\"https:\/\/www.aarquiteta.com.br\/blog\/wp-content\/uploads\/2021\/05\/ATRIBUTO.jpg\"><img decoding=\"async\" class=\"wp-image-34298 size-full\" title=\"criar texturade superf\u00edcie no ARCHICAD\" src=\"https:\/\/www.aarquiteta.com.br\/blog\/wp-content\/uploads\/2021\/05\/ATRIBUTO.jpg\" alt=\"\" width=\"683\" height=\"912\" srcset=\"https:\/\/www.aarquiteta.com.br\/blog\/wp-content\/uploads\/2021\/05\/ATRIBUTO.jpg 683w, https:\/\/www.aarquiteta.com.br\/blog\/wp-content\/uploads\/2021\/05\/ATRIBUTO-150x200.jpg 150w\" sizes=\"(max-width: 683px) 100vw, 683px\" \/><\/a><figcaption id=\"caption-attachment-34298\" class=\"wp-caption-text\">Imagem: Acervo Pessoal: Curso Completo de ARCHICAD com Twinmotion. <a href=\"https:\/\/www.aarquiteta.com.br\/curso-archicad\/\" target=\"_blank\" rel=\"noopener\">Clique aqui para sabe mais!<\/a><\/figcaption><\/figure>\n<h2>Aprenda como criar Textura de Superf\u00edcie no <a href=\"https:\/\/www.aarquiteta.com.br\/curso-de-arquitetura\/\" target=\"_blank\" rel=\"noopener\">ARCHICAD:<\/a><\/h2>\n<p>Agora mostrarei o passo a passo para quem utiliza o <a href=\"https:\/\/www.aarquiteta.com.br\/curso-archicad\/\" target=\"_blank\" rel=\"noopener\">ARCHICAD<\/a> de como texturas e aplic\u00e1-las em seu projeto!<\/p>\n<p>Este foi um trecho de uma aula do curso <a href=\"http:\/\/www.aarquiteta.com.br\/curso-gratis-archicad\/\" target=\"_blank\" rel=\"noopener\">ARCHICAD B\u00c1SICO com TWINMOTION<\/a> que voc\u00ea tem a op\u00e7\u00e3o de estudar em um curso sucinto onde ensino as principais ferramentas e principalmente o conceito de como se trabalhar em um programa BIM.<\/p>\n<p>Confira aqui a baixo:<\/p>\n<p><iframe title=\"YouTube video player\" src=\"https:\/\/www.youtube.com\/embed\/O_NokOSeWZY\" width=\"560\" height=\"315\" frameborder=\"0\" allowfullscreen=\"allowfullscreen\"><\/iframe><\/p>\n<h3><strong>Aulas para iniciantes que desejam ingressar nos desenhos de Arquitetura a partir de um programa BIM utilizando o ARCHICAD.<\/strong><\/h3>\n<p>Aprenda em 07 aulas a Criar o projeto de uma resid\u00eancia com <a href=\"https:\/\/www.aarquiteta.com.br\/blog\/planta-baixa-o-que-e\/\" target=\"_blank\" rel=\"noopener\">Planta Baixa<\/a>, <a href=\"https:\/\/www.aarquiteta.com.br\/blog\/plantas-de-casa\/\" target=\"_blank\" rel=\"noopener\">Cortes e Eleva\u00e7\u00f5es<\/a> e ainda um 3D de toda a modelagem da Arquitetura para melhor apresenta\u00e7\u00e3o e entendimento do seu projeto.<\/p>\n<p>No final deste curso o aluno aprender\u00e1 a <a href=\"https:\/\/www.aarquiteta.com.br\/blog\/como-trabalhar-com-o-archicad\/\" target=\"_blank\" rel=\"noopener\">diagramar e imprimir<\/a> desenhos em formato PDF e ainda em DWG para enviar para seus colegas que n\u00e3o trabalham com a plataforma BIM.<\/p>\n<p>Ideal para estudantes para realiza\u00e7\u00e3o de projetos para a faculdade. <a href=\"https:\/\/www.aarquiteta.com.br\/blog\/cursos-de-arquitetura-e-decoracao\/archicad\/\" target=\"_blank\" rel=\"noopener\">Conhe\u00e7a o programa<\/a> que vai te ajudar a economizar muito tempo e ainda te entregar uma apresenta\u00e7\u00e3o impec\u00e1vel para o seu professor!<\/p>\n<figure id=\"attachment_34300\" aria-describedby=\"caption-attachment-34300\" style=\"width: 800px\" class=\"wp-caption aligncenter\"><a href=\"https:\/\/www.aarquiteta.com.br\/blog\/wp-content\/uploads\/2021\/05\/PLANTA-BAIXAOK.jpg\"><img decoding=\"async\" class=\"wp-image-34300\" title=\"paredes compostas no ARCHICAD\" src=\"https:\/\/www.aarquiteta.com.br\/blog\/wp-content\/uploads\/2021\/05\/PLANTA-BAIXAOK.jpg\" alt=\"\" width=\"800\" height=\"566\" srcset=\"https:\/\/www.aarquiteta.com.br\/blog\/wp-content\/uploads\/2021\/05\/PLANTA-BAIXAOK.jpg 1900w, https:\/\/www.aarquiteta.com.br\/blog\/wp-content\/uploads\/2021\/05\/PLANTA-BAIXAOK-1024x724.jpg 1024w, https:\/\/www.aarquiteta.com.br\/blog\/wp-content\/uploads\/2021\/05\/PLANTA-BAIXAOK-696x492.jpg 696w, https:\/\/www.aarquiteta.com.br\/blog\/wp-content\/uploads\/2021\/05\/PLANTA-BAIXAOK-150x106.jpg 150w\" sizes=\"(max-width: 800px) 100vw, 800px\" \/><\/a><figcaption id=\"caption-attachment-34300\" class=\"wp-caption-text\">Imagem: Acervo Pessoal: Curso Completo de ARCHICAD com Twinmotion. <a href=\"https:\/\/www.aarquiteta.com.br\/curso-archicad\/\" target=\"_blank\" rel=\"noopener\">Clique aqui para sabe mais!<\/a><\/figcaption><\/figure>\n<figure id=\"attachment_34299\" aria-describedby=\"caption-attachment-34299\" style=\"width: 800px\" class=\"wp-caption aligncenter\"><a href=\"https:\/\/www.aarquiteta.com.br\/blog\/wp-content\/uploads\/2021\/05\/ARCHICAD-VISTAS-AUTOMATICAS-ok.jpg\"><img decoding=\"async\" class=\"wp-image-34299\" title=\"paredes compostas no ARCHICAD\" src=\"https:\/\/www.aarquiteta.com.br\/blog\/wp-content\/uploads\/2021\/05\/ARCHICAD-VISTAS-AUTOMATICAS-ok.jpg\" alt=\"\" width=\"800\" height=\"566\" srcset=\"https:\/\/www.aarquiteta.com.br\/blog\/wp-content\/uploads\/2021\/05\/ARCHICAD-VISTAS-AUTOMATICAS-ok.jpg 1900w, https:\/\/www.aarquiteta.com.br\/blog\/wp-content\/uploads\/2021\/05\/ARCHICAD-VISTAS-AUTOMATICAS-ok-1024x724.jpg 1024w, https:\/\/www.aarquiteta.com.br\/blog\/wp-content\/uploads\/2021\/05\/ARCHICAD-VISTAS-AUTOMATICAS-ok-696x492.jpg 696w, https:\/\/www.aarquiteta.com.br\/blog\/wp-content\/uploads\/2021\/05\/ARCHICAD-VISTAS-AUTOMATICAS-ok-150x106.jpg 150w\" sizes=\"(max-width: 800px) 100vw, 800px\" \/><\/a><figcaption id=\"caption-attachment-34299\" class=\"wp-caption-text\">Imagem: Acervo Pessoal: Curso Completo de ARCHICAD com Twinmotion. <a href=\"https:\/\/www.aarquiteta.com.br\/curso-archicad\/\" target=\"_blank\" rel=\"noopener\">Clique aqui para sabe mais!<\/a><\/figcaption><\/figure>\n<h2><a href=\"https:\/\/www.aarquiteta.com.br\/curso-de-arquitetura\/\" target=\"_blank\" rel=\"noopener\">Quer conhecer mais sobre o ARCHICAD?<\/a><\/h2>\n<p>Confira no video a seguir um panorama completo sobre o porqu\u00ea do ARCHICAD ser o melhor programa para fluxo de projeto do mercado de \u2018softwares\u2019 para arquitetura:<\/p>\n<p><iframe src=\"https:\/\/www.youtube.com\/embed\/w_DMFISIRwg\" width=\"560\" height=\"315\" frameborder=\"0\" allowfullscreen=\"allowfullscreen\"><\/iframe><\/p>\n<p>N\u00e3o d\u00e1 para negar o qu\u00e3o inovador \u00e9 este programa. Obrigada <a href=\"https:\/\/graphisoft.com\/br\" target=\"_blank\" rel=\"noopener\">Graphsoft!<\/a><\/p>\n<p><iframe style=\"width: 120px; height: 240px;\" src=\"\/\/ws-na.amazon-adsystem.com\/widgets\/q?ServiceVersion=20070822&amp;OneJS=1&amp;Operation=GetAdHtml&amp;MarketPlace=BR&amp;source=ss&amp;ref=as_ss_li_til&amp;ad_type=product_link&amp;tracking_id=aarquiteta-20&amp;language=pt_BR&amp;marketplace=amazon&amp;region=BR&amp;placement=8561453443&amp;asins=8561453443&amp;linkId=270820f75c42ca0a4acd8d41c495df99&amp;show_border=true&amp;link_opens_in_new_window=true\" frameborder=\"0\" marginwidth=\"0\" marginheight=\"0\" scrolling=\"no\" sandbox=\"allow-popups allow-scripts allow-modals allow-forms allow-same-origin\"><\/iframe><\/p>\n<h2><a href=\"https:\/\/www.aarquiteta.com.br\/curso-archicad\/\" target=\"_blank\" rel=\"noopener\">Estudante, aprenda ARCHICAD agora mesmo!<\/a><\/h2>\n<p>Se voc\u00ea deseja entrar agora para o universo BIM com o programa mais utilizado pelos estudantes e pelos escrit\u00f3rios de arquitetura, confira o meu novo <a href=\"https:\/\/www.aarquiteta.com.br\/curso-archicad\/\" target=\"_blank\" rel=\"noopener\">curso de ARCHICAD<\/a> em meu portal de cursos \u2018online\u2019.<\/p>\n<p>Veja mais sobre ARCHICAD:<\/p>\n<ol>\n<li><a href=\"https:\/\/www.aarquiteta.com.br\/blog\/canetas-no-archicad\/\" target=\"_blank\" rel=\"noopener\">Como trabalhar com conjunto de canetas no ARCHICAD.<\/a><\/li>\n<li class=\"gdlr-blog-title\"><a href=\"https:\/\/www.aarquiteta.com.br\/blog\/como-clonar-pastas-no-archicad-navegador-de-projetos-documentacao\/\" target=\"_blank\" rel=\"noopener\">Como clonar pastas no ARCHICAD, Navegador de Projetos e Documenta\u00e7\u00e3o.<\/a><\/li>\n<li><a href=\"https:\/\/www.aarquiteta.com.br\/blog\/como-criar-paredes-compostas-no-archicad\/\" target=\"_blank\" rel=\"noopener\">Como criar paredes compostas.<\/a><\/li>\n<\/ol>\n<p>Voc\u00ea sabia que pode come\u00e7ar a<a href=\"http:\/\/www.aarquiteta.com.br\/curso-gratis-archicad\/\" target=\"_blank\" rel=\"noopener\"> aprender a usar o ARCHICAD<\/a> agora, e n\u00e3o pagar nada por isso?\u00a0Basta acessar o meu curso gr\u00e1tis Projeto em BIM do Zero ao Render com ARCHICAD e Twinmotion!<\/p>\n<h3>E a\u00ed, gostou do artigo sobre Textura de superf\u00edcie \u2014 Aprenda como criar no <a href=\"https:\/\/www.aarquiteta.com.br\/blog\/cursos-de-arquitetura-e-decoracao\/archicad\/\" target=\"_blank\" rel=\"noopener\">ARCHICAD<\/a>?<\/h3>\n<p>Ent\u00e3o deslize a tela para baixo e<a href=\"https:\/\/br.pinterest.com\/aarquitetapinterest\/_created\/\" target=\"_blank\" rel=\"noopener\"> confira mais dicas<\/a> como esta e n\u00e3o se esque\u00e7a de compartilhar com os amigos!<\/p>\n<p>Quer mais dicas sobre o mundo da arquitetura e decora\u00e7\u00e3o? Ent\u00e3o, confira alguns dos nossos artigos em:<\/p>\n<ul>\n<li><a href=\"https:\/\/www.aarquiteta.com.br\/blog\/paisagismo\/\" target=\"_blank\" rel=\"noopener\">Casa e Jardim<\/a><\/li>\n<li><a href=\"https:\/\/www.aarquiteta.com.br\/blog\/arquitetura\/mundo-arquitetura\/\" target=\"_blank\" rel=\"noopener\">Mundo Arquitetura<\/a><\/li>\n<li><a href=\"https:\/\/www.aarquiteta.com.br\/decoracao\/\" target=\"_blank\" rel=\"noopener\">Decora\u00e7\u00e3o<br \/>\n<\/a><\/li>\n<\/ul>\n","protected":false},"excerpt":{"rendered":"<p>Textura de superf\u00edcie \u2014 Aprenda como criar no ARCHICAD! Se voc\u00ea est\u00e1 buscando informa\u00e7\u00f5es sobre como criar ou alterar Texturas de Superf\u00edcie no ARCHICAD, confira neste artigo um passo a passo de como fazer para configurar sua imagem jpg no elemento do 3D ARCHICAD. Textura de superf\u00edcie \u2014 Aprenda como criar no ARCHICAD! Superf\u00edcie \u00e9 [&hellip;]<\/p>\n","protected":false},"author":102,"featured_media":56835,"comment_status":"closed","ping_status":"closed","sticky":false,"template":"","format":"standard","meta":{"footnotes":""},"categories":[33403,33397],"tags":[1430,9171,1431,9169,9170],"class_list":["post-34296","post","type-post","status-publish","format-standard","has-post-thumbnail","category-archicad","category-cursos-de-arquitetura-e-decoracao","tag-archicad","tag-archicad-gratis","tag-curso-de-archicad","tag-textura-archicad","tag-textura-superficie"],"_wp_attached_file":null,"_wp_attachment_metadata":null,"_wp_attachment_context":null,"_wp_attachment_is_custom_header":null,"geo_longitude":null,"geo_public":null,"geo_latitude":null,"_publicize_done_external":null,"_wpas_done_3897181":null,"publicize_twitter_user":null,"_wpas_done_3897175":null,"_wpas_skip_3897181":null,"_wpas_skip_3897175":null,"_wpas_skip_3924723":null,"_wpas_mess":null,"_wpas_done_3924723":null,"wps_subtitle":"Aprenda como criar textura de superf\u00edcie no ARCHICAD e melhore suas apresenta\u00e7\u00f5es. Seu cliente ou professor ficar\u00e1 impressionado com a foto!","_links":{"self":[{"href":"https:\/\/www.aarquiteta.com.br\/blog\/wp-json\/wp\/v2\/posts\/34296","targetHints":{"allow":["GET"]}}],"collection":[{"href":"https:\/\/www.aarquiteta.com.br\/blog\/wp-json\/wp\/v2\/posts"}],"about":[{"href":"https:\/\/www.aarquiteta.com.br\/blog\/wp-json\/wp\/v2\/types\/post"}],"author":[{"embeddable":true,"href":"https:\/\/www.aarquiteta.com.br\/blog\/wp-json\/wp\/v2\/users\/102"}],"replies":[{"embeddable":true,"href":"https:\/\/www.aarquiteta.com.br\/blog\/wp-json\/wp\/v2\/comments?post=34296"}],"version-history":[{"count":0,"href":"https:\/\/www.aarquiteta.com.br\/blog\/wp-json\/wp\/v2\/posts\/34296\/revisions"}],"wp:featuredmedia":[{"embeddable":true,"href":"https:\/\/www.aarquiteta.com.br\/blog\/wp-json\/wp\/v2\/media\/56835"}],"wp:attachment":[{"href":"https:\/\/www.aarquiteta.com.br\/blog\/wp-json\/wp\/v2\/media?parent=34296"}],"wp:term":[{"taxonomy":"category","embeddable":true,"href":"https:\/\/www.aarquiteta.com.br\/blog\/wp-json\/wp\/v2\/categories?post=34296"},{"taxonomy":"post_tag","embeddable":true,"href":"https:\/\/www.aarquiteta.com.br\/blog\/wp-json\/wp\/v2\/tags?post=34296"}],"curies":[{"name":"wp","href":"https:\/\/api.w.org\/{rel}","templated":true}]}}