{"id":33591,"date":"2022-01-11T10:00:44","date_gmt":"2022-01-11T13:00:44","guid":{"rendered":"http:\/\/aarquiteta.com.br\/?p=33591"},"modified":"2022-07-22T10:58:01","modified_gmt":"2022-07-22T13:58:01","slug":"como-renovar-a-decoracao-da-sua-casa","status":"publish","type":"post","link":"https:\/\/www.aarquiteta.com.br\/blog\/como-renovar-a-decoracao-da-sua-casa\/","title":{"rendered":"Como Renovar a Decora\u00e7\u00e3o &#8211; 4 formas baratas para sair da rotina!"},"content":{"rendered":"<p><img decoding=\"async\" class=\"alignnone size-full wp-image-39807\" src=\"https:\/\/www.aarquiteta.com.br\/blog\/wp-content\/uploads\/2022\/01\/dicas-para-decorar-sua-casa-1.jpg\" alt=\"dicas para decorar sua casa\" width=\"730\" height=\"515\" title=\"\" srcset=\"https:\/\/www.aarquiteta.com.br\/blog\/wp-content\/uploads\/2022\/01\/dicas-para-decorar-sua-casa-1.jpg 730w, https:\/\/www.aarquiteta.com.br\/blog\/wp-content\/uploads\/2022\/01\/dicas-para-decorar-sua-casa-1-696x491.jpg 696w, https:\/\/www.aarquiteta.com.br\/blog\/wp-content\/uploads\/2022\/01\/dicas-para-decorar-sua-casa-1-150x106.jpg 150w\" sizes=\"(max-width: 730px) 100vw, 730px\" \/><\/p>\n<p><strong>Afinal, como Renovar a Decora\u00e7\u00e3o?\u00a0<\/strong><\/p>\n<p>Entra ano e sem ano, e sempre que um ano novo se inicia, essa pergunta se instala em nossa mente!<\/p>\n<p>Se voc\u00ea tem d\u00favidas sobre o assunto, de como Renova\u00e7\u00e3o a Decora\u00e7\u00e3o da sua casa, ent\u00e3o voc\u00ea est\u00e1 no lugar certo, pois separamos aqui dicas e ideias que podem te ajudar em rela\u00e7\u00e3o a isso.<\/p>\n<p>Apesar de termos em n\u00f3s as melhores inten\u00e7\u00f5es em recriar um ambiente visualmente interessante, ficamos algumas vezes presos em uma rotina de dicas em Design de Interiores viciante ou mesmo repetitiva, dessas que se repetem de blog em blog de decora\u00e7\u00e3o.<\/p>\n<p>Quando isso acontece, n\u00e3o h\u00e1 outra escolha sen\u00e3o colocar a cabe\u00e7a para pensar e fazer o poss\u00edvel para criar uma apar\u00eancia inovador al\u00e9m das dicas b\u00e1sicas tradicionais.<\/p>\n<h2>Como renovar a decora\u00e7\u00e3o &#8211; Dicas profissionais para uma vida toda!<\/h2>\n<p>Como Renovar a Decora\u00e7\u00e3o utilizando de conceitos t\u00e9cnicos pode lhe ajudar a dar a sua casa uma cara nova, e o melhor, produzido por voc\u00ea mesmo!<\/p>\n<p>Felizmente, esse processo n\u00e3o precisa necessariamente ser muito oneroso.<\/p>\n<p>Antes de come\u00e7ar pergunte-se: O que est\u00e1 me incomodando nesta decora\u00e7\u00e3o?<\/p>\n<p>Enumere a lista, depois compare e ent\u00e3o reflita sobre as dicas que trouxemos neste artigo.<\/p>\n<h3>Confira ent\u00e3o as 4 maneiras baratas de conferirmos uma nova vida ao interior de um ambiente.<\/h3>\n<p>O princ\u00edpio de toda decora\u00e7\u00e3o \u00e9 adicionar parte da personalidade da pessoa no visual do espa\u00e7o o qual se deseja modificar.<\/p>\n<p>Ent\u00e3o, confira abaixo as dicas e veja como voc\u00ea pode, aliar suas prefer\u00eancias pessoais a essas dicas.<\/p>\n<p>&nbsp;<\/p>\n<figure id=\"attachment_33592\" aria-describedby=\"caption-attachment-33592\" style=\"width: 1000px\" class=\"wp-caption aligncenter\"><a href=\"https:\/\/www.aarquiteta.com.br\/blog\/wp-content\/uploads\/2020\/07\/Sala_de_estar_com_uma_janela_grande_preta.jpg\"><img decoding=\"async\" class=\"wp-image-33592 size-full\" title=\"Sala de estar com uma janela grande preta.\" src=\"https:\/\/www.aarquiteta.com.br\/blog\/wp-content\/uploads\/2020\/07\/Sala_de_estar_com_uma_janela_grande_preta.jpg\" alt=\"Como Renovar a Decora\u00e7\u00e3o - Veja 4 formas baratas para sair da rotina do Design de Interiores!\" width=\"1000\" height=\"667\" srcset=\"https:\/\/www.aarquiteta.com.br\/blog\/wp-content\/uploads\/2020\/07\/Sala_de_estar_com_uma_janela_grande_preta.jpg 1000w, https:\/\/www.aarquiteta.com.br\/blog\/wp-content\/uploads\/2020\/07\/Sala_de_estar_com_uma_janela_grande_preta-696x464.jpg 696w, https:\/\/www.aarquiteta.com.br\/blog\/wp-content\/uploads\/2020\/07\/Sala_de_estar_com_uma_janela_grande_preta-150x100.jpg 150w\" sizes=\"(max-width: 1000px) 100vw, 1000px\" \/><\/a><figcaption id=\"caption-attachment-33592\" class=\"wp-caption-text\">Como Renovar a Decora\u00e7\u00e3o &#8211; Veja 4 formas baratas para sair da rotina do Design de Interiores!<\/figcaption><\/figure>\n<h3>1 \u2014 Reorganize seus espa\u00e7os<\/h3>\n<p>Pode parecer simples, mas \u00e0s vezes tudo o que voc\u00ea precisa fazer para criar uma apar\u00eancia inovadora \u00e9 reorganizar seus m\u00f3veis e acess\u00f3rios existentes.<\/p>\n<p>Ante de come\u00e7ar a pensar na casa toda, pense em um ambiente de cada vez para o trabalho n\u00e3o ficar sobrecarregado.<\/p>\n<p>A seguir levante os objetos existentes, considere qualquer objeto ou elemento nesse nono jogo para variar o visual e repense sua aplica\u00e7\u00e3o.<\/p>\n<p>a \u2014 Repense tamb\u00e9m o layout dos m\u00f3veis.<\/p>\n<p>b \u2014 Coloque seus acess\u00f3rios em locais diferentes.<\/p>\n<p>c \u2014 Mude o trabalho art\u00edstico nas paredes.<\/p>\n<p>A chave para fazer isso funcionar \u00e9 manter a mente aberta.<\/p>\n<p>\u00c0s vezes, um novo layout pode parecer t\u00e3o estranho a primeiro momento que pode ser tentador pensarmos em voltar imediatamente o layout anterior da maneira que era antes.<\/p>\n<p>Aconselhamos que voc\u00ea espere pelo menos alguns dias antes de ceder a esse desejo, e come\u00e7ar a se acostumar. Mudan\u00e7as s\u00e3o assim mesmo!<\/p>\n<p>Pode levar alguns dias para se acostumar com sua nova configura\u00e7\u00e3o, mas voc\u00ea provavelmente descobrir\u00e1 que est\u00e1 feliz por saber aguardar.<\/p>\n<figure id=\"attachment_33593\" aria-describedby=\"caption-attachment-33593\" style=\"width: 1000px\" class=\"wp-caption aligncenter\"><a style=\"font-weight: bold; background-color: transparent;\" href=\"https:\/\/www.aarquiteta.com.br\/blog\/wp-content\/uploads\/2020\/07\/Espa\u00e7o_com_mesa_e_cadeiras_em_tons_-branco_e_madeira.jpg\"><img decoding=\"async\" class=\"wp-image-33593 size-full\" title=\"Espa\u00e7o com mesa e cadeiras em tons branco e madeira.\" src=\"https:\/\/www.aarquiteta.com.br\/blog\/wp-content\/uploads\/2020\/07\/Espa\u00e7o_com_mesa_e_cadeiras_em_tons_-branco_e_madeira.jpg\" alt=\"Como Renovar a Decora\u00e7\u00e3o - 4 formas baratas para sair da rotina!\" width=\"1000\" height=\"667\" srcset=\"https:\/\/www.aarquiteta.com.br\/blog\/wp-content\/uploads\/2020\/07\/Espa\u00e7o_com_mesa_e_cadeiras_em_tons_-branco_e_madeira.jpg 1000w, https:\/\/www.aarquiteta.com.br\/blog\/wp-content\/uploads\/2020\/07\/Espa\u00e7o_com_mesa_e_cadeiras_em_tons_-branco_e_madeira-696x464.jpg 696w, https:\/\/www.aarquiteta.com.br\/blog\/wp-content\/uploads\/2020\/07\/Espa\u00e7o_com_mesa_e_cadeiras_em_tons_-branco_e_madeira-150x100.jpg 150w\" sizes=\"(max-width: 1000px) 100vw, 1000px\" \/><\/a><figcaption id=\"caption-attachment-33593\" class=\"wp-caption-text\">Como Renovar a Decora\u00e7\u00e3o &#8211; 4 formas baratas para sair da rotina!<\/figcaption><\/figure>\n<p>Edite qualquer confus\u00e3o desnecess\u00e1ria. Imagem: Photographee.eu\/Shutterstock.<\/p>\n<h3>2 \u2014 Pr\u00e1tica de edi\u00e7\u00e3o<\/h3>\n<p>No Design de interiores, muitas vezes menos \u00e9 mais!<\/p>\n<p>Pense em dar uma nova apar\u00eancia \u00e0 sua sala, por exemplo, retirando algumas coisas desnecess\u00e1rias, especialmente se voc\u00ea \u00e9 do tipo de pessoa que gosta de se adquirir coisas.<\/p>\n<p>Para fazer isso, percorra a sala e pegue os itens que voc\u00ea pensa que podem ser considerados lixo, um de cada vez.<\/p>\n<p>Depois, pergunte a si mesmo: que prop\u00f3sito isso serve na sua sala?<\/p>\n<p>Se voc\u00ea n\u00e3o tiver uma resposta f\u00e1cil para a pergunta sobre a pe\u00e7a, talvez seja hora de doar a pe\u00e7a ou jog\u00e1-la fora, se estiver em mau estado.<\/p>\n<p>No final, voc\u00ea deve ter uma vers\u00e3o mais limpa e simplificada do espa\u00e7o.<\/p>\n<p>&nbsp;<\/p>\n<figure id=\"attachment_33594\" aria-describedby=\"caption-attachment-33594\" style=\"width: 1000px\" class=\"wp-caption aligncenter\"><a href=\"https:\/\/www.aarquiteta.com.br\/blog\/wp-content\/uploads\/2020\/07\/Sof\u00e1_cinza_com_uma_mesa_de_centro_cinza.jpg\"><img decoding=\"async\" class=\"wp-image-33594 size-full\" title=\"Como Renovar a Decora\u00e7\u00e3o - 4 formas baratas para sair da rotina!\" src=\"https:\/\/www.aarquiteta.com.br\/blog\/wp-content\/uploads\/2020\/07\/Sof\u00e1_cinza_com_uma_mesa_de_centro_cinza.jpg\" alt=\"Como Renovar a Decora\u00e7\u00e3o - 4 formas baratas para sair da rotina!\" width=\"1000\" height=\"667\" srcset=\"https:\/\/www.aarquiteta.com.br\/blog\/wp-content\/uploads\/2020\/07\/Sof\u00e1_cinza_com_uma_mesa_de_centro_cinza.jpg 1000w, https:\/\/www.aarquiteta.com.br\/blog\/wp-content\/uploads\/2020\/07\/Sof\u00e1_cinza_com_uma_mesa_de_centro_cinza-696x464.jpg 696w, https:\/\/www.aarquiteta.com.br\/blog\/wp-content\/uploads\/2020\/07\/Sof\u00e1_cinza_com_uma_mesa_de_centro_cinza-150x100.jpg 150w\" sizes=\"(max-width: 1000px) 100vw, 1000px\" \/><\/a><figcaption id=\"caption-attachment-33594\" class=\"wp-caption-text\">Como Renovar a Decora\u00e7\u00e3o &#8211; 4 formas baratas para sair da rotina!\u00a0Imagem:\u00a0Alena Ozerova \/ Shutterstock.<\/figcaption><\/figure>\n<h2>Como renovar a decora\u00e7\u00e3o &#8211; Dicas com fotos para voc\u00ea n\u00e3o errar!<\/h2>\n<h3>3 \u2014 Estilize suas superf\u00edcies<\/h3>\n<p>Estilizar suas superf\u00edcies \u00e9 uma \u00f3tima maneira de renovar a apar\u00eancia de um ambiente.<\/p>\n<p>Afinal, \u00e9 um truque que os Designers de Interiores usam para realmente fazer com que um Design pare\u00e7a proposital.<\/p>\n<p>Se houver mesas e prateleiras vazias penduradas em sua casa, voc\u00ea poder\u00e1 dar a elas uma nova utilidade, e lev\u00e1-la ao pr\u00f3ximo n\u00edvel.<\/p>\n<p>O melhor de tudo \u00e9 que, dependendo de quais itens de decora\u00e7\u00e3o e acess\u00f3rios voc\u00ea tenha em casa, talvez n\u00e3o seja necess\u00e1rio gastar dinheiro para fazer isso acontecer.<\/p>\n<p>Esta dica \u00e9 sobre como criar agrupamentos. Em caso de d\u00favida, siga a regra dos tr\u00eas!<\/p>\n<h4><strong>\u21d2\u00a0<\/strong>Como renovar a decora\u00e7\u00e3o &#8211; <strong>Em caso de d\u00favida, siga a regra dos tr\u00eas:<\/strong><\/h4>\n<p>Agrupamentos com n\u00fameros \u00edmpares criam mais interesse visual do que agrupamentos com n\u00fameros pares.<\/p>\n<p>Em particular, tr\u00eas parece ser o n\u00famero ideal para um agrupamento em oposi\u00e7\u00e3o a um, cinco ou at\u00e9 sete, porque um \u00fanico item pode parecer muito simples, enquanto os dois \u00faltimos correm o risco de parecer excessivamente, confusos.<\/p>\n<p>Ao selecionar itens para o seu agrupamento, voc\u00ea deseja garantir que sejam diferentes o suficiente para criar interesse visual enquanto ainda possuem um encadeamento comum para uni-los.<\/p>\n<p>Embora todos os acess\u00f3rios tenham formas variadas, eles possuem um esquema de cores monocrom\u00e1tico unificador.<\/p>\n<p>&nbsp;<\/p>\n<figure id=\"attachment_33595\" aria-describedby=\"caption-attachment-33595\" style=\"width: 1000px\" class=\"wp-caption aligncenter\"><a href=\"https:\/\/www.aarquiteta.com.br\/blog\/wp-content\/uploads\/2020\/07\/Quarto_branco_com_quadros_na_parede.jpg\"><img decoding=\"async\" class=\"wp-image-33595 size-full\" title=\"Como Renovar a Decora\u00e7\u00e3o - Veja 4 formas baratas para sair da rotina do Design de Interiores!\" src=\"https:\/\/www.aarquiteta.com.br\/blog\/wp-content\/uploads\/2020\/07\/Quarto_branco_com_quadros_na_parede.jpg\" alt=\"Como Renovar a Decora\u00e7\u00e3o - Veja 4 formas baratas para sair da rotina do Design de Interiores!\" width=\"1000\" height=\"667\" srcset=\"https:\/\/www.aarquiteta.com.br\/blog\/wp-content\/uploads\/2020\/07\/Quarto_branco_com_quadros_na_parede.jpg 1000w, https:\/\/www.aarquiteta.com.br\/blog\/wp-content\/uploads\/2020\/07\/Quarto_branco_com_quadros_na_parede-696x464.jpg 696w, https:\/\/www.aarquiteta.com.br\/blog\/wp-content\/uploads\/2020\/07\/Quarto_branco_com_quadros_na_parede-150x100.jpg 150w\" sizes=\"(max-width: 1000px) 100vw, 1000px\" \/><\/a><figcaption id=\"caption-attachment-33595\" class=\"wp-caption-text\">Como Renovar a Decora\u00e7\u00e3o &#8211; Veja 4 formas baratas para sair da rotina do Design de Interiores!<\/figcaption><\/figure>\n<h3>4 \u2014 Troque seus acess\u00f3rios<\/h3>\n<p>Este \u00faltimo pode custar um pouco mais de investimento financeiro, mas quando voc\u00ea est\u00e1 realmente querendo sair daquela rotina de Design de Interiores, trocar acess\u00f3rios \u00e9 uma maneira infal\u00edvel de dar nova vida ao espa\u00e7o.<\/p>\n<p>O melhor de tudo \u00e9 que, apesar de algumas almofadas e algumas artes de parede parecerem serem uma despesa, elas custam muito pouco em compara\u00e7\u00e3o, a ideia de se refazer a sala inteira do zero.<\/p>\n<p>Quando voc\u00ea para e avalia sobre isso, voc\u00ea v\u00ea que est\u00e1 sendo mais econ\u00f4mico do que voc\u00ea imagina.<\/p>\n<p>A chave aqui \u00e9 se concentrar em trazer acess\u00f3rios para o espa\u00e7o que realmente causar\u00e3o impacto visual ao ambiente.<\/p>\n<p>Escolha aqueles que v\u00eam com uma cor de destaque ou trazem uma dose de padr\u00e3o que chame a aten\u00e7\u00e3o.<\/p>\n<p>Obviamente, \u00e9 quase desnecess\u00e1rio dizer que voc\u00ea tamb\u00e9m deseja que esses novos acess\u00f3rios sejam diferentes dos antigos para criar uma apar\u00eancia nova.<\/p>\n<div id='gallery-1' class='gallery galleryid-33591 gallery-columns-3 gallery-size-thumbnail'><figure class='gallery-item'>\n\t\t\t<div class='gallery-icon landscape'>\n\t\t\t\t<a href='https:\/\/www.aarquiteta.com.br\/blog\/quarto-de-hospedes-como-decorar\/decoracao-para-quarto-de-visitas-6\/'><img decoding=\"async\" width=\"128\" height=\"85\" src=\"https:\/\/www.aarquiteta.com.br\/blog\/wp-content\/uploads\/2022\/01\/decoracao-para-quarto-de-visitas-6.jpg\" class=\"attachment-thumbnail size-thumbnail\" alt=\"decora\u00e7\u00e3o para quarto de visitas\" srcset=\"https:\/\/www.aarquiteta.com.br\/blog\/wp-content\/uploads\/2022\/01\/decoracao-para-quarto-de-visitas-6.jpg 768w, https:\/\/www.aarquiteta.com.br\/blog\/wp-content\/uploads\/2022\/01\/decoracao-para-quarto-de-visitas-6-696x464.jpg 696w, https:\/\/www.aarquiteta.com.br\/blog\/wp-content\/uploads\/2022\/01\/decoracao-para-quarto-de-visitas-6-150x100.jpg 150w\" sizes=\"(max-width: 128px) 100vw, 128px\" title=\"\"><\/a>\n\t\t\t<\/div><\/figure><figure class='gallery-item'>\n\t\t\t<div class='gallery-icon landscape'>\n\t\t\t\t<a href='https:\/\/www.aarquiteta.com.br\/blog\/como-decorar-quarto-feminino\/decoracao-de-quarto-feminino1\/'><img decoding=\"async\" width=\"128\" height=\"73\" src=\"https:\/\/www.aarquiteta.com.br\/blog\/wp-content\/uploads\/2022\/01\/decoracao-de-quarto-feminino1.jpg\" class=\"attachment-thumbnail size-thumbnail\" alt=\"Quadros decorativos em cima da cabeceira\" srcset=\"https:\/\/www.aarquiteta.com.br\/blog\/wp-content\/uploads\/2022\/01\/decoracao-de-quarto-feminino1.jpg 700w, https:\/\/www.aarquiteta.com.br\/blog\/wp-content\/uploads\/2022\/01\/decoracao-de-quarto-feminino1-696x398.jpg 696w, https:\/\/www.aarquiteta.com.br\/blog\/wp-content\/uploads\/2022\/01\/decoracao-de-quarto-feminino1-150x86.jpg 150w\" sizes=\"(max-width: 128px) 100vw, 128px\" title=\"\"><\/a>\n\t\t\t<\/div><\/figure><figure class='gallery-item'>\n\t\t\t<div class='gallery-icon landscape'>\n\t\t\t\t<a href='https:\/\/www.aarquiteta.com.br\/blog\/como-decorar-quarto-feminino\/decoracao-de-quarto-feminino2\/'><img decoding=\"async\" width=\"128\" height=\"73\" src=\"https:\/\/www.aarquiteta.com.br\/blog\/wp-content\/uploads\/2022\/01\/decoracao-de-quarto-feminino2.jpeg\" class=\"attachment-thumbnail size-thumbnail\" alt=\"Quarto Feminino - Como decorar com estilo e delicadeza?\" aria-describedby=\"gallery-1-41218\" srcset=\"https:\/\/www.aarquiteta.com.br\/blog\/wp-content\/uploads\/2022\/01\/decoracao-de-quarto-feminino2.jpeg 700w, https:\/\/www.aarquiteta.com.br\/blog\/wp-content\/uploads\/2022\/01\/decoracao-de-quarto-feminino2-696x398.jpeg 696w, https:\/\/www.aarquiteta.com.br\/blog\/wp-content\/uploads\/2022\/01\/decoracao-de-quarto-feminino2-150x86.jpeg 150w\" sizes=\"(max-width: 128px) 100vw, 128px\" title=\"\"><\/a>\n\t\t\t<\/div>\n\t\t\t\t<figcaption class='wp-caption-text gallery-caption' id='gallery-1-41218'>\n\t\t\t\tQuarto Feminino &#8211; Como decorar com estilo e delicadeza?\n\t\t\t\t<\/figcaption><\/figure><figure class='gallery-item'>\n\t\t\t<div class='gallery-icon landscape'>\n\t\t\t\t<a href='https:\/\/www.aarquiteta.com.br\/blog\/?attachment_id=41018'><img decoding=\"async\" width=\"128\" height=\"73\" src=\"https:\/\/www.aarquiteta.com.br\/blog\/wp-content\/uploads\/2022\/01\/Tendencias-de-decoracao-para-casa-em-2022-3-1.jpg\" class=\"attachment-thumbnail size-thumbnail\" alt=\"Tend\u00eancias de decora\u00e7\u00e3o: espa\u00e7os aconchegantes\" srcset=\"https:\/\/www.aarquiteta.com.br\/blog\/wp-content\/uploads\/2022\/01\/Tendencias-de-decoracao-para-casa-em-2022-3-1.jpg 700w, https:\/\/www.aarquiteta.com.br\/blog\/wp-content\/uploads\/2022\/01\/Tendencias-de-decoracao-para-casa-em-2022-3-1-696x398.jpg 696w, https:\/\/www.aarquiteta.com.br\/blog\/wp-content\/uploads\/2022\/01\/Tendencias-de-decoracao-para-casa-em-2022-3-1-150x86.jpg 150w\" sizes=\"(max-width: 128px) 100vw, 128px\" title=\"\"><\/a>\n\t\t\t<\/div><\/figure><figure class='gallery-item'>\n\t\t\t<div class='gallery-icon landscape'>\n\t\t\t\t<a href='https:\/\/www.aarquiteta.com.br\/blog\/?attachment_id=41016'><img decoding=\"async\" width=\"128\" height=\"73\" src=\"https:\/\/www.aarquiteta.com.br\/blog\/wp-content\/uploads\/2022\/01\/Tendencias-de-decoracao-para-casa-em-2022-5-2.jpg\" class=\"attachment-thumbnail size-thumbnail\" alt=\"Tend\u00eancias de decora\u00e7\u00e3o para casa em 2022\" srcset=\"https:\/\/www.aarquiteta.com.br\/blog\/wp-content\/uploads\/2022\/01\/Tendencias-de-decoracao-para-casa-em-2022-5-2.jpg 700w, https:\/\/www.aarquiteta.com.br\/blog\/wp-content\/uploads\/2022\/01\/Tendencias-de-decoracao-para-casa-em-2022-5-2-696x398.jpg 696w, https:\/\/www.aarquiteta.com.br\/blog\/wp-content\/uploads\/2022\/01\/Tendencias-de-decoracao-para-casa-em-2022-5-2-150x86.jpg 150w\" sizes=\"(max-width: 128px) 100vw, 128px\" title=\"\"><\/a>\n\t\t\t<\/div><\/figure><figure class='gallery-item'>\n\t\t\t<div class='gallery-icon landscape'>\n\t\t\t\t<a href='https:\/\/www.aarquiteta.com.br\/blog\/?attachment_id=40986'><img decoding=\"async\" width=\"128\" height=\"73\" src=\"https:\/\/www.aarquiteta.com.br\/blog\/wp-content\/uploads\/2019\/08\/decoracao-parede-com-quadros.jpg\" class=\"attachment-thumbnail size-thumbnail\" alt=\"decora\u00e7\u00e3o parede pratos\" srcset=\"https:\/\/www.aarquiteta.com.br\/blog\/wp-content\/uploads\/2019\/08\/decoracao-parede-com-quadros.jpg 700w, https:\/\/www.aarquiteta.com.br\/blog\/wp-content\/uploads\/2019\/08\/decoracao-parede-com-quadros-696x398.jpg 696w, https:\/\/www.aarquiteta.com.br\/blog\/wp-content\/uploads\/2019\/08\/decoracao-parede-com-quadros-150x86.jpg 150w\" sizes=\"(max-width: 128px) 100vw, 128px\" title=\"\"><\/a>\n\t\t\t<\/div><\/figure><figure class='gallery-item'>\n\t\t\t<div class='gallery-icon landscape'>\n\t\t\t\t<a href='https:\/\/www.aarquiteta.com.br\/blog\/?attachment_id=41008'><img decoding=\"async\" width=\"128\" height=\"85\" src=\"https:\/\/www.aarquiteta.com.br\/blog\/wp-content\/uploads\/2022\/01\/Tendencias-de-decoracao-para-casa-em-2022-2.jpg\" class=\"attachment-thumbnail size-thumbnail\" alt=\"\" srcset=\"https:\/\/www.aarquiteta.com.br\/blog\/wp-content\/uploads\/2022\/01\/Tendencias-de-decoracao-para-casa-em-2022-2.jpg 600w, https:\/\/www.aarquiteta.com.br\/blog\/wp-content\/uploads\/2022\/01\/Tendencias-de-decoracao-para-casa-em-2022-2-150x100.jpg 150w\" sizes=\"(max-width: 128px) 100vw, 128px\" title=\"\"><\/a>\n\t\t\t<\/div><\/figure><figure class='gallery-item'>\n\t\t\t<div class='gallery-icon landscape'>\n\t\t\t\t<a href='https:\/\/www.aarquiteta.com.br\/blog\/?attachment_id=40214'><img decoding=\"async\" width=\"128\" height=\"73\" src=\"https:\/\/www.aarquiteta.com.br\/blog\/wp-content\/uploads\/2022\/01\/enfeite-de-centro-de-mesa.jpg\" class=\"attachment-thumbnail size-thumbnail\" alt=\"Decora\u00e7\u00e3o de mesa\" srcset=\"https:\/\/www.aarquiteta.com.br\/blog\/wp-content\/uploads\/2022\/01\/enfeite-de-centro-de-mesa.jpg 700w, https:\/\/www.aarquiteta.com.br\/blog\/wp-content\/uploads\/2022\/01\/enfeite-de-centro-de-mesa-696x398.jpg 696w, https:\/\/www.aarquiteta.com.br\/blog\/wp-content\/uploads\/2022\/01\/enfeite-de-centro-de-mesa-150x86.jpg 150w\" sizes=\"(max-width: 128px) 100vw, 128px\" title=\"\"><\/a>\n\t\t\t<\/div><\/figure><figure class='gallery-item'>\n\t\t\t<div class='gallery-icon portrait'>\n\t\t\t\t<a href='https:\/\/www.aarquiteta.com.br\/blog\/decoracao-de-ano-novo-2022\/decoracao-ano-novo-2022-3\/'><img decoding=\"async\" width=\"96\" height=\"96\" src=\"https:\/\/www.aarquiteta.com.br\/blog\/wp-content\/uploads\/2021\/12\/decoracao-ano-novo-2022-1.jpg\" class=\"attachment-thumbnail size-thumbnail\" alt=\"decoracao-ano-novo-2022\" srcset=\"https:\/\/www.aarquiteta.com.br\/blog\/wp-content\/uploads\/2021\/12\/decoracao-ano-novo-2022-1.jpg 780w, https:\/\/www.aarquiteta.com.br\/blog\/wp-content\/uploads\/2021\/12\/decoracao-ano-novo-2022-1-696x699.jpg 696w, https:\/\/www.aarquiteta.com.br\/blog\/wp-content\/uploads\/2021\/12\/decoracao-ano-novo-2022-1-96x96.jpg 96w, https:\/\/www.aarquiteta.com.br\/blog\/wp-content\/uploads\/2021\/12\/decoracao-ano-novo-2022-1-150x151.jpg 150w\" sizes=\"(max-width: 96px) 100vw, 96px\" title=\"\"><\/a>\n\t\t\t<\/div><\/figure><figure class='gallery-item'>\n\t\t\t<div class='gallery-icon portrait'>\n\t\t\t\t<a href='https:\/\/www.aarquiteta.com.br\/blog\/decoracao-de-natal\/'><img decoding=\"async\" width=\"64\" height=\"96\" src=\"https:\/\/www.aarquiteta.com.br\/blog\/wp-content\/uploads\/2021\/12\/decoracao-de-natal.jpg\" class=\"attachment-thumbnail size-thumbnail\" alt=\"Decora\u00e7\u00e3o de Natal para a sala\" srcset=\"https:\/\/www.aarquiteta.com.br\/blog\/wp-content\/uploads\/2021\/12\/decoracao-de-natal.jpg 736w, https:\/\/www.aarquiteta.com.br\/blog\/wp-content\/uploads\/2021\/12\/decoracao-de-natal-683x1024.jpg 683w, https:\/\/www.aarquiteta.com.br\/blog\/wp-content\/uploads\/2021\/12\/decoracao-de-natal-696x1044.jpg 696w, https:\/\/www.aarquiteta.com.br\/blog\/wp-content\/uploads\/2021\/12\/decoracao-de-natal-150x225.jpg 150w\" sizes=\"(max-width: 64px) 100vw, 64px\" title=\"\"><\/a>\n\t\t\t<\/div><\/figure>\n\t\t<\/div>\n\n<h2>E a\u00ed? Voc\u00ea gostou das dicas sobre Como Renovar a Decora\u00e7\u00e3o &#8211; 4 formas baratas para sair da rotina?<\/h2>\n<p>Ent\u00e3o compartilhe com os amigos e n\u00e3o se esque\u00e7a de comentar.<\/p>\n<p>At\u00e9 a pr\u00f3xima dica!<\/p>\n<h3><span id=\"%E2%96%BAVeja_mais_dicas_em\" class=\"ez-toc-section\"><\/span><span id=\"%E2%96%BAVeja_mais_dicas_em\" class=\"ez-toc-section\"><\/span><span id=\"%E2%96%BAVeja_mais_dicas_em\" class=\"ez-toc-section\"><\/span>\u25baVeja mais dicas em:<\/h3>\n<p>Quer mais dicas ent\u00e3o confira alguns dos nossos artigos sobre:<\/p>\n<ul>\n<li><a href=\"https:\/\/www.aarquiteta.com.br\/decoracao\/\" target=\"_blank\" rel=\"noopener\">Decora\u00e7\u00e3o<\/a><\/li>\n<li><a href=\"https:\/\/www.aarquiteta.com.br\/blog\/paisagismo\/\" target=\"_blank\" rel=\"noopener\">Casa e Jardim<\/a><\/li>\n<li><a href=\"https:\/\/www.aarquiteta.com.br\/blog\/arquitetura\/mundo-arquitetura\/\" target=\"_blank\" rel=\"noopener\">Mundo Arquitetura<\/a><\/li>\n<\/ul>\n","protected":false},"excerpt":{"rendered":"<p>Afinal, como Renovar a Decora\u00e7\u00e3o?\u00a0 Entra ano e sem ano, e sempre que um ano novo se inicia, essa pergunta se instala em nossa mente! Se voc\u00ea tem d\u00favidas sobre o assunto, de como Renova\u00e7\u00e3o a Decora\u00e7\u00e3o da sua casa, ent\u00e3o voc\u00ea est\u00e1 no lugar certo, pois separamos aqui dicas e ideias que podem te [&hellip;]<\/p>\n","protected":false},"author":102,"featured_media":39807,"comment_status":"closed","ping_status":"closed","sticky":false,"template":"","format":"standard","meta":{"footnotes":""},"categories":[1484],"tags":[1532,336,1135,5624,3196,1028,8917,10487],"class_list":["post-33591","post","type-post","status-publish","format-standard","has-post-thumbnail","category-decoracao","tag-criatividade","tag-decoracao","tag-design-clean","tag-design-contemporaneo","tag-design-criativo","tag-design-de-interiores","tag-design-de-residencias","tag-renovar-a-decoracao"],"_wp_attached_file":null,"_wp_attachment_metadata":null,"_wp_attachment_context":null,"_wp_attachment_is_custom_header":null,"geo_longitude":null,"geo_public":null,"geo_latitude":null,"_publicize_done_external":null,"_wpas_done_3897181":null,"publicize_twitter_user":null,"_wpas_done_3897175":null,"_wpas_skip_3897181":null,"_wpas_skip_3897175":null,"_wpas_skip_3924723":null,"_wpas_mess":null,"_wpas_done_3924723":null,"wps_subtitle":"Confira aqui dicas e fotos para inspirar sua casa e deix\u00e1-la ainda mais aconchegante!","_links":{"self":[{"href":"https:\/\/www.aarquiteta.com.br\/blog\/wp-json\/wp\/v2\/posts\/33591","targetHints":{"allow":["GET"]}}],"collection":[{"href":"https:\/\/www.aarquiteta.com.br\/blog\/wp-json\/wp\/v2\/posts"}],"about":[{"href":"https:\/\/www.aarquiteta.com.br\/blog\/wp-json\/wp\/v2\/types\/post"}],"author":[{"embeddable":true,"href":"https:\/\/www.aarquiteta.com.br\/blog\/wp-json\/wp\/v2\/users\/102"}],"replies":[{"embeddable":true,"href":"https:\/\/www.aarquiteta.com.br\/blog\/wp-json\/wp\/v2\/comments?post=33591"}],"version-history":[{"count":0,"href":"https:\/\/www.aarquiteta.com.br\/blog\/wp-json\/wp\/v2\/posts\/33591\/revisions"}],"wp:featuredmedia":[{"embeddable":true,"href":"https:\/\/www.aarquiteta.com.br\/blog\/wp-json\/wp\/v2\/media\/39807"}],"wp:attachment":[{"href":"https:\/\/www.aarquiteta.com.br\/blog\/wp-json\/wp\/v2\/media?parent=33591"}],"wp:term":[{"taxonomy":"category","embeddable":true,"href":"https:\/\/www.aarquiteta.com.br\/blog\/wp-json\/wp\/v2\/categories?post=33591"},{"taxonomy":"post_tag","embeddable":true,"href":"https:\/\/www.aarquiteta.com.br\/blog\/wp-json\/wp\/v2\/tags?post=33591"}],"curies":[{"name":"wp","href":"https:\/\/api.w.org\/{rel}","templated":true}]}}