{"id":33487,"date":"2024-09-18T14:48:22","date_gmt":"2024-09-18T17:48:22","guid":{"rendered":"http:\/\/aarquiteta.com.br\/?p=33487"},"modified":"2024-09-18T14:51:56","modified_gmt":"2024-09-18T17:51:56","slug":"arquiteto","status":"publish","type":"post","link":"https:\/\/www.aarquiteta.com.br\/blog\/arquiteto\/","title":{"rendered":"Arquiteto: Profissional Essencial para Projetos de Qualidade e Inova\u00e7\u00e3o"},"content":{"rendered":"<p>A profiss\u00e3o de arquiteto \u00e9 como um quebra-cabe\u00e7a cheio de pe\u00e7as fascinantes; envolve criatividade, ci\u00eancia e um toque de m\u00e1gica para transformar sonhos em estruturas palp\u00e1veis. Mas, para al\u00e9m de desenhar pr\u00e9dios, um arquiteto molda o espa\u00e7o onde vivemos, trabalhamos e nos divertimos. Por isso, vamos dar uma olhada no mundo incr\u00edvel da <a href=\"https:\/\/www.aarquiteta.com.br\/blog\/?s=ARQUITETURA\">arquitetura<\/a> e descobrir o que realmente faz esse profissional.<\/p><p><img decoding=\"async\" class=\"alignnone size-full wp-image-71038\" src=\"https:\/\/www.aarquiteta.com.br\/blog\/wp-content\/uploads\/2022\/10\/projeto-arquitetonico-Arturo-Tedeschi-AI-Midjourney.webp\" alt=\"projeto arquitetonico Arturo-Tedeschi-AI-Midjourney\" width=\"1000\" height=\"1024\" title=\"\" srcset=\"https:\/\/www.aarquiteta.com.br\/blog\/wp-content\/uploads\/2022\/10\/projeto-arquitetonico-Arturo-Tedeschi-AI-Midjourney.webp 1000w, https:\/\/www.aarquiteta.com.br\/blog\/wp-content\/uploads\/2022\/10\/projeto-arquitetonico-Arturo-Tedeschi-AI-Midjourney-696x713.webp 696w, https:\/\/www.aarquiteta.com.br\/blog\/wp-content\/uploads\/2022\/10\/projeto-arquitetonico-Arturo-Tedeschi-AI-Midjourney-150x154.webp 150w\" sizes=\"(max-width: 1000px) 100vw, 1000px\" \/><\/p><p><strong>Pontos principais:<\/strong><\/p><ul><li><strong>O que faz um <a href=\"https:\/\/www.aarquiteta.com.br\/blog\/?s=ARQUITETO\">arquiteto<\/a>?<\/strong> \u00c9 muito mais do que desenhar! \u00c9 projetar, planejar e gerenciar, garantindo que tudo siga a vis\u00e3o do cliente.<\/li><li><strong>A import\u00e2ncia dos arquitetos:<\/strong> Eles influenciam a qualidade dos lugares onde vivemos, trabalhamos e nos divertimos, moldando a sociedade.<\/li><li><strong>Inova\u00e7\u00e3o e responsabilidade:<\/strong> A profiss\u00e3o est\u00e1 em constante evolu\u00e7\u00e3o, com um foco crescente em sustentabilidade e tecnologias inovadoras.<\/li><\/ul><h3>O que Faz um Arquiteto?<\/h3><p>No fundo, um arquiteto \u00e9 um maestro da constru\u00e7\u00e3o. Sabe aquela sensa\u00e7\u00e3o de entrar em um lugar e sentir que tudo se encaixa perfeitamente? Isso \u00e9 gra\u00e7as a um arquiteto! Eles desenham regularmente planos de edifica\u00e7\u00f5es, selecionam materiais e coordena a equipe para garantir que tudo siga o plano. Mas espera, n\u00e3o para por a\u00ed! Eles tamb\u00e9m conversam com os clientes para entender suas necessidades, garantindo que cada espa\u00e7o seja n\u00e3o s\u00f3 bonito, mas tamb\u00e9m funcional e seguro.<\/p><h3>A Import\u00e2ncia dos Arquitetos na Sociedade<\/h3><p><img decoding=\"async\" class=\"size-full wp-image-74943\" src=\"https:\/\/www.aarquiteta.com.br\/blog\/wp-content\/uploads\/2022\/05\/arquiteto-1.png\" alt=\"arquiteto\" width=\"1024\" height=\"1024\" title=\"\" srcset=\"https:\/\/www.aarquiteta.com.br\/blog\/wp-content\/uploads\/2022\/05\/arquiteto-1.png 1024w, https:\/\/www.aarquiteta.com.br\/blog\/wp-content\/uploads\/2022\/05\/arquiteto-1-696x696.png 696w, https:\/\/www.aarquiteta.com.br\/blog\/wp-content\/uploads\/2022\/05\/arquiteto-1-96x96.png 96w, https:\/\/www.aarquiteta.com.br\/blog\/wp-content\/uploads\/2022\/05\/arquiteto-1-150x150.png 150w\" sizes=\"(max-width: 1024px) 100vw, 1024px\" \/><\/p><p>Os arquitetos s\u00e3o como os bambus: firmes, adapt\u00e1veis e sempre em crescimento! Eles desempenham um papel fundamental, n\u00e3o apenas criando, mas tamb\u00e9m revolucionando a maneira como vemos e interagimos com o espa\u00e7o. E quem n\u00e3o ama um lugar que faz a gente se sentir em casa? Desde aquela casa acolhedora at\u00e9 os arranha-c\u00e9us que tocam as nuvens, os arquitetos projetam ambientes que impactam a nossa vida diariamente.<\/p><h3>Forma\u00e7\u00e3o e Educa\u00e7\u00e3o em Arquitetura<\/h3><p>Virar arquiteto n\u00e3o \u00e9 apenas quest\u00e3o de ter um bom l\u00e1pis e um caderno. \u00c9 preciso passar por um caminho repleto de estudos! Para come\u00e7ar, um diploma de bacharel em arquitetura \u00e9 o m\u00ednimo. Esse curso \u00e9 como um buffet: voc\u00ea tem um pouco de design, outro pouco de hist\u00f3ria da arquitetura e at\u00e9 matem\u00e1tica! E ainda tem quem queira se especializar \u2014 algo como querer a sobremesa depois do almo\u00e7o, s\u00f3 que mais s\u00e9rio. O mestrado, por exemplo, funciona nesse sentido.<\/p><h3>Tipos de Arquitetura<\/h3><p><img decoding=\"async\" class=\"wp-image-54464 size-full\" title=\"Pacote forma\u00e7\u00e3o Arquitetura.\" src=\"https:\/\/www.aarquiteta.com.br\/blog\/wp-content\/uploads\/2022\/05\/curso-pacote-formacao-Arquitetura-01.jpg\" alt=\"Pacote forma\u00e7\u00e3o Arquitetura.\" width=\"1080\" height=\"1080\" srcset=\"https:\/\/www.aarquiteta.com.br\/blog\/wp-content\/uploads\/2022\/05\/curso-pacote-formacao-Arquitetura-01.jpg 1080w, https:\/\/www.aarquiteta.com.br\/blog\/wp-content\/uploads\/2022\/05\/curso-pacote-formacao-Arquitetura-01-1024x1024.jpg 1024w, https:\/\/www.aarquiteta.com.br\/blog\/wp-content\/uploads\/2022\/05\/curso-pacote-formacao-Arquitetura-01-696x696.jpg 696w, https:\/\/www.aarquiteta.com.br\/blog\/wp-content\/uploads\/2022\/05\/curso-pacote-formacao-Arquitetura-01-96x96.jpg 96w, https:\/\/www.aarquiteta.com.br\/blog\/wp-content\/uploads\/2022\/05\/curso-pacote-formacao-Arquitetura-01-150x150.jpg 150w\" sizes=\"(max-width: 1080px) 100vw, 1080px\" \/><\/p><ul><li><strong>Arquitetura Residencial:<\/strong> O lar doce lar \u00e9 o que mais se projeta! Aqui, tudo deve ser pensado para o conforto e a praticidade.<\/li><li><strong>Arquitetura Comercial:<\/strong> O que garante que o caf\u00e9 esteja sempre quentinho e a loja, sempre convidativa!<\/li><li><strong>Arquitetura Paisag\u00edstica:<\/strong> Transformando \u00e1reas abertas em verdadeiros o\u00e1sis de beleza e relaxamento.<\/li><li><strong>Arquitetura Urbana:<\/strong> Projetando cidades que n\u00e3o s\u00e3o apenas lugares para viver, mas que tamb\u00e9m respiram e se movimentam!<\/li><\/ul><h3>Principais Responsabilidades de um Arquiteto<\/h3><p>As responsabilidades de um arquiteto variam, mas todas t\u00eam uma coisa em comum: <b>planejar e projetar com precis\u00e3o<\/b>. Isso significa criar desenhos t\u00e9cnicos, modelar os espa\u00e7os e escolher os materiais certos para cada <a href=\"https:\/\/www.aarquiteta.com.br\/blog\/?s=PROJETO\">projeto<\/a>. N\u00e3o \u00e9 segredo que um bom projeto pode fazer toda a diferen\u00e7a. Mas o trabalho n\u00e3o termina quando se entrega o projeto. Ah, n\u00e3o! O arquiteto tamb\u00e9m gerencia a constru\u00e7\u00e3o, sempre de olho no que est\u00e1 acontecendo no canteiro e garantindo que tudo flua como um samba de roda.<\/p><h3>Arquitetura e Sustentabilidade<\/h3><p>Com tanta preocupa\u00e7\u00e3o com o meio ambiente nos dias de hoje, a <b>arquitetura sustent\u00e1vel<\/b> \u00e9 uma preocupa\u00e7\u00e3o crescente. Muitos arquitetos agora adotam pr\u00e1ticas que visam reduzir o impacto ambiental. Eles escolhem materiais eco-friendly, projetam para efici\u00eancia energ\u00e9tica e tentam integrar elementos naturais, porque o que seria de n\u00f3s sem a natureza, n\u00e3o \u00e9 mesmo?!<\/p><h3>Inova\u00e7\u00f5es Tecnol\u00f3gicas na Arquitetura<\/h3><p>A tecnologia, ah, esse vil\u00e3o ou her\u00f3i da modernidade! Ela est\u00e1 mudando a din\u00e2mica na arquitetura. Desde impressoras 3D que ajudam a construir modelos f\u00edsicos at\u00e9 software que tornam a visualiza\u00e7\u00e3o de projetos muito mais f\u00e1cil, a inova\u00e7\u00e3o \u00e9 uma constante. Imagine s\u00f3 poder visualizar como sua nova casa vai ficar antes mesmo de come\u00e7ar a constru\u00e7\u00e3o! \u00c9 como fazer compras on-line, mas com um pouco mais de cimento.<\/p><h3>O Futuro da Arquitetura<\/h3><figure id=\"attachment_110227\" aria-describedby=\"caption-attachment-110227\" style=\"width: 1024px\" class=\"wp-caption alignnone\"><img decoding=\"async\" class=\"size-full wp-image-110227\" src=\"https:\/\/www.aarquiteta.com.br\/blog\/wp-content\/uploads\/2024\/04\/as-5-tendencias-arquitetonicas-projetos-202403.jpg\" alt=\"As 5 Tend\u00eancias Arquitet\u00f4nicas Que V\u00e3o Redefinir Projetos em 2024.\" width=\"1024\" height=\"1024\" title=\"\" srcset=\"https:\/\/www.aarquiteta.com.br\/blog\/wp-content\/uploads\/2024\/04\/as-5-tendencias-arquitetonicas-projetos-202403.jpg 1024w, https:\/\/www.aarquiteta.com.br\/blog\/wp-content\/uploads\/2024\/04\/as-5-tendencias-arquitetonicas-projetos-202403-696x696.jpg 696w, https:\/\/www.aarquiteta.com.br\/blog\/wp-content\/uploads\/2024\/04\/as-5-tendencias-arquitetonicas-projetos-202403-96x96.jpg 96w, https:\/\/www.aarquiteta.com.br\/blog\/wp-content\/uploads\/2024\/04\/as-5-tendencias-arquitetonicas-projetos-202403-150x150.jpg 150w\" sizes=\"(max-width: 1024px) 100vw, 1024px\" \/><figcaption id=\"caption-attachment-110227\" class=\"wp-caption-text\">As 5 Tend\u00eancias Arquitet\u00f4nicas Que V\u00e3o Redefinir Projetos em 2024.<\/figcaption><\/figure><p>A arquitetura se encaminha para um futuro repleto de possibilidades. Essa nova era \u00e9 o que chamamos de \u201carquitetura do s\u00e9culo XXI\u201d, em que as inova\u00e7\u00f5es, sustentabilidade e inclus\u00e3o s\u00e3o a chave. O que vem pela frente? Quem sabe <a href=\"https:\/\/www.aarquiteta.com.br\/blog\/?s=CASAS\">casas<\/a> que se adaptam \u00e0s condi\u00e7\u00f5es clim\u00e1ticas ou espa\u00e7os que falam com voc\u00ea? A tecnologia nos surpreende a cada dia e, com a criatividade de um arquiteto, o c\u00e9u \u00e9 o limite!<\/p><h2>Conclus\u00e3o<\/h2><p>No final das contas, os arquitetos s\u00e3o os <b>artes\u00e3os do espa\u00e7o<\/b> em que vivemos. Eles moldam n\u00e3o s\u00f3 o nosso lar, mas tamb\u00e9m a nossa sociedade. Com cada projeto, eles n\u00e3o apenas criam ambientes, mas tamb\u00e9m experi\u00eancias que refletem quem somos e como nos relacionamos uns com os outros e com o meio ambiente. Assim, a profiss\u00e3o de arquiteto \u00e9, sem d\u00favida, uma das mais importantes e inspiradoras (e um pouco mais divertida do que parece)! Ent\u00e3o, que tal levantar o papel e a caneta e desenhar seu pr\u00f3prio futuro?<\/p><figure id=\"attachment_103748\" aria-describedby=\"caption-attachment-103748\" style=\"width: 1024px\" class=\"wp-caption alignnone\"><img decoding=\"async\" class=\"size-full wp-image-103748\" src=\"https:\/\/www.aarquiteta.com.br\/blog\/wp-content\/uploads\/2023\/12\/arquiteto-visionario-transforma-oasis-urbano02.jpg\" alt=\"arquiteto-visionario-transforma-oasis-urbano\" width=\"1024\" height=\"1024\" title=\"\" srcset=\"https:\/\/www.aarquiteta.com.br\/blog\/wp-content\/uploads\/2023\/12\/arquiteto-visionario-transforma-oasis-urbano02.jpg 1024w, https:\/\/www.aarquiteta.com.br\/blog\/wp-content\/uploads\/2023\/12\/arquiteto-visionario-transforma-oasis-urbano02-696x696.jpg 696w, https:\/\/www.aarquiteta.com.br\/blog\/wp-content\/uploads\/2023\/12\/arquiteto-visionario-transforma-oasis-urbano02-96x96.jpg 96w, https:\/\/www.aarquiteta.com.br\/blog\/wp-content\/uploads\/2023\/12\/arquiteto-visionario-transforma-oasis-urbano02-150x150.jpg 150w\" sizes=\"(max-width: 1024px) 100vw, 1024px\" \/><figcaption id=\"caption-attachment-103748\" class=\"wp-caption-text\">arquiteto-visionario-transforma-oasis-urbano<\/figcaption><\/figure><h3>Assista agora a minha recomenda\u00e7\u00e3o de video abaixo sobre o tema que estamos tratando neste artigo:<\/h3><div class=\"youtube-embed\" data-video_id=\"fmTlMCWtaxo\"><iframe title=\"Arquitetos e Engenheiros, venham descobrir parcerias lucrativas e projetos inovadores.\" width=\"696\" height=\"392\" src=\"https:\/\/www.youtube.com\/embed\/fmTlMCWtaxo?feature=oembed&#038;enablejsapi=1\" frameborder=\"0\" allow=\"accelerometer; autoplay; clipboard-write; encrypted-media; gyroscope; picture-in-picture; web-share\" referrerpolicy=\"strict-origin-when-cross-origin\" allowfullscreen><\/iframe><\/div>","protected":false},"excerpt":{"rendered":"<p>Descubra como o arquiteto transforma ideias em projetos, unindo funcionalidade, est\u00e9tica e sustentabilidade. Saiba mais sobre a import\u00e2ncia desse profissional para criar espa\u00e7os \u00fanicos e eficientes.<\/p>\n","protected":false},"author":102,"featured_media":74945,"comment_status":"closed","ping_status":"closed","sticky":false,"template":"","format":"standard","meta":{"footnotes":""},"categories":[1507],"tags":[26313,8839,1255,1739,1102,1451,2022,4725,300],"class_list":["post-33487","post","type-post","status-publish","format-standard","has-post-thumbnail","category-arquitetura","tag-arquiteto-comercial","tag-arquitetura-residencial","tag-casas","tag-construcao","tag-design","tag-engenharia","tag-espaco","tag-planejamento","tag-projetos"],"_wp_attached_file":null,"_wp_attachment_metadata":null,"_wp_attachment_context":null,"_wp_attachment_is_custom_header":null,"geo_longitude":null,"geo_public":null,"geo_latitude":null,"_publicize_done_external":null,"_wpas_done_3897181":null,"publicize_twitter_user":null,"_wpas_done_3897175":null,"_wpas_skip_3897181":null,"_wpas_skip_3897175":null,"_wpas_skip_3924723":null,"_wpas_mess":null,"_wpas_done_3924723":null,"wps_subtitle":"","_links":{"self":[{"href":"https:\/\/www.aarquiteta.com.br\/blog\/wp-json\/wp\/v2\/posts\/33487","targetHints":{"allow":["GET"]}}],"collection":[{"href":"https:\/\/www.aarquiteta.com.br\/blog\/wp-json\/wp\/v2\/posts"}],"about":[{"href":"https:\/\/www.aarquiteta.com.br\/blog\/wp-json\/wp\/v2\/types\/post"}],"author":[{"embeddable":true,"href":"https:\/\/www.aarquiteta.com.br\/blog\/wp-json\/wp\/v2\/users\/102"}],"replies":[{"embeddable":true,"href":"https:\/\/www.aarquiteta.com.br\/blog\/wp-json\/wp\/v2\/comments?post=33487"}],"version-history":[{"count":0,"href":"https:\/\/www.aarquiteta.com.br\/blog\/wp-json\/wp\/v2\/posts\/33487\/revisions"}],"wp:featuredmedia":[{"embeddable":true,"href":"https:\/\/www.aarquiteta.com.br\/blog\/wp-json\/wp\/v2\/media\/74945"}],"wp:attachment":[{"href":"https:\/\/www.aarquiteta.com.br\/blog\/wp-json\/wp\/v2\/media?parent=33487"}],"wp:term":[{"taxonomy":"category","embeddable":true,"href":"https:\/\/www.aarquiteta.com.br\/blog\/wp-json\/wp\/v2\/categories?post=33487"},{"taxonomy":"post_tag","embeddable":true,"href":"https:\/\/www.aarquiteta.com.br\/blog\/wp-json\/wp\/v2\/tags?post=33487"}],"curies":[{"name":"wp","href":"https:\/\/api.w.org\/{rel}","templated":true}]}}