{"id":33018,"date":"2023-09-10T09:59:03","date_gmt":"2023-09-10T12:59:03","guid":{"rendered":"http:\/\/aarquiteta.com.br\/?p=33018"},"modified":"2026-09-01T16:04:24","modified_gmt":"2026-09-01T19:04:24","slug":"apartamento-studio-funcional","status":"publish","type":"post","link":"https:\/\/www.aarquiteta.com.br\/blog\/apartamento-studio-funcional\/","title":{"rendered":"Apartamento St\u00fadio Funcional &#8211; 10 Dicas de como projetar!"},"content":{"rendered":"<p>Para quem mora em um Studio, decorar um apartamento com dimens\u00f5es t\u00e3o pequenas \u00e9 um grande desafio.\u00a0Dividir um espa\u00e7o e colocar os m\u00f3veis ali pode n\u00e3o fazer nenhum sentido.<\/p>\n<p>Por outro lado, montar um ambiente funcional pode acabar com sua est\u00e9tica.\u00a0Ent\u00e3o, se voc\u00ea est\u00e1 perdido e n\u00e3o sabe por onde come\u00e7ar sua decora\u00e7\u00e3o, n\u00e3o se preocupe.<\/p>\n<figure id=\"attachment_15710\" aria-describedby=\"caption-attachment-15710\" style=\"width: 1297px\" class=\"wp-caption alignnone\"><img decoding=\"async\" class=\"size-full wp-image-15710\" src=\"https:\/\/www.aarquiteta.com.br\/blog\/wp-content\/uploads\/2019\/01\/apartamento-studio-a-arquiteta-1.jpg\" alt=\"projetos de apartamentos studios\" width=\"1297\" height=\"866\" title=\"\" srcset=\"https:\/\/www.aarquiteta.com.br\/blog\/wp-content\/uploads\/2019\/01\/apartamento-studio-a-arquiteta-1.jpg 1297w, https:\/\/www.aarquiteta.com.br\/blog\/wp-content\/uploads\/2019\/01\/apartamento-studio-a-arquiteta-1-1024x684.jpg 1024w, https:\/\/www.aarquiteta.com.br\/blog\/wp-content\/uploads\/2019\/01\/apartamento-studio-a-arquiteta-1-696x465.jpg 696w, https:\/\/www.aarquiteta.com.br\/blog\/wp-content\/uploads\/2019\/01\/apartamento-studio-a-arquiteta-1-150x100.jpg 150w\" sizes=\"(max-width: 1297px) 100vw, 1297px\" \/><figcaption id=\"caption-attachment-15710\" class=\"wp-caption-text\">Imagem: essenciamoveis.com.br<\/figcaption><\/figure>\n<p>Elaboramos um texto com boas dicas para decorar seu Studio de maneira pr\u00e1tica e eficiente.\u00a0Confira!<\/p>\n<h2>Apartamento Studio Funcional &#8211; Um estilo de vida!<\/h2>\n<h3>O que \u00e9 um apartamento Studio?<\/h3>\n<p>Para come\u00e7ar, um Studio \u00e9 um apartamento de um quarto, onde apenas o banheiro \u00e9 separado por portas fechadas.\u00a0Todo o resto (cozinha, sala, quarto, escrit\u00f3rio &#8230;) precisa caber em um \u00fanico espa\u00e7o.\u00a0O que geralmente n\u00e3o vai al\u00e9m de 46,5 m\u00b2.<\/p>\n<p><a href=\"https:\/\/www.aarquiteta.com.br\/cursos\/design-interiores\/\"><img decoding=\"async\" class=\"size-full wp-image-32472 alignright\" src=\"https:\/\/www.aarquiteta.com.br\/blog\/wp-content\/uploads\/2019\/11\/banner-para-posts-do-blog.jpg\" alt=\"\" width=\"300\" height=\"400\" title=\"\" srcset=\"https:\/\/www.aarquiteta.com.br\/blog\/wp-content\/uploads\/2019\/11\/banner-para-posts-do-blog.jpg 300w, https:\/\/www.aarquiteta.com.br\/blog\/wp-content\/uploads\/2019\/11\/banner-para-posts-do-blog-150x200.jpg 150w\" sizes=\"(max-width: 300px) 100vw, 300px\" \/><\/a><\/p>\n<p>&nbsp;<\/p>\n<h3>O que \u00e9 um Apartamento Eficiente?<\/h3>\n<p>\u00c9 muito semelhante a um apartamento Studio, no entanto, um Apartamento Eficiente \u00e9 ainda menor.<\/p>\n<p>Normalmente, voc\u00ea encontrar\u00e1 mais cozinhas e banheiros condensados, por serem normalmente destinados a uma pessoa.<\/p>\n<p>O desafio \u00e9 real e muitas pessoas pensam que nunca poderiam morar em um Studio ou Apartamento Eficiente.<\/p>\n<p>Mas prometemos que, com nossas dicas, o design do seu Studio se tornar\u00e1 um verdadeiro prazer para se viver!<\/p>\n<p><iframe title=\"Decore f\u00e1cil: O que \u00e9 decora\u00e7\u00e3o de ambientes?\" width=\"696\" height=\"392\" src=\"https:\/\/www.youtube.com\/embed\/9PjhGXgCGLU?feature=oembed\" frameborder=\"0\" allow=\"accelerometer; autoplay; clipboard-write; encrypted-media; gyroscope; picture-in-picture; web-share\" allowfullscreen><\/iframe><\/p>\n<h2>Apartamento St\u00fadio Fucional &#8211; 10 Dicas de como projetar!<\/h2>\n<h3><span style=\"font-size: 24px; font-weight: bold; color: #2b2b2b;\">1 \u2013 Limite o esquema de cores do Studio<\/span><\/h3>\n<p>Voc\u00ea sabia que apartamentos com esquemas de cores muito complexos acabam parecendo muito menores ou abarrotados do que normalmente s\u00e3o?<\/p>\n<p>Para quem vive em um Studio isso \u00e9 um problema, pois tornar\u00e1 a vida ali menos confort\u00e1vel.\u00a0Ent\u00e3o, para n\u00e3o cair nesta armadilha, na hora de pintar o Studio, escolha duas ou tr\u00eas cores e incorpore-as em todo o apartamento.<\/p>\n<figure id=\"attachment_26164\" aria-describedby=\"caption-attachment-26164\" style=\"width: 1100px\" class=\"wp-caption aligncenter\"><a style=\"font-weight: bold; background-color: transparent;\" href=\"https:\/\/www.aarquiteta.com.br\/blog\/wp-content\/uploads\/2019\/06\/02.jpg\"><img decoding=\"async\" class=\"wp-image-26164\" title=\"Apartamento St\u00fadio Funcional - 10 Dicas de como projetar!\" src=\"https:\/\/www.aarquiteta.com.br\/blog\/wp-content\/uploads\/2019\/06\/02.jpg\" alt=\"Apartamento St\u00fadio Funcional - 10 Dicas de como projetar!\" width=\"1100\" height=\"661\" srcset=\"https:\/\/www.aarquiteta.com.br\/blog\/wp-content\/uploads\/2019\/06\/02.jpg 1081w, https:\/\/www.aarquiteta.com.br\/blog\/wp-content\/uploads\/2019\/06\/02-1024x616.jpg 1024w, https:\/\/www.aarquiteta.com.br\/blog\/wp-content\/uploads\/2019\/06\/02-696x419.jpg 696w, https:\/\/www.aarquiteta.com.br\/blog\/wp-content\/uploads\/2019\/06\/02-150x90.jpg 150w\" sizes=\"(max-width: 1100px) 100vw, 1100px\" \/><\/a><figcaption id=\"caption-attachment-26164\" class=\"wp-caption-text\">Apartamento St\u00fadio Funcional &#8211; 10 Dicas de como projetar!<\/figcaption><\/figure>\n<p>Image: L\u2019Essenziale Home DesignsEssa atitude ajudar\u00e1 seu c\u00e9rebro a enxergar o local como um terreno unido, al\u00e9m de deixar o design mais coeso.\u00a0Achou um pouco confuso?\u00a0Vamos explicar:<\/p>\n<p>Na hora da pintura, aplique em 60% do ambiente uma tinta neutra, para abrir mais espa\u00e7o.\u00a0Em 30% coloque uma tonalidade mediana e nos 10% restante escolha uma cor de destaque.<\/p>\n<h3>2- Divida os espa\u00e7os do Studio de forma inteligente<\/h3>\n<p>Os apartamentos no formato Studio s\u00e3o constru\u00eddos de forma que sejam divididos em um \u00fanico espa\u00e7o.\u00a0Ent\u00e3o, para criar c\u00f4modos \u00e9 comum o uso de divis\u00f3rias, que fazem as vezes de portas.<\/p>\n<p>Essa pr\u00e1tica, no entanto, pode deixar as coisas um tanto confusas, pois quando as divis\u00f3rias s\u00e3o mal aplicadas elas podem deixar o Studio menor ou n\u00e3o criar as separa\u00e7\u00f5es corretas.<\/p>\n<p>Ent\u00e3o, para n\u00e3o errar, coloque as divis\u00f3rias apenas naquelas \u00e1reas onde voc\u00ea realmente quer privacidade, como o entorno da cama.\u00a0Procure sempre deixar um espa\u00e7o livre para a luz natural poder iluminar o apartamento.<\/p>\n<p>Outra dica \u00e9 utilizar prateleiras como divis\u00f3rias.\u00a0Al\u00e9m de dar mais estilo \u00e0 sua decora\u00e7\u00e3o, elas servem para que voc\u00ea possa acondicionar suas coisas.<\/p>\n<figure id=\"attachment_26165\" aria-describedby=\"caption-attachment-26165\" style=\"width: 1100px\" class=\"wp-caption aligncenter\"><a href=\"https:\/\/www.aarquiteta.com.br\/blog\/wp-content\/uploads\/2019\/06\/03.jpg\"><img decoding=\"async\" class=\"wp-image-26165\" title=\"Apartamento St\u00fadio Funcional - 10 Dicas de como projetar!\" src=\"https:\/\/www.aarquiteta.com.br\/blog\/wp-content\/uploads\/2019\/06\/03.jpg\" alt=\"Apartamento St\u00fadio Funcional - 10 Dicas de como projetar!\" width=\"1100\" height=\"678\" srcset=\"https:\/\/www.aarquiteta.com.br\/blog\/wp-content\/uploads\/2019\/06\/03.jpg 1034w, https:\/\/www.aarquiteta.com.br\/blog\/wp-content\/uploads\/2019\/06\/03-1024x631.jpg 1024w, https:\/\/www.aarquiteta.com.br\/blog\/wp-content\/uploads\/2019\/06\/03-696x429.jpg 696w, https:\/\/www.aarquiteta.com.br\/blog\/wp-content\/uploads\/2019\/06\/03-150x92.jpg 150w\" sizes=\"(max-width: 1100px) 100vw, 1100px\" \/><\/a><figcaption id=\"caption-attachment-26165\" class=\"wp-caption-text\">Apartamento St\u00fadio Funcional &#8211; 10 Dicas de como projetar! Image: Elayne Barre Photography<\/figcaption><\/figure>\n<p>Quer uma alternativa para dividir um c\u00f4modo sem tornar tudo muito apertado?\u00a0Coloque um sof\u00e1 ou uma mesa de centro.<\/p>\n<p>Essas duas alternativas criam um c\u00f4modo reservado, sem deixar o local totalmente desconectado de sua casa.<\/p>\n<p>Al\u00e9m disso, quando voc\u00ea usa pe\u00e7as menores para dividir os espa\u00e7os, d\u00e1 uma sensa\u00e7\u00e3o de profundidade para sua sala, fazendo com que ela pare\u00e7a muito maior do que realmente \u00e9.<\/p>\n<h3>3- Defina uma fun\u00e7\u00e3o para cada ambiente do Studio<\/h3>\n<p>Al\u00e9m de deixar o lugar com aquela sensa\u00e7\u00e3o bagun\u00e7ada, pode atrapalhar os seus planos de viver em um local aconchegante.<\/p>\n<p>Outro equ\u00edvoco comum de quem vai decorar o Studio \u00e9 abarrot\u00e1-lo com coisas e n\u00e3o separar adequadamente os ambientes, na cren\u00e7a de que em breve estar\u00e1 se mudando para um apartamento maior.<\/p>\n<figure id=\"attachment_26166\" aria-describedby=\"caption-attachment-26166\" style=\"width: 938px\" class=\"wp-caption aligncenter\"><a style=\"font-weight: bold; background-color: transparent;\" href=\"https:\/\/www.aarquiteta.com.br\/blog\/wp-content\/uploads\/2019\/06\/04.jpg\"><img decoding=\"async\" class=\"wp-image-26166 size-full\" title=\"Apartamento St\u00fadio Funcional - 10 Dicas de como projetar!\" src=\"https:\/\/www.aarquiteta.com.br\/blog\/wp-content\/uploads\/2019\/06\/04.jpg\" alt=\"Apartamento St\u00fadio Funcional - 10 Dicas de como projetar!\" width=\"938\" height=\"580\" srcset=\"https:\/\/www.aarquiteta.com.br\/blog\/wp-content\/uploads\/2019\/06\/04.jpg 938w, https:\/\/www.aarquiteta.com.br\/blog\/wp-content\/uploads\/2019\/06\/04-696x430.jpg 696w, https:\/\/www.aarquiteta.com.br\/blog\/wp-content\/uploads\/2019\/06\/04-150x93.jpg 150w\" sizes=\"(max-width: 938px) 100vw, 938px\" \/><\/a><figcaption id=\"caption-attachment-26166\" class=\"wp-caption-text\">Apartamento St\u00fadio Funcional &#8211; 10 Dicas de como projetar! Image: The Brooklyn Home Company<\/figcaption><\/figure>\n<p>Por isso, mesmo que voc\u00ea n\u00e3o queira ou n\u00e3o possa gastar muito, pense em cada c\u00f4modo do apartamento.\u00a0Utilizando pequenos elementos, como tapetes ou sof\u00e1s, voc\u00ea separa os c\u00f4modos, deixando claro sua fun\u00e7\u00e3o.<\/p>\n<p>Com essas dicas, voc\u00ea pode decorar o seu Studio gastando bem pouco!<\/p>\n<h3>4- Considere seus h\u00e1bitos de vida<\/h3>\n<p>Sejamos realistas: quando moramos em 46,5 m\u00b2, voc\u00ea n\u00e3o consegue acomodar tudo o que poderia caber em uma casa.\u00a0Portanto, a primeira coisa a fazer \u00e9 decidir o que voc\u00ea mais precisa.<\/p>\n<p>Voc\u00ea se diverte com frequ\u00eancia?\u00a0Ent\u00e3o voc\u00ea precisar\u00e1 de muitos lugares sentados.<\/p>\n<figure id=\"attachment_33028\" aria-describedby=\"caption-attachment-33028\" style=\"width: 1100px\" class=\"wp-caption aligncenter\"><a href=\"https:\/\/www.aarquiteta.com.br\/blog\/wp-content\/uploads\/2020\/04\/Sala_com_uma_bancada_de_pedras_e_um_sof\u00e1_cinza.jpg\"><img decoding=\"async\" class=\"wp-image-33028\" title=\"Apartamento St\u00fadio - Dicas de como projetar!\" src=\"https:\/\/www.aarquiteta.com.br\/blog\/wp-content\/uploads\/2020\/04\/Sala_com_uma_bancada_de_pedras_e_um_sof\u00e1_cinza.jpg\" alt=\"Apartamento St\u00fadio - Dicas de como projetar!\" width=\"1100\" height=\"729\" srcset=\"https:\/\/www.aarquiteta.com.br\/blog\/wp-content\/uploads\/2020\/04\/Sala_com_uma_bancada_de_pedras_e_um_sof\u00e1_cinza.jpg 935w, https:\/\/www.aarquiteta.com.br\/blog\/wp-content\/uploads\/2020\/04\/Sala_com_uma_bancada_de_pedras_e_um_sof\u00e1_cinza-696x462.jpg 696w, https:\/\/www.aarquiteta.com.br\/blog\/wp-content\/uploads\/2020\/04\/Sala_com_uma_bancada_de_pedras_e_um_sof\u00e1_cinza-150x99.jpg 150w\" sizes=\"(max-width: 1100px) 100vw, 1100px\" \/><\/a><figcaption id=\"caption-attachment-33028\" class=\"wp-caption-text\">Apartamento St\u00fadio &#8211; Dicas de como projetar! <em>Design ecl\u00e9tico de apartamentos\u00a0<\/em><\/figcaption><\/figure>\n<p>Voc\u00ea trabalha ou estuda em casa? Ent\u00e3o voc\u00ea precisar\u00e1 de uma mesa, ou\u00a0um local para se concentrar no seu trabalho.<\/p>\n<p>Voc\u00ea usa seu Studio praticamente apenas para dormir?\u00a0Ent\u00e3o a cama ser\u00e1 a coisa mais importante.<\/p>\n<p>Fa\u00e7a estas perguntas a si para decidir o que voc\u00ea priorizar\u00e1 ao preencher a planta baixa.<\/p>\n<figure id=\"attachment_33073\" aria-describedby=\"caption-attachment-33073\" style=\"width: 1100px\" class=\"wp-caption aligncenter\"><a href=\"https:\/\/www.aarquiteta.com.br\/blog\/wp-content\/uploads\/2020\/04\/quarto_de_casal_branco_com_cinza-1.jpg\"><img decoding=\"async\" class=\"wp-image-33073\" title=\"Apartamento St\u00fadio - Dicas de como projetar!\" src=\"https:\/\/www.aarquiteta.com.br\/blog\/wp-content\/uploads\/2020\/04\/quarto_de_casal_branco_com_cinza-1.jpg\" alt=\"Apartamento St\u00fadio - Dicas de como projetar!\" width=\"1100\" height=\"608\" srcset=\"https:\/\/www.aarquiteta.com.br\/blog\/wp-content\/uploads\/2020\/04\/quarto_de_casal_branco_com_cinza-1.jpg 928w, https:\/\/www.aarquiteta.com.br\/blog\/wp-content\/uploads\/2020\/04\/quarto_de_casal_branco_com_cinza-1-696x385.jpg 696w, https:\/\/www.aarquiteta.com.br\/blog\/wp-content\/uploads\/2020\/04\/quarto_de_casal_branco_com_cinza-1-150x83.jpg 150w\" sizes=\"(max-width: 1100px) 100vw, 1100px\" \/><\/a><figcaption id=\"caption-attachment-33073\" class=\"wp-caption-text\">Apartamento St\u00fadio &#8211; Dicas de como projetar!<\/figcaption><\/figure>\n<h2>Apartamento Studio Funcional &#8211; 10 Dicas para decorar de forma eficiente!<\/h2>\n<h3>5- Separe sua planta baixa do apartamento<\/h3>\n<p>Mesmo que um Studio tenha um quarto individual, isso n\u00e3o significa que ele precisa parecer um espa\u00e7o \u00fanico.\u00a0De fato a ideia n\u00famero um de design de Studio \u00e9 estar criando \u00e1reas separadas.<\/p>\n<p>Isso far\u00e1 com que o espa\u00e7o pare\u00e7a mais amplo e muito mais habit\u00e1vel tamb\u00e9m.<\/p>\n<figure id=\"attachment_33120\" aria-describedby=\"caption-attachment-33120\" style=\"width: 1100px\" class=\"wp-caption aligncenter\"><a href=\"https:\/\/www.aarquiteta.com.br\/blog\/wp-content\/uploads\/2020\/04\/planta_baixa_de_uma_casa.jpg\"><img decoding=\"async\" class=\"wp-image-33120\" title=\"Apartamento St\u00fadio - Dicas de como projetar!\" src=\"https:\/\/www.aarquiteta.com.br\/blog\/wp-content\/uploads\/2020\/04\/planta_baixa_de_uma_casa.jpg\" alt=\"\" width=\"1100\" height=\"524\" srcset=\"https:\/\/www.aarquiteta.com.br\/blog\/wp-content\/uploads\/2020\/04\/planta_baixa_de_uma_casa.jpg 1280w, https:\/\/www.aarquiteta.com.br\/blog\/wp-content\/uploads\/2020\/04\/planta_baixa_de_uma_casa-1024x488.jpg 1024w, https:\/\/www.aarquiteta.com.br\/blog\/wp-content\/uploads\/2020\/04\/planta_baixa_de_uma_casa-696x332.jpg 696w, https:\/\/www.aarquiteta.com.br\/blog\/wp-content\/uploads\/2020\/04\/planta_baixa_de_uma_casa-150x71.jpg 150w\" sizes=\"(max-width: 1100px) 100vw, 1100px\" \/><\/a><figcaption id=\"caption-attachment-33120\" class=\"wp-caption-text\">Apartamento St\u00fadio &#8211; Dicas de como projetar! Moderno Studio industrial renderiza\u00e7\u00e3o em 3D<\/figcaption><\/figure>\n<p>A primeira estrat\u00e9gia para conseguir isso s\u00e3o enormes tapetes de \u00e1rea, que tamb\u00e9m ocupam zero espa\u00e7o vertical.<\/p>\n<p>Se voc\u00ea precisar de mais separa\u00e7\u00e3o (por exemplo, divida a \u00e1rea de dormir do resto), use divis\u00f3rias e arm\u00e1rios baixos.\u00a0E para parti\u00e7\u00f5es de altura total, escolha uma estante alta ou at\u00e9 cortinas.<\/p>\n<h3>6- Seja atencioso com as op\u00e7\u00f5es de cores<\/h3>\n<p>Uma paleta de cores sempre pode criar ou quebrar um design.\u00a0Em particular, ao trabalhar com uma planta baixa de um Studio, ela pode realmente ajudar com o tamanho.<\/p>\n<figure id=\"attachment_33082\" aria-describedby=\"caption-attachment-33082\" style=\"width: 1100px\" class=\"wp-caption aligncenter\"><a style=\"font-weight: bold; background-color: transparent;\" href=\"https:\/\/www.aarquiteta.com.br\/blog\/wp-content\/uploads\/2020\/04\/sala_toda_cinza_com_um_sof\u00e1_na_cor_mostarda.jpg\"><img decoding=\"async\" class=\"wp-image-33082\" title=\"sala toda cinza com um sof\u00e1 na cor mostarda\" src=\"https:\/\/www.aarquiteta.com.br\/blog\/wp-content\/uploads\/2020\/04\/sala_toda_cinza_com_um_sof\u00e1_na_cor_mostarda.jpg\" alt=\"\" width=\"1100\" height=\"636\" srcset=\"https:\/\/www.aarquiteta.com.br\/blog\/wp-content\/uploads\/2020\/04\/sala_toda_cinza_com_um_sof\u00e1_na_cor_mostarda.jpg 1055w, https:\/\/www.aarquiteta.com.br\/blog\/wp-content\/uploads\/2020\/04\/sala_toda_cinza_com_um_sof\u00e1_na_cor_mostarda-1024x592.jpg 1024w, https:\/\/www.aarquiteta.com.br\/blog\/wp-content\/uploads\/2020\/04\/sala_toda_cinza_com_um_sof\u00e1_na_cor_mostarda-696x402.jpg 696w, https:\/\/www.aarquiteta.com.br\/blog\/wp-content\/uploads\/2020\/04\/sala_toda_cinza_com_um_sof\u00e1_na_cor_mostarda-150x87.jpg 150w\" sizes=\"(max-width: 1100px) 100vw, 1100px\" \/><\/a><figcaption id=\"caption-attachment-33082\" class=\"wp-caption-text\">Design moderno de apartamento pelo designer de interiores on-line Decorilla , Darya N.<\/figcaption><\/figure>\n<p>Cores claras fazem um espa\u00e7o parecer maior; voc\u00ea certamente j\u00e1 ouviu isso antes, mas \u00e9 t\u00e3o verdade que vale a pena reafirmar, mas e se voc\u00ea gosta de cores escuras?<\/p>\n<p>Voc\u00ea ainda pode us\u00e1-las, mas com cuidado.\u00a0Talvez opte por uma \u00fanica parede de recurso e deixe o resto mais leve, ou escolha acess\u00f3rios escuros com cores mais claras para as maiores pe\u00e7as da sala.<\/p>\n<figure id=\"attachment_33079\" aria-describedby=\"caption-attachment-33079\" style=\"width: 734px\" class=\"wp-caption aligncenter\"><img decoding=\"async\" class=\"wp-image-33079 size-full\" title=\"Apartamento St\u00fadio - Dicas de como projetar!\" src=\"https:\/\/www.aarquiteta.com.br\/blog\/wp-content\/uploads\/2020\/04\/Quarto_de_casal_com_cobertor_cinza_e_amarelo_em_cima_da_cama-1.jpg\" alt=\"Apartamento Studio Funcional - Um estilo de vida!\" width=\"734\" height=\"619\" \/><figcaption id=\"caption-attachment-33079\" class=\"wp-caption-text\">Apartamento St\u00fadio &#8211; Dicas de como projetar!<\/figcaption><\/figure>\n<h3>7- Maximize a luz!<\/h3>\n<p>Se h\u00e1 uma coisa que faz um espa\u00e7o parecer grande e arejado \u00e9 a incid\u00eancia de luz natural.\u00a0Portanto, para um melhor design de interiores para seu Studio, certifique-se de maximizar a luz natural.<\/p>\n<p>Escolha cortinas finas que deixem entrar muita luz do sol ao longo do dia. Ent\u00e3o, se voc\u00ea precisar, pode adicionar cortinas opacas ou usar persianas para escurecer o espa\u00e7o \u00e0 noite.<\/p>\n<p>Quando se trata de luz, uma verdadeira dica profissional \u00e9 usar espelhos.<\/p>\n<figure id=\"attachment_33134\" aria-describedby=\"caption-attachment-33134\" style=\"width: 1100px\" class=\"wp-caption aligncenter\"><a href=\"https:\/\/www.aarquiteta.com.br\/blog\/wp-content\/uploads\/2020\/04\/Sala_de_estar_com_parede_escura_em_destaque.jpg\"><img decoding=\"async\" class=\"wp-image-33134\" title=\"Sala de estar com parede escura em destaque.\" src=\"https:\/\/www.aarquiteta.com.br\/blog\/wp-content\/uploads\/2020\/04\/Sala_de_estar_com_parede_escura_em_destaque.jpg\" alt=\"\" width=\"1100\" height=\"760\" srcset=\"https:\/\/www.aarquiteta.com.br\/blog\/wp-content\/uploads\/2020\/04\/Sala_de_estar_com_parede_escura_em_destaque.jpg 882w, https:\/\/www.aarquiteta.com.br\/blog\/wp-content\/uploads\/2020\/04\/Sala_de_estar_com_parede_escura_em_destaque-696x481.jpg 696w, https:\/\/www.aarquiteta.com.br\/blog\/wp-content\/uploads\/2020\/04\/Sala_de_estar_com_parede_escura_em_destaque-150x104.jpg 150w\" sizes=\"(max-width: 1100px) 100vw, 1100px\" \/><\/a><figcaption id=\"caption-attachment-33134\" class=\"wp-caption-text\">Apartamento St\u00fadio &#8211; Dicas de como projetar! Design de Apartamento Eficiente pelo decorador Francis D. de D.<\/figcaption><\/figure>\n<p>Os espelhos refletem a luz, multiplicando o brilho do espa\u00e7o.\u00a0Portanto, escolha bem como orientar e onde colocar seus espelhos, e esse cantinho escuro ser\u00e1 coisa do passado!<\/p>\n<p>Se a luz natural nem sempre estiver dispon\u00edvel, voc\u00ea poder\u00e1 complement\u00e1-la com luz artificial.<\/p>\n<p>Lembre-se de usar luz em camadas, lumin\u00e1rias de p\u00e9, lumin\u00e1rias de mesa, luzes de teto etc.<\/p>\n<figure id=\"attachment_33125\" aria-describedby=\"caption-attachment-33125\" style=\"width: 1100px\" class=\"wp-caption aligncenter\"><a href=\"https:\/\/www.aarquiteta.com.br\/blog\/wp-content\/uploads\/2020\/04\/Espa\u00e7o_dividido_em_cozinha_banheiro_e_quarto.jpg\"><img decoding=\"async\" class=\"wp-image-33125\" title=\"Espa\u00e7o dividido em cozinha banheiro e quarto.\" src=\"https:\/\/www.aarquiteta.com.br\/blog\/wp-content\/uploads\/2020\/04\/Espa\u00e7o_dividido_em_cozinha_banheiro_e_quarto.jpg\" alt=\"\" width=\"1100\" height=\"833\" srcset=\"https:\/\/www.aarquiteta.com.br\/blog\/wp-content\/uploads\/2020\/04\/Espa\u00e7o_dividido_em_cozinha_banheiro_e_quarto.jpg 807w, https:\/\/www.aarquiteta.com.br\/blog\/wp-content\/uploads\/2020\/04\/Espa\u00e7o_dividido_em_cozinha_banheiro_e_quarto-696x527.jpg 696w, https:\/\/www.aarquiteta.com.br\/blog\/wp-content\/uploads\/2020\/04\/Espa\u00e7o_dividido_em_cozinha_banheiro_e_quarto-150x114.jpg 150w\" sizes=\"(max-width: 1100px) 100vw, 1100px\" \/><\/a><figcaption id=\"caption-attachment-33125\" class=\"wp-caption-text\">Apartamento St\u00fadio &#8211; Dicas de como projetar! Ideias de design de interiores leve e arejado para apartamentos Studio<\/figcaption><\/figure>\n<h3>8- Considere m\u00f3veis transparentes para o layout do seu apartamento.<\/h3>\n<p>Outra dica profissional para a sua planta baixa de 46,5 m\u00b2 \u00e9 a mob\u00edlia transparente.<\/p>\n<p>O uso de produtos de vidro ou lucite em seu layout de apartamento pequeno ajuda o espa\u00e7o a ficar muito mais arejado.<\/p>\n<figure id=\"attachment_33027\" aria-describedby=\"caption-attachment-33027\" style=\"width: 1100px\" class=\"wp-caption aligncenter\"><a href=\"https:\/\/www.aarquiteta.com.br\/blog\/wp-content\/uploads\/2020\/04\/Sala_com_um_vaso_de_planta_no_canto.jpg\"><img decoding=\"async\" class=\"wp-image-33027\" title=\"Sala com um vaso de planta no canto.\" src=\"https:\/\/www.aarquiteta.com.br\/blog\/wp-content\/uploads\/2020\/04\/Sala_com_um_vaso_de_planta_no_canto.jpg\" alt=\"\" width=\"1100\" height=\"621\" srcset=\"https:\/\/www.aarquiteta.com.br\/blog\/wp-content\/uploads\/2020\/04\/Sala_com_um_vaso_de_planta_no_canto.jpg 1108w, https:\/\/www.aarquiteta.com.br\/blog\/wp-content\/uploads\/2020\/04\/Sala_com_um_vaso_de_planta_no_canto-1024x579.jpg 1024w, https:\/\/www.aarquiteta.com.br\/blog\/wp-content\/uploads\/2020\/04\/Sala_com_um_vaso_de_planta_no_canto-696x393.jpg 696w, https:\/\/www.aarquiteta.com.br\/blog\/wp-content\/uploads\/2020\/04\/Sala_com_um_vaso_de_planta_no_canto-150x85.jpg 150w\" sizes=\"(max-width: 1100px) 100vw, 1100px\" \/><\/a><figcaption id=\"caption-attachment-33027\" class=\"wp-caption-text\">Apartamento St\u00fadio &#8211; Dicas de como projetar! Ideias de layout de apartamento Studio. Decorilla designer de interiores, Lauren A.<\/figcaption><\/figure>\n<p>Quando h\u00e1 muitos m\u00f3veis grandes e volumosos em uma sala, pode come\u00e7ar parecer confuso e fechado.\u00a0Voc\u00ea n\u00e3o precisa se preocupar com isso com m\u00f3veis transparentes.<\/p>\n<p>Sem mencionar o qu\u00e3o lindo ele fica com qualquer estilo de design de interiores<strong>.<\/strong><\/p>\n<p><a style=\"font-weight: bold; background-color: transparent;\" href=\"https:\/\/www.aarquiteta.com.br\/blog\/wp-content\/uploads\/2020\/04\/Sala_com_estante_branca_com_divis\u00f3rias_e_uma_planta_ao_lado.jpg\"><img decoding=\"async\" class=\"aligncenter wp-image-33026\" title=\"Sala com estante branca com divis\u00f3rias e uma planta ao lado\" src=\"https:\/\/www.aarquiteta.com.br\/blog\/wp-content\/uploads\/2020\/04\/Sala_com_estante_branca_com_divis\u00f3rias_e_uma_planta_ao_lado.jpg\" alt=\"Apartamento Studio Funcional - Um estilo de vida!\" width=\"1100\" height=\"722\" srcset=\"https:\/\/www.aarquiteta.com.br\/blog\/wp-content\/uploads\/2020\/04\/Sala_com_estante_branca_com_divis\u00f3rias_e_uma_planta_ao_lado.jpg 940w, https:\/\/www.aarquiteta.com.br\/blog\/wp-content\/uploads\/2020\/04\/Sala_com_estante_branca_com_divis\u00f3rias_e_uma_planta_ao_lado-696x457.jpg 696w, https:\/\/www.aarquiteta.com.br\/blog\/wp-content\/uploads\/2020\/04\/Sala_com_estante_branca_com_divis\u00f3rias_e_uma_planta_ao_lado-150x98.jpg 150w\" sizes=\"(max-width: 1100px) 100vw, 1100px\" \/><\/a><\/p>\n<h3>9- O tamanho importa para o layout do seu apartamento<\/h3>\n<p>Trabalhando com um espa\u00e7o t\u00e3o pequeno, voc\u00ea pode ficar tentado a escolher m\u00f3veis min\u00fasculos, mas essa nem sempre \u00e9 a melhor ideia.<\/p>\n<p>Muitas pe\u00e7as pequenas adicionam desordem visual, enquanto uma \u00fanica pe\u00e7a do tamanho certo pode maximizar o tamanho do seu espa\u00e7o.<\/p>\n<figure id=\"attachment_33135\" aria-describedby=\"caption-attachment-33135\" style=\"width: 1100px\" class=\"wp-caption aligncenter\"><a style=\"font-weight: bold; background-color: transparent;\" href=\"https:\/\/www.aarquiteta.com.br\/blog\/wp-content\/uploads\/2020\/04\/sala_toda_branca_com_vista_externa.jpg\"><img decoding=\"async\" class=\"wp-image-33135\" title=\"Apartamento St\u00fadio - Dicas de como projetar!\" src=\"https:\/\/www.aarquiteta.com.br\/blog\/wp-content\/uploads\/2020\/04\/sala_toda_branca_com_vista_externa.jpg\" alt=\"\" width=\"1100\" height=\"637\" srcset=\"https:\/\/www.aarquiteta.com.br\/blog\/wp-content\/uploads\/2020\/04\/sala_toda_branca_com_vista_externa.jpg 1059w, https:\/\/www.aarquiteta.com.br\/blog\/wp-content\/uploads\/2020\/04\/sala_toda_branca_com_vista_externa-1024x593.jpg 1024w, https:\/\/www.aarquiteta.com.br\/blog\/wp-content\/uploads\/2020\/04\/sala_toda_branca_com_vista_externa-696x403.jpg 696w, https:\/\/www.aarquiteta.com.br\/blog\/wp-content\/uploads\/2020\/04\/sala_toda_branca_com_vista_externa-150x87.jpg 150w\" sizes=\"(max-width: 1100px) 100vw, 1100px\" \/><\/a><figcaption id=\"caption-attachment-33135\" class=\"wp-caption-text\">Design de apartamento Studio pelo designer de interiores on-line Decorilla , Darya N.<\/figcaption><\/figure>\n<p>Portanto, verifique todas as dimens\u00f5es com cuidado e fa\u00e7a um esbo\u00e7o de seus m\u00f3veis.<\/p>\n<figure id=\"attachment_33124\" aria-describedby=\"caption-attachment-33124\" style=\"width: 1100px\" class=\"wp-caption aligncenter\"><a style=\"font-weight: bold; background-color: transparent;\" href=\"https:\/\/www.aarquiteta.com.br\/blog\/wp-content\/uploads\/2020\/04\/Espa\u00e7o_com_divis\u00f3ria_de_madeira.jpg\"><img decoding=\"async\" class=\"wp-image-33124\" title=\"Espa\u00e7o com divis\u00f3ria de madeira.\" src=\"https:\/\/www.aarquiteta.com.br\/blog\/wp-content\/uploads\/2020\/04\/Espa\u00e7o_com_divis\u00f3ria_de_madeira.jpg\" alt=\"\" width=\"1100\" height=\"724\" srcset=\"https:\/\/www.aarquiteta.com.br\/blog\/wp-content\/uploads\/2020\/04\/Espa\u00e7o_com_divis\u00f3ria_de_madeira.jpg 933w, https:\/\/www.aarquiteta.com.br\/blog\/wp-content\/uploads\/2020\/04\/Espa\u00e7o_com_divis\u00f3ria_de_madeira-696x458.jpg 696w, https:\/\/www.aarquiteta.com.br\/blog\/wp-content\/uploads\/2020\/04\/Espa\u00e7o_com_divis\u00f3ria_de_madeira-150x99.jpg 150w\" sizes=\"(max-width: 1100px) 100vw, 1100px\" \/><\/a><figcaption id=\"caption-attachment-33124\" class=\"wp-caption-text\">Apartamento St\u00fadio &#8211; Dicas de como projetar! Ideias de layout de apartamento Studio<\/figcaption><\/figure>\n<p>N\u00e3o precisa ser perfeito, mas ter tudo desenhado em propor\u00e7\u00e3o ser\u00e1 o planejador de layout de apartamento perfeito para decidir como as pe\u00e7as ficam antes de comprar qualquer coisa.<\/p>\n<h3>10- Pense de forma multifuncional em design de apartamento<\/h3>\n<p>Camas retr\u00e1teis, mesas de caf\u00e9 que se transformam em mesas de jantar, cadeiras dobr\u00e1veis&#8230;<\/p>\n<p>Hoje em dia existem muitas id\u00e9ias de layout de Studio. Essas pe\u00e7as ajudar\u00e3o voc\u00ea a aproveitar ao m\u00e1ximo seu apartamento. Al\u00e9m disso, eles oferecem a flexibilidade de ter algumas cadeiras extras ou uma mesa de jantar que acomoda 6 pessoas apenas quando voc\u00ea precisar.<\/p>\n<figure id=\"attachment_33033\" aria-describedby=\"caption-attachment-33033\" style=\"width: 1100px\" class=\"wp-caption aligncenter\"><a href=\"https:\/\/www.aarquiteta.com.br\/blog\/wp-content\/uploads\/2020\/04\/sala_estilo_industrial.jpg\"><img decoding=\"async\" class=\"wp-image-33033\" title=\"sala estilo industrial.\" src=\"https:\/\/www.aarquiteta.com.br\/blog\/wp-content\/uploads\/2020\/04\/sala_estilo_industrial.jpg\" alt=\"\" width=\"1100\" height=\"738\" srcset=\"https:\/\/www.aarquiteta.com.br\/blog\/wp-content\/uploads\/2020\/04\/sala_estilo_industrial.jpg 925w, https:\/\/www.aarquiteta.com.br\/blog\/wp-content\/uploads\/2020\/04\/sala_estilo_industrial-696x467.jpg 696w, https:\/\/www.aarquiteta.com.br\/blog\/wp-content\/uploads\/2020\/04\/sala_estilo_industrial-150x101.jpg 150w\" sizes=\"(max-width: 1100px) 100vw, 1100px\" \/><\/a><figcaption id=\"caption-attachment-33033\" class=\"wp-caption-text\">Apartamento St\u00fadio &#8211; Dicas de como projetar!<\/figcaption><\/figure>\n<p>Com essas dicas, voc\u00ea estar\u00e1 totalmente equipado para transformar seu pequeno espa\u00e7o, tornando-o eficiente.<\/p>\n<p>Contudo se voc\u00ea sentir que precisa de mais alguma orienta\u00e7\u00e3o para planejar seu espa\u00e7o ou de alguma ajuda para adquirir o mobili\u00e1rio perfeito, estamos aqui para ajudar.<\/p>\n<p>E a\u00ed, gostou das dicas do artigo? Ent\u00e3o deslize a tela para baixo e confira <strong><a href=\"https:\/\/www.aarquiteta.com.br\">mais dicas<\/a><\/strong>, al\u00e9m dos nossos <strong><a href=\"http:\/\/www.aarquiteta.com.br\">Cursos e Treinamentos<\/a><\/strong>\u00a0e n\u00e3o se esque\u00e7a de compartilhar com os amigos!<\/p>\n<p>Quer receber conte\u00fados exclusivos sobre <strong>casa, jardim, <a href=\"https:\/\/amzn.to\/47hsVXp\" target=\"_blank\" rel=\"noopener\">decora\u00e7\u00e3o<\/a>, arquitetura, educa\u00e7\u00e3o financeira e <a href=\"https:\/\/www.ideia-decoracao.com\/\" target=\"_blank\" rel=\"noopener\">muito mais<\/a><\/strong>? Ent\u00e3o, <strong><a href=\"https:\/\/cursosdearquitetura.com.br\/\" target=\"_blank\" rel=\"noopener\">inscreva-se agora<\/a><\/strong> mesmo no nosso <strong><a href=\"https:\/\/t.me\/aarquitetablog\" target=\"_blank\" rel=\"noopener\">Canal do Telegram<\/a>!<\/strong> \ud83e\udd29\ud83d\udc68\u200d\ud83d\udc69\u200d\ud83d\udc67\u200d\ud83d\udc66<\/p>\n<p>Aqui, voc\u00ea ter\u00e1 acesso a artigos, dicas de <strong>beleza e sa\u00fade<\/strong>, al\u00e9m\u00a0e inspira\u00e7\u00f5es para <strong>transformar sua casa em um lar dos sonhos<\/strong>, cuidar do seu jardim com carinho, aprender sobre finan\u00e7as pessoais e muito mais. \ud83d\udcda<\/p>\n<p>N\u00e3o perca mais tempo e junte-se a n\u00f3s para receber conte\u00fados exclusivos e se manter sempre atualizado! \ud83d\udce2\ud83c\udfe0\ud83c\udf3f\ud83c\udfe6. Ingresse <strong><a href=\"https:\/\/t.me\/aarquitetablog\" target=\"_blank\" rel=\"noopener\">aqui<\/a> <\/strong>no Canal da <strong>Arquiteta Blog por <a href=\"https:\/\/www.aarquiteta.com.br\/blog\/quem-e-luciana-paixao-do-blog-aarquiteta-cursos-profissionais\/\" target=\"_blank\" rel=\"noopener\">Luciana Paix\u00e3o<\/a>!<\/strong> \ud83d\udc95<\/p>\n","protected":false},"excerpt":{"rendered":"<p>Para quem mora em um Studio, decorar um apartamento com dimens\u00f5es t\u00e3o pequenas \u00e9 um grande desafio.\u00a0Dividir um espa\u00e7o e colocar os m\u00f3veis ali pode n\u00e3o fazer nenhum sentido. Por outro lado, montar um ambiente funcional pode acabar com sua est\u00e9tica.\u00a0Ent\u00e3o, se voc\u00ea est\u00e1 perdido e n\u00e3o sabe por onde come\u00e7ar sua decora\u00e7\u00e3o, n\u00e3o se [&hellip;]<\/p>\n","protected":false},"author":102,"featured_media":15710,"comment_status":"closed","ping_status":"closed","sticky":false,"template":"","format":"standard","meta":{"footnotes":""},"categories":[18792],"tags":[137,336,1028],"class_list":["post-33018","post","type-post","status-publish","format-standard","has-post-thumbnail","category-decoracao-de-apartamento","tag-arquitetura","tag-decoracao","tag-design-de-interiores"],"_wp_attached_file":null,"_wp_attachment_metadata":null,"_wp_attachment_context":null,"_wp_attachment_is_custom_header":null,"geo_longitude":null,"geo_public":null,"geo_latitude":null,"_publicize_done_external":null,"_wpas_done_3897181":null,"publicize_twitter_user":null,"_wpas_done_3897175":null,"_wpas_skip_3897181":null,"_wpas_skip_3897175":null,"_wpas_skip_3924723":null,"_wpas_mess":null,"_wpas_done_3924723":null,"wps_subtitle":"Confira aqui dicas e fotos para voc\u00ea se inspirar e deixar seu apartamento ainda mais aconchegante!","_links":{"self":[{"href":"https:\/\/www.aarquiteta.com.br\/blog\/wp-json\/wp\/v2\/posts\/33018","targetHints":{"allow":["GET"]}}],"collection":[{"href":"https:\/\/www.aarquiteta.com.br\/blog\/wp-json\/wp\/v2\/posts"}],"about":[{"href":"https:\/\/www.aarquiteta.com.br\/blog\/wp-json\/wp\/v2\/types\/post"}],"author":[{"embeddable":true,"href":"https:\/\/www.aarquiteta.com.br\/blog\/wp-json\/wp\/v2\/users\/102"}],"replies":[{"embeddable":true,"href":"https:\/\/www.aarquiteta.com.br\/blog\/wp-json\/wp\/v2\/comments?post=33018"}],"version-history":[{"count":2,"href":"https:\/\/www.aarquiteta.com.br\/blog\/wp-json\/wp\/v2\/posts\/33018\/revisions"}],"predecessor-version":[{"id":157984,"href":"https:\/\/www.aarquiteta.com.br\/blog\/wp-json\/wp\/v2\/posts\/33018\/revisions\/157984"}],"wp:featuredmedia":[{"embeddable":true,"href":"https:\/\/www.aarquiteta.com.br\/blog\/wp-json\/wp\/v2\/media\/15710"}],"wp:attachment":[{"href":"https:\/\/www.aarquiteta.com.br\/blog\/wp-json\/wp\/v2\/media?parent=33018"}],"wp:term":[{"taxonomy":"category","embeddable":true,"href":"https:\/\/www.aarquiteta.com.br\/blog\/wp-json\/wp\/v2\/categories?post=33018"},{"taxonomy":"post_tag","embeddable":true,"href":"https:\/\/www.aarquiteta.com.br\/blog\/wp-json\/wp\/v2\/tags?post=33018"}],"curies":[{"name":"wp","href":"https:\/\/api.w.org\/{rel}","templated":true}]}}