{"id":32999,"date":"2022-01-12T10:00:54","date_gmt":"2022-01-12T13:00:54","guid":{"rendered":"http:\/\/aarquiteta.com.br\/?p=32999"},"modified":"2024-06-28T13:43:27","modified_gmt":"2024-06-28T16:43:27","slug":"decoracao-mais-elegante","status":"publish","type":"post","link":"https:\/\/www.aarquiteta.com.br\/blog\/decoracao-mais-elegante\/","title":{"rendered":"Como deixar a decora\u00e7\u00e3o mais elegante? Confira estas 5 dicas!"},"content":{"rendered":"<p>Deixar um ambiente elegante significa criar um espa\u00e7o que seja agrad\u00e1vel aos olhos, confort\u00e1vel e funcional.<\/p>\n<p>Um ambiente elegante n\u00e3o precisa ser necessariamente caro ou extravagante, mas sim ter um visual bem pensado, com elementos que conversem entre si e transmitam a sensa\u00e7\u00e3o de harmonia e bom gosto.<\/p>\n<h2>Como deixar a decora\u00e7\u00e3o mais elegante?<\/h2>\n<figure id=\"attachment_75593\" aria-describedby=\"caption-attachment-75593\" style=\"width: 1792px\" class=\"wp-caption alignnone\"><img decoding=\"async\" class=\"wp-image-75593 size-full\" title=\"como deixar um ambiente elegante\" src=\"https:\/\/www.aarquiteta.com.br\/blog\/wp-content\/uploads\/2022\/01\/como-deixar-um-ambiente-elegante.png\" alt=\"como deixar um ambiente elegante\" width=\"1792\" height=\"1024\" srcset=\"https:\/\/www.aarquiteta.com.br\/blog\/wp-content\/uploads\/2022\/01\/como-deixar-um-ambiente-elegante.png 1792w, https:\/\/www.aarquiteta.com.br\/blog\/wp-content\/uploads\/2022\/01\/como-deixar-um-ambiente-elegante-1024x585.png 1024w, https:\/\/www.aarquiteta.com.br\/blog\/wp-content\/uploads\/2022\/01\/como-deixar-um-ambiente-elegante-696x398.png 696w, https:\/\/www.aarquiteta.com.br\/blog\/wp-content\/uploads\/2022\/01\/como-deixar-um-ambiente-elegante-150x86.png 150w\" sizes=\"(max-width: 1792px) 100vw, 1792px\" \/><figcaption id=\"caption-attachment-75593\" class=\"wp-caption-text\">como deixar um ambiente elegante<\/figcaption><\/figure>\n<p>Se voc\u00ea quer deixar sua casa ou apartamento mais elegante, aqui est\u00e3o algumas dicas que podem te ajudar:<\/p>\n<ol>\n<li><strong>Cores neutras:<\/strong> opte por cores neutras nas paredes e nos m\u00f3veis. Isso cria uma sensa\u00e7\u00e3o de sofistica\u00e7\u00e3o e faz com que o ambiente pare\u00e7a mais espa\u00e7oso e iluminado.<\/li>\n<li><strong>M\u00f3veis de qualidade:<\/strong> invista em m\u00f3veis de qualidade, que sejam dur\u00e1veis e tenham um acabamento refinado. Eles n\u00e3o precisam ser necessariamente caros, mas devem ter uma apar\u00eancia elegante.<\/li>\n<li><strong>Ilumina\u00e7\u00e3o:<\/strong> a ilumina\u00e7\u00e3o adequada pode fazer toda a diferen\u00e7a em um ambiente. Escolha lumin\u00e1rias com design elegante e coloque-as em locais estrat\u00e9gicos para destacar a decora\u00e7\u00e3o e criar uma atmosfera acolhedora.<\/li>\n<li><strong>Objetos decorativos:<\/strong> escolha objetos decorativos que combinem com a decora\u00e7\u00e3o do ambiente, como almofadas, cortinas, tapetes e quadros. Eles podem adicionar cor e textura ao espa\u00e7o, al\u00e9m de refletir a sua personalidade.<\/li>\n<li><strong>Plantas:<\/strong> adicione plantas aos ambientes. Al\u00e9m de serem uma \u00f3tima op\u00e7\u00e3o para decora\u00e7\u00e3o, elas ajudam a purificar o ar e trazem um pouco da natureza para dentro de casa.<\/li>\n<li><strong>Organiza\u00e7\u00e3o:<\/strong> manter o espa\u00e7o organizado \u00e9 fundamental para criar uma atmosfera elegante. Livre-se de objetos desnecess\u00e1rios e mantenha a casa limpa e arrumada.<\/li>\n<\/ol>\n<p>De fato, \u00e0s vezes uma casa menor \u00e9 mais f\u00e1cil de decorar quando comparada a uma casa maior e, se voc\u00ea usar isso a seu favor, em breve descobrir\u00e1 conseguir obter um \u00f3timo resultado com muito pouco esfor\u00e7o seguindo apenas estas dicas:<\/p>\n<h3>1 \u2014 Esboce no papel<\/h3>\n<p>A primeira coisa que voc\u00ea precisa fazer \u00e9 descobrir quanto espa\u00e7o voc\u00ea tem para trabalhar.<\/p>\n<p>Para fazer isso, tente fazer um esbo\u00e7o de todos ambientes que voc\u00ea possui.<\/p>\n<p>Ao fazer isso, o desenho mostrar\u00e1 claramente o tamanho com os quais voc\u00ea estar\u00e1 trabalhando antes de sair as lojas e investir em m\u00f3veis.<\/p>\n<p>Se voc\u00ea quiser levar as coisas para o pr\u00f3ximo n\u00edvel, pode valer a pena usar uma fita adesiva para marcar o local onde os seus m\u00f3veis ficar\u00e3o localizados.<\/p>\n<p>Ao fazer isso voc\u00ea conseguir\u00e1 visualizar seu espa\u00e7o com muito mais facilidade.<\/p>\n<h3>2 \u2014 Use tons de terra<\/h3>\n<p>Acredite ou n\u00e3o, tons de terra, por serem neutros, podem fazer com que sua casa pare\u00e7a maior do que ela \u00e9 de fato.<\/p>\n<p>Um dos benef\u00edcios sobre tons de terra \u00e9 que eles fazem sua casa parecer mais pr\u00f3ximo ao estilo contempor\u00e2neo, sem contar que tamb\u00e9m agregam mais personalidade ao seu espa\u00e7o.<\/p>\n<p>Se voc\u00ea deseja obter o melhor resultado poss\u00edvel utilizando tons de terra, considere tentar buscar objetos ou m\u00f3veis que correspondam a esta apar\u00eancia neutra que voc\u00ea est\u00e1 buscando atingir.<\/p>\n<p>&nbsp;<\/p>\n<figure id=\"attachment_33001\" aria-describedby=\"caption-attachment-33001\" style=\"width: 1100px\" class=\"wp-caption aligncenter\"><a href=\"https:\/\/www.aarquiteta.com.br\/blog\/wp-content\/uploads\/2020\/04\/Ambiente_com_piso_laminado_de_madeira_e_uma_mesa_de_madeira_escura.jpg\"><img decoding=\"async\" class=\"wp-image-33001\" title=\"Ambiente com piso laminado de madeira e uma mesa de madeira escura.\" src=\"https:\/\/www.aarquiteta.com.br\/blog\/wp-content\/uploads\/2020\/04\/Ambiente_com_piso_laminado_de_madeira_e_uma_mesa_de_madeira_escura.jpg\" alt=\"5 Dicas de como deixar a decora\u00e7\u00e3o mais elegante!\" width=\"1100\" height=\"1100\" srcset=\"https:\/\/www.aarquiteta.com.br\/blog\/wp-content\/uploads\/2020\/04\/Ambiente_com_piso_laminado_de_madeira_e_uma_mesa_de_madeira_escura.jpg 500w, https:\/\/www.aarquiteta.com.br\/blog\/wp-content\/uploads\/2020\/04\/Ambiente_com_piso_laminado_de_madeira_e_uma_mesa_de_madeira_escura-96x96.jpg 96w, https:\/\/www.aarquiteta.com.br\/blog\/wp-content\/uploads\/2020\/04\/Ambiente_com_piso_laminado_de_madeira_e_uma_mesa_de_madeira_escura-150x150.jpg 150w\" sizes=\"(max-width: 1100px) 100vw, 1100px\" \/><\/a><figcaption id=\"caption-attachment-33001\" class=\"wp-caption-text\">5 Dicas de como deixar a decora\u00e7\u00e3o mais elegante!<\/figcaption><\/figure>\n<p><iframe title=\"Decore f\u00e1cil: O que \u00e9 decora\u00e7\u00e3o de ambientes?\" width=\"696\" height=\"392\" src=\"https:\/\/www.youtube.com\/embed\/9PjhGXgCGLU?feature=oembed\" frameborder=\"0\" allow=\"accelerometer; autoplay; clipboard-write; encrypted-media; gyroscope; picture-in-picture; web-share\" referrerpolicy=\"strict-origin-when-cross-origin\" allowfullscreen><\/iframe><\/p>\n<h2>5 Dicas de como deixar a decora\u00e7\u00e3o da sua casa mais elegante!<\/h2>\n<h3>3 \u2014 Use espelhos<\/h3>\n<p>Um espelho grande pode adicionar muita personalidade ao seu espa\u00e7o, especialmente se voc\u00ea optar por um design de espelho um pouco mais interessante.<\/p>\n<p>Se voc\u00ea quiser otimizar o espa\u00e7o que seu ambiente possui, coloque o espelho na parede que fica ao lado da parede com a janela.<\/p>\n<p>Ao posicionar os espelhos dessa forma, a luz entra e reflete melhor nas paredes.<\/p>\n<p>Se quiser, voc\u00ea tamb\u00e9m ainda pode adicionar uma arte interessante \u00e0 parede do lado oposto.<\/p>\n<p>Ao fazer isso, voc\u00ea adiciona personalidade sem fazer com que\u00a0 a sala pare\u00e7a menor.<\/p>\n<p>&nbsp;<\/p>\n<figure id=\"attachment_33003\" aria-describedby=\"caption-attachment-33003\" style=\"width: 1100px\" class=\"wp-caption aligncenter\"><a href=\"https:\/\/www.aarquiteta.com.br\/blog\/wp-content\/uploads\/2020\/04\/Sala_branca_com_um_puff_azul.jpg\"><img decoding=\"async\" class=\"wp-image-33003\" title=\"sala branca_com um puff_azul.\" src=\"https:\/\/www.aarquiteta.com.br\/blog\/wp-content\/uploads\/2020\/04\/Sala_branca_com_um_puff_azul.jpg\" alt=\"5 Dicas de como deixar a decora\u00e7\u00e3o mais elegante!\" width=\"1100\" height=\"1100\" srcset=\"https:\/\/www.aarquiteta.com.br\/blog\/wp-content\/uploads\/2020\/04\/Sala_branca_com_um_puff_azul.jpg 500w, https:\/\/www.aarquiteta.com.br\/blog\/wp-content\/uploads\/2020\/04\/Sala_branca_com_um_puff_azul-96x96.jpg 96w, https:\/\/www.aarquiteta.com.br\/blog\/wp-content\/uploads\/2020\/04\/Sala_branca_com_um_puff_azul-150x150.jpg 150w\" sizes=\"(max-width: 1100px) 100vw, 1100px\" \/><\/a><figcaption id=\"caption-attachment-33003\" class=\"wp-caption-text\">5 Dicas de como deixar a decora\u00e7\u00e3o mais elegante!<\/figcaption><\/figure>\n<h3>4 \u2014 Cores acentuadas<\/h3>\n<p>Se voc\u00ea deseja adicionar um toque de cor, tente optar por tons mais v\u00edvidos ou mais brilhantes. Isso chamar\u00e1 a aten\u00e7\u00e3o para a decora\u00e7\u00e3o.<\/p>\n<p>Quando uma pessoa entra e v\u00ea uma cadeira amarela brilhante, h\u00e1 uma grande chance de que ela n\u00e3o se concentre na metragem quadrada da sala e sim na cadeira em destaque! Ent\u00e3o use isso ao seu favor.<\/p>\n<p>&nbsp;<\/p>\n<figure id=\"attachment_33056\" aria-describedby=\"caption-attachment-33056\" style=\"width: 1100px\" class=\"wp-caption aligncenter\"><a href=\"https:\/\/www.aarquiteta.com.br\/blog\/wp-content\/uploads\/2020\/04\/Quarto_branco_de_solteiro_com_puff_colorido_na_frente_da_cama-1.jpg\"><img decoding=\"async\" class=\"wp-image-33056\" src=\"https:\/\/www.aarquiteta.com.br\/blog\/wp-content\/uploads\/2020\/04\/Quarto_branco_de_solteiro_com_puff_colorido_na_frente_da_cama-1.jpg\" alt=\"5 Dicas de como deixar a decora\u00e7\u00e3o mais elegante!\" width=\"1100\" height=\"1100\" title=\"\" srcset=\"https:\/\/www.aarquiteta.com.br\/blog\/wp-content\/uploads\/2020\/04\/Quarto_branco_de_solteiro_com_puff_colorido_na_frente_da_cama-1.jpg 500w, https:\/\/www.aarquiteta.com.br\/blog\/wp-content\/uploads\/2020\/04\/Quarto_branco_de_solteiro_com_puff_colorido_na_frente_da_cama-1-96x96.jpg 96w, https:\/\/www.aarquiteta.com.br\/blog\/wp-content\/uploads\/2020\/04\/Quarto_branco_de_solteiro_com_puff_colorido_na_frente_da_cama-1-150x150.jpg 150w\" sizes=\"(max-width: 1100px) 100vw, 1100px\" \/><\/a><figcaption id=\"caption-attachment-33056\" class=\"wp-caption-text\">5 Dicas de como deixar a decora\u00e7\u00e3o mais elegante!<\/figcaption><\/figure>\n<p>&nbsp;<\/p>\n<h3>5 \u2014 Adicione luz<\/h3>\n<p>Nada far\u00e1 com que sua casa pare\u00e7a mais moderna do que algumas \u00f3timas luzes de teto.<\/p>\n<p>Se voc\u00ea est\u00e1 inseguro quanto a disposi\u00e7\u00e3o das luzes em sua casa, agora \u00e9 a hora de ligar para um eletricista de emerg\u00eancia.<\/p>\n<p>Ao faz\u00ea-lo, voc\u00ea poder\u00e1 solicitar que instale novas luzes para voc\u00ea sem nenhum problema.<\/p>\n<p>Se voc\u00ea est\u00e1 preocupado com o custo de contrata\u00e7\u00e3o de um profissional, lembre-se de que, com o tempo, eles economizar\u00e3o seu dinheiro.<\/p>\n<div id='gallery-1' class='gallery galleryid-32999 gallery-columns-3 gallery-size-thumbnail'><figure class='gallery-item'>\n\t\t\t<div class='gallery-icon landscape'>\n\t\t\t\t<a href='https:\/\/www.aarquiteta.com.br\/blog\/dicas-de-modelos-de-carpete-para-casa1\/'><img decoding=\"async\" width=\"128\" height=\"73\" src=\"https:\/\/www.aarquiteta.com.br\/blog\/wp-content\/uploads\/2022\/02\/Dicas-de-modelos-de-carpete-para-casa1.jpg\" class=\"attachment-thumbnail size-thumbnail\" alt=\"Dicas de modelos de carpete para casa\" srcset=\"https:\/\/www.aarquiteta.com.br\/blog\/wp-content\/uploads\/2022\/02\/Dicas-de-modelos-de-carpete-para-casa1.jpg 700w, https:\/\/www.aarquiteta.com.br\/blog\/wp-content\/uploads\/2022\/02\/Dicas-de-modelos-de-carpete-para-casa1-696x398.jpg 696w, https:\/\/www.aarquiteta.com.br\/blog\/wp-content\/uploads\/2022\/02\/Dicas-de-modelos-de-carpete-para-casa1-150x86.jpg 150w\" sizes=\"(max-width: 128px) 100vw, 128px\" title=\"\"><\/a>\n\t\t\t<\/div><\/figure><figure class='gallery-item'>\n\t\t\t<div class='gallery-icon landscape'>\n\t\t\t\t<a href='https:\/\/www.aarquiteta.com.br\/blog\/?attachment_id=42176'><img decoding=\"async\" width=\"128\" height=\"86\" src=\"https:\/\/www.aarquiteta.com.br\/blog\/wp-content\/uploads\/2022\/02\/Dicas-para-escolher-as-cores-em-todos-os-comodos-da-casa-1.jpg\" class=\"attachment-thumbnail size-thumbnail\" alt=\"\" srcset=\"https:\/\/www.aarquiteta.com.br\/blog\/wp-content\/uploads\/2022\/02\/Dicas-para-escolher-as-cores-em-todos-os-comodos-da-casa-1.jpg 500w, https:\/\/www.aarquiteta.com.br\/blog\/wp-content\/uploads\/2022\/02\/Dicas-para-escolher-as-cores-em-todos-os-comodos-da-casa-1-150x100.jpg 150w\" sizes=\"(max-width: 128px) 100vw, 128px\" title=\"\"><\/a>\n\t\t\t<\/div><\/figure><figure class='gallery-item'>\n\t\t\t<div class='gallery-icon landscape'>\n\t\t\t\t<a href='https:\/\/www.aarquiteta.com.br\/blog\/?attachment_id=42177'><img decoding=\"async\" width=\"128\" height=\"81\" src=\"https:\/\/www.aarquiteta.com.br\/blog\/wp-content\/uploads\/2022\/02\/Dicas-para-escolher-as-cores-em-todos-os-comodos-da-casa-2.jpg\" class=\"attachment-thumbnail size-thumbnail\" alt=\"\" srcset=\"https:\/\/www.aarquiteta.com.br\/blog\/wp-content\/uploads\/2022\/02\/Dicas-para-escolher-as-cores-em-todos-os-comodos-da-casa-2.jpg 500w, https:\/\/www.aarquiteta.com.br\/blog\/wp-content\/uploads\/2022\/02\/Dicas-para-escolher-as-cores-em-todos-os-comodos-da-casa-2-150x95.jpg 150w\" sizes=\"(max-width: 128px) 100vw, 128px\" title=\"\"><\/a>\n\t\t\t<\/div><\/figure><figure class='gallery-item'>\n\t\t\t<div class='gallery-icon landscape'>\n\t\t\t\t<a href='https:\/\/www.aarquiteta.com.br\/blog\/como-escolher-cooktop\/dicas-de-como-escolher-guarda-roupas-de-casal3\/'><img decoding=\"async\" width=\"128\" height=\"73\" src=\"https:\/\/www.aarquiteta.com.br\/blog\/wp-content\/uploads\/2022\/01\/Dicas-de-como-escolher-guarda-roupas-de-casal3.jpg\" class=\"attachment-thumbnail size-thumbnail\" alt=\"Dicas de como escolher guarda roupas de casal\" srcset=\"https:\/\/www.aarquiteta.com.br\/blog\/wp-content\/uploads\/2022\/01\/Dicas-de-como-escolher-guarda-roupas-de-casal3.jpg 700w, https:\/\/www.aarquiteta.com.br\/blog\/wp-content\/uploads\/2022\/01\/Dicas-de-como-escolher-guarda-roupas-de-casal3-696x398.jpg 696w, https:\/\/www.aarquiteta.com.br\/blog\/wp-content\/uploads\/2022\/01\/Dicas-de-como-escolher-guarda-roupas-de-casal3-150x86.jpg 150w\" sizes=\"(max-width: 128px) 100vw, 128px\" title=\"\"><\/a>\n\t\t\t<\/div><\/figure><figure class='gallery-item'>\n\t\t\t<div class='gallery-icon landscape'>\n\t\t\t\t<a href='https:\/\/www.aarquiteta.com.br\/blog\/?attachment_id=41016'><img decoding=\"async\" width=\"128\" height=\"73\" src=\"https:\/\/www.aarquiteta.com.br\/blog\/wp-content\/uploads\/2022\/01\/Tendencias-de-decoracao-para-casa-em-2022-5-2.jpg\" class=\"attachment-thumbnail size-thumbnail\" alt=\"Tend\u00eancias de decora\u00e7\u00e3o para casa em 2022\" srcset=\"https:\/\/www.aarquiteta.com.br\/blog\/wp-content\/uploads\/2022\/01\/Tendencias-de-decoracao-para-casa-em-2022-5-2.jpg 700w, https:\/\/www.aarquiteta.com.br\/blog\/wp-content\/uploads\/2022\/01\/Tendencias-de-decoracao-para-casa-em-2022-5-2-696x398.jpg 696w, https:\/\/www.aarquiteta.com.br\/blog\/wp-content\/uploads\/2022\/01\/Tendencias-de-decoracao-para-casa-em-2022-5-2-150x86.jpg 150w\" sizes=\"(max-width: 128px) 100vw, 128px\" title=\"\"><\/a>\n\t\t\t<\/div><\/figure><figure class='gallery-item'>\n\t\t\t<div class='gallery-icon landscape'>\n\t\t\t\t<a href='https:\/\/www.aarquiteta.com.br\/blog\/?attachment_id=41008'><img decoding=\"async\" width=\"128\" height=\"85\" src=\"https:\/\/www.aarquiteta.com.br\/blog\/wp-content\/uploads\/2022\/01\/Tendencias-de-decoracao-para-casa-em-2022-2.jpg\" class=\"attachment-thumbnail size-thumbnail\" alt=\"\" srcset=\"https:\/\/www.aarquiteta.com.br\/blog\/wp-content\/uploads\/2022\/01\/Tendencias-de-decoracao-para-casa-em-2022-2.jpg 600w, https:\/\/www.aarquiteta.com.br\/blog\/wp-content\/uploads\/2022\/01\/Tendencias-de-decoracao-para-casa-em-2022-2-150x100.jpg 150w\" sizes=\"(max-width: 128px) 100vw, 128px\" title=\"\"><\/a>\n\t\t\t<\/div><\/figure><figure class='gallery-item'>\n\t\t\t<div class='gallery-icon landscape'>\n\t\t\t\t<a href='https:\/\/www.aarquiteta.com.br\/blog\/decoracao-com-quadros\/1-12_9-2\/'><img decoding=\"async\" width=\"128\" height=\"73\" src=\"https:\/\/www.aarquiteta.com.br\/blog\/wp-content\/uploads\/2022\/01\/1-12_9-1.jpg\" class=\"attachment-thumbnail size-thumbnail\" alt=\"Como ter uma casa cheirosa e arejada\" srcset=\"https:\/\/www.aarquiteta.com.br\/blog\/wp-content\/uploads\/2022\/01\/1-12_9-1.jpg 701w, https:\/\/www.aarquiteta.com.br\/blog\/wp-content\/uploads\/2022\/01\/1-12_9-1-696x398.jpg 696w, https:\/\/www.aarquiteta.com.br\/blog\/wp-content\/uploads\/2022\/01\/1-12_9-1-150x86.jpg 150w\" sizes=\"(max-width: 128px) 100vw, 128px\" title=\"\"><\/a>\n\t\t\t<\/div><\/figure><figure class='gallery-item'>\n\t\t\t<div class='gallery-icon landscape'>\n\t\t\t\t<a href='https:\/\/www.aarquiteta.com.br\/blog\/decoracao-com-quadros\/1-12_12-2\/'><img decoding=\"async\" width=\"128\" height=\"73\" src=\"https:\/\/www.aarquiteta.com.br\/blog\/wp-content\/uploads\/2022\/01\/1-12_12-1.jpg\" class=\"attachment-thumbnail size-thumbnail\" alt=\"Como ter uma casa cheirosa?\" srcset=\"https:\/\/www.aarquiteta.com.br\/blog\/wp-content\/uploads\/2022\/01\/1-12_12-1.jpg 701w, https:\/\/www.aarquiteta.com.br\/blog\/wp-content\/uploads\/2022\/01\/1-12_12-1-696x398.jpg 696w, https:\/\/www.aarquiteta.com.br\/blog\/wp-content\/uploads\/2022\/01\/1-12_12-1-150x86.jpg 150w\" sizes=\"(max-width: 128px) 100vw, 128px\" title=\"\"><\/a>\n\t\t\t<\/div><\/figure><figure class='gallery-item'>\n\t\t\t<div class='gallery-icon landscape'>\n\t\t\t\t<a href='https:\/\/www.aarquiteta.com.br\/blog\/?attachment_id=40515'><img decoding=\"async\" width=\"128\" height=\"73\" src=\"https:\/\/www.aarquiteta.com.br\/blog\/wp-content\/uploads\/2022\/01\/decoracao-de-casa.jpg\" class=\"attachment-thumbnail size-thumbnail\" alt=\"decora\u00e7\u00e3o de casa\" srcset=\"https:\/\/www.aarquiteta.com.br\/blog\/wp-content\/uploads\/2022\/01\/decoracao-de-casa.jpg 700w, https:\/\/www.aarquiteta.com.br\/blog\/wp-content\/uploads\/2022\/01\/decoracao-de-casa-696x398.jpg 696w, https:\/\/www.aarquiteta.com.br\/blog\/wp-content\/uploads\/2022\/01\/decoracao-de-casa-150x86.jpg 150w\" sizes=\"(max-width: 128px) 100vw, 128px\" title=\"\"><\/a>\n\t\t\t<\/div><\/figure><figure class='gallery-item'>\n\t\t\t<div class='gallery-icon portrait'>\n\t\t\t\t<a href='https:\/\/www.aarquiteta.com.br\/blog\/casa-tons-de-verao\/'><img decoding=\"async\" width=\"64\" height=\"96\" src=\"https:\/\/www.aarquiteta.com.br\/blog\/wp-content\/uploads\/2022\/01\/casa-tons-de-verao.jpg\" class=\"attachment-thumbnail size-thumbnail\" alt=\"casa tons de ver\u00e3o\" srcset=\"https:\/\/www.aarquiteta.com.br\/blog\/wp-content\/uploads\/2022\/01\/casa-tons-de-verao.jpg 564w, https:\/\/www.aarquiteta.com.br\/blog\/wp-content\/uploads\/2022\/01\/casa-tons-de-verao-150x225.jpg 150w\" sizes=\"(max-width: 64px) 100vw, 64px\" title=\"\"><\/a>\n\t\t\t<\/div><\/figure><figure class='gallery-item'>\n\t\t\t<div class='gallery-icon landscape'>\n\t\t\t\t<a href='https:\/\/www.aarquiteta.com.br\/blog\/como-renovar-a-decoracao-da-sua-casa\/dicas-para-decorar-sua-casa-2\/'><img decoding=\"async\" width=\"128\" height=\"90\" src=\"https:\/\/www.aarquiteta.com.br\/blog\/wp-content\/uploads\/2022\/01\/dicas-para-decorar-sua-casa-1.jpg\" class=\"attachment-thumbnail size-thumbnail\" alt=\"dicas para decorar sua casa\" srcset=\"https:\/\/www.aarquiteta.com.br\/blog\/wp-content\/uploads\/2022\/01\/dicas-para-decorar-sua-casa-1.jpg 730w, https:\/\/www.aarquiteta.com.br\/blog\/wp-content\/uploads\/2022\/01\/dicas-para-decorar-sua-casa-1-696x491.jpg 696w, https:\/\/www.aarquiteta.com.br\/blog\/wp-content\/uploads\/2022\/01\/dicas-para-decorar-sua-casa-1-150x106.jpg 150w\" sizes=\"(max-width: 128px) 100vw, 128px\" title=\"\"><\/a>\n\t\t\t<\/div><\/figure><figure class='gallery-item'>\n\t\t\t<div class='gallery-icon landscape'>\n\t\t\t\t<a href='https:\/\/www.aarquiteta.com.br\/blog\/decoracao-de-casas-pequenas\/casa-pequena-conceito-aberto\/'><img decoding=\"async\" width=\"124\" height=\"96\" src=\"https:\/\/www.aarquiteta.com.br\/blog\/wp-content\/uploads\/2021\/11\/casa-pequena-conceito-aberto.webp\" class=\"attachment-thumbnail size-thumbnail\" alt=\"Decora\u00e7\u00e3o de Casas Pequenas - Confira 7 Dicas \u00fateis com a planta!\" aria-describedby=\"gallery-1-37005\" srcset=\"https:\/\/www.aarquiteta.com.br\/blog\/wp-content\/uploads\/2021\/11\/casa-pequena-conceito-aberto.webp 1200w, https:\/\/www.aarquiteta.com.br\/blog\/wp-content\/uploads\/2021\/11\/casa-pequena-conceito-aberto-1024x790.webp 1024w, https:\/\/www.aarquiteta.com.br\/blog\/wp-content\/uploads\/2021\/11\/casa-pequena-conceito-aberto-696x537.webp 696w, https:\/\/www.aarquiteta.com.br\/blog\/wp-content\/uploads\/2021\/11\/casa-pequena-conceito-aberto-150x116.webp 150w\" sizes=\"(max-width: 124px) 100vw, 124px\" title=\"\"><\/a>\n\t\t\t<\/div>\n\t\t\t\t<figcaption class='wp-caption-text gallery-caption' id='gallery-1-37005'>\n\t\t\t\tDecora\u00e7\u00e3o de Casas Pequenas &#8211; Aprenda a economizar espa\u00e7o!\n\t\t\t\t<\/figcaption><\/figure><figure class='gallery-item'>\n\t\t\t<div class='gallery-icon landscape'>\n\t\t\t\t<a href='https:\/\/www.aarquiteta.com.br\/blog\/interior-design-of-living-room-with-stylish-modular-beige-sofa\/'><img decoding=\"async\" width=\"128\" height=\"72\" src=\"https:\/\/www.aarquiteta.com.br\/blog\/wp-content\/uploads\/2021\/11\/sala-de-estar-aconchegante.jpg\" class=\"attachment-thumbnail size-thumbnail\" alt=\"Casa relaxante - 4 dicas para uma casa mais aconchegante!\" aria-describedby=\"gallery-1-36955\" srcset=\"https:\/\/www.aarquiteta.com.br\/blog\/wp-content\/uploads\/2021\/11\/sala-de-estar-aconchegante.jpg 960w, https:\/\/www.aarquiteta.com.br\/blog\/wp-content\/uploads\/2021\/11\/sala-de-estar-aconchegante-696x392.jpg 696w, https:\/\/www.aarquiteta.com.br\/blog\/wp-content\/uploads\/2021\/11\/sala-de-estar-aconchegante-150x84.jpg 150w\" sizes=\"(max-width: 128px) 100vw, 128px\" title=\"\"><\/a>\n\t\t\t<\/div>\n\t\t\t\t<figcaption class='wp-caption-text gallery-caption' id='gallery-1-36955'>\n\t\t\t\tCasa relaxante &#8211; 4 dicas para uma casa mais aconchegante!\n\t\t\t\t<\/figcaption><\/figure><figure class='gallery-item'>\n\t\t\t<div class='gallery-icon portrait'>\n\t\t\t\t<a href='https:\/\/www.aarquiteta.com.br\/blog\/?attachment_id=36950'><img decoding=\"async\" width=\"72\" height=\"96\" src=\"https:\/\/www.aarquiteta.com.br\/blog\/wp-content\/uploads\/2021\/11\/como-decorar-uma-casa-com-flores.jpg\" class=\"attachment-thumbnail size-thumbnail\" alt=\"como decorar a casa com flores\" srcset=\"https:\/\/www.aarquiteta.com.br\/blog\/wp-content\/uploads\/2021\/11\/como-decorar-uma-casa-com-flores.jpg 900w, https:\/\/www.aarquiteta.com.br\/blog\/wp-content\/uploads\/2021\/11\/como-decorar-uma-casa-com-flores-769x1024.jpg 769w, https:\/\/www.aarquiteta.com.br\/blog\/wp-content\/uploads\/2021\/11\/como-decorar-uma-casa-com-flores-696x926.jpg 696w, https:\/\/www.aarquiteta.com.br\/blog\/wp-content\/uploads\/2021\/11\/como-decorar-uma-casa-com-flores-640x853.jpg 640w, https:\/\/www.aarquiteta.com.br\/blog\/wp-content\/uploads\/2021\/11\/como-decorar-uma-casa-com-flores-150x200.jpg 150w\" sizes=\"(max-width: 72px) 100vw, 72px\" title=\"\"><\/a>\n\t\t\t<\/div><\/figure><figure class='gallery-item'>\n\t\t\t<div class='gallery-icon landscape'>\n\t\t\t\t<a href='https:\/\/www.aarquiteta.com.br\/blog\/?attachment_id=36995'><img decoding=\"async\" width=\"128\" height=\"85\" src=\"https:\/\/www.aarquiteta.com.br\/blog\/wp-content\/uploads\/2021\/11\/quadros-parede.jpg\" class=\"attachment-thumbnail size-thumbnail\" alt=\"Como Criar uma Parede de Quadros com DIY\" aria-describedby=\"gallery-1-36995\" srcset=\"https:\/\/www.aarquiteta.com.br\/blog\/wp-content\/uploads\/2021\/11\/quadros-parede.jpg 1200w, https:\/\/www.aarquiteta.com.br\/blog\/wp-content\/uploads\/2021\/11\/quadros-parede-1024x683.jpg 1024w, https:\/\/www.aarquiteta.com.br\/blog\/wp-content\/uploads\/2021\/11\/quadros-parede-696x464.jpg 696w, https:\/\/www.aarquiteta.com.br\/blog\/wp-content\/uploads\/2021\/11\/quadros-parede-150x100.jpg 150w\" sizes=\"(max-width: 128px) 100vw, 128px\" title=\"\"><\/a>\n\t\t\t<\/div>\n\t\t\t\t<figcaption class='wp-caption-text gallery-caption' id='gallery-1-36995'>\n\t\t\t\tComo Criar uma Parede de Quadros com DIY\n\t\t\t\t<\/figcaption><\/figure>\n\t\t<\/div>\n\n<h3>Aqui est\u00e3o mais algumas dicas para deixar seu ambiente ainda mais elegante:<\/h3>\n<p><strong>Espelhos:<\/strong> coloque espelhos em lugares estrat\u00e9gicos para ampliar o espa\u00e7o e trazer mais luz para o ambiente.<\/p>\n<p><strong>Tapetes:<\/strong> escolha tapetes de qualidade, que tenham uma textura agrad\u00e1vel e sejam confort\u00e1veis ao toque. Eles podem adicionar cor e textura ao espa\u00e7o, al\u00e9m de criar uma sensa\u00e7\u00e3o de conforto.<\/p>\n<p><strong>Cortinas:<\/strong> invista em cortinas, que sejam feitas de um tecido elegante e tenham um bom acabamento. Elas podem ajudar a criar uma atmosfera acolhedora e dar mais privacidade ao ambiente.<\/p>\n<figure id=\"attachment_75592\" aria-describedby=\"caption-attachment-75592\" style=\"width: 1792px\" class=\"wp-caption alignnone\"><img decoding=\"async\" class=\"size-full wp-image-75592\" src=\"https:\/\/www.aarquiteta.com.br\/blog\/wp-content\/uploads\/2022\/01\/como-deixar-um-ambiente-elegante-1.png\" alt=\"como deixar um ambiente elegante\" width=\"1792\" height=\"1024\" title=\"\" srcset=\"https:\/\/www.aarquiteta.com.br\/blog\/wp-content\/uploads\/2022\/01\/como-deixar-um-ambiente-elegante-1.png 1792w, https:\/\/www.aarquiteta.com.br\/blog\/wp-content\/uploads\/2022\/01\/como-deixar-um-ambiente-elegante-1-1024x585.png 1024w, https:\/\/www.aarquiteta.com.br\/blog\/wp-content\/uploads\/2022\/01\/como-deixar-um-ambiente-elegante-1-696x398.png 696w, https:\/\/www.aarquiteta.com.br\/blog\/wp-content\/uploads\/2022\/01\/como-deixar-um-ambiente-elegante-1-150x86.png 150w\" sizes=\"(max-width: 1792px) 100vw, 1792px\" \/><figcaption id=\"caption-attachment-75592\" class=\"wp-caption-text\">como deixar um ambiente elegante<\/figcaption><\/figure>\n<p><strong>Detalhes:<\/strong> preste aten\u00e7\u00e3o aos detalhes, como puxadores de gaveta, ma\u00e7anetas e interruptores. Esses elementos podem parecer pequenos, mas fazem toda a diferen\u00e7a na apar\u00eancia geral do ambiente.<\/p>\n<p><strong>Quadros:<\/strong> escolha quadros que tenham um significado pessoal para voc\u00ea e que combinem com a decora\u00e7\u00e3o do ambiente. Eles podem ser uma \u00f3tima maneira de adicionar cor e personalidade ao espa\u00e7o.<\/p>\n<p>Lembre-se, a eleg\u00e2ncia est\u00e1 nos detalhes. Ao criar um ambiente elegante, preste aten\u00e7\u00e3o em cada elemento e como eles se relacionam entre si.<\/p>\n<p>Com um pouco de planejamento e bom gosto, voc\u00ea pode transformar sua casa ou apartamento em um espa\u00e7o elegante e acolhedor.<\/p>\n","protected":false},"excerpt":{"rendered":"<p>Deixar um ambiente elegante significa criar um espa\u00e7o que seja agrad\u00e1vel aos olhos, confort\u00e1vel e funcional. Um ambiente elegante n\u00e3o precisa ser necessariamente caro ou extravagante, mas sim ter um visual bem pensado, com elementos que conversem entre si e transmitam a sensa\u00e7\u00e3o de harmonia e bom gosto. Como deixar a decora\u00e7\u00e3o mais elegante? Se [&hellip;]<\/p>\n","protected":false},"author":102,"featured_media":40536,"comment_status":"closed","ping_status":"closed","sticky":false,"template":"","format":"standard","meta":{"footnotes":""},"categories":[971,18794],"tags":[26678,137,9908,1532,10669,1028,26137],"class_list":["post-32999","post","type-post","status-publish","format-standard","has-post-thumbnail","category-design-de-interiores","category-projetos-de-decoracao-de-casas","tag-ambiente-elegante","tag-arquitetura","tag-como-decorar","tag-criatividade","tag-decoracao-elegante","tag-design-de-interiores","tag-elegante"],"_wp_attached_file":null,"_wp_attachment_metadata":null,"_wp_attachment_context":null,"_wp_attachment_is_custom_header":null,"geo_longitude":null,"geo_public":null,"geo_latitude":null,"_publicize_done_external":null,"_wpas_done_3897181":null,"publicize_twitter_user":null,"_wpas_done_3897175":null,"_wpas_skip_3897181":null,"_wpas_skip_3897175":null,"_wpas_skip_3924723":null,"_wpas_mess":null,"_wpas_done_3924723":null,"wps_subtitle":"N\u00e3o importa o tamanho da sua casa, confira estas dicas e deixe-a mais elegante!","_links":{"self":[{"href":"https:\/\/www.aarquiteta.com.br\/blog\/wp-json\/wp\/v2\/posts\/32999","targetHints":{"allow":["GET"]}}],"collection":[{"href":"https:\/\/www.aarquiteta.com.br\/blog\/wp-json\/wp\/v2\/posts"}],"about":[{"href":"https:\/\/www.aarquiteta.com.br\/blog\/wp-json\/wp\/v2\/types\/post"}],"author":[{"embeddable":true,"href":"https:\/\/www.aarquiteta.com.br\/blog\/wp-json\/wp\/v2\/users\/102"}],"replies":[{"embeddable":true,"href":"https:\/\/www.aarquiteta.com.br\/blog\/wp-json\/wp\/v2\/comments?post=32999"}],"version-history":[{"count":0,"href":"https:\/\/www.aarquiteta.com.br\/blog\/wp-json\/wp\/v2\/posts\/32999\/revisions"}],"wp:featuredmedia":[{"embeddable":true,"href":"https:\/\/www.aarquiteta.com.br\/blog\/wp-json\/wp\/v2\/media\/40536"}],"wp:attachment":[{"href":"https:\/\/www.aarquiteta.com.br\/blog\/wp-json\/wp\/v2\/media?parent=32999"}],"wp:term":[{"taxonomy":"category","embeddable":true,"href":"https:\/\/www.aarquiteta.com.br\/blog\/wp-json\/wp\/v2\/categories?post=32999"},{"taxonomy":"post_tag","embeddable":true,"href":"https:\/\/www.aarquiteta.com.br\/blog\/wp-json\/wp\/v2\/tags?post=32999"}],"curies":[{"name":"wp","href":"https:\/\/api.w.org\/{rel}","templated":true}]}}