{"id":32956,"date":"2022-01-12T18:00:50","date_gmt":"2022-01-12T21:00:50","guid":{"rendered":"http:\/\/aarquiteta.com.br\/?p=32956"},"modified":"2024-09-15T08:34:34","modified_gmt":"2024-09-15T11:34:34","slug":"escritorio-funcional-em-casa","status":"publish","type":"post","link":"https:\/\/www.aarquiteta.com.br\/blog\/escritorio-funcional-em-casa\/","title":{"rendered":"Escrit\u00f3rio Funcional em Casa &#8211; Dicas de como montar com grande estilo."},"content":{"rendered":"<p>&nbsp;<\/p><figure id=\"attachment_32960\" aria-describedby=\"caption-attachment-32960\" style=\"width: 1100px\" class=\"wp-caption aligncenter\"><a href=\"https:\/\/www.aarquiteta.com.br\/blog\/wp-content\/uploads\/2020\/04\/Mesa_branca_com_um_monitor_em_cima.jpg\"><img decoding=\"async\" class=\"wp-image-32960\" title=\"Escrit\u00f3rio Funcional em Casa - Dicas de como montar com grande estilo.\" src=\"https:\/\/www.aarquiteta.com.br\/blog\/wp-content\/uploads\/2020\/04\/Mesa_branca_com_um_monitor_em_cima.jpg\" alt=\"Escrit\u00f3rio Funcional em Casa - Dicas de como montar com grande estilo.\" width=\"1100\" height=\"619\" srcset=\"https:\/\/www.aarquiteta.com.br\/blog\/wp-content\/uploads\/2020\/04\/Mesa_branca_com_um_monitor_em_cima.jpg 876w, https:\/\/www.aarquiteta.com.br\/blog\/wp-content\/uploads\/2020\/04\/Mesa_branca_com_um_monitor_em_cima-696x392.jpg 696w, https:\/\/www.aarquiteta.com.br\/blog\/wp-content\/uploads\/2020\/04\/Mesa_branca_com_um_monitor_em_cima-150x84.jpg 150w\" sizes=\"(max-width: 1100px) 100vw, 1100px\" \/><\/a><figcaption id=\"caption-attachment-32960\" class=\"wp-caption-text\"><a href=\"https:\/\/www.aarquiteta.com.br\/blog\/?s=ESCRITORIO\">Escrit\u00f3rio<\/a> Funcional &#8211; Dicas para decorar o seu! Cortesia da foto de\u00a0Doug Mockett &amp; Co.<\/figcaption><\/figure><p class=\"o-article__subhead subhead headline3\">Escrit\u00f3rio Funcional em Casa &#8211; Dicas de como montar o seu com grande estilo.<\/p><p class=\"o-article__subhead subhead headline3\">Trabalhando em casa? Confira algumas das ferramentas necess\u00e1rias para transformar seu escrit\u00f3rio em casa em um espa\u00e7o de trabalho funcional.<\/p><p>E veja como voc\u00ea pode criar um ambiente de trabalho confort\u00e1vel em casa, eliminando as distra\u00e7\u00f5es do desconforto e embelezando seu espa\u00e7o para manter um ambiente <a href=\"https:\/\/www.aarquiteta.com.br\/blog\/carreira-de-arquitetura\/\" class=\"ilj-generated-link\">profissional<\/a> consistente.<\/p><h2>Escrit\u00f3rio Funcional em Casa &#8211; Dicas de como montar o seu com grande estilo.<\/h2><figure id=\"attachment_32962\" aria-describedby=\"caption-attachment-32962\" style=\"width: 1100px\" class=\"wp-caption aligncenter\"><a href=\"https:\/\/www.aarquiteta.com.br\/blog\/wp-content\/uploads\/2020\/04\/Mesa_de_madeira_com_um_notebook_em_cima.jpg\"><img decoding=\"async\" class=\"wp-image-32962\" title=\"Escrit\u00f3rio Funcional em Casa - Dicas de como montar com grande estilo.\" src=\"https:\/\/www.aarquiteta.com.br\/blog\/wp-content\/uploads\/2020\/04\/Mesa_de_madeira_com_um_notebook_em_cima.jpg\" alt=\"Escrit\u00f3rio Funcional em Casa - Dicas de como montar com grande estilo.\" width=\"1100\" height=\"619\" srcset=\"https:\/\/www.aarquiteta.com.br\/blog\/wp-content\/uploads\/2020\/04\/Mesa_de_madeira_com_um_notebook_em_cima.jpg 876w, https:\/\/www.aarquiteta.com.br\/blog\/wp-content\/uploads\/2020\/04\/Mesa_de_madeira_com_um_notebook_em_cima-696x392.jpg 696w, https:\/\/www.aarquiteta.com.br\/blog\/wp-content\/uploads\/2020\/04\/Mesa_de_madeira_com_um_notebook_em_cima-150x84.jpg 150w\" sizes=\"(max-width: 1100px) 100vw, 1100px\" \/><\/a><figcaption id=\"caption-attachment-32962\" class=\"wp-caption-text\">Escrit\u00f3rio Funcional &#8211; Dicas para decorar o seu! Cortesia da foto de\u00a0Doug Mockett &amp; Co.<\/figcaption><\/figure><p>Trabalhar em casa certamente n\u00e3o \u00e9 uma tend\u00eancia nova, mas no passado era reservada principalmente para fun\u00e7\u00f5es espec\u00edficas.<\/p><p>O que acontece quando muitos de n\u00f3s somos\u00a0<i>for\u00e7ados<\/i> a trabalhar em casa?<\/p><p>Estamos preparados para ter nosso espa\u00e7o de vida como escrit\u00f3rio improvisado de curto ou potencialmente a longo prazo?<\/p><p>Aqui est\u00e3o algumas etapas f\u00e1ceis para converter facilmente seu espa\u00e7o em casa em um escrit\u00f3rio funcional em casa, sem deixar de pensar na decora\u00e7\u00e3o.<\/p><p>Equipamentos eletr\u00f4nicos demandam a presen\u00e7a de fios, confira neste artigo, dicas de como esconder cabos de energia elegantemente:<\/p><p><iframe title=\"Decore f\u00e1cil: O que \u00e9 decora\u00e7\u00e3o de ambientes?\" width=\"696\" height=\"392\" src=\"https:\/\/www.youtube.com\/embed\/9PjhGXgCGLU?feature=oembed\" frameborder=\"0\" allow=\"accelerometer; autoplay; clipboard-write; encrypted-media; gyroscope; picture-in-picture; web-share\" allowfullscreen><\/iframe><\/p><h3>1 \u2014 Escrit\u00f3rio funcional em casa: i<strong>dentifique os requisitos b\u00e1sicos:<\/strong><\/h3><ul><li><h4>Mesa de trabalho: Solu\u00e7\u00f5es especiais para necessidades especiais:<\/h4><\/li><\/ul><p>O primeiro passo para criar um espa\u00e7o funcional para o escrit\u00f3rio em casa \u00e9 considerar alguns requisitos b\u00e1sicos de desempenho das tarefas essenciais ou especiais.<\/p><p>Partindo da premissa que voc\u00ea j\u00e1 tenha escolhido o tampo ideal personalizado para a sua necessidade, considere agora escolher os conjuntos de pernas para a <a href=\"https:\/\/www.aarquiteta.com.br\/blog\/home-decor\/moveis\/mesas-e-cadeiras\/\" class=\"ilj-generated-link\">mesa<\/a>, caso haja necessidade do uso de uma mesa el\u00e9trica.<\/p><p>Mesas el\u00e9tricas possuem regulagem de altura ajust\u00e1vel, que pode ser a solu\u00e7\u00e3o para resolver a quest\u00e3o de altura para o seu escrit\u00f3rio em casa, caso voc\u00ea tenha esta necessidade especiais de ergonomia, sem falar na vantagem de se evitar a fadiga por uso prolongado da mesa.<\/p><ul><li><h4>Cadeira de trabalho:\u00a0Invista em uma cadeira apropriada:<\/h4><p>Para quem trabalha por longas horas, as\u00a0<b>cadeiras<\/b>\u00a0ergon\u00f4micas s\u00e3o as\u00a0<b>mais<\/b>\u00a0indicadas.<\/p><p>Procure investir em cadeiras com apoio lombar e design que se adapta \u00e0s curvas do corpo.<\/p><p>Al\u00e9m disso, cuide dos ajustes de altura, bra\u00e7os e apoio de cabe\u00e7a e p\u00e9s.<\/li><\/ul><h3>2 \u2014 Escrit\u00f3rio funcional em casa: escondendo cabos\/ fios:<\/h3><p>Durante a montagem de um escrit\u00f3rio, muitas vezes o gerenciamento de cabos geralmente \u00e9 completamente negligenciado, mas a realidade \u00e9 que esse \u00e9 um dos passos mais importantes na cria\u00e7\u00e3o de um espa\u00e7o de trabalho eficiente.<\/p><p>Uma mesa limpa, livre de qualquer confus\u00e3o de cabos, ajuda a promover um espa\u00e7o de trabalho eficiente.<\/p><h4>1. Passa fios:<\/h4><p>Voc\u00ea certamente ter\u00e1 um laptop ou um computador de mesa e um telefone celular ou telefone fixo.<\/p><p>Uma solu\u00e7\u00e3o simples de acabamentos &#8220;passa fios&#8221; pode ser tudo o que voc\u00ea precisa para alimentar os cabos atrav\u00e9s da mesa, deixando o ambiente limpo visualmente e livre dos t\u00e3o inc\u00f4modos cabos.<\/p><p>Passe os cabos por baixo da mesa e des\u00e7a por uma perna da mesa ou ponha um tubo do tampo ao ch\u00e3o.<\/p><p>Existem v\u00e1rios tipos de tubos, que variam de tubos de pl\u00e1stico cortados no comprimento a tiras de velcro, tubos de nylon e muito mais.<\/p><figure id=\"attachment_32965\" aria-describedby=\"caption-attachment-32965\" style=\"width: 1100px\" class=\"wp-caption aligncenter\"><a href=\"https:\/\/www.aarquiteta.com.br\/blog\/wp-content\/uploads\/2020\/04\/Fios_em_baixo_de_uma_mesa.jpg\"><img decoding=\"async\" class=\"wp-image-32965\" title=\"Escrit\u00f3rio Funcional - Dicas para decorar o seu! Cortesia da foto de\u00a0Doug Mockett &amp; Co.\" src=\"https:\/\/www.aarquiteta.com.br\/blog\/wp-content\/uploads\/2020\/04\/Fios_em_baixo_de_uma_mesa.jpg\" alt=\"Escrit\u00f3rio Funcional - Dicas para decorar o seu! Cortesia da foto de\u00a0Doug Mockett &amp; Co.\" width=\"1100\" height=\"619\" srcset=\"https:\/\/www.aarquiteta.com.br\/blog\/wp-content\/uploads\/2020\/04\/Fios_em_baixo_de_uma_mesa.jpg 423w, https:\/\/www.aarquiteta.com.br\/blog\/wp-content\/uploads\/2020\/04\/Fios_em_baixo_de_uma_mesa-150x84.jpg 150w\" sizes=\"(max-width: 1100px) 100vw, 1100px\" \/><\/a><figcaption id=\"caption-attachment-32965\" class=\"wp-caption-text\">Escrit\u00f3rio Funcional &#8211; Dicas para decorar o seu! Cortesia da foto de\u00a0Doug Mockett &amp; Co.<\/figcaption><\/figure><div class=\"mceTemp\"><\/div><figure id=\"attachment_32961\" aria-describedby=\"caption-attachment-32961\" style=\"width: 1100px\" class=\"wp-caption aligncenter\"><a style=\"font-weight: bold; background-color: transparent;\" href=\"https:\/\/www.aarquiteta.com.br\/blog\/wp-content\/uploads\/2020\/04\/Mesa_com_leptop_em_cima.jpg\"><img decoding=\"async\" class=\"wp-image-32961\" title=\"Escrit\u00f3rio Funcional - Dicas para decorar o seu! \" src=\"https:\/\/www.aarquiteta.com.br\/blog\/wp-content\/uploads\/2020\/04\/Mesa_com_leptop_em_cima.jpg\" alt=\"\" width=\"1100\" height=\"687\" srcset=\"https:\/\/www.aarquiteta.com.br\/blog\/wp-content\/uploads\/2020\/04\/Mesa_com_leptop_em_cima.jpg 423w, https:\/\/www.aarquiteta.com.br\/blog\/wp-content\/uploads\/2020\/04\/Mesa_com_leptop_em_cima-150x94.jpg 150w\" sizes=\"(max-width: 1100px) 100vw, 1100px\" \/><\/a><figcaption id=\"caption-attachment-32961\" class=\"wp-caption-text\">Escrit\u00f3rio Funcional &#8211; Dicas para decorar o seu! Cortesia da foto de\u00a0Doug Mockett &amp; Co.<\/figcaption><\/figure><p><a style=\"background-color: transparent; font-weight: bold; font-size: 16px;\" href=\"https:\/\/www.aarquiteta.com.br\/blog\/wp-content\/uploads\/2020\/04\/Acabamento_de_mesa.jpg\"><img decoding=\"async\" class=\"wp-image-32958\" title=\"Escrit\u00f3rio Funcional - Dicas para decorar o seu! \" src=\"https:\/\/www.aarquiteta.com.br\/blog\/wp-content\/uploads\/2020\/04\/Acabamento_de_mesa.jpg\" alt=\"Escrit\u00f3rio Funcional - Dicas para decorar o seu!\" width=\"1100\" height=\"687\" srcset=\"https:\/\/www.aarquiteta.com.br\/blog\/wp-content\/uploads\/2020\/04\/Acabamento_de_mesa.jpg 423w, https:\/\/www.aarquiteta.com.br\/blog\/wp-content\/uploads\/2020\/04\/Acabamento_de_mesa-150x94.jpg 150w\" sizes=\"(max-width: 1100px) 100vw, 1100px\" \/><\/a><\/p><h4>2. Canaletas El\u00e9tricas:<\/h4><p>Quem sabe talvez voc\u00ea precise realmente trazer conectividade de energia e dados diretamente \u00e0 superf\u00edcie para alimentar dispositivos m\u00f3veis, como &#8220;pain\u00e9is de conex\u00e3o de mesa&#8221;.<\/p><p>Existem no mercado alguns modelos com ampla variedade de configura\u00e7\u00f5es para se ajustar de acordo com sua mesa personalizada.<\/p><p>Em alguns casos, pode ser necess\u00e1rio trazer a energia da parede para mais perto da mesa.<\/p><p>As canaletas el\u00e9tricas fornecem essa solu\u00e7\u00e3o.<\/p><figure id=\"attachment_32963\" aria-describedby=\"caption-attachment-32963\" style=\"width: 1100px\" class=\"wp-caption aligncenter\"><a href=\"https:\/\/www.aarquiteta.com.br\/blog\/wp-content\/uploads\/2020\/04\/trilho_em_baixo_da_mesa.jpg\"><img decoding=\"async\" class=\"wp-image-32963\" src=\"https:\/\/www.aarquiteta.com.br\/blog\/wp-content\/uploads\/2020\/04\/trilho_em_baixo_da_mesa.jpg\" alt=\"Escrit\u00f3rio Funcional \" width=\"1100\" height=\"619\" title=\"\" srcset=\"https:\/\/www.aarquiteta.com.br\/blog\/wp-content\/uploads\/2020\/04\/trilho_em_baixo_da_mesa.jpg 423w, https:\/\/www.aarquiteta.com.br\/blog\/wp-content\/uploads\/2020\/04\/trilho_em_baixo_da_mesa-150x84.jpg 150w\" sizes=\"(max-width: 1100px) 100vw, 1100px\" \/><\/a><figcaption id=\"caption-attachment-32963\" class=\"wp-caption-text\">Escrit\u00f3rio Funcional &#8211; Dicas para decorar o seu! Cortesia da foto de\u00a0Doug Mockett &amp; Co.<\/figcaption><\/figure><h6 style=\"text-align: center;\"><a style=\"background-color: transparent; text-align: left; font-size: 20px;\" href=\"https:\/\/www.aarquiteta.com.br\/blog\/wp-content\/uploads\/2020\/04\/Mesa_branca_com_um_monitor_em_cima.jpg\"><img decoding=\"async\" class=\"wp-image-32960\" src=\"https:\/\/www.aarquiteta.com.br\/blog\/wp-content\/uploads\/2020\/04\/Mesa_branca_com_um_monitor_em_cima.jpg\" alt=\"Escrit\u00f3rio Funcional - Dicas para decorar o seu! \" width=\"1100\" height=\"619\" title=\"\" srcset=\"https:\/\/www.aarquiteta.com.br\/blog\/wp-content\/uploads\/2020\/04\/Mesa_branca_com_um_monitor_em_cima.jpg 876w, https:\/\/www.aarquiteta.com.br\/blog\/wp-content\/uploads\/2020\/04\/Mesa_branca_com_um_monitor_em_cima-696x392.jpg 696w, https:\/\/www.aarquiteta.com.br\/blog\/wp-content\/uploads\/2020\/04\/Mesa_branca_com_um_monitor_em_cima-150x84.jpg 150w\" sizes=\"(max-width: 1100px) 100vw, 1100px\" \/><\/a><\/h6><p>Escrit\u00f3rio Funcional &#8211; Dicas para decorar o seu! Cortesia da foto de\u00a0Doug Mockett &amp; Co.Agora que voc\u00ea conseguiu transformar sua casa em um espa\u00e7o funcional para escrit\u00f3rio, voc\u00ea tamb\u00e9m pode facilmente introduzir algumas op\u00e7\u00f5es de energia convenientes para outras \u00e1reas da casa, e deix\u00e1-la igualmente funcional.<\/p><div id='gallery-1' class='gallery galleryid-32956 gallery-columns-3 gallery-size-thumbnail'><figure class='gallery-item'>\t\t\t<div class='gallery-icon landscape'>\t\t\t\t<a href='https:\/\/www.aarquiteta.com.br\/blog\/?attachment_id=41193'><img decoding=\"async\" width=\"128\" height=\"73\" src=\"https:\/\/www.aarquiteta.com.br\/blog\/wp-content\/uploads\/2022\/01\/Como-decorar-escritorio-pequeno4-1.jpg\" class=\"attachment-thumbnail size-thumbnail\" alt=\"Tranquilidade nos Estudos: Dicas de Decora\u00e7\u00e3o e Organiza\u00e7\u00e3o para um Ambiente Perfeito\" aria-describedby=\"gallery-1-41193\" srcset=\"https:\/\/www.aarquiteta.com.br\/blog\/wp-content\/uploads\/2022\/01\/Como-decorar-escritorio-pequeno4-1.jpg 700w, https:\/\/www.aarquiteta.com.br\/blog\/wp-content\/uploads\/2022\/01\/Como-decorar-escritorio-pequeno4-1-696x398.jpg 696w, https:\/\/www.aarquiteta.com.br\/blog\/wp-content\/uploads\/2022\/01\/Como-decorar-escritorio-pequeno4-1-150x86.jpg 150w\" sizes=\"(max-width: 128px) 100vw, 128px\" title=\"\"><\/a>\t\t\t<\/div>\t\t\t\t<figcaption class='wp-caption-text gallery-caption' id='gallery-1-41193'>\t\t\t\tTranquilidade nos Estudos: Dicas de Decora\u00e7\u00e3o e Organiza\u00e7\u00e3o para um Ambiente Perfeito\t\t\t\t<\/figcaption><\/figure><figure class='gallery-item'>\t\t\t<div class='gallery-icon landscape'>\t\t\t\t<a href='https:\/\/www.aarquiteta.com.br\/blog\/?attachment_id=41578'><img decoding=\"async\" width=\"128\" height=\"73\" src=\"https:\/\/www.aarquiteta.com.br\/blog\/wp-content\/uploads\/2022\/01\/Dicas-de-como-escolher-cadeira-de-escritorio.jpg\" class=\"attachment-thumbnail size-thumbnail\" alt=\"Escolher cadeira de escrit\u00f3rio ergon\u00f4mica\" aria-describedby=\"gallery-1-41578\" srcset=\"https:\/\/www.aarquiteta.com.br\/blog\/wp-content\/uploads\/2022\/01\/Dicas-de-como-escolher-cadeira-de-escritorio.jpg 700w, https:\/\/www.aarquiteta.com.br\/blog\/wp-content\/uploads\/2022\/01\/Dicas-de-como-escolher-cadeira-de-escritorio-696x398.jpg 696w, https:\/\/www.aarquiteta.com.br\/blog\/wp-content\/uploads\/2022\/01\/Dicas-de-como-escolher-cadeira-de-escritorio-150x86.jpg 150w\" sizes=\"(max-width: 128px) 100vw, 128px\" title=\"\"><\/a>\t\t\t<\/div>\t\t\t\t<figcaption class='wp-caption-text gallery-caption' id='gallery-1-41578'>\t\t\t\tDecora\u00e7\u00e3o para Home Office Pequeno: 6 Dicas para Aproveitar o Espa\u00e7o!\t\t\t\t<\/figcaption><\/figure><figure class='gallery-item'>\t\t\t<div class='gallery-icon landscape'>\t\t\t\t<a href='https:\/\/www.aarquiteta.com.br\/blog\/apartamento-studio-funcional\/home-office-funcional-2\/'><img decoding=\"async\" width=\"128\" height=\"73\" src=\"https:\/\/www.aarquiteta.com.br\/blog\/wp-content\/uploads\/2022\/01\/home-office-funcional-1.jpg\" class=\"attachment-thumbnail size-thumbnail\" alt=\"\" aria-describedby=\"gallery-1-40287\" srcset=\"https:\/\/www.aarquiteta.com.br\/blog\/wp-content\/uploads\/2022\/01\/home-office-funcional-1.jpg 700w, https:\/\/www.aarquiteta.com.br\/blog\/wp-content\/uploads\/2022\/01\/home-office-funcional-1-696x398.jpg 696w, https:\/\/www.aarquiteta.com.br\/blog\/wp-content\/uploads\/2022\/01\/home-office-funcional-1-150x86.jpg 150w\" sizes=\"(max-width: 128px) 100vw, 128px\" title=\"\"><\/a>\t\t\t<\/div>\t\t\t\t<figcaption class='wp-caption-text gallery-caption' id='gallery-1-40287'>\t\t\t\tDecora\u00e7\u00e3o para Home Office Pequeno: 6 Dicas para Aproveitar o Espa\u00e7o!\t\t\t\t<\/figcaption><\/figure><figure class='gallery-item'>\t\t\t<div class='gallery-icon landscape'>\t\t\t\t<a href='https:\/\/www.aarquiteta.com.br\/blog\/home-office-pequeno-conforto-2\/'><img decoding=\"async\" width=\"128\" height=\"91\" src=\"https:\/\/www.aarquiteta.com.br\/blog\/wp-content\/uploads\/2021\/11\/home-office-pequeno-conforto-1.jpg\" class=\"attachment-thumbnail size-thumbnail\" alt=\"Espa\u00e7o Pequeno de Home Office: 5 dicas para decora\u00e7\u00e3o.\" srcset=\"https:\/\/www.aarquiteta.com.br\/blog\/wp-content\/uploads\/2021\/11\/home-office-pequeno-conforto-1.jpg 827w, https:\/\/www.aarquiteta.com.br\/blog\/wp-content\/uploads\/2021\/11\/home-office-pequeno-conforto-1-696x492.jpg 696w, https:\/\/www.aarquiteta.com.br\/blog\/wp-content\/uploads\/2021\/11\/home-office-pequeno-conforto-1-150x106.jpg 150w\" sizes=\"(max-width: 128px) 100vw, 128px\" title=\"\"><\/a>\t\t\t<\/div><\/figure><figure class='gallery-item'>\t\t\t<div class='gallery-icon portrait'>\t\t\t\t<a href='https:\/\/www.aarquiteta.com.br\/blog\/?attachment_id=36973'><img decoding=\"async\" width=\"78\" height=\"96\" src=\"https:\/\/www.aarquiteta.com.br\/blog\/wp-content\/uploads\/2021\/11\/home-office-2.jpg\" class=\"attachment-thumbnail size-thumbnail\" alt=\"\" aria-describedby=\"gallery-1-36973\" srcset=\"https:\/\/www.aarquiteta.com.br\/blog\/wp-content\/uploads\/2021\/11\/home-office-2.jpg 619w, https:\/\/www.aarquiteta.com.br\/blog\/wp-content\/uploads\/2021\/11\/home-office-2-150x186.jpg 150w\" sizes=\"(max-width: 78px) 100vw, 78px\" title=\"\"><\/a>\t\t\t<\/div>\t\t\t\t<figcaption class='wp-caption-text gallery-caption' id='gallery-1-36973'>\t\t\t\tDecora\u00e7\u00e3o para Home Office Pequeno: 6 Dicas para Aproveitar o Espa\u00e7o!\t\t\t\t<\/figcaption><\/figure><figure class='gallery-item'>\t\t\t<div class='gallery-icon landscape'>\t\t\t\t<a href='https:\/\/www.aarquiteta.com.br\/blog\/?attachment_id=36974'><img decoding=\"async\" width=\"102\" height=\"96\" src=\"https:\/\/www.aarquiteta.com.br\/blog\/wp-content\/uploads\/2021\/11\/home-office-3.jpg\" class=\"attachment-thumbnail size-thumbnail\" alt=\"Decora\u00e7\u00e3o para Home Office Pequeno: 6 Dicas para Aproveitar o Espa\u00e7o!\" aria-describedby=\"gallery-1-36974\" srcset=\"https:\/\/www.aarquiteta.com.br\/blog\/wp-content\/uploads\/2021\/11\/home-office-3.jpg 842w, https:\/\/www.aarquiteta.com.br\/blog\/wp-content\/uploads\/2021\/11\/home-office-3-696x655.jpg 696w, https:\/\/www.aarquiteta.com.br\/blog\/wp-content\/uploads\/2021\/11\/home-office-3-150x141.jpg 150w\" sizes=\"(max-width: 102px) 100vw, 102px\" title=\"\"><\/a>\t\t\t<\/div>\t\t\t\t<figcaption class='wp-caption-text gallery-caption' id='gallery-1-36974'>\t\t\t\tDecora\u00e7\u00e3o para Home Office Pequeno: 6 Dicas para Aproveitar o Espa\u00e7o!\t\t\t\t<\/figcaption><\/figure><figure class='gallery-item'>\t\t\t<div class='gallery-icon landscape'>\t\t\t\t<a href='https:\/\/www.aarquiteta.com.br\/blog\/mesa-de-estudo-para-quarto-dicas-para-fazer-ou-adaptar-no-seu-ambiente\/home-office-6\/'><img decoding=\"async\" width=\"128\" height=\"90\" src=\"https:\/\/www.aarquiteta.com.br\/blog\/wp-content\/uploads\/2021\/12\/home-office-6.jpg\" class=\"attachment-thumbnail size-thumbnail\" alt=\"\" aria-describedby=\"gallery-1-36984\" srcset=\"https:\/\/www.aarquiteta.com.br\/blog\/wp-content\/uploads\/2021\/12\/home-office-6.jpg 810w, https:\/\/www.aarquiteta.com.br\/blog\/wp-content\/uploads\/2021\/12\/home-office-6-696x491.jpg 696w, https:\/\/www.aarquiteta.com.br\/blog\/wp-content\/uploads\/2021\/12\/home-office-6-150x106.jpg 150w\" sizes=\"(max-width: 128px) 100vw, 128px\" title=\"\"><\/a>\t\t\t<\/div>\t\t\t\t<figcaption class='wp-caption-text gallery-caption' id='gallery-1-36984'>\t\t\t\tDecora\u00e7\u00e3o para Home Office Pequeno: 6 Dicas para Aproveitar o Espa\u00e7o!\t\t\t\t<\/figcaption><\/figure><figure class='gallery-item'>\t\t\t<div class='gallery-icon portrait'>\t\t\t\t<a href='https:\/\/www.aarquiteta.com.br\/blog\/?attachment_id=36985'><img decoding=\"async\" width=\"82\" height=\"96\" src=\"https:\/\/www.aarquiteta.com.br\/blog\/wp-content\/uploads\/2021\/12\/home-office-5.jpg\" class=\"attachment-thumbnail size-thumbnail\" alt=\"Decora\u00e7\u00e3o de Ambientes Pequenos: Dicas para Organiza\u00e7\u00e3o e Boa Energia\" aria-describedby=\"gallery-1-36985\" srcset=\"https:\/\/www.aarquiteta.com.br\/blog\/wp-content\/uploads\/2021\/12\/home-office-5.jpg 662w, https:\/\/www.aarquiteta.com.br\/blog\/wp-content\/uploads\/2021\/12\/home-office-5-150x175.jpg 150w\" sizes=\"(max-width: 82px) 100vw, 82px\" title=\"\"><\/a>\t\t\t<\/div>\t\t\t\t<figcaption class='wp-caption-text gallery-caption' id='gallery-1-36985'>\t\t\t\tDecora\u00e7\u00e3o para Home Office Pequeno: 6 Dicas para Aproveitar o Espa\u00e7o!\t\t\t\t<\/figcaption><\/figure><figure class='gallery-item'>\t\t\t<div class='gallery-icon landscape'>\t\t\t\t<a href='https:\/\/www.aarquiteta.com.br\/blog\/mesa-de-estudo-para-quarto-dicas-para-fazer-ou-adaptar-no-seu-ambiente\/home-office-pequeno-conforto\/'><img decoding=\"async\" width=\"128\" height=\"91\" src=\"https:\/\/www.aarquiteta.com.br\/blog\/wp-content\/uploads\/2021\/11\/home-office-pequeno-conforto.jpg\" class=\"attachment-thumbnail size-thumbnail\" alt=\"\" srcset=\"https:\/\/www.aarquiteta.com.br\/blog\/wp-content\/uploads\/2021\/11\/home-office-pequeno-conforto.jpg 827w, https:\/\/www.aarquiteta.com.br\/blog\/wp-content\/uploads\/2021\/11\/home-office-pequeno-conforto-696x492.jpg 696w, https:\/\/www.aarquiteta.com.br\/blog\/wp-content\/uploads\/2021\/11\/home-office-pequeno-conforto-150x106.jpg 150w\" sizes=\"(max-width: 128px) 100vw, 128px\" title=\"\"><\/a>\t\t\t<\/div><\/figure><figure class='gallery-item'>\t\t\t<div class='gallery-icon portrait'>\t\t\t\t<a href='https:\/\/www.aarquiteta.com.br\/blog\/edicula\/home-office-1\/'><img decoding=\"async\" width=\"78\" height=\"96\" src=\"https:\/\/www.aarquiteta.com.br\/blog\/wp-content\/uploads\/2021\/11\/home-office-1.jpg\" class=\"attachment-thumbnail size-thumbnail\" alt=\"Decora\u00e7\u00e3o para Home Office Pequeno: 6 Dicas para Aproveitar o Espa\u00e7o!\" aria-describedby=\"gallery-1-36972\" srcset=\"https:\/\/www.aarquiteta.com.br\/blog\/wp-content\/uploads\/2021\/11\/home-office-1.jpg 619w, https:\/\/www.aarquiteta.com.br\/blog\/wp-content\/uploads\/2021\/11\/home-office-1-150x186.jpg 150w\" sizes=\"(max-width: 78px) 100vw, 78px\" title=\"\"><\/a>\t\t\t<\/div>\t\t\t\t<figcaption class='wp-caption-text gallery-caption' id='gallery-1-36972'>\t\t\t\tDecora\u00e7\u00e3o para Home Office Pequeno: 6 Dicas para Aproveitar o Espa\u00e7o!\t\t\t\t<\/figcaption><\/figure><figure class='gallery-item'>\t\t\t<div class='gallery-icon portrait'>\t\t\t\t<a href='https:\/\/www.aarquiteta.com.br\/blog\/quarto-pequeno-como-parecer-maior\/6-types-of-homeowners-weve-seen-which-are-you_\/'><img decoding=\"async\" width=\"64\" height=\"96\" src=\"https:\/\/www.aarquiteta.com.br\/blog\/wp-content\/uploads\/2021\/11\/6-Types-of-Homeowners-Weve-Seen-\u2013-Which-Are-You_.jpg\" class=\"attachment-thumbnail size-thumbnail\" alt=\"quarto pequeno\" aria-describedby=\"gallery-1-36792\" srcset=\"https:\/\/www.aarquiteta.com.br\/blog\/wp-content\/uploads\/2021\/11\/6-Types-of-Homeowners-Weve-Seen-\u2013-Which-Are-You_.jpg 800w, https:\/\/www.aarquiteta.com.br\/blog\/wp-content\/uploads\/2021\/11\/6-Types-of-Homeowners-Weve-Seen-\u2013-Which-Are-You_-683x1024.jpg 683w, https:\/\/www.aarquiteta.com.br\/blog\/wp-content\/uploads\/2021\/11\/6-Types-of-Homeowners-Weve-Seen-\u2013-Which-Are-You_-696x1044.jpg 696w, https:\/\/www.aarquiteta.com.br\/blog\/wp-content\/uploads\/2021\/11\/6-Types-of-Homeowners-Weve-Seen-\u2013-Which-Are-You_-150x225.jpg 150w\" sizes=\"(max-width: 64px) 100vw, 64px\" title=\"\"><\/a>\t\t\t<\/div>\t\t\t\t<figcaption class='wp-caption-text gallery-caption' id='gallery-1-36792'>\t\t\t\tideias para um <a href=\"https:\/\/www.aarquiteta.com.br\/blog\/?s=quarto\">quarto<\/a> pequeno\t\t\t\t<\/figcaption><\/figure><figure class='gallery-item'>\t\t\t<div class='gallery-icon landscape'>\t\t\t\t<a href='https:\/\/www.aarquiteta.com.br\/blog\/decoracao-de-escritorio\/escritorio_todo_branco_com_quadros_na_parede\/'><img decoding=\"async\" width=\"128\" height=\"85\" src=\"https:\/\/www.aarquiteta.com.br\/blog\/wp-content\/uploads\/2019\/09\/escrit\u00f3rio_todo_branco_com_quadros_na_parede.jpg\" class=\"attachment-thumbnail size-thumbnail\" alt=\"Home Office Produtivo: Home Office pode Malhorar na sua Produtividade\" aria-describedby=\"gallery-1-31479\" srcset=\"https:\/\/www.aarquiteta.com.br\/blog\/wp-content\/uploads\/2019\/09\/escrit\u00f3rio_todo_branco_com_quadros_na_parede.jpg 1000w, https:\/\/www.aarquiteta.com.br\/blog\/wp-content\/uploads\/2019\/09\/escrit\u00f3rio_todo_branco_com_quadros_na_parede-696x464.jpg 696w, https:\/\/www.aarquiteta.com.br\/blog\/wp-content\/uploads\/2019\/09\/escrit\u00f3rio_todo_branco_com_quadros_na_parede-150x100.jpg 150w\" sizes=\"(max-width: 128px) 100vw, 128px\" title=\"\"><\/a>\t\t\t<\/div>\t\t\t\t<figcaption class='wp-caption-text gallery-caption' id='gallery-1-31479'>\t\t\t\tHome Office Produtivo: Home Office pode Malhorar na sua Produtividade\t\t\t\t<\/figcaption><\/figure><figure class='gallery-item'>\t\t\t<div class='gallery-icon landscape'>\t\t\t\t<a href='https:\/\/www.aarquiteta.com.br\/blog\/?attachment_id=26300'><img decoding=\"async\" width=\"128\" height=\"96\" src=\"https:\/\/www.aarquiteta.com.br\/blog\/wp-content\/uploads\/2019\/06\/Home_office_com_design_moderno_e_leve.jpg\" class=\"attachment-thumbnail size-thumbnail\" alt=\"Decora\u00e7\u00e3o para Home Office Pequeno: 6 Dicas para Aproveitar o Espa\u00e7o!\" aria-describedby=\"gallery-1-26300\" srcset=\"https:\/\/www.aarquiteta.com.br\/blog\/wp-content\/uploads\/2019\/06\/Home_office_com_design_moderno_e_leve.jpg 800w, https:\/\/www.aarquiteta.com.br\/blog\/wp-content\/uploads\/2019\/06\/Home_office_com_design_moderno_e_leve-696x522.jpg 696w, https:\/\/www.aarquiteta.com.br\/blog\/wp-content\/uploads\/2019\/06\/Home_office_com_design_moderno_e_leve-150x113.jpg 150w\" sizes=\"(max-width: 128px) 100vw, 128px\" title=\"\"><\/a>\t\t\t<\/div>\t\t\t\t<figcaption class='wp-caption-text gallery-caption' id='gallery-1-26300'>\t\t\t\tDecora\u00e7\u00e3o para Home Office Pequeno: 6 Dicas para Aproveitar o Espa\u00e7o!\t\t\t\t<\/figcaption><\/figure>\t\t<\/div><h3><strong>E a\u00ed, gostou do artigo sobre Escrit\u00f3rio Funcional &#8211; Dicas para decorar o seu?<\/strong><\/h3><p><span id=\"Entao_compartilhe_com_os_amigos\" class=\"ez-toc-section\"><\/span><span id=\"Entao_compartilhe_com_os_amigos\" class=\"ez-toc-section\"><\/span><strong>Ent\u00e3o compartilhe com os amigos!<\/strong><\/p><p>Em fim, n\u00e3o se esque\u00e7a de me deixar saber nos coment\u00e1rios o que voc\u00ea achou do artigo.<\/p><p>At\u00e9 a pr\u00f3xima dica!<\/p><h3><span id=\"%E2%96%BAVeja_mais_dicas_em\" class=\"ez-toc-section\"><\/span><span id=\"%E2%96%BAVeja_mais_dicas_em\" class=\"ez-toc-section\"><\/span>\u25baVeja mais dicas em:<\/h3><p>Quer mais dicas ent\u00e3o confira alguns dos nossos artigos sobre:<\/p><ul><li><a href=\"https:\/\/www.aarquiteta.com.br\/decoracao\/\" target=\"_blank\" rel=\"noopener\">Decora\u00e7\u00e3o<\/a><\/li><li><a href=\"https:\/\/www.aarquiteta.com.br\/blog\/paisagismo\/\" target=\"_blank\" rel=\"noopener\">Casa e Jardim<\/a><\/li><li><a href=\"https:\/\/www.aarquiteta.com.br\/blog\/arquitetura\/mundo-arquitetura\/\" target=\"_blank\" rel=\"noopener\">Mundo Arquitetura<\/a><\/li><\/ul><h2>Mimos da A Arquiteta para voc\u00ea!<\/h2><p><a href=\"https:\/\/www.aarquiteta.com.br\/blog\/wp-content\/uploads\/2021\/10\/luciana-paixao.jpg\" data-rel=\"fancybox\"><img decoding=\"async\" class=\"alignnone size-full wp-image-35413\" title=\"Parede decorada: Ideias que n\u00e3o podem faltar. Confira.\" src=\"https:\/\/www.aarquiteta.com.br\/blog\/wp-content\/uploads\/2021\/10\/luciana-paixao.jpg\" sizes=\"(max-width: 800px) 100vw, 800px\" srcset=\"https:\/\/www.aarquiteta.com.br\/blog\/wp-content\/uploads\/2021\/10\/luciana-paixao.jpg 800w, https:\/\/www.aarquiteta.com.br\/blog\/wp-content\/uploads\/2021\/10\/luciana-paixao-300x225.jpg 300w, https:\/\/www.aarquiteta.com.br\/blog\/wp-content\/uploads\/2021\/10\/luciana-paixao-768x576.jpg 768w, https:\/\/www.aarquiteta.com.br\/blog\/wp-content\/uploads\/2021\/10\/luciana-paixao-400x300.jpg 400w, https:\/\/www.aarquiteta.com.br\/blog\/wp-content\/uploads\/2021\/10\/luciana-paixao-150x113.jpg 150w\" alt=\"luciana paixao - Parede decorada: Ideias que n\u00e3o podem faltar. Confira.\" width=\"800\" height=\"600\" \/><\/a><\/p><p>Em meu portal de treinamento on-line separei para voc\u00ea v\u00e1rios dos meus cursos gratuitos para quem quer aprender a decorar ou at\u00e9 usar programas para criar seus projetos, seja de interiores, de edifica\u00e7\u00f5es, e-books e muito mais.<\/p><p><strong>Basta clicar neste link e come\u00e7ar a estudar.<\/strong><\/p><p>Por fim, eu gostaria de conhecer mais sobre voc\u00ea.<\/p><p>Voc\u00ea \u00e9 um entusiasta decorador, ou at\u00e9 um profissional de Arquitetura?\u00a0<strong><a href=\"https:\/\/docs.google.com\/forms\/d\/1lpOg395M8SQGbxSYFd7WAxaNESKlSw_9lHXl683tTrc\/\" target=\"_blank\" rel=\"noopener\">Clique aqui, responda estas poucas perguntas e ganhe um presente meu que adorar\u00e1\u00a0 muito!<\/a><\/strong><\/p><p>Espero que o post tenha lhe ajudado!<\/p><p>Ah! N\u00e3o esque\u00e7a de pegar seu conte\u00fado gratuito.<\/p><p>At\u00e9!<\/p>","protected":false},"excerpt":{"rendered":"<p>&nbsp;Escrit\u00f3rio Funcional em Casa &#8211; Dicas de como montar o seu com grande estilo.Trabalhando em casa? Confira algumas das ferramentas necess\u00e1rias para transformar seu escrit\u00f3rio em casa em um espa\u00e7o de trabalho funcional.E veja como voc\u00ea pode criar um ambiente de trabalho confort\u00e1vel em casa, eliminando as distra\u00e7\u00f5es do desconforto e embelezando seu espa\u00e7o para [&hellip;]<\/p>\n","protected":false},"author":102,"featured_media":40237,"comment_status":"closed","ping_status":"closed","sticky":false,"template":"","format":"standard","meta":{"footnotes":""},"categories":[1484,18757],"tags":[137,1532,1028],"class_list":["post-32956","post","type-post","status-publish","format-standard","has-post-thumbnail","category-decoracao","category-decoracao-de-escritorio","tag-arquitetura","tag-criatividade","tag-design-de-interiores"],"_wp_attached_file":null,"_wp_attachment_metadata":null,"_wp_attachment_context":null,"_wp_attachment_is_custom_header":null,"geo_longitude":null,"geo_public":null,"geo_latitude":null,"_publicize_done_external":null,"_wpas_done_3897181":null,"publicize_twitter_user":null,"_wpas_done_3897175":null,"_wpas_skip_3897181":null,"_wpas_skip_3897175":null,"_wpas_skip_3924723":null,"_wpas_mess":null,"_wpas_done_3924723":null,"wps_subtitle":"","_links":{"self":[{"href":"https:\/\/www.aarquiteta.com.br\/blog\/wp-json\/wp\/v2\/posts\/32956","targetHints":{"allow":["GET"]}}],"collection":[{"href":"https:\/\/www.aarquiteta.com.br\/blog\/wp-json\/wp\/v2\/posts"}],"about":[{"href":"https:\/\/www.aarquiteta.com.br\/blog\/wp-json\/wp\/v2\/types\/post"}],"author":[{"embeddable":true,"href":"https:\/\/www.aarquiteta.com.br\/blog\/wp-json\/wp\/v2\/users\/102"}],"replies":[{"embeddable":true,"href":"https:\/\/www.aarquiteta.com.br\/blog\/wp-json\/wp\/v2\/comments?post=32956"}],"version-history":[{"count":0,"href":"https:\/\/www.aarquiteta.com.br\/blog\/wp-json\/wp\/v2\/posts\/32956\/revisions"}],"wp:featuredmedia":[{"embeddable":true,"href":"https:\/\/www.aarquiteta.com.br\/blog\/wp-json\/wp\/v2\/media\/40237"}],"wp:attachment":[{"href":"https:\/\/www.aarquiteta.com.br\/blog\/wp-json\/wp\/v2\/media?parent=32956"}],"wp:term":[{"taxonomy":"category","embeddable":true,"href":"https:\/\/www.aarquiteta.com.br\/blog\/wp-json\/wp\/v2\/categories?post=32956"},{"taxonomy":"post_tag","embeddable":true,"href":"https:\/\/www.aarquiteta.com.br\/blog\/wp-json\/wp\/v2\/tags?post=32956"}],"curies":[{"name":"wp","href":"https:\/\/api.w.org\/{rel}","templated":true}]}}