{"id":32526,"date":"2020-02-13T10:08:33","date_gmt":"2020-02-13T13:08:33","guid":{"rendered":"http:\/\/aarquiteta.com.br\/?p=32526"},"modified":"2025-03-16T10:08:38","modified_gmt":"2025-03-16T13:08:38","slug":"polo-gts","status":"publish","type":"post","link":"https:\/\/www.aarquiteta.com.br\/blog\/polo-gts\/","title":{"rendered":"Polo GTS &#8211; De carona no novo Polo GTS da Volkswagen!"},"content":{"rendered":"<figure id=\"attachment_32539\" aria-describedby=\"caption-attachment-32539\" style=\"width: 1200px\" class=\"wp-caption alignnone\"><img decoding=\"async\" class=\"wp-image-32539 size-full\" title=\"Polo GTS - De carona no novo Polo GTS da Volskwagem!\" src=\"https:\/\/www.aarquiteta.com.br\/blog\/wp-content\/uploads\/2020\/02\/capa-YOUTUBE-E-POST-POLO-GTS.jpg\" alt=\"Polo GTS - De carona no novo Polo GTS da Volskwagem!\" width=\"1200\" height=\"680\" srcset=\"https:\/\/www.aarquiteta.com.br\/blog\/wp-content\/uploads\/2020\/02\/capa-YOUTUBE-E-POST-POLO-GTS.jpg 1200w, https:\/\/www.aarquiteta.com.br\/blog\/wp-content\/uploads\/2020\/02\/capa-YOUTUBE-E-POST-POLO-GTS-1024x580.jpg 1024w, https:\/\/www.aarquiteta.com.br\/blog\/wp-content\/uploads\/2020\/02\/capa-YOUTUBE-E-POST-POLO-GTS-696x394.jpg 696w, https:\/\/www.aarquiteta.com.br\/blog\/wp-content\/uploads\/2020\/02\/capa-YOUTUBE-E-POST-POLO-GTS-150x85.jpg 150w\" sizes=\"(max-width: 1200px) 100vw, 1200px\" \/><figcaption id=\"caption-attachment-32539\" class=\"wp-caption-text\">Polo GTS &#8211; De carona no novo Polo GTS da Volkswagen<\/figcaption><\/figure><p>Polo GTS &#8211; De carona no novo Polo GTS da Volkswagen!<\/p><p>Cumprindo o desafio de lan\u00e7ar 20 autom\u00f3vel at\u00e9 2020 n\u00f3s da AArquiteta seguimos o l\u00edder e estamos na cola da Volkswagen que nos convidou para participar da festa de lan\u00e7amento seu novo modelo! O Polo GTS!<\/p><p>Ter um em sua garagem um modelo como este \u00e9 ter mais que um carro e sim ter um estilo de vida!<\/p><p>E esse \u00e9 o intuito de quem quer reviver novamente a vibe que o primeiro POLO deixou naqueles apaixonados pela marca!<\/p><h2>De carona no novo Polo GTS \u2014 Confira!<\/h2><h3>Sobre o evento:<\/h3><p>O <a href=\"https:\/\/www.aarquiteta.com.br\/blog\/eventos-a-arquiteta\/\" class=\"ilj-generated-link\">evento<\/a> aconteceu nos dias 22 e 23 de janeiro e contou com a presen\u00e7a dos tops influencers de v\u00e1rias \u00e1reas para conhecermos de perto o que a marca trouxe de novidade!<\/p><p>O ponto de partida foi no Instituto Tomie Ohtake em S\u00e3o Paulo onde como j\u00e1 est\u00e1 ficando de costume sa\u00edmos em carreata rumo ao Hotel Hist\u00f3rico Fazenda Dona Carolina localizada em Itatiba em SP.<\/p><div class=\"youtube-embed\" data-video_id=\"uUm_C8BciJA\"><iframe title=\"A Arquiteta - POLO GTS\" width=\"696\" height=\"392\" src=\"https:\/\/www.youtube.com\/embed\/uUm_C8BciJA?feature=oembed&#038;enablejsapi=1\" frameborder=\"0\" allow=\"accelerometer; autoplay; clipboard-write; encrypted-media; gyroscope; picture-in-picture; web-share\" referrerpolicy=\"strict-origin-when-cross-origin\" allowfullscreen><\/iframe><\/div><p>Local este onde o modelo foi nos apresentados com grande estilo pelo seu pr\u00f3prio criador, o Designer Jos\u00e9 Carlos Pavone que contou sua linda trajet\u00f3ria dentro da Volkswagen!<\/p><p>Enquanto nos mostra os detalhes pensados especialmente para o novo POLO GTS.<\/p><p>Detalhes do Banco, Far\u00f3is, Rodas, Volante, Painel&#8230; Esses s\u00e3o somente alguns dos detalhes pensados com muita refer\u00eancia hist\u00f3rica na marca.<\/p><figure id=\"attachment_32534\" aria-describedby=\"caption-attachment-32534\" style=\"width: 1100px\" class=\"wp-caption alignnone\"><a href=\"https:\/\/www.aarquiteta.com.br\/blog\/wp-content\/uploads\/2020\/02\/polo-gts-apresentacao.jpg\"><img decoding=\"async\" class=\"wp-image-32534\" title=\"De carona no novo Polo GTS - Confira!\" src=\"https:\/\/www.aarquiteta.com.br\/blog\/wp-content\/uploads\/2020\/02\/polo-gts-apresentacao-1024x682.jpg\" alt=\"De carona no novo Polo GTS - Confira!\" width=\"1100\" height=\"733\" srcset=\"https:\/\/www.aarquiteta.com.br\/blog\/wp-content\/uploads\/2020\/02\/polo-gts-apresentacao-1024x682.jpg 1024w, https:\/\/www.aarquiteta.com.br\/blog\/wp-content\/uploads\/2020\/02\/polo-gts-apresentacao-696x464.jpg 696w, https:\/\/www.aarquiteta.com.br\/blog\/wp-content\/uploads\/2020\/02\/polo-gts-apresentacao-150x100.jpg 150w, https:\/\/www.aarquiteta.com.br\/blog\/wp-content\/uploads\/2020\/02\/polo-gts-apresentacao.jpg 1280w\" sizes=\"(max-width: 1100px) 100vw, 1100px\" \/><\/a><figcaption id=\"caption-attachment-32534\" class=\"wp-caption-text\">De carona no novo Polo GTS &#8211; Confira!<\/figcaption><\/figure><p>Depois de devidamente apresentado ao novo modelo da Volkswagen! Partimos no dia seguinte para o Aut\u00f3dromo Vello Cit\u00e1 localizado em Mogi Gua\u00e7u em SP, onde a Volkswagen! Levou-nos para acelerar fundooooo mais uma vez!<\/p><p>No entanto, antes de pisarmos fundo, o Engenheiro chefe da Volkswagen! Jos\u00e9 Loureiro nos apresentou todas as transforma\u00e7\u00f5es feitas nos modelos da marca como o Polo e novo Virtus.<\/p><h2>Cl\u00e1ssicos desfilando:<\/h2><p>Tamb\u00e9m estavam por l\u00e1 em exibi\u00e7\u00e3o as antigas j\u00f3ias da coroa os modelos Gol, Passat, Passat Pointer e o Gol GTS que nos levou direto a lembrar dos carros dos nossos pais e av\u00f3s!<\/p><figure id=\"attachment_32535\" aria-describedby=\"caption-attachment-32535\" style=\"width: 1100px\" class=\"wp-caption aligncenter\"><a href=\"https:\/\/www.aarquiteta.com.br\/blog\/wp-content\/uploads\/2020\/02\/classicos-volks.jpg\"><img decoding=\"async\" class=\"wp-image-32535\" title=\"De carona no novo Polo GTS - Confira!\" src=\"https:\/\/www.aarquiteta.com.br\/blog\/wp-content\/uploads\/2020\/02\/classicos-volks-1024x576.jpg\" alt=\"De carona no novo Polo GTS - Confira!\" width=\"1100\" height=\"619\" srcset=\"https:\/\/www.aarquiteta.com.br\/blog\/wp-content\/uploads\/2020\/02\/classicos-volks-1024x576.jpg 1024w, https:\/\/www.aarquiteta.com.br\/blog\/wp-content\/uploads\/2020\/02\/classicos-volks-696x391.jpg 696w, https:\/\/www.aarquiteta.com.br\/blog\/wp-content\/uploads\/2020\/02\/classicos-volks-150x84.jpg 150w, https:\/\/www.aarquiteta.com.br\/blog\/wp-content\/uploads\/2020\/02\/classicos-volks.jpg 1723w\" sizes=\"(max-width: 1100px) 100vw, 1100px\" \/><\/a><figcaption id=\"caption-attachment-32535\" class=\"wp-caption-text\">De carona no novo Polo GTS &#8211; Confira!<\/figcaption><\/figure><p>Participamos de provas onde disputamos entre pequenos grupos uns contra os outros o que nos fez arrepiar todos os cabelos da cabe\u00e7a!<\/p><h2>Na pista:<\/h2><p>Sentimos na pele, a emo\u00e7\u00e3o de viver um dia de Velozes e Furiosos! N\u00e3o precisa nem dizer que quem ganhou a disputa foi a mam\u00e3e aqui!<\/p><p>Com seu motor 1.4 Turbo roncamos alto a bordo da releitura que temos certeza que far\u00e1 a cabe\u00e7a de muito f\u00e3 que viveu seus bons momentos no modelo anterior, mas agora com muito mais <a href=\"https:\/\/www.aarquiteta.com.br\/blog\/engenharia-civil\/tecnologia-e-inovacao\/\" class=\"ilj-generated-link\">tecnologia<\/a>!<\/p><p>Sistema multi m\u00eddia muito, parecido com o que j\u00e1 conhecemos do T-cross e o Novo Golf GTE, tela de 8 polegadas (20,32 cm) com compatibilidade com a Apple Car Play e Android Auto, assim os Far\u00f3is e lanternas de LED.<\/p><p>E para os f\u00e1s mais fervorosos detalhes em vermelho como simbolo de esportividade tamb\u00e9m s\u00e3o encontrados na cabine do motorista, nos difusores de ar condicionado, no volante e na costura pespontada dos bancos e volante.<\/p><figure id=\"attachment_32537\" aria-describedby=\"caption-attachment-32537\" style=\"width: 1100px\" class=\"wp-caption aligncenter\"><a href=\"https:\/\/www.aarquiteta.com.br\/blog\/wp-content\/uploads\/2020\/02\/interior-polo-gts.jpg\"><img decoding=\"async\" class=\"wp-image-32537\" src=\"https:\/\/www.aarquiteta.com.br\/blog\/wp-content\/uploads\/2020\/02\/interior-polo-gts-1024x576.jpg\" alt=\"\" width=\"1100\" height=\"619\" title=\"\" srcset=\"https:\/\/www.aarquiteta.com.br\/blog\/wp-content\/uploads\/2020\/02\/interior-polo-gts-1024x576.jpg 1024w, https:\/\/www.aarquiteta.com.br\/blog\/wp-content\/uploads\/2020\/02\/interior-polo-gts-696x391.jpg 696w, https:\/\/www.aarquiteta.com.br\/blog\/wp-content\/uploads\/2020\/02\/interior-polo-gts-150x84.jpg 150w, https:\/\/www.aarquiteta.com.br\/blog\/wp-content\/uploads\/2020\/02\/interior-polo-gts.jpg 1636w\" sizes=\"(max-width: 1100px) 100vw, 1100px\" \/><\/a><figcaption id=\"caption-attachment-32537\" class=\"wp-caption-text\">De carona no novo Polo GTS &#8211; Confira!<\/figcaption><\/figure><p>E por falar nos bancos eles s\u00e3o novinhos, produzidos parcialmente em couro fazem uma releitura dos modelos antigos com apoio lateral que faz com que o motorista fique travado durante as curvas, \u00e9 o carro te dando aquele abra\u00e7o!<\/p><p>E para fechar com chave de ouro corremos na chuva!<\/p><p>Conferimos de perto o novo conjunto de suspens\u00e3o modificado para a vers\u00e3o recebendo barras estabilizadoras mais grossas na parte da frente, que aumentaram de 20 para 21 mm.<\/p><p>Seu motor 1,4 turbo tamb\u00e9m trouxe novos modos de condu\u00e7\u00e3o, como o Sport que nos d\u00e1 a possibilidade de controlar o carro mais do nosso jeito em simult\u00e2neo, em que voc\u00ea ouve todo o barulho do motor roncando alto na acelera\u00e7\u00e3o.<\/p><p>O normal e o Eco que tem como op\u00e7\u00e3o a otimiza\u00e7\u00e3o do uso combust\u00edvel.<\/p><div class=\"youtube-embed\" data-video_id=\"aYzgKDRRv1w\"><iframe title=\"Corrida contra tempo: Polo GTS\" width=\"696\" height=\"522\" src=\"https:\/\/www.youtube.com\/embed\/aYzgKDRRv1w?feature=oembed&#038;enablejsapi=1\" frameborder=\"0\" allow=\"accelerometer; autoplay; clipboard-write; encrypted-media; gyroscope; picture-in-picture; web-share\" referrerpolicy=\"strict-origin-when-cross-origin\" allowfullscreen><\/iframe><\/div><p>Parab\u00e9ns Volkswagen! O novo POLO nos deixou encantados! Estamos prontos para o pr\u00f3ximo desafio!<\/p><p>Muito obrigada a todos pela oportunidade e at\u00e9 a pr\u00f3xima!<\/p><h2>E a\u00ed, gostou do artigo sobre Polo GTS &#8211; De carona no novo Polo GTS da Volkswagen?<\/h2><p>Ent\u00e3o, deslize, a tela para baixo e<a href=\"https:\/\/br.pinterest.com\/aarquitetapinterest\/_created\/\" target=\"_blank\" rel=\"noopener\"> <strong>confira<\/strong> <strong>mais dicas<\/strong><\/a> como estas e n\u00e3o se esque\u00e7a de compartilhar com os amigos!<\/p><p>Buscando por <strong>itens ou artigos para casa, decora\u00e7\u00e3o e reforma<\/strong>? Confira nosso grup\u00e3o de descontos no <strong><a href=\"https:\/\/t.me\/ofertasAArquiteta\" target=\"_blank\" rel=\"noopener\">Telegram<\/a><\/strong> ou no\u00a0<a href=\"http:\/\/bit.ly\/ofertasAArquiteta\" target=\"_blank\" rel=\"noopener\"><strong>Whatsapp<\/strong>!<\/a><\/p><p>Contudo, se voc\u00ea deseja receber <strong>ofertas de treinamentos e cursos para as \u00e1reas da Arquitetura, Design de Interiores,<\/strong> convido voc\u00ea a participar tamb\u00e9m deste grupo no <a href=\"https:\/\/t.me\/aarquitetablog\" target=\"_blank\" rel=\"noopener\"><strong>Telegram<\/strong><\/a> ou no\u00a0 <strong><a href=\"https:\/\/t.me\/aarquiteta\" target=\"_blank\" rel=\"noopener\">WhatsApp.<\/a><\/strong><\/p><p>Agora, se quiser mais artigos com dicas sobre o mundo da <a href=\"https:\/\/www.aarquiteta.com.br\/\" target=\"_blank\" rel=\"noopener\"><strong>Arquitetura e Decora\u00e7\u00e3o<\/strong><\/a>, ent\u00e3o confira alguns dos nossos artigos em:<\/p><ul><li><a href=\"https:\/\/www.aarquiteta.com.br\/blog\/paisagismo\/\" target=\"_blank\" rel=\"noopener\">Casa e Jardim<\/a><\/li><li><a href=\"https:\/\/www.aarquiteta.com.br\/blog\/arquitetura\/mundo-arquitetura\/\" target=\"_blank\" rel=\"noopener\">Mundo Arquitetura<\/a><\/li><li><a href=\"https:\/\/www.aarquiteta.com.br\/decoracao\/\" target=\"_blank\" rel=\"noopener\">Decora\u00e7\u00e3o<br \/>\n<\/a><\/li><\/ul>","protected":false},"excerpt":{"rendered":"<p>Polo GTS &#8211; De carona no novo Polo GTS da Volkswagen!Cumprindo o desafio de lan\u00e7ar 20 autom\u00f3vel at\u00e9 2020 n\u00f3s da AArquiteta seguimos o l\u00edder e estamos na cola da Volkswagen que nos convidou para participar da festa de lan\u00e7amento seu novo modelo! O Polo GTS!Ter um em sua garagem um modelo como este \u00e9 [&hellip;]<\/p>\n","protected":false},"author":102,"featured_media":32539,"comment_status":"closed","ping_status":"closed","sticky":false,"template":"","format":"standard","meta":{"footnotes":""},"categories":[11,20255],"tags":[9200,19644,9201],"class_list":["post-32526","post","type-post","status-publish","format-standard","has-post-thumbnail","category-eventos-a-arquiteta","category-olkswagen","tag-novo-polo","tag-polo","tag-polo-gts"],"_wp_attached_file":null,"_wp_attachment_metadata":null,"_wp_attachment_context":null,"_wp_attachment_is_custom_header":null,"geo_longitude":null,"geo_public":null,"geo_latitude":null,"_publicize_done_external":null,"_wpas_done_3897181":null,"publicize_twitter_user":null,"_wpas_done_3897175":null,"_wpas_skip_3897181":null,"_wpas_skip_3897175":null,"_wpas_skip_3924723":null,"_wpas_mess":null,"_wpas_done_3924723":null,"wps_subtitle":"Confira nossa participa\u00e7\u00e3o no evento \u201cde carona no novo Polo GTS\u201d onde pilotamos o novo Polo da Volkswagem!","_links":{"self":[{"href":"https:\/\/www.aarquiteta.com.br\/blog\/wp-json\/wp\/v2\/posts\/32526","targetHints":{"allow":["GET"]}}],"collection":[{"href":"https:\/\/www.aarquiteta.com.br\/blog\/wp-json\/wp\/v2\/posts"}],"about":[{"href":"https:\/\/www.aarquiteta.com.br\/blog\/wp-json\/wp\/v2\/types\/post"}],"author":[{"embeddable":true,"href":"https:\/\/www.aarquiteta.com.br\/blog\/wp-json\/wp\/v2\/users\/102"}],"replies":[{"embeddable":true,"href":"https:\/\/www.aarquiteta.com.br\/blog\/wp-json\/wp\/v2\/comments?post=32526"}],"version-history":[{"count":0,"href":"https:\/\/www.aarquiteta.com.br\/blog\/wp-json\/wp\/v2\/posts\/32526\/revisions"}],"wp:featuredmedia":[{"embeddable":true,"href":"https:\/\/www.aarquiteta.com.br\/blog\/wp-json\/wp\/v2\/media\/32539"}],"wp:attachment":[{"href":"https:\/\/www.aarquiteta.com.br\/blog\/wp-json\/wp\/v2\/media?parent=32526"}],"wp:term":[{"taxonomy":"category","embeddable":true,"href":"https:\/\/www.aarquiteta.com.br\/blog\/wp-json\/wp\/v2\/categories?post=32526"},{"taxonomy":"post_tag","embeddable":true,"href":"https:\/\/www.aarquiteta.com.br\/blog\/wp-json\/wp\/v2\/tags?post=32526"}],"curies":[{"name":"wp","href":"https:\/\/api.w.org\/{rel}","templated":true}]}}