{"id":32000,"date":"2022-01-15T10:00:19","date_gmt":"2022-01-15T13:00:19","guid":{"rendered":"http:\/\/aarquiteta.com.br\/?p=32000"},"modified":"2024-09-15T08:34:18","modified_gmt":"2024-09-15T11:34:18","slug":"estilo-no-design-de-interiores","status":"publish","type":"post","link":"https:\/\/www.aarquiteta.com.br\/blog\/estilo-no-design-de-interiores\/","title":{"rendered":"Estilo no Design de Interiores &#8211; Descubra qual o seu!"},"content":{"rendered":"<h6 style=\"text-align: center;\"><img decoding=\"async\" class=\"aligncenter size-full wp-image-40321\" src=\"https:\/\/www.aarquiteta.com.br\/blog\/wp-content\/uploads\/2022\/01\/estilo-no-design-de-interiores.jpg\" alt=\"\" width=\"700\" height=\"400\" title=\"\" srcset=\"https:\/\/www.aarquiteta.com.br\/blog\/wp-content\/uploads\/2022\/01\/estilo-no-design-de-interiores.jpg 700w, https:\/\/www.aarquiteta.com.br\/blog\/wp-content\/uploads\/2022\/01\/estilo-no-design-de-interiores-696x398.jpg 696w, https:\/\/www.aarquiteta.com.br\/blog\/wp-content\/uploads\/2022\/01\/estilo-no-design-de-interiores-150x86.jpg 150w\" sizes=\"(max-width: 700px) 100vw, 700px\" \/><\/h6><p>Estilo no <a href=\"https:\/\/www.aarquiteta.com.br\/blog\/cursos-de-arquitetura-e-decoracao\/curso-de-design-de-interiores\/\">Design de Interiores<\/a> &#8211; Descubra qual o seu estilo preferido!<\/p><p>Ao iniciar qualquer <a href=\"https:\/\/www.aarquiteta.com.br\/blog\/?s=PROJETO\">projeto<\/a> de Design de Interiores, seria ideal que antes voc\u00ea tivesse\u00a0 algum tipo de refer\u00eancia de estilo de design ou alguma inspira\u00e7\u00e3o em mente.<\/p><p>Se voc\u00ea est\u00e1 ciente de quais os estilos de Design que voc\u00ea se sente mais atra\u00eddo, encontrar uma musa inspiradora para se inspirar ser\u00e1 bastante f\u00e1cil.<\/p><p>Caso contr\u00e1rio, pode ser dif\u00edcil at\u00e9 descobrir por onde come\u00e7ar.\u00a0Nesse caso, a pergunta que devemos fazer \u00e9: como eu consigo descobrir qual o meu estilo favorito no Design de Interiores?<\/p><p>Neste artigo voc\u00ea encontrar\u00e1 algumas perguntas para identificar qual o seu estilo de Design de Interiores preferido.<\/p><p>Responda a cada uma delas e descubra-se no mundo do Design!<\/p><p><iframe title=\"Decore f\u00e1cil: O que \u00e9 decora\u00e7\u00e3o de ambientes?\" width=\"696\" height=\"392\" src=\"https:\/\/www.youtube.com\/embed\/9PjhGXgCGLU?feature=oembed\" frameborder=\"0\" allow=\"accelerometer; autoplay; clipboard-write; encrypted-media; gyroscope; picture-in-picture; web-share\" allowfullscreen><\/iframe><\/p><h2>Estilo no Design de Interiores &#8211; Descubra qual o seu estilo preferido!<\/h2><p>Encontrar o seu estilo no Design de interiores pela primeira vez pode ser dif\u00edcil.<\/p><p>Afinal, voc\u00ea sabe por onde come\u00e7ar? E como montar uma sala inteira?<\/p><p>Voc\u00ea n\u00e3o precisa passar por esse processo sozinho.<\/p><p>Deixe as perguntas acima fornecerem uma orienta\u00e7\u00e3o para encontrar sua inspira\u00e7\u00e3o de Design.<\/p><figure id=\"attachment_32002\" aria-describedby=\"caption-attachment-32002\" style=\"width: 1100px\" class=\"wp-caption aligncenter\"><a href=\"https:\/\/www.aarquiteta.com.br\/blog\/wp-content\/uploads\/2019\/10\/pia_om_bancada_de_m\u00e1rmore_e_quatro_cadeiras_de_metal.jpg\"><img decoding=\"async\" class=\"wp-image-32002\" title=\"Estilo no Design de Interiores - Descubra qual o seu!\" src=\"https:\/\/www.aarquiteta.com.br\/blog\/wp-content\/uploads\/2019\/10\/pia_om_bancada_de_m\u00e1rmore_e_quatro_cadeiras_de_metal-300x186.jpg\" alt=\"Estilo no Design de Interiores - Descubra qual o seu!\" width=\"1100\" height=\"683\" \/><\/a><figcaption id=\"caption-attachment-32002\" class=\"wp-caption-text\">Estilo no Design de Interiores &#8211; Descubra qual o seu! <em>Voc\u00ea \u00e9 mais moderno ou tradicional?\u00a0Imagem:\u00a0Forsite Studio.<\/em><\/figcaption><\/figure><p>Primeiramente comece respondendo uma a uma das perguntas propostas a seguir, e na sequ\u00eancia busque identifica\u00e7\u00e3o em cada uma das op\u00e7\u00f5es correspondentes.<\/p><p>No final, pesquise o estilo que mais lhe chamou sua aten\u00e7\u00e3o e veja como voc\u00ea se sente em rela\u00e7\u00e3o a essa identifica\u00e7\u00e3o.<\/p><p>Aposto que voc\u00ea encontrar\u00e1 um estilo no Design de Interiores que se refletir\u00e1 em voc\u00ea.<\/p><h2>Estilo no Design de Interiores &#8211; Como descobrir o meu estilo?<\/h2><h3>Pergunta 1 &#8211; Passado ou presente?<\/h3><p>a) Se voc\u00ea gosta do passado, voc\u00ea deve considerar:<\/p><ul><li><strong>Vintage:\u00a0 <\/strong>cheio de linhas elegantes com um toque dos anos 60,\u00a0 este estilo far\u00e1 voc\u00ea se sentir como se estivesse no set de\u00a0 <em>Mad Men<\/em>\u00a0.<\/li><li><strong><b>Art Nouveau<\/b>:\u00a0<\/strong> o Design inspirado no pa\u00eds franc\u00eas \u00e9 cheio de romance.\u00a0 Os m\u00f3veis elegantemente curvados e a decora\u00e7\u00e3o opulenta lembram um pal\u00e1cio real.<\/li><li><strong>Cl\u00e1ssico:<\/strong> o Design tradicional \u00e9 o ep\u00edtome do \u201cvelho mundo\u201d. Linhas cl\u00e1ssicas, m\u00f3veis confort\u00e1veis \u200b\u200be linhas organizadas reinam em absoluto.<\/li><\/ul><p>b) Se voc\u00ea preferir apreciar o presente pode se sentir atra\u00eddo por:<\/p><ul><li><strong>Moderno:<\/strong> como o nome sugere, linhas ultra limpas e minimalista s\u00e3o as chaves para as principais tend\u00eancias de Design atuais.<\/li><li><strong><a href=\"https:\/\/www.aarquiteta.com.br\/blog\/decoracao\/estilos-de-decoracao-de-interiores\/estilo-escandinavo-na-decoracao\/\" class=\"ilj-generated-link\">Escandinavo<\/a>: <\/strong>utiliza madeiras quentes e tapetes, o Design escandinavo \u00e9 uma mistura de moderno e r\u00fastico.<\/li><li><strong>Ecl\u00e9tico:\u00a0<\/strong> definido pela rejei\u00e7\u00e3o de conven\u00e7\u00f5es tradicionais, o Design ecl\u00e9tico oferece a chance de criar sua pr\u00f3pria est\u00e9tica casual.<\/li><\/ul><figure id=\"attachment_32004\" aria-describedby=\"caption-attachment-32004\" style=\"width: 1100px\" class=\"wp-caption aligncenter\"><a href=\"https:\/\/www.aarquiteta.com.br\/blog\/wp-content\/uploads\/2019\/10\/sala_de_estar_azul_e_branco_e_sof\u00e1_cinza_com_almofadas_coloridas.jpg\"><img decoding=\"async\" class=\"wp-image-32004\" title=\"Estilo no Design de Interiores - Descubra qual o seu!\" src=\"https:\/\/www.aarquiteta.com.br\/blog\/wp-content\/uploads\/2019\/10\/sala_de_estar_azul_e_branco_e_sof\u00e1_cinza_com_almofadas_coloridas-300x186.jpg\" alt=\"Estilo no Design de Interiores - Descubra qual o seu!\" width=\"1100\" height=\"683\" \/><\/a><figcaption id=\"caption-attachment-32004\" class=\"wp-caption-text\">Estilo no Design de Interiores &#8211; Descubra qual o seu! <em>Voc\u00ea prefere ter muita cor ou muitos tons neutros?\u00a0Imagem:\u00a0Lucy and Company<\/em><\/figcaption><\/figure><h3>Pergunta 2 &#8211; Muito colorido ou tons Neutros?<\/h3><p>a) Se voc\u00ea gosta de <a href=\"https:\/\/www.aarquiteta.com.br\/blog\/?s=CORES\">cores<\/a> brilhantes e arrojadas, voc\u00ea pode se interessar por:<\/p><ul><li><strong>Contempor\u00e2neo:\u00a0<\/strong> o Design contempor\u00e2neo \u00e9 cheio de cores ousadas e saturadas, como laranja queimado, amarelo mostarda e azul-marinho.<\/li><li><strong>Ecl\u00e9tico<\/strong>:\u00a0\u00a0o aspecto de criar seu pr\u00f3prio Design ecl\u00e9tico significa que voc\u00ea pode usar basicamente qualquer mistura de cores que chamar sua aten\u00e7\u00e3o.<\/li><li><strong>Tradicional ou Cl\u00e1ssico:<\/strong> o design tradicional trata de invocar riqueza. Envolve muitas cores escuras e profundas, como vermelhos, azuis e verdes.<\/li><\/ul><p>b) Entretanto, se voc\u00ea gosta dos tons neutros, pode preferir:<\/p><ul><li><strong>Moderno:<\/strong> os modernos s\u00e3o geralmente constru\u00eddos em torno de tons monocrom\u00e1ticos.<\/li><li><strong>Escandinavo:<\/strong>\u00a0\u00a0a base de uma paleta de cores escandinava \u00e9 baseada em brancos e cinzas.\u00a0\u00c0s vezes, existem cores sutis como rosa e azul.<\/li><li><strong>Mar\u00edtimo:\u00a0<\/strong> brancos e bronzeados s\u00e3o a espinha dorsal do estilo costeiro. Como voc\u00ea pode imaginar, o azul \u00e9 a cor de destaque dominante.<\/li><\/ul><figure id=\"attachment_32001\" aria-describedby=\"caption-attachment-32001\" style=\"width: 953px\" class=\"wp-caption aligncenter\"><a href=\"https:\/\/www.aarquiteta.com.br\/blog\/wp-content\/uploads\/2019\/10\/banheiro_branco_com_box_de_vidro_transparente.jpg\"><img decoding=\"async\" class=\"wp-image-32001\" title=\"Estilo no Design de Interiores - Descubra qual o seu!\" src=\"https:\/\/www.aarquiteta.com.br\/blog\/wp-content\/uploads\/2019\/10\/banheiro_branco_com_box_de_vidro_transparente-300x185.jpg\" alt=\"Estilo no Design de Interiores - Descubra qual o seu!\" width=\"953\" height=\"588\" \/><\/a><figcaption id=\"caption-attachment-32001\" class=\"wp-caption-text\">Estilo no Design de Interiores &#8211; Descubra qual o seu! <em>Voc\u00ea prefere ter minimalismo ou opul\u00eancia?\u00a0Imagem:\u00a0Anastacia Schular.<\/em><\/figcaption><\/figure><h3>Pergunta 3 &#8211; Menos \u00e9 mais ou mais \u00e9 mais?<\/h3><p>a) Se voc\u00ea acredita que <strong>menos \u00e9 mais<\/strong>, pode aproveitar:<\/p><ul><li><strong>Contempor\u00e2neo:<\/strong> os espa\u00e7os contempor\u00e2neos t\u00eam uma sensa\u00e7\u00e3o de limpeza.\u00a0Existem poucos acess\u00f3rios, a maioria dos quais com fun\u00e7\u00f5es avan\u00e7adas.<\/li><li><strong>Moderno:<\/strong> os Designs modernos s\u00e3o sobre minimalismo e incluem muito espa\u00e7o negativo.<\/li><li><strong>Escandinavo:<\/strong> os escandinavos acreditam em um conceito chamado aconchego, parte do qual se concentra em se sentir confort\u00e1vel sem exagerar.<\/li><\/ul><p>b) Se voc\u00ea \u00e9 f\u00e3 de uma filosofia, <strong>mais \u00e9 mais,<\/strong> confira:<\/p><ul><li><strong>Ecl\u00e9tico:\u00a0<\/strong> ao montar um Design ecl\u00e9tico, \u00e9 importante equilibrar a sala com muitos acess\u00f3rios exclusivos.<\/li><li><strong>Tradicional\/Cl\u00e1ssico:<\/strong> a\u00a0apar\u00eancia tradicional \u00e9 sobre criar uma sensa\u00e7\u00e3o de aconchego.\u00a0Estes quartos t\u00eam muitos acess\u00f3rios, geralmente heran\u00e7a ou pe\u00e7as com hist\u00f3ria.<\/li><li><strong><b>Art Nouveau<\/b>: <\/strong>o estilo dos pa\u00edses franceses s\u00e3o definidos pela opul\u00eancia. Ouro e bordados s\u00e3o comuns.<\/li><\/ul><figure id=\"attachment_32003\" aria-describedby=\"caption-attachment-32003\" style=\"width: 1100px\" class=\"wp-caption aligncenter\"><a href=\"https:\/\/www.aarquiteta.com.br\/blog\/wp-content\/uploads\/2019\/10\/quarto_r\u00fastico_com_duas_poltronas_brancas.jpg\"><img decoding=\"async\" class=\"wp-image-32003\" title=\"Quarto r\u00fastico com duas poltronas brancas.\" src=\"https:\/\/www.aarquiteta.com.br\/blog\/wp-content\/uploads\/2019\/10\/quarto_r\u00fastico_com_duas_poltronas_brancas-300x189.jpg\" alt=\"\" width=\"1100\" height=\"694\"><\/a><figcaption id=\"caption-attachment-32003\" class=\"wp-caption-text\">Voc\u00ea prefere um visual mais urbano ou r\u00fastico? Imagem: Tate Interiors.<\/figcaption><\/figure><h3>Pergunta 4 &#8211;\u00a0 Cidade ou pa\u00eds?<\/h3><p>a) Se voc\u00ea se sentir em casa na cidade, voc\u00ea prefere:<\/p><ul><li><strong>Moderno: <\/strong>as cidades s\u00e3o centros de Design moderno e de novas ideias.<\/li><li><strong>Contempor\u00e2neo:\u00a0<\/strong> o Design contempor\u00e2neo pode ser do passado, mas era muito moderno para a \u00e9poca. Ele conseguiu resistir ao teste do tempo sem se sentir desatualizado.<\/li><li><strong>Escandinavo<\/strong>: os\u00a0 escandinavos s\u00e3o primos do Design moderno. Eles seguem os mesmos princ\u00edpios com um toque europeu.<\/li><\/ul><p>b) Se voc\u00ea preferir estar no pa\u00eds, pode se sentir atra\u00eddo por:<\/p><ul><li><strong>R\u00fastico:<\/strong> como o nome sugere, esse estilo \u00e9 constru\u00eddo em torno da ideia de morar em uma cabana na floresta.<\/li><li><strong>Mar\u00edtimo:\u00a0<\/strong>Embora possa n\u00e3o ser arborizado, os estilos costeiros s\u00e3o uma boa op\u00e7\u00e3o para quem gosta de passar tempo na praia.<\/li><li><strong><b>Art Nouveau<\/b>: <\/strong>est\u00e1 no nome. Os estilos de pa\u00edses franceses \u00a0s\u00e3o uma varia\u00e7\u00e3o do r\u00fastico europeu.<\/li><\/ul><figure id=\"attachment_32006\" aria-describedby=\"caption-attachment-32006\" style=\"width: 1100px\" class=\"wp-caption aligncenter\"><a href=\"https:\/\/www.aarquiteta.com.br\/blog\/wp-content\/uploads\/2019\/10\/sala_de_estar_com_duas_janelas_grandes_na_cor_branca.jpg\"><img decoding=\"async\" class=\"wp-image-32006\" title=\"Sala de estar com duas janelas grandes na cor branca.\" src=\"https:\/\/www.aarquiteta.com.br\/blog\/wp-content\/uploads\/2019\/10\/sala_de_estar_com_duas_janelas_grandes_na_cor_branca-300x185.jpg\" alt=\"\" width=\"1100\" height=\"677\"><\/a><figcaption id=\"caption-attachment-32006\" class=\"wp-caption-text\">Use essas dicas para conhecer seu estilo de design de interiores. Imagem: Benjamin Moore.<\/figcaption><\/figure><p>E a\u00ed, conseguiu encontrar qual a sua prefer\u00eancia de estilo no Design de Interiores?<\/p><p>Compartilhe sua experi\u00eancia conosco nos coment\u00e1rios!<\/p><pre><em><span class=\"author-info\">Refer\u00eancia: Tara Mastroeni\u00a0<\/span>\u00a0<span class=\"hidden-xs\">\u00a0Janeiro 4, 2018 em\u00a0Veryome \u00a0\/\u00a0Id\u00e9ias de decora\u00e7\u00e3o\u00a0\/\u00a0Design e decora\u00e7\u00e3o.\u00a0<\/span><\/em><\/pre><div id='gallery-1' class='gallery galleryid-32000 gallery-columns-3 gallery-size-thumbnail'><figure class='gallery-item'>\t\t\t<div class='gallery-icon landscape'>\t\t\t\t<a href='https:\/\/www.aarquiteta.com.br\/blog\/sala-de-estar-decorada\/'><img decoding=\"async\" width=\"128\" height=\"73\" src=\"https:\/\/www.aarquiteta.com.br\/blog\/wp-content\/uploads\/2022\/02\/sala-de-estar-decorada.jpg\" class=\"attachment-thumbnail size-thumbnail\" alt=\"Erros de Design de Interiores - 10 dicas para voc\u00ea nunca mais errar!\" aria-describedby=\"gallery-1-42717\" srcset=\"https:\/\/www.aarquiteta.com.br\/blog\/wp-content\/uploads\/2022\/02\/sala-de-estar-decorada.jpg 700w, https:\/\/www.aarquiteta.com.br\/blog\/wp-content\/uploads\/2022\/02\/sala-de-estar-decorada-696x398.jpg 696w, https:\/\/www.aarquiteta.com.br\/blog\/wp-content\/uploads\/2022\/02\/sala-de-estar-decorada-150x86.jpg 150w\" sizes=\"(max-width: 128px) 100vw, 128px\" title=\"\"><\/a>\t\t\t<\/div>\t\t\t\t<figcaption class='wp-caption-text gallery-caption' id='gallery-1-42717'>\t\t\t\tErros de Design de Interiores &#8211; 10 dicas para voc\u00ea nunca mais errar!\t\t\t\t<\/figcaption><\/figure><figure class='gallery-item'>\t\t\t<div class='gallery-icon landscape'>\t\t\t\t<a href='https:\/\/www.aarquiteta.com.br\/blog\/dicas-de-modelos-de-sofa-capitone1\/'><img decoding=\"async\" width=\"128\" height=\"73\" src=\"https:\/\/www.aarquiteta.com.br\/blog\/wp-content\/uploads\/2022\/02\/Dicas-de-modelos-de-sofa-capitone1.png\" class=\"attachment-thumbnail size-thumbnail\" alt=\"Por que o veludo voltou a reinar absoluto na decora\u00e7\u00e3o em 2023?\" srcset=\"https:\/\/www.aarquiteta.com.br\/blog\/wp-content\/uploads\/2022\/02\/Dicas-de-modelos-de-sofa-capitone1.png 700w, https:\/\/www.aarquiteta.com.br\/blog\/wp-content\/uploads\/2022\/02\/Dicas-de-modelos-de-sofa-capitone1-696x398.png 696w, https:\/\/www.aarquiteta.com.br\/blog\/wp-content\/uploads\/2022\/02\/Dicas-de-modelos-de-sofa-capitone1-150x86.png 150w\" sizes=\"(max-width: 128px) 100vw, 128px\" title=\"\"><\/a>\t\t\t<\/div><\/figure><figure class='gallery-item'>\t\t\t<div class='gallery-icon landscape'>\t\t\t\t<a href='https:\/\/www.aarquiteta.com.br\/blog\/dicas-de-como-escolher-mesa-de-centro1\/'><img decoding=\"async\" width=\"128\" height=\"73\" src=\"https:\/\/www.aarquiteta.com.br\/blog\/wp-content\/uploads\/2022\/01\/Dicas-de-como-escolher-mesa-de-centro1.jpg\" class=\"attachment-thumbnail size-thumbnail\" alt=\"Escolher design da mesa de centro\" srcset=\"https:\/\/www.aarquiteta.com.br\/blog\/wp-content\/uploads\/2022\/01\/Dicas-de-como-escolher-mesa-de-centro1.jpg 700w, https:\/\/www.aarquiteta.com.br\/blog\/wp-content\/uploads\/2022\/01\/Dicas-de-como-escolher-mesa-de-centro1-696x398.jpg 696w, https:\/\/www.aarquiteta.com.br\/blog\/wp-content\/uploads\/2022\/01\/Dicas-de-como-escolher-mesa-de-centro1-150x86.jpg 150w\" sizes=\"(max-width: 128px) 100vw, 128px\" title=\"\"><\/a>\t\t\t<\/div><\/figure><figure class='gallery-item'>\t\t\t<div class='gallery-icon portrait'>\t\t\t\t<a href='https:\/\/www.aarquiteta.com.br\/blog\/cropped-as-4-regras-basicas-sobre-cor-que-todo-design-de-interiores-precisa-saber-e1642951225194-jpg\/'><img decoding=\"async\" width=\"128\" height=\"82\" src=\"https:\/\/www.aarquiteta.com.br\/blog\/wp-content\/uploads\/2019\/07\/cropped-As-4-regras-basicas-sobre-cor-que-todo-design-de-interiores-precisa-saber-e1642951225194-225x145.jpg\" class=\"attachment-thumbnail size-thumbnail\" alt=\"cropped-As-4-regras-basicas-sobre-cor-que-todo-design-de-interiores-precisa-saber-e1642951225194.jpg\" title=\"\"><\/a>\t\t\t<\/div><\/figure><figure class='gallery-item'>\t\t\t<div class='gallery-icon landscape'>\t\t\t\t<a href='https:\/\/www.aarquiteta.com.br\/blog\/luz-de-canto\/'><img decoding=\"async\" width=\"128\" height=\"84\" src=\"https:\/\/www.aarquiteta.com.br\/blog\/wp-content\/uploads\/2022\/01\/luz-de-canto.jpg\" class=\"attachment-thumbnail size-thumbnail\" alt=\"\" aria-describedby=\"gallery-1-40275\" srcset=\"https:\/\/www.aarquiteta.com.br\/blog\/wp-content\/uploads\/2022\/01\/luz-de-canto.jpg 905w, https:\/\/www.aarquiteta.com.br\/blog\/wp-content\/uploads\/2022\/01\/luz-de-canto-696x459.jpg 696w, https:\/\/www.aarquiteta.com.br\/blog\/wp-content\/uploads\/2022\/01\/luz-de-canto-150x99.jpg 150w\" sizes=\"(max-width: 128px) 100vw, 128px\" title=\"\"><\/a>\t\t\t<\/div>\t\t\t\t<figcaption class='wp-caption-text gallery-caption' id='gallery-1-40275'>\t\t\t\tDesign criado por Ana Karina Chaves e Klazina Norden \t\t\t\t<\/figcaption><\/figure><figure class='gallery-item'>\t\t\t<div class='gallery-icon landscape'>\t\t\t\t<a href='https:\/\/www.aarquiteta.com.br\/blog\/estilo-no-design-de-interiores\/estilo-no-design-de-interiores-2\/'><img decoding=\"async\" width=\"128\" height=\"73\" src=\"https:\/\/www.aarquiteta.com.br\/blog\/wp-content\/uploads\/2022\/01\/estilo-no-design-de-interiores.jpg\" class=\"attachment-thumbnail size-thumbnail\" alt=\"\" srcset=\"https:\/\/www.aarquiteta.com.br\/blog\/wp-content\/uploads\/2022\/01\/estilo-no-design-de-interiores.jpg 700w, https:\/\/www.aarquiteta.com.br\/blog\/wp-content\/uploads\/2022\/01\/estilo-no-design-de-interiores-696x398.jpg 696w, https:\/\/www.aarquiteta.com.br\/blog\/wp-content\/uploads\/2022\/01\/estilo-no-design-de-interiores-150x86.jpg 150w\" sizes=\"(max-width: 128px) 100vw, 128px\" title=\"\"><\/a>\t\t\t<\/div><\/figure><figure class='gallery-item'>\t\t\t<div class='gallery-icon landscape'>\t\t\t\t<a href='https:\/\/www.aarquiteta.com.br\/blog\/tendencias-de-decoracao-de-design-de-interiores1\/'><img decoding=\"async\" width=\"128\" height=\"73\" src=\"https:\/\/www.aarquiteta.com.br\/blog\/wp-content\/uploads\/2022\/01\/Tendencias-de-decoracao-de-design-de-interiores1.jpg\" class=\"attachment-thumbnail size-thumbnail\" alt=\"Experimente um estilo monocrom\u00e1tico em guarni\u00e7\u00f5es e molduras internas coloridas\" srcset=\"https:\/\/www.aarquiteta.com.br\/blog\/wp-content\/uploads\/2022\/01\/Tendencias-de-decoracao-de-design-de-interiores1.jpg 700w, https:\/\/www.aarquiteta.com.br\/blog\/wp-content\/uploads\/2022\/01\/Tendencias-de-decoracao-de-design-de-interiores1-696x398.jpg 696w, https:\/\/www.aarquiteta.com.br\/blog\/wp-content\/uploads\/2022\/01\/Tendencias-de-decoracao-de-design-de-interiores1-150x86.jpg 150w\" sizes=\"(max-width: 128px) 100vw, 128px\" title=\"\"><\/a>\t\t\t<\/div><\/figure><figure class='gallery-item'>\t\t\t<div class='gallery-icon landscape'>\t\t\t\t<a href='https:\/\/www.aarquiteta.com.br\/blog\/solucoes-tecnologicas-no-design-de-interiores\/solucoes-tecnologicas-no-design-de-interiores-2\/'><img decoding=\"async\" width=\"128\" height=\"73\" src=\"https:\/\/www.aarquiteta.com.br\/blog\/wp-content\/uploads\/2022\/01\/Solucoes-tecnologicas-no-Design-de-Interiores.jpg\" class=\"attachment-thumbnail size-thumbnail\" alt=\"\" srcset=\"https:\/\/www.aarquiteta.com.br\/blog\/wp-content\/uploads\/2022\/01\/Solucoes-tecnologicas-no-Design-de-Interiores.jpg 700w, https:\/\/www.aarquiteta.com.br\/blog\/wp-content\/uploads\/2022\/01\/Solucoes-tecnologicas-no-Design-de-Interiores-696x398.jpg 696w, https:\/\/www.aarquiteta.com.br\/blog\/wp-content\/uploads\/2022\/01\/Solucoes-tecnologicas-no-Design-de-Interiores-150x86.jpg 150w\" sizes=\"(max-width: 128px) 100vw, 128px\" title=\"\"><\/a>\t\t\t<\/div><\/figure><figure class='gallery-item'>\t\t\t<div class='gallery-icon landscape'>\t\t\t\t<a href='https:\/\/www.aarquiteta.com.br\/blog\/tendencias-de-decoracao\/interior-design-trends-2022_-18-top-looks-from-experts-decorilla-online-interior-design-2\/'><img decoding=\"async\" width=\"128\" height=\"85\" src=\"https:\/\/www.aarquiteta.com.br\/blog\/wp-content\/uploads\/2021\/11\/Interior-Design-Trends-2022_-18-Top-Looks-from-Experts-Decorilla-Online-Interior-Design.jpg\" class=\"attachment-thumbnail size-thumbnail\" alt=\"\" srcset=\"https:\/\/www.aarquiteta.com.br\/blog\/wp-content\/uploads\/2021\/11\/Interior-Design-Trends-2022_-18-Top-Looks-from-Experts-Decorilla-Online-Interior-Design.jpg 1000w, https:\/\/www.aarquiteta.com.br\/blog\/wp-content\/uploads\/2021\/11\/Interior-Design-Trends-2022_-18-Top-Looks-from-Experts-Decorilla-Online-Interior-Design-696x464.jpg 696w, https:\/\/www.aarquiteta.com.br\/blog\/wp-content\/uploads\/2021\/11\/Interior-Design-Trends-2022_-18-Top-Looks-from-Experts-Decorilla-Online-Interior-Design-150x100.jpg 150w\" sizes=\"(max-width: 128px) 100vw, 128px\" title=\"\"><\/a>\t\t\t<\/div><\/figure><figure class='gallery-item'>\t\t\t<div class='gallery-icon portrait'>\t\t\t\t<a href='https:\/\/www.aarquiteta.com.br\/blog\/design-de-interiores\/'><img decoding=\"async\" width=\"72\" height=\"96\" src=\"https:\/\/www.aarquiteta.com.br\/blog\/wp-content\/uploads\/2021\/10\/design-de-interiores.jpg\" class=\"attachment-thumbnail size-thumbnail\" alt=\"exemplo de um bom design de interiores aplicado\" aria-describedby=\"gallery-1-34940\" srcset=\"https:\/\/www.aarquiteta.com.br\/blog\/wp-content\/uploads\/2021\/10\/design-de-interiores.jpg 800w, https:\/\/www.aarquiteta.com.br\/blog\/wp-content\/uploads\/2021\/10\/design-de-interiores-768x1024.jpg 768w, https:\/\/www.aarquiteta.com.br\/blog\/wp-content\/uploads\/2021\/10\/design-de-interiores-696x927.jpg 696w, https:\/\/www.aarquiteta.com.br\/blog\/wp-content\/uploads\/2021\/10\/design-de-interiores-640x853.jpg 640w, https:\/\/www.aarquiteta.com.br\/blog\/wp-content\/uploads\/2021\/10\/design-de-interiores-150x200.jpg 150w\" sizes=\"(max-width: 72px) 100vw, 72px\" title=\"\"><\/a>\t\t\t<\/div>\t\t\t\t<figcaption class='wp-caption-text gallery-caption' id='gallery-1-34940'>\t\t\t\tVia Pinterest\t\t\t\t<\/figcaption><\/figure><figure class='gallery-item'>\t\t\t<div class='gallery-icon landscape'>\t\t\t\t<a href='https:\/\/www.aarquiteta.com.br\/blog\/decoracao-de-sala\/1-20\/'><img decoding=\"async\" width=\"128\" height=\"85\" src=\"https:\/\/www.aarquiteta.com.br\/blog\/wp-content\/uploads\/2019\/06\/1-1-e1636249116958.jpg\" class=\"attachment-thumbnail size-thumbnail\" alt=\"\" aria-describedby=\"gallery-1-26170\" srcset=\"https:\/\/www.aarquiteta.com.br\/blog\/wp-content\/uploads\/2019\/06\/1-1-e1636249116958.jpg 800w, https:\/\/www.aarquiteta.com.br\/blog\/wp-content\/uploads\/2019\/06\/1-1-e1636249116958-696x464.jpg 696w, https:\/\/www.aarquiteta.com.br\/blog\/wp-content\/uploads\/2019\/06\/1-1-e1636249116958-150x100.jpg 150w\" sizes=\"(max-width: 128px) 100vw, 128px\" title=\"\"><\/a>\t\t\t<\/div>\t\t\t\t<figcaption class='wp-caption-text gallery-caption' id='gallery-1-26170'>\t\t\t\tImage: Toronto Interior Design Group\t\t\t\t<\/figcaption><\/figure><figure class='gallery-item'>\t\t\t<div class='gallery-icon landscape'>\t\t\t\t<a href='https:\/\/www.aarquiteta.com.br\/blog\/10-erros-que-quase-todos-cometem-em-design-de-interiores-2\/'><img decoding=\"async\" width=\"128\" height=\"90\" src=\"https:\/\/www.aarquiteta.com.br\/blog\/wp-content\/uploads\/2019\/07\/10-erros-que-quase-todos-cometem-em-design-de-interiores.jpg\" class=\"attachment-thumbnail size-thumbnail\" alt=\"\" srcset=\"https:\/\/www.aarquiteta.com.br\/blog\/wp-content\/uploads\/2019\/07\/10-erros-que-quase-todos-cometem-em-design-de-interiores.jpg 730w, https:\/\/www.aarquiteta.com.br\/blog\/wp-content\/uploads\/2019\/07\/10-erros-que-quase-todos-cometem-em-design-de-interiores-696x491.jpg 696w, https:\/\/www.aarquiteta.com.br\/blog\/wp-content\/uploads\/2019\/07\/10-erros-que-quase-todos-cometem-em-design-de-interiores-150x106.jpg 150w\" sizes=\"(max-width: 128px) 100vw, 128px\" title=\"\"><\/a>\t\t\t<\/div><\/figure><figure class='gallery-item'>\t\t\t<div class='gallery-icon landscape'>\t\t\t\t<a href='https:\/\/www.aarquiteta.com.br\/blog\/?attachment_id=16105'><img decoding=\"async\" width=\"128\" height=\"77\" src=\"https:\/\/www.aarquiteta.com.br\/blog\/wp-content\/uploads\/2019\/04\/design-de-interiores-a-arquiteta.jpg\" class=\"attachment-thumbnail size-thumbnail\" alt=\"Pacote de cursos Design de Interiores Total\" aria-describedby=\"gallery-1-16105\" srcset=\"https:\/\/www.aarquiteta.com.br\/blog\/wp-content\/uploads\/2019\/04\/design-de-interiores-a-arquiteta.jpg 1200w, https:\/\/www.aarquiteta.com.br\/blog\/wp-content\/uploads\/2019\/04\/design-de-interiores-a-arquiteta-1024x614.jpg 1024w, https:\/\/www.aarquiteta.com.br\/blog\/wp-content\/uploads\/2019\/04\/design-de-interiores-a-arquiteta-696x418.jpg 696w, https:\/\/www.aarquiteta.com.br\/blog\/wp-content\/uploads\/2019\/04\/design-de-interiores-a-arquiteta-150x90.jpg 150w\" sizes=\"(max-width: 128px) 100vw, 128px\" title=\"\"><\/a>\t\t\t<\/div>\t\t\t\t<figcaption class='wp-caption-text gallery-caption' id='gallery-1-16105'>\t\t\t\tImagem: rangeldesigndeinteriores.com.br\t\t\t\t<\/figcaption><\/figure><figure class='gallery-item'>\t\t\t<div class='gallery-icon landscape'>\t\t\t\t<a href='https:\/\/www.aarquiteta.com.br\/blog\/?attachment_id=15757'><img decoding=\"async\" width=\"128\" height=\"72\" src=\"https:\/\/www.aarquiteta.com.br\/blog\/wp-content\/uploads\/2019\/01\/tendencias-2019-arquiteta-7.jpg\" class=\"attachment-thumbnail size-thumbnail\" alt=\"tend\u00eancias arquitetura 2019\" aria-describedby=\"gallery-1-15757\" srcset=\"https:\/\/www.aarquiteta.com.br\/blog\/wp-content\/uploads\/2019\/01\/tendencias-2019-arquiteta-7.jpg 770w, https:\/\/www.aarquiteta.com.br\/blog\/wp-content\/uploads\/2019\/01\/tendencias-2019-arquiteta-7-696x391.jpg 696w, https:\/\/www.aarquiteta.com.br\/blog\/wp-content\/uploads\/2019\/01\/tendencias-2019-arquiteta-7-150x84.jpg 150w\" sizes=\"(max-width: 128px) 100vw, 128px\" title=\"\"><\/a>\t\t\t<\/div>\t\t\t\t<figcaption class='wp-caption-text gallery-caption' id='gallery-1-15757'>\t\t\t\tImagem: macdesign.com.br\t\t\t\t<\/figcaption><\/figure><figure class='gallery-item'>\t\t\t<div class='gallery-icon landscape'>\t\t\t\t<a href='https:\/\/www.aarquiteta.com.br\/blog\/platibanda-e-beiral\/arquitetura-minalista-a-arquiteta-10\/'><img decoding=\"async\" width=\"96\" height=\"96\" src=\"https:\/\/www.aarquiteta.com.br\/blog\/wp-content\/uploads\/2018\/11\/arquitetura-minalista-a-arquiteta-10.jpg\" class=\"attachment-thumbnail size-thumbnail\" alt=\"arquitetura minimalista\" aria-describedby=\"gallery-1-14904\" srcset=\"https:\/\/www.aarquiteta.com.br\/blog\/wp-content\/uploads\/2018\/11\/arquitetura-minalista-a-arquiteta-10.jpg 1000w, https:\/\/www.aarquiteta.com.br\/blog\/wp-content\/uploads\/2018\/11\/arquitetura-minalista-a-arquiteta-10-696x696.jpg 696w, https:\/\/www.aarquiteta.com.br\/blog\/wp-content\/uploads\/2018\/11\/arquitetura-minalista-a-arquiteta-10-96x96.jpg 96w, https:\/\/www.aarquiteta.com.br\/blog\/wp-content\/uploads\/2018\/11\/arquitetura-minalista-a-arquiteta-10-150x150.jpg 150w\" sizes=\"(max-width: 96px) 100vw, 96px\" title=\"\"><\/a>\t\t\t<\/div>\t\t\t\t<figcaption class='wp-caption-text gallery-caption' id='gallery-1-14904'>\t\t\t\tImagem: blogtralhaodesigncenter.com\t\t\t\t<\/figcaption><\/figure><figure class='gallery-item'>\t\t\t<div class='gallery-icon landscape'>\t\t\t\t<a href='https:\/\/www.aarquiteta.com.br\/blog\/platibanda-e-beiral\/arquitetura-minalista-a-arquiteta-12\/'><img decoding=\"async\" width=\"128\" height=\"90\" src=\"https:\/\/www.aarquiteta.com.br\/blog\/wp-content\/uploads\/2018\/11\/arquitetura-minalista-a-arquiteta-12.jpg\" class=\"attachment-thumbnail size-thumbnail\" alt=\"arquitetura minimalista\" aria-describedby=\"gallery-1-14902\" srcset=\"https:\/\/www.aarquiteta.com.br\/blog\/wp-content\/uploads\/2018\/11\/arquitetura-minalista-a-arquiteta-12.jpg 1170w, https:\/\/www.aarquiteta.com.br\/blog\/wp-content\/uploads\/2018\/11\/arquitetura-minalista-a-arquiteta-12-1024x724.jpg 1024w, https:\/\/www.aarquiteta.com.br\/blog\/wp-content\/uploads\/2018\/11\/arquitetura-minalista-a-arquiteta-12-696x492.jpg 696w, https:\/\/www.aarquiteta.com.br\/blog\/wp-content\/uploads\/2018\/11\/arquitetura-minalista-a-arquiteta-12-150x106.jpg 150w\" sizes=\"(max-width: 128px) 100vw, 128px\" title=\"\"><\/a>\t\t\t<\/div>\t\t\t\t<figcaption class='wp-caption-text gallery-caption' id='gallery-1-14902'>\t\t\t\tImagem: blogtralhaodesigncenter.com\t\t\t\t<\/figcaption><\/figure>\t\t<\/div><h2><strong>E a\u00ed, gostou do artigo sobre Estilo no Design de Interiores?<\/strong><\/h2><p><strong>Ent\u00e3o compartilhe com os amigos!<\/strong><\/p><p>Em fim, n\u00e3o se esque\u00e7a de me deixar saber nos coment\u00e1rios o que voc\u00ea achou do artigo.<\/p><p>At\u00e9 a pr\u00f3xima dica!<\/p><h3><span id=\"%E2%96%BAVeja_mais_dicas_em\" class=\"ez-toc-section\"><\/span><span id=\"%E2%96%BAVeja_mais_dicas_em\" class=\"ez-toc-section\"><\/span>\u25baVeja mais dicas em:<\/h3><p>Quer mais dicas ent\u00e3o confira alguns dos nossos artigos sobre:<\/p><ul><li><a href=\"https:\/\/www.aarquiteta.com.br\/decoracao\/\" target=\"_blank\" rel=\"noopener\">Decora\u00e7\u00e3o<\/a><\/li><li><a href=\"https:\/\/www.aarquiteta.com.br\/blog\/paisagismo\/\" target=\"_blank\" rel=\"noopener\">Casa e Jardim<\/a><\/li><li><a href=\"https:\/\/www.aarquiteta.com.br\/blog\/arquitetura\/mundo-arquitetura\/\" target=\"_blank\" rel=\"noopener\">Mundo Arquitetura<\/a><\/li><\/ul><h2>Mimos da A Arquiteta para voc\u00ea!<\/h2><p><a href=\"https:\/\/www.aarquiteta.com.br\/blog\/wp-content\/uploads\/2021\/10\/luciana-paixao.jpg\" data-rel=\"fancybox\"><img decoding=\"async\" class=\"alignnone size-full wp-image-35413\" title=\"Parede decorada: Ideias que n\u00e3o podem faltar. Confira.\" src=\"https:\/\/www.aarquiteta.com.br\/blog\/wp-content\/uploads\/2021\/10\/luciana-paixao.jpg\" sizes=\"(max-width: 800px) 100vw, 800px\" srcset=\"https:\/\/www.aarquiteta.com.br\/blog\/wp-content\/uploads\/2021\/10\/luciana-paixao.jpg 800w, https:\/\/www.aarquiteta.com.br\/blog\/wp-content\/uploads\/2021\/10\/luciana-paixao-300x225.jpg 300w, https:\/\/www.aarquiteta.com.br\/blog\/wp-content\/uploads\/2021\/10\/luciana-paixao-768x576.jpg 768w, https:\/\/www.aarquiteta.com.br\/blog\/wp-content\/uploads\/2021\/10\/luciana-paixao-400x300.jpg 400w, https:\/\/www.aarquiteta.com.br\/blog\/wp-content\/uploads\/2021\/10\/luciana-paixao-150x113.jpg 150w\" alt=\"luciana paixao - Parede decorada: Ideias que n\u00e3o podem faltar. Confira.\" width=\"800\" height=\"600\" \/><\/a><\/p><p>Em meu portal de treinamento on-line separei para voc\u00ea v\u00e1rios dos meus cursos gratuitos para quem quer aprender a decorar ou at\u00e9 usar programas para criar seus projetos, seja de interiores, de edifica\u00e7\u00f5es, e-books e muito mais.<\/p><p><strong>Basta clicar neste link e come\u00e7ar a estudar.<\/strong><\/p><p>Por fim, eu gostaria de conhecer mais sobre voc\u00ea.<\/p><p>Voc\u00ea \u00e9 um entusiasta decorador, ou at\u00e9 um profissional de Arquitetura?<\/p><p><strong><a href=\"https:\/\/docs.google.com\/forms\/d\/1lpOg395M8SQGbxSYFd7WAxaNESKlSw_9lHXl683tTrc\/\" target=\"_blank\" rel=\"noopener\">Clique aqui, responda estas poucas perguntas e ganhe um presente meu que adorar\u00e1\u00a0 muito!<\/a><\/strong><\/p><p>Espero que o post tenha lhe ajudado!<\/p><p>Ah! N\u00e3o esque\u00e7a de pegar seu conte\u00fado gratuito.<\/p><p>At\u00e9!<\/p>","protected":false},"excerpt":{"rendered":"<p>Estilo no Design de Interiores &#8211; Descubra qual o seu estilo preferido!Ao iniciar qualquer projeto de Design de Interiores, seria ideal que antes voc\u00ea tivesse\u00a0 algum tipo de refer\u00eancia de estilo de design ou alguma inspira\u00e7\u00e3o em mente.Se voc\u00ea est\u00e1 ciente de quais os estilos de Design que voc\u00ea se sente mais atra\u00eddo, encontrar uma [&hellip;]<\/p>\n","protected":false},"author":102,"featured_media":40321,"comment_status":"closed","ping_status":"closed","sticky":false,"template":"","format":"standard","meta":{"footnotes":""},"categories":[971],"tags":[137,1028,1513],"class_list":["post-32000","post","type-post","status-publish","format-standard","has-post-thumbnail","category-design-de-interiores","tag-arquitetura","tag-design-de-interiores","tag-inspiracao"],"_wp_attached_file":null,"_wp_attachment_metadata":null,"_wp_attachment_context":null,"_wp_attachment_is_custom_header":null,"geo_longitude":null,"geo_public":null,"geo_latitude":null,"_publicize_done_external":null,"_wpas_done_3897181":null,"publicize_twitter_user":null,"_wpas_done_3897175":null,"_wpas_skip_3897181":null,"_wpas_skip_3897175":null,"_wpas_skip_3924723":null,"_wpas_mess":null,"_wpas_done_3924723":null,"wps_subtitle":"Descubra qual o seu estilo no Design de Interiores respondendo ao question\u00e1rio do artigo e fim do mist\u00e9rio!","_links":{"self":[{"href":"https:\/\/www.aarquiteta.com.br\/blog\/wp-json\/wp\/v2\/posts\/32000","targetHints":{"allow":["GET"]}}],"collection":[{"href":"https:\/\/www.aarquiteta.com.br\/blog\/wp-json\/wp\/v2\/posts"}],"about":[{"href":"https:\/\/www.aarquiteta.com.br\/blog\/wp-json\/wp\/v2\/types\/post"}],"author":[{"embeddable":true,"href":"https:\/\/www.aarquiteta.com.br\/blog\/wp-json\/wp\/v2\/users\/102"}],"replies":[{"embeddable":true,"href":"https:\/\/www.aarquiteta.com.br\/blog\/wp-json\/wp\/v2\/comments?post=32000"}],"version-history":[{"count":0,"href":"https:\/\/www.aarquiteta.com.br\/blog\/wp-json\/wp\/v2\/posts\/32000\/revisions"}],"wp:featuredmedia":[{"embeddable":true,"href":"https:\/\/www.aarquiteta.com.br\/blog\/wp-json\/wp\/v2\/media\/40321"}],"wp:attachment":[{"href":"https:\/\/www.aarquiteta.com.br\/blog\/wp-json\/wp\/v2\/media?parent=32000"}],"wp:term":[{"taxonomy":"category","embeddable":true,"href":"https:\/\/www.aarquiteta.com.br\/blog\/wp-json\/wp\/v2\/categories?post=32000"},{"taxonomy":"post_tag","embeddable":true,"href":"https:\/\/www.aarquiteta.com.br\/blog\/wp-json\/wp\/v2\/tags?post=32000"}],"curies":[{"name":"wp","href":"https:\/\/api.w.org\/{rel}","templated":true}]}}