{"id":31971,"date":"2019-10-11T18:06:34","date_gmt":"2019-10-11T21:06:34","guid":{"rendered":"http:\/\/aarquiteta.com.br\/?p=31971"},"modified":"2022-08-01T12:54:43","modified_gmt":"2022-08-01T15:54:43","slug":"t-cross","status":"publish","type":"post","link":"https:\/\/www.aarquiteta.com.br\/blog\/t-cross\/","title":{"rendered":"T-Cross Volkswagen &#8211; Piloto de testes por um dia!"},"content":{"rendered":"<figure id=\"attachment_31997\" aria-describedby=\"caption-attachment-31997\" style=\"width: 960px\" class=\"wp-caption alignnone\"><img decoding=\"async\" class=\"wp-image-31997 size-full\" title=\"Confira nossas impress\u00f5es como piloto de testes por um dia com o T-Cross da Volkswagen. O carro impressiona. Saiba mais aqui!\" src=\"https:\/\/www.aarquiteta.com.br\/blog\/wp-content\/uploads\/2019\/10\/t-cross-da-volkswagen.jpg\" alt=\"Confira nossas impress\u00f5es como piloto de testes por um dia com o T-Cross da Volkswagen. O carro impressiona. Saiba mais aqui!\" width=\"960\" height=\"640\" srcset=\"https:\/\/www.aarquiteta.com.br\/blog\/wp-content\/uploads\/2019\/10\/t-cross-da-volkswagen.jpg 960w, https:\/\/www.aarquiteta.com.br\/blog\/wp-content\/uploads\/2019\/10\/t-cross-da-volkswagen-696x464.jpg 696w, https:\/\/www.aarquiteta.com.br\/blog\/wp-content\/uploads\/2019\/10\/t-cross-da-volkswagen-150x100.jpg 150w\" sizes=\"(max-width: 960px) 100vw, 960px\" \/><figcaption id=\"caption-attachment-31997\" class=\"wp-caption-text\">Confira nossas impress\u00f5es como piloto de testes por um dia com o T-Cross da Volkswagen. O carro impressiona. Saiba mais aqui!<\/figcaption><\/figure>\n<p>T-Cross, que agrad\u00e1vel surpresa dirigir este carro!<\/p>\n<p>Se voc\u00ea \u00e9 assim como eu apaixonada por carros ou ainda se voc\u00ea curte automobilismo, confira neste artigo tudo o que aconteceu no evento da Volkswagen do Brasil nos dias 27 e 28 de setembro\/2019.<\/p>\n<p>N\u00f3s da A Arquiteta fomos convidados para participar, com nossos colegas influencers e viver um dia de testes com seu mais novo modelo o T-Cross.<\/p>\n<p>Foram convidados 23 influenciadores das mais variadas \u00e1reas para passar um final de semana de muita velocidade tendo como nosso instrutor nada mais nada menos, Tiago Camilo, piloto profissional da Stockcar Brasil e claro conhecer na pr\u00e1tica todo o potencial do novo T-cross.<\/p>\n<p>Ent\u00e3o, vamos l\u00e1! :-)<\/p>\n<p><iframe src=\"https:\/\/www.youtube.com\/embed\/TNtwCu0d42w\" width=\"560\" height=\"315\" frameborder=\"0\" allowfullscreen=\"allowfullscreen\"><\/iframe><\/p>\n<h2>T-Cross e Recep\u00e7\u00e3o na GS1<\/h2>\n<p>Fomos recepcionados pelos representantes da Wolkswagen, dentre eles Sr. <a href=\"https:\/\/www.linkedin.com\/in\/renato-acciarto-a568a41b\/\" target=\"_blank\" rel=\"noopener\">Renato Acciarto.<\/a>, Gerente de Comunica\u00e7\u00f5es Digitais da Volkswagen do Brasil e os engenheiros desenvolvedores do modelo, onde foi realizada uma apresenta\u00e7\u00e3o com as caracter\u00edsticas e novidades de mercado do ve\u00edculo.<\/p>\n<figure id=\"attachment_31977\" aria-describedby=\"caption-attachment-31977\" style=\"width: 800px\" class=\"wp-caption alignnone\"><a href=\"https:\/\/www.aarquiteta.com.br\/blog\/wp-content\/uploads\/2019\/10\/renato-ciccato.jpg\"><img decoding=\"async\" class=\"wp-image-31977 size-full\" title=\"Confira nossas impress\u00f5es como piloto de testes por um dia com o T-Cross da Volkswagen. O carro impressiona. Saiba mais aqui!\" src=\"https:\/\/www.aarquiteta.com.br\/blog\/wp-content\/uploads\/2019\/10\/renato-ciccato.jpg\" alt=\"Confira nossas impress\u00f5es como piloto de testes por um dia com o T-Cross da Volkswagen. O carro impressiona. Saiba mais aqui!\" width=\"800\" height=\"534\" srcset=\"https:\/\/www.aarquiteta.com.br\/blog\/wp-content\/uploads\/2019\/10\/renato-ciccato.jpg 800w, https:\/\/www.aarquiteta.com.br\/blog\/wp-content\/uploads\/2019\/10\/renato-ciccato-696x465.jpg 696w, https:\/\/www.aarquiteta.com.br\/blog\/wp-content\/uploads\/2019\/10\/renato-ciccato-150x100.jpg 150w\" sizes=\"(max-width: 800px) 100vw, 800px\" \/><\/a><figcaption id=\"caption-attachment-31977\" class=\"wp-caption-text\">Foto Luciana Paix\u00e3o: @aarquitetablog @dankroll e @acciarto<\/figcaption><\/figure>\n<p>Partimos da GS1 Brasil, onde fica a sede da Associa\u00e7\u00e3o Brasileira de Automa\u00e7\u00e3o em dire\u00e7\u00e3o ao Hotel Unique de Mairipor\u00e3.<\/p>\n<p>Sa\u00edmos pela rodovia Fern\u00e3o Dias para quem a conhece sabe que ela \u00e9 cheia de subidas, descidas, curvas e muitos caminh\u00f5es!<\/p>\n<p>Neste tempo j\u00e1 pudemos sentir algumas das qualidades do T-Cross como desempenho e seguran\u00e7a nas ultrapassagens, conforto e uma vasta gama tecnol\u00f3gica.<\/p>\n<h2>Hotel Unique Garden:<\/h2>\n<p>A noite fomos convidados para um maravilhoso jantar preparado onde pudemos nos conhecer melhor e conversar com mais calma com os demais colegas.<\/p>\n<p>Nossa experi\u00eancia no Hotel Unique foi a melhor poss\u00edvel, com hospitalidade de primeira, o chal\u00e9, que de chal\u00e9, (pelo menos da forma como estamos habituados a conhecer) n\u00e3o tinha nada daquelas arquiteturas tipicas dos climas europeus, muito pelo contr\u00e1rio, a su\u00edte que nos foi reservada foi escolhida a dedo! Para Arquiteto nenhum botar defeito!<\/p>\n<figure id=\"attachment_31983\" aria-describedby=\"caption-attachment-31983\" style=\"width: 950px\" class=\"wp-caption alignnone\"><a href=\"https:\/\/www.aarquiteta.com.br\/blog\/wp-content\/uploads\/2019\/10\/unique-graden-suite-marmore-ruy-otake.jpg\"><img decoding=\"async\" class=\"wp-image-31983 size-full\" title=\"Confira nossas impress\u00f5es como piloto de testes por um dia com o T-Cross da Volkswagen. O carro impressiona. Saiba mais aqui!\" src=\"https:\/\/www.aarquiteta.com.br\/blog\/wp-content\/uploads\/2019\/10\/unique-graden-suite-marmore-ruy-otake.jpg\" alt=\"Confira nossas impress\u00f5es como piloto de testes por um dia com o T-Cross da Volkswagen. O carro impressiona. Saiba mais aqui!\" width=\"950\" height=\"534\" srcset=\"https:\/\/www.aarquiteta.com.br\/blog\/wp-content\/uploads\/2019\/10\/unique-graden-suite-marmore-ruy-otake.jpg 950w, https:\/\/www.aarquiteta.com.br\/blog\/wp-content\/uploads\/2019\/10\/unique-graden-suite-marmore-ruy-otake-696x391.jpg 696w, https:\/\/www.aarquiteta.com.br\/blog\/wp-content\/uploads\/2019\/10\/unique-graden-suite-marmore-ruy-otake-150x84.jpg 150w\" sizes=\"(max-width: 950px) 100vw, 950px\" \/><\/a><figcaption id=\"caption-attachment-31983\" class=\"wp-caption-text\">Foto Luciana Paix\u00e3o, Chal\u00e9 Ala Contempor\u00e2nea Hotel Unique projetados por Ruy Ohtake<\/figcaption><\/figure>\n<p>Ap\u00f3s um \u00f3timo caf\u00e9 da manh\u00e3, seguimos do Hotel em dire\u00e7\u00e3o ao Aut\u00f3dromo.<\/p>\n<p>Partimos cedinho do Hotel Unique rumo a Indaitatuba, mais precisamente no Aut\u00f3dromo da fazenda Capuava, onde nos aguardava o piloto Stockcar Tiago Camilo, esbanjando knowhow e simpatia para com todos, assim como todos os t\u00e9cnicos e engenheiros que participaram do evento!<\/p>\n<p>Este percurso durou cerca de uma hora e pudemos descobrir e focar mais aten\u00e7\u00e3o nas partes de tecnologia e conectividade do T-Cross.<\/p>\n<p>Primeiramente fomos conduzidos para conhecer as caracter\u00edsticas t\u00e9cnicas do painel do T-cross!<\/p>\n<p>Tivemos verdadeiras aulas sobre o cockpit do modelo e claro a sua tecnologia, itens como Bluetooth, GPS integrado, e uma tela de 9 polegadas com um sistema inovador multim\u00eddia que permite o espelhamento da tela do celular, que encheram os olhos da galera, assim como o sistema de \u00e1udio que a Wolks desenvolveu em parceria com a Beats.<\/p>\n<p>Gente, d\u00e1 para promover uma balada no carro. O T-cross possui 7 alto-falantes! Quem conhece a Beats conhece seus graves.<\/p>\n<figure id=\"attachment_31988\" aria-describedby=\"caption-attachment-31988\" style=\"width: 750px\" class=\"wp-caption alignnone\"><a href=\"https:\/\/www.aarquiteta.com.br\/blog\/wp-content\/uploads\/2019\/10\/20190928_144745584_iOS.jpg\"><img decoding=\"async\" class=\"wp-image-31988 size-post-thumbnail-size\" src=\"https:\/\/www.aarquiteta.com.br\/blog\/wp-content\/uploads\/2019\/10\/20190928_144745584_iOS-750x330.jpg\" alt=\"\" width=\"750\" height=\"330\" title=\"\"><\/a><figcaption id=\"caption-attachment-31988\" class=\"wp-caption-text\">Foto Luciana Paix\u00e3o &#8211; Vers\u00e3o Beats com Subwoofer embutido no porta-malas.<\/figcaption><\/figure>\n<p>O park assistent tamb\u00e9m foi uma experi\u00eancia muito interessante. Quem tem problemas para estacionar, vai ficar encantado com a capacidade que o T-cross tem de estacionar so-zi-nho! \u00c9 s\u00f3 pegar o jeito e j\u00e1 era!<\/p>\n<p>Depois foi a hora do Camilo compartilhar suas dicas de como aproveitar a pista para alcan\u00e7armos menores tempos de volta atrav\u00e9s da curva ideal.<\/p>\n<figure id=\"attachment_32050\" aria-describedby=\"caption-attachment-32050\" style=\"width: 960px\" class=\"wp-caption alignnone\"><a href=\"https:\/\/www.aarquiteta.com.br\/blog\/wp-content\/uploads\/2019\/10\/exercicio-pista.jpg\"><img decoding=\"async\" class=\"wp-image-32050 size-large\" src=\"https:\/\/www.aarquiteta.com.br\/blog\/wp-content\/uploads\/2019\/10\/exercicio-pista-1024x601.jpg\" alt=\"\" width=\"960\" height=\"563\" title=\"\" srcset=\"https:\/\/www.aarquiteta.com.br\/blog\/wp-content\/uploads\/2019\/10\/exercicio-pista-1024x601.jpg 1024w, https:\/\/www.aarquiteta.com.br\/blog\/wp-content\/uploads\/2019\/10\/exercicio-pista-696x408.jpg 696w, https:\/\/www.aarquiteta.com.br\/blog\/wp-content\/uploads\/2019\/10\/exercicio-pista-150x88.jpg 150w, https:\/\/www.aarquiteta.com.br\/blog\/wp-content\/uploads\/2019\/10\/exercicio-pista.jpg 2048w\" sizes=\"(max-width: 960px) 100vw, 960px\" \/><\/a><figcaption id=\"caption-attachment-32050\" class=\"wp-caption-text\">Foto Luciana Paix\u00e3o &#8211; Circuito Fazenda Capuava<\/figcaption><\/figure>\n<p>Pensa que foi s\u00f3 teoria? Que nada! Pisamos fundo e mandamos ver!<\/p>\n<p>O motor 1.4 turbo surpreendentemente forte e muito econ\u00f4mico nos deixaram de queijos ca\u00eddos. De 0 a 100 em 8,1 segundos!<\/p>\n<p>Foi um dia \u00fanico onde pudemos viver a experi\u00eancia de pilotar um T-cross em alta velocidade sentindo todo o potencial do motor.<\/p>\n<p><a style=\"font-weight: bold; background-color: initial;\" href=\"https:\/\/www.aarquiteta.com.br\/blog\/wp-content\/uploads\/2019\/10\/t-cross-na-pista.jpg\"><img decoding=\"async\" class=\"wp-image-31998 size-full\" src=\"https:\/\/www.aarquiteta.com.br\/blog\/wp-content\/uploads\/2019\/10\/t-cross-na-pista.jpg\" alt=\"\" width=\"960\" height=\"641\" title=\"\" srcset=\"https:\/\/www.aarquiteta.com.br\/blog\/wp-content\/uploads\/2019\/10\/t-cross-na-pista.jpg 960w, https:\/\/www.aarquiteta.com.br\/blog\/wp-content\/uploads\/2019\/10\/t-cross-na-pista-696x465.jpg 696w, https:\/\/www.aarquiteta.com.br\/blog\/wp-content\/uploads\/2019\/10\/t-cross-na-pista-150x100.jpg 150w\" sizes=\"(max-width: 960px) 100vw, 960px\" \/><\/a><\/p>\n<p>Foto: Produ\u00e7\u00e3o Evento VWAgora sobre o T-cross&#8230; imposs\u00edvel n\u00e3o gostar!<\/p>\n<p>Design, tecnologia e conforto, o espa\u00e7o interno do modelo n\u00e3o deixou a desejar, mesmo com um motorista de &#8220;pernas longas&#8221; o passageiro vai bem confort\u00e1vel atr\u00e1s viu, pois, o T-cross tem muito espa\u00e7o interno!<\/p>\n<p>Ideal para fam\u00edlia, para viajar e para rodar na cidade!<\/p>\n<p>Confira no video tudo o que aconteceu no dia do evento e veja com seus pr\u00f3prios olhos o meu momento Piloto de Teste por dia!<\/p>\n<p>Vale a pena assistir ao video e depois em seguida\u00a0 complementar com a leitura do restante do post. S\u00e9rio! :-)<\/p>\n<h2>O que achei do Volkswagen T-Cross:<\/h2>\n<p>Ap\u00f3s ter andado cerca de 150km com ele nas ruas de S\u00e3o Paulo, na estrada e no Aut\u00f3dromo, estas s\u00e3o as minhas conclus\u00f5es sobre o T-Cross:<\/p>\n<p>A vers\u00e3o que testamos \u00e9 a mais completa, a 250 TSI:<\/p>\n<h3>Motor 1.4 TURBO com pegada de motor 2.0:<\/h3>\n<p>Antes de conversar com o Engenheiro respons\u00e1vel, achava estar guiando um carro com um motor 2.0&#8230; eu n\u00e3o sou expert em motores, sou uma usu\u00e1ria comum, mas o que eu senti foi que quando precisei fazer retomadas na estrada, na subida, o motor respondia com muita for\u00e7a, como acontece com o meu SUV.<\/p>\n<p>Quando descobri que o motor era um 1.4, parecido com meu Honda Fit e com aquela for\u00e7a, eu achei sinceramente, inacredit\u00e1vel: Pois tenho a medi\u00e7\u00e3o destes dois carros: Fit, e a Edge. E para mim, foi como se estivesse em uma &#8220;mini Edge&#8221; em desempenho, torque e for\u00e7a no geral.<\/p>\n<p>Mas tem um complemento n\u00e9: <strong>TURBO<\/strong> e com 150cv em um carro mais leve obviamente que a Edge, que \u00e9 outro segmento e com muito mais tecnologia aplicada no motor. Sem dizer no consumo que pareceu ser \u00f3timo!<\/p>\n<p>Enfim: pot\u00eancia e economia! Acredito ser exatamente isso que o T-Cross consegue entregar.<\/p>\n<h3>Suspens\u00e3o equilibrada entre conforto e desempenho:<\/h3>\n<p>E a suspens\u00e3o \u00e9 firme, mas n\u00e3o t\u00e3o firme como n\u00f3s costumamos encontrar na linha Volks.<\/p>\n<p>Essa diferen\u00e7a foi pensada com o prop\u00f3sito de fazer um carro confort\u00e1vel, mas que n\u00e3o perdesse o DNA pr\u00f3prio da marca.<\/p>\n<p>A dire\u00e7\u00e3o \u00e9 leve, talvez at\u00e9 um pouco mais leve do que encontramos em outros carros da Volks. Eu gostei muito!<\/p>\n<h3>Tecnologia a bordo do T-Cross:<\/h3>\n<h4>Duas portas USB de 2 Amperes para carregamento de celulares:<\/h4>\n<figure id=\"attachment_31991\" aria-describedby=\"caption-attachment-31991\" style=\"width: 759px\" class=\"wp-caption alignnone\"><a href=\"https:\/\/www.aarquiteta.com.br\/blog\/wp-content\/uploads\/2019\/10\/saida-usb-t-cross.jpg\"><img decoding=\"async\" class=\"wp-image-31991 size-full\" src=\"https:\/\/www.aarquiteta.com.br\/blog\/wp-content\/uploads\/2019\/10\/saida-usb-t-cross.jpg\" alt=\"\" width=\"759\" height=\"720\" title=\"\" srcset=\"https:\/\/www.aarquiteta.com.br\/blog\/wp-content\/uploads\/2019\/10\/saida-usb-t-cross.jpg 759w, https:\/\/www.aarquiteta.com.br\/blog\/wp-content\/uploads\/2019\/10\/saida-usb-t-cross-696x660.jpg 696w, https:\/\/www.aarquiteta.com.br\/blog\/wp-content\/uploads\/2019\/10\/saida-usb-t-cross-150x142.jpg 150w\" sizes=\"(max-width: 759px) 100vw, 759px\" \/><\/a><figcaption id=\"caption-attachment-31991\" class=\"wp-caption-text\">Foto: Daniel Kroll &#8211; Sa\u00eddas USB Banco de tras<\/figcaption><\/figure>\n<p>Outra parte que me chamou a aten\u00e7\u00e3o foi no banco traseiro, a parte do carregador USB para celulares. Quem tem crian\u00e7a sabe: deixar a garotada entretida e com os celulares e Tablets sempre &#8220;cheios&#8221; \u00e9 um desafio.<\/p>\n<p>A Volkswagen pensando nisso, colocou 2 sa\u00eddas USBs de 2 Amperes, ou seja, carrega de forma mais r\u00e1pida, e vai deixar os filhos entretidos sem parar.<\/p>\n<p>E isso \u00e9 um item que muitos carros em outros n\u00edveis n\u00e3o possuem!<\/p>\n<p>E aqui, o Subwoofer embutido e bem pensado para n\u00e3o gerar espa\u00e7o extra para prejudicar o porta mala:<\/p>\n<figure id=\"attachment_31989\" aria-describedby=\"caption-attachment-31989\" style=\"width: 960px\" class=\"wp-caption alignnone\"><a href=\"https:\/\/www.aarquiteta.com.br\/blog\/wp-content\/uploads\/2019\/10\/20190928_144617631_iOS.jpg\"><img decoding=\"async\" class=\"wp-image-31989 size-large\" src=\"https:\/\/www.aarquiteta.com.br\/blog\/wp-content\/uploads\/2019\/10\/20190928_144617631_iOS-1024x768.jpg\" alt=\"\" width=\"960\" height=\"720\" title=\"\" srcset=\"https:\/\/www.aarquiteta.com.br\/blog\/wp-content\/uploads\/2019\/10\/20190928_144617631_iOS-1024x768.jpg 1024w, https:\/\/www.aarquiteta.com.br\/blog\/wp-content\/uploads\/2019\/10\/20190928_144617631_iOS-696x522.jpg 696w, https:\/\/www.aarquiteta.com.br\/blog\/wp-content\/uploads\/2019\/10\/20190928_144617631_iOS-150x113.jpg 150w, https:\/\/www.aarquiteta.com.br\/blog\/wp-content\/uploads\/2019\/10\/20190928_144617631_iOS.jpg 2048w\" sizes=\"(max-width: 960px) 100vw, 960px\" \/><\/a><figcaption id=\"caption-attachment-31989\" class=\"wp-caption-text\">Foto: Daniel Kroll &#8211; Subufer Beats Sound<\/figcaption><\/figure>\n<h2>Ambiente interno e conforto:<\/h2>\n<p>Dentro do T-Cross, observa-se que o espa\u00e7o interno \u00e9 muito bem aproveitado, podendo levar 5 pessoas com conforto.<\/p>\n<p>Em rela\u00e7\u00e3o ao acabamento, nota-se um acabamento bem executado, com pe\u00e7as muito bem encaixadas, sem rebarbas.<\/p>\n<p>Apesar de o carro ter na sua grande maioria o pl\u00e1stico duro, isso pode ser uma vantagem, pois com o tempo, ele n\u00e3o demostra que o carro \u00e9 &#8220;velho&#8221; como acontece, por exemplo, em carros com bancos e revestimentos em couro, etc.<\/p>\n<p>O estilo dele \u00e9 muito arrojado, j\u00e1 pensado e editado nas linhas de design da tend\u00eancia Volks atuais.<\/p>\n<h2>Conclus\u00e3o e agradecimentos:<\/h2>\n<figure id=\"attachment_32047\" aria-describedby=\"caption-attachment-32047\" style=\"width: 960px\" class=\"wp-caption alignnone\"><a href=\"https:\/\/www.aarquiteta.com.br\/blog\/wp-content\/uploads\/2019\/10\/1472.jpg\"><img decoding=\"async\" class=\"wp-image-32047 size-large\" src=\"https:\/\/www.aarquiteta.com.br\/blog\/wp-content\/uploads\/2019\/10\/1472-1024x683.jpg\" alt=\"\" width=\"960\" height=\"640\" title=\"\" srcset=\"https:\/\/www.aarquiteta.com.br\/blog\/wp-content\/uploads\/2019\/10\/1472-1024x683.jpg 1024w, https:\/\/www.aarquiteta.com.br\/blog\/wp-content\/uploads\/2019\/10\/1472-696x464.jpg 696w, https:\/\/www.aarquiteta.com.br\/blog\/wp-content\/uploads\/2019\/10\/1472-150x100.jpg 150w, https:\/\/www.aarquiteta.com.br\/blog\/wp-content\/uploads\/2019\/10\/1472.jpg 2048w\" sizes=\"(max-width: 960px) 100vw, 960px\" \/><\/a><figcaption id=\"caption-attachment-32047\" class=\"wp-caption-text\">Foto: Produ\u00e7\u00e3o Evento Wolksvagen Brasil<\/figcaption><\/figure>\n<p>Obrigada a todos que estiveram presentes e em especial a Priscila Cortezze, Diretora de Assuntos Corporativos e Rela\u00e7\u00f5es com imprensa por termos nos proporcionados esses momentos, foi realmente uma experi\u00eancia \u00fanica!<\/p>\n<p>Grande abra\u00e7o e at\u00e9 a pr\u00f3xima!<\/p>\n<h2>E a\u00ed, gostou do artigo sobre T-Cross Volkswagen \u2014 Piloto de testes por um dia?<\/h2>\n<p>Ent\u00e3o, deslize, a tela para baixo e<a href=\"https:\/\/br.pinterest.com\/aarquitetapinterest\/_created\/\" target=\"_blank\" rel=\"noopener\"> <strong>confira<\/strong> <strong>mais dicas<\/strong><\/a> como estas e n\u00e3o se esque\u00e7a de compartilhar com os amigos!<\/p>\n<p>Buscando por <strong>itens ou artigos para casa, decora\u00e7\u00e3o e reforma<\/strong>? Confira nosso grup\u00e3o de descontos no <strong><a href=\"https:\/\/t.me\/ofertasAArquiteta\" target=\"_blank\" rel=\"noopener\">Telegram<\/a><\/strong> ou no\u00a0<a href=\"http:\/\/bit.ly\/ofertasAArquiteta\" target=\"_blank\" rel=\"noopener\"><strong>Whatsapp<\/strong>!<\/a><\/p>\n<p>Contudo, se voc\u00ea deseja receber <strong>ofertas de treinamentos e cursos para as \u00e1reas da Arquitetura, Design de Interiores,<\/strong> convido voc\u00ea a participar tamb\u00e9m deste grupo no <a href=\"https:\/\/t.me\/aarquitetablog\" target=\"_blank\" rel=\"noopener\"><strong>Telegram<\/strong><\/a> ou no\u00a0 <strong><a href=\"https:\/\/t.me\/aarquiteta\" target=\"_blank\" rel=\"noopener\">WhatsApp.<\/a><\/strong><\/p>\n<p>Agora, se quiser mais artigos com dicas sobre o mundo da <a href=\"https:\/\/www.aarquiteta.com.br\/\" target=\"_blank\" rel=\"noopener\"><strong>Arquitetura e Decora\u00e7\u00e3o<\/strong><\/a>, ent\u00e3o confira alguns dos nossos artigos em:<\/p>\n<ul>\n<li><a href=\"https:\/\/www.aarquiteta.com.br\/blog\/paisagismo\/\" target=\"_blank\" rel=\"noopener\">Casa e Jardim<\/a><\/li>\n<li><a href=\"https:\/\/www.aarquiteta.com.br\/blog\/arquitetura\/mundo-arquitetura\/\" target=\"_blank\" rel=\"noopener\">Mundo Arquitetura<\/a><\/li>\n<li><a href=\"https:\/\/www.aarquiteta.com.br\/decoracao\/\" target=\"_blank\" rel=\"noopener\">Decora\u00e7\u00e3o<br \/>\n<\/a><\/li>\n<\/ul>\n","protected":false},"excerpt":{"rendered":"<p>T-Cross, que agrad\u00e1vel surpresa dirigir este carro! Se voc\u00ea \u00e9 assim como eu apaixonada por carros ou ainda se voc\u00ea curte automobilismo, confira neste artigo tudo o que aconteceu no evento da Volkswagen do Brasil nos dias 27 e 28 de setembro\/2019. N\u00f3s da A Arquiteta fomos convidados para participar, com nossos colegas influencers e [&hellip;]<\/p>\n","protected":false},"author":102,"featured_media":31997,"comment_status":"closed","ping_status":"closed","sticky":false,"template":"","format":"standard","meta":{"footnotes":""},"categories":[11,20255],"tags":[9091,19640,9090,9089],"class_list":["post-31971","post","type-post","status-publish","format-standard","has-post-thumbnail","category-eventos-a-arquiteta","category-olkswagen","tag-t-cross","tag-t-cross-volkswagen","tag-tcross","tag-volkswagen"],"_wp_attached_file":null,"_wp_attachment_metadata":null,"_wp_attachment_context":null,"_wp_attachment_is_custom_header":null,"geo_longitude":null,"geo_public":null,"geo_latitude":null,"_publicize_done_external":null,"_wpas_done_3897181":null,"publicize_twitter_user":null,"_wpas_done_3897175":null,"_wpas_skip_3897181":null,"_wpas_skip_3897175":null,"_wpas_skip_3924723":null,"_wpas_mess":null,"_wpas_done_3924723":null,"wps_subtitle":"Confira nossas impress\u00f5es como piloto de testes por um dia com o T-Cross da Volkswagen. O carro impressiona. Saiba mais aqui!","_links":{"self":[{"href":"https:\/\/www.aarquiteta.com.br\/blog\/wp-json\/wp\/v2\/posts\/31971","targetHints":{"allow":["GET"]}}],"collection":[{"href":"https:\/\/www.aarquiteta.com.br\/blog\/wp-json\/wp\/v2\/posts"}],"about":[{"href":"https:\/\/www.aarquiteta.com.br\/blog\/wp-json\/wp\/v2\/types\/post"}],"author":[{"embeddable":true,"href":"https:\/\/www.aarquiteta.com.br\/blog\/wp-json\/wp\/v2\/users\/102"}],"replies":[{"embeddable":true,"href":"https:\/\/www.aarquiteta.com.br\/blog\/wp-json\/wp\/v2\/comments?post=31971"}],"version-history":[{"count":0,"href":"https:\/\/www.aarquiteta.com.br\/blog\/wp-json\/wp\/v2\/posts\/31971\/revisions"}],"wp:featuredmedia":[{"embeddable":true,"href":"https:\/\/www.aarquiteta.com.br\/blog\/wp-json\/wp\/v2\/media\/31997"}],"wp:attachment":[{"href":"https:\/\/www.aarquiteta.com.br\/blog\/wp-json\/wp\/v2\/media?parent=31971"}],"wp:term":[{"taxonomy":"category","embeddable":true,"href":"https:\/\/www.aarquiteta.com.br\/blog\/wp-json\/wp\/v2\/categories?post=31971"},{"taxonomy":"post_tag","embeddable":true,"href":"https:\/\/www.aarquiteta.com.br\/blog\/wp-json\/wp\/v2\/tags?post=31971"}],"curies":[{"name":"wp","href":"https:\/\/api.w.org\/{rel}","templated":true}]}}