{"id":31835,"date":"2022-01-15T18:00:47","date_gmt":"2022-01-15T21:00:47","guid":{"rendered":"http:\/\/aarquiteta.com.br\/?p=31835"},"modified":"2024-09-15T08:34:12","modified_gmt":"2024-09-15T11:34:12","slug":"cores-escuras-em-pequenos-espacos","status":"publish","type":"post","link":"https:\/\/www.aarquiteta.com.br\/blog\/cores-escuras-em-pequenos-espacos\/","title":{"rendered":"Cores escuras em pequenos espa\u00e7os? Descubra como acertar!"},"content":{"rendered":"<figure id=\"attachment_40362\" aria-describedby=\"caption-attachment-40362\" style=\"width: 1100px\" class=\"wp-caption aligncenter\"><img decoding=\"async\" class=\"wp-image-40362\" title=\"Cores escuras em pequenos espa\u00e7os? Descubra como acertar!\" src=\"https:\/\/www.aarquiteta.com.br\/blog\/wp-content\/uploads\/2022\/01\/sala-de-jantar-escura.jpg\" alt=\"v\" width=\"1100\" height=\"629\" srcset=\"https:\/\/www.aarquiteta.com.br\/blog\/wp-content\/uploads\/2022\/01\/sala-de-jantar-escura.jpg 700w, https:\/\/www.aarquiteta.com.br\/blog\/wp-content\/uploads\/2022\/01\/sala-de-jantar-escura-696x398.jpg 696w, https:\/\/www.aarquiteta.com.br\/blog\/wp-content\/uploads\/2022\/01\/sala-de-jantar-escura-150x86.jpg 150w\" sizes=\"(max-width: 1100px) 100vw, 1100px\" \/><figcaption id=\"caption-attachment-40362\" class=\"wp-caption-text\"><a href=\"https:\/\/www.aarquiteta.com.br\/blog\/?s=CORES\">Cores<\/a> escuras em pequenos espa\u00e7os? Descubra como acertar! Imagem: Menegotto Arquitetura,<\/figcaption><\/figure><p>Cores escuras em pequenos espa\u00e7os? Descubra como acertar!<\/p><p>Salas pequenas podem ser um desafio de decora\u00e7\u00e3o, especialmente quando buscamos cores claras na esperan\u00e7a de torn\u00e1-la maior.<\/p><p>No entanto, uma paleta de cores claras n\u00e3o \u00e9 a \u00fanica maneira de decorar um espa\u00e7o pequeno, e melhor, nem sempre faz uma sala realmente parecer maior.<\/p><p>N\u00e3o tenha medo de usar cores escuras mesmo nos menores c\u00f4modos da sua casa.<\/p><p>Confira neste artigo, algumas dicas f\u00e1ceis e de como aplicar cores escurar em seus pequenos espa\u00e7os!<\/p><h2>Cores escuras em pequenos espa\u00e7os? Descubra como acertar!<\/h2><h3 class=\"p1\"><span class=\"s1\">1) Lavabo &#8211; O local perfeito para cores escuras.<\/span><\/h3><p>Lavabos podem ser pequenos, mas podem dar um grande soco de estilo na decora\u00e7\u00e3o.<\/p><p>Seu <a href=\"https:\/\/www.aarquiteta.com.br\/blog\/?s=quarto\">lavabo<\/a> ou banheiro de h\u00f3spedes s\u00e3o usados \u200b\u200bcom menos frequ\u00eancia, por isso voc\u00ea pode ousar mais cor e nos acess\u00f3rios.<\/p><figure id=\"attachment_40365\" aria-describedby=\"caption-attachment-40365\" style=\"width: 1100px\" class=\"wp-caption aligncenter\"><img decoding=\"async\" class=\"wp-image-40365\" title=\"Cores escuras em pequenos espa\u00e7os? Descubra como acertar!\" src=\"https:\/\/www.aarquiteta.com.br\/blog\/wp-content\/uploads\/2022\/01\/lavabo-escuro.jpg\" alt=\"Cores escuras em pequenos espa\u00e7os? Descubra como acertar!\" width=\"1100\" height=\"629\" srcset=\"https:\/\/www.aarquiteta.com.br\/blog\/wp-content\/uploads\/2022\/01\/lavabo-escuro.jpg 700w, https:\/\/www.aarquiteta.com.br\/blog\/wp-content\/uploads\/2022\/01\/lavabo-escuro-696x398.jpg 696w, https:\/\/www.aarquiteta.com.br\/blog\/wp-content\/uploads\/2022\/01\/lavabo-escuro-150x86.jpg 150w\" sizes=\"(max-width: 1100px) 100vw, 1100px\" \/><figcaption id=\"caption-attachment-40365\" class=\"wp-caption-text\">Cores escuras em pequenos espa\u00e7os? Descubra como acertar! Imagem: Studio RG <a href=\"https:\/\/www.aarquiteta.com.br\/blog\/?s=ARQUITETURA\">Arquitetura<\/a><\/figcaption><\/figure><p>N\u00e3o h\u00e1 tinta no mundo que fa\u00e7a com que um ambiente pequeno fique maior do que ele de fato \u00e9.<\/p><p>Esta \u00e9 uma \u00f3tima not\u00edcia, pois significa que voc\u00ea pode decorar como quiser.<\/p><p><iframe title=\"Decore f\u00e1cil: O que \u00e9 decora\u00e7\u00e3o de ambientes?\" width=\"696\" height=\"392\" src=\"https:\/\/www.youtube.com\/embed\/9PjhGXgCGLU?feature=oembed\" frameborder=\"0\" allow=\"accelerometer; autoplay; clipboard-write; encrypted-media; gyroscope; picture-in-picture; web-share\" allowfullscreen><\/iframe><\/p><h3 class=\"p1\">2) Halls de Entrada &#8211; Adicione drama ao seu hall.<\/h3><p>Use uma paleta de cores escuras para dar bos-vindas aos seus convidados em seu pequeno <a href=\"https:\/\/www.aarquiteta.com.br\/blog\/?s=HALL\">hall<\/a> de entrada.<\/p><p>A maioria dos vest\u00edbulos ou salas de entrada se abre para outras salas, para que as salas adjacentes equilibrem as cores escuras.<\/p><figure id=\"attachment_40366\" aria-describedby=\"caption-attachment-40366\" style=\"width: 1100px\" class=\"wp-caption aligncenter\"><img decoding=\"async\" class=\"wp-image-40366\" src=\"https:\/\/www.aarquiteta.com.br\/blog\/wp-content\/uploads\/2022\/01\/hall-de-entrada.jpg\" alt=\"Cores escuras em pequenos espa\u00e7os? Descubra como acertar!\" width=\"1100\" height=\"803\" title=\"\" srcset=\"https:\/\/www.aarquiteta.com.br\/blog\/wp-content\/uploads\/2022\/01\/hall-de-entrada.jpg 1051w, https:\/\/www.aarquiteta.com.br\/blog\/wp-content\/uploads\/2022\/01\/hall-de-entrada-1024x747.jpg 1024w, https:\/\/www.aarquiteta.com.br\/blog\/wp-content\/uploads\/2022\/01\/hall-de-entrada-696x508.jpg 696w, https:\/\/www.aarquiteta.com.br\/blog\/wp-content\/uploads\/2022\/01\/hall-de-entrada-150x109.jpg 150w\" sizes=\"(max-width: 1100px) 100vw, 1100px\" \/><figcaption id=\"caption-attachment-40366\" class=\"wp-caption-text\">Cores escuras em pequenos espa\u00e7os? Descubra como acertar!<\/figcaption><\/figure><p>Se voc\u00ea n\u00e3o estiver pronto para pular para uma paleta de cores totalmente escuras no hall de entrada, uma <a href=\"https:\/\/www.aarquiteta.com.br\/blog\/?s=PAREDE\">parede<\/a> de destaque ou mesmo o teto cria boas superf\u00edcies para cores profundas.<\/p><p><em>Se voc\u00ea n\u00e3o est\u00e1 pronto para se comprometer com muitas cores escuras em sua casa, uma parede de sotaque dram\u00e1tica pode ser a resposta.\u00a0<\/em><\/p><h3><span class=\"s1\">3) Salas de Jantar &#8211; Fa\u00e7a da sua sala de jantar formal um espa\u00e7o di\u00e1rio com cores<\/span><\/h3><p>Salas de jantar formais podem n\u00e3o ser usadas no dia a dia, pois vidas ocupadas geralmente exigem refei\u00e7\u00f5es informais.<\/p><p>Dito isto, uma nova paleta de cores e m\u00f3veis podem tornar sua sala de jantar o espa\u00e7o mais utilizado em sua casa.<\/p><figure id=\"attachment_40362-2\" aria-describedby=\"caption-attachment-40362-2\" style=\"width: 700px\" class=\"wp-caption aligncenter\"><img decoding=\"async\" class=\"wp-image-40362 size-full\" title=\"Cores escuras em pequenos espa\u00e7os? Descubra como acertar!\" src=\"https:\/\/www.aarquiteta.com.br\/blog\/wp-content\/uploads\/2022\/01\/sala-de-jantar-escura.jpg\" alt=\"Cores escuras em pequenos espa\u00e7os? Descubra como acertar!\" width=\"700\" height=\"400\" srcset=\"https:\/\/www.aarquiteta.com.br\/blog\/wp-content\/uploads\/2022\/01\/sala-de-jantar-escura.jpg 700w, https:\/\/www.aarquiteta.com.br\/blog\/wp-content\/uploads\/2022\/01\/sala-de-jantar-escura-696x398.jpg 696w, https:\/\/www.aarquiteta.com.br\/blog\/wp-content\/uploads\/2022\/01\/sala-de-jantar-escura-150x86.jpg 150w\" sizes=\"(max-width: 700px) 100vw, 700px\" \/><figcaption id=\"caption-attachment-40362-2\" class=\"wp-caption-text\">Cores escuras em pequenos espa\u00e7os? Descubra como acertar! Imagem:Menegotto Arquitetura,<\/figcaption><\/figure><p>Cor de parede profunda com estofamento leve e detalhes \u00e9 uma combina\u00e7\u00e3o cl\u00e1ssica, mas n\u00e3o precisa ser abafada.<\/p><p>Escolha\u00a0ilumina\u00e7\u00e3o\u00a0e acess\u00f3rios\u00a0modernos \u00a0para uma apar\u00eancia atualizada.<\/p><p style=\"text-align: left;\"><em>A luz natural \u00e9 um trunfo para uma sala de jantar escura, iluminando seus acess\u00f3rios e utens\u00edlios.\u00a0<\/em><\/p><h3 class=\"p1\"><span class=\"s1\">4) Escolha cores escuras para o seu quarto<\/span><\/h3><p>Existem muitas maneiras de usar cores escuras em um quarto pequeno.<\/p><p>Al\u00e9m de suas paredes, sua cama e roupa de cama s\u00e3o as maiores \u00e1reas de superf\u00edcie da sala.<\/p><p>Se voc\u00ea gosta da apar\u00eancia de tinta escura, mas teme que a parede fique sobrecarregada, roupas de cama de cor clara e tratamentos de janela combinam com tudo.<\/p><figure id=\"attachment_40364\" aria-describedby=\"caption-attachment-40364\" style=\"width: 700px\" class=\"wp-caption aligncenter\"><img decoding=\"async\" class=\"wp-image-40364 size-full\" src=\"https:\/\/www.aarquiteta.com.br\/blog\/wp-content\/uploads\/2022\/01\/dormitorio-escuro.jpg\" alt=\"Cores escuras em pequenos espa\u00e7os? Descubra como acertar!\" width=\"700\" height=\"400\" title=\"\" srcset=\"https:\/\/www.aarquiteta.com.br\/blog\/wp-content\/uploads\/2022\/01\/dormitorio-escuro.jpg 700w, https:\/\/www.aarquiteta.com.br\/blog\/wp-content\/uploads\/2022\/01\/dormitorio-escuro-696x398.jpg 696w, https:\/\/www.aarquiteta.com.br\/blog\/wp-content\/uploads\/2022\/01\/dormitorio-escuro-150x86.jpg 150w\" sizes=\"(max-width: 700px) 100vw, 700px\" \/><figcaption id=\"caption-attachment-40364\" class=\"wp-caption-text\">Cores escuras em pequenos espa\u00e7os? Descubra como acertar!<\/figcaption><\/figure><p>Obviamente, n\u00e3o existe uma regra que diga que os quartos devem ser claros e luminosos, especialmente como espa\u00e7o para dormir.<\/p><p>Para emparelhar a cor escura da parede com a roupa de cama escura, escolha\u00a0roupas de cama \u00a0e\u00a0tratamentos de janela\u00a0com textura ou padr\u00f5es.<\/p><p>Muitas cores escuras s\u00f3lidas podem transformar rapidamente um espa\u00e7o relaxante em uma caverna.<\/p><p>Roupas de cama brancas e prateleiras de plantas inovadoras amolecem um quarto escuro.<\/p><h2 class=\"p1\">5) Transforme uma sala de estar de caverna em aconchegante<\/h2><p class=\"p1\"><span class=\"s1\">Adoramos a apar\u00eancia de uma aconchegante sala de estar, por isso n\u00e3o tenha vergonha de decorar com cores escuras. <\/span><\/p><p class=\"p1\"><span class=\"s1\">Existem maneiras de criar um equil\u00edbrio harmonioso entre a escurid\u00e3o e a luz nesses espa\u00e7os frequentemente usados.<\/span><\/p><figure id=\"attachment_40363\" aria-describedby=\"caption-attachment-40363\" style=\"width: 700px\" class=\"wp-caption aligncenter\"><img decoding=\"async\" class=\"wp-image-40363 size-full\" src=\"https:\/\/www.aarquiteta.com.br\/blog\/wp-content\/uploads\/2022\/01\/sala-de-estar-escura.jpg\" alt=\"\" width=\"700\" height=\"400\" title=\"\" srcset=\"https:\/\/www.aarquiteta.com.br\/blog\/wp-content\/uploads\/2022\/01\/sala-de-estar-escura.jpg 700w, https:\/\/www.aarquiteta.com.br\/blog\/wp-content\/uploads\/2022\/01\/sala-de-estar-escura-696x398.jpg 696w, https:\/\/www.aarquiteta.com.br\/blog\/wp-content\/uploads\/2022\/01\/sala-de-estar-escura-150x86.jpg 150w\" sizes=\"(max-width: 700px) 100vw, 700px\" \/><figcaption id=\"caption-attachment-40363\" class=\"wp-caption-text\">Menegotto Arquitetura,<\/figcaption><\/figure><p class=\"p1\"><span class=\"s1\">Por exemplo, pinte os tetos de branco ou use cores brilhantes em acess\u00f3rios e obras de arte para criar uma ponte entre os dois extremos. <\/span><\/p><p class=\"p1\"><span class=\"s1\">A ilumina\u00e7\u00e3o certa \u00e9 importante para a sua sala de estar; portanto, procure lumin\u00e1rias arejadas e claras.<\/span><\/p><p><a style=\"font-weight: bold; background-color: transparent;\" href=\"https:\/\/www.aarquiteta.com.br\/blog\/wp-content\/uploads\/2019\/10\/sala_de_estar_marrom_com_acentos_met\u00e1licos.jpg\"><img decoding=\"async\" class=\"wp-image-31842\" title=\"Cores escuras em pequenos espa\u00e7os? Descubra como acertar!\" src=\"https:\/\/www.aarquiteta.com.br\/blog\/wp-content\/uploads\/2019\/10\/sala_de_estar_marrom_com_acentos_met\u00e1licos-300x199.jpg\" alt=\"Cores escuras em pequenos espa\u00e7os? Descubra como acertar!\" width=\"1100\" height=\"730\" \/><\/a><\/p><p>Cores escuras em pequenos espa\u00e7os? Descubra como acertar!Imagem:\u00a0Anthony Michael Design de Interiores.Ao contr\u00e1rio da cren\u00e7a popular, existem muitas maneiras de fazer as cores escuras funcionarem em pequenas \u00e1reas, desde o uso de pe\u00e7as acentuadas at\u00e9 o uso de texturas incomuns.<\/p><p>Quais salas voc\u00ea estar\u00e1 transformando com cores escuras? Conte-nos nos coment\u00e1rios.<\/p><pre><em><span class=\"author-info\">\u00a0Refer\u00eancias: Diana Hathaway ,<\/span>\u00a0<span class=\"hidden-xs\">\u00a0Junho 13, 2018 em\u00a0Id\u00e9ias de decora\u00e7\u00e3o\u00a0\/\u00a0Design e Decora\u00e7\u00e3o \u00a0\/\u00a0Pintura.<\/span><\/em><\/pre><div id='gallery-1' class='gallery galleryid-31835 gallery-columns-3 gallery-size-thumbnail'><figure class='gallery-item'>\t\t\t<div class='gallery-icon landscape'>\t\t\t\t<a href='https:\/\/www.aarquiteta.com.br\/blog\/dicas-de-como-aproveitar-espaco-em-apartamento1-2\/'><img decoding=\"async\" width=\"128\" height=\"73\" src=\"https:\/\/www.aarquiteta.com.br\/blog\/wp-content\/uploads\/2022\/02\/Dicas-de-como-aproveitar-espaco-em-apartamento1-1.jpg\" class=\"attachment-thumbnail size-thumbnail\" alt=\"\" srcset=\"https:\/\/www.aarquiteta.com.br\/blog\/wp-content\/uploads\/2022\/02\/Dicas-de-como-aproveitar-espaco-em-apartamento1-1.jpg 700w, https:\/\/www.aarquiteta.com.br\/blog\/wp-content\/uploads\/2022\/02\/Dicas-de-como-aproveitar-espaco-em-apartamento1-1-696x398.jpg 696w, https:\/\/www.aarquiteta.com.br\/blog\/wp-content\/uploads\/2022\/02\/Dicas-de-como-aproveitar-espaco-em-apartamento1-1-150x86.jpg 150w\" sizes=\"(max-width: 128px) 100vw, 128px\" title=\"\"><\/a>\t\t\t<\/div><\/figure><figure class='gallery-item'>\t\t\t<div class='gallery-icon landscape'>\t\t\t\t<a href='https:\/\/www.aarquiteta.com.br\/blog\/como-decorar-apartamento-no-estilo-escandinavo-2\/'><img decoding=\"async\" width=\"128\" height=\"73\" src=\"https:\/\/www.aarquiteta.com.br\/blog\/wp-content\/uploads\/2022\/01\/Como-decorar-apartamento-no-estilo-escandinavo.jpg\" class=\"attachment-thumbnail size-thumbnail\" alt=\"Como decorar apartamento no estilo escandinavo.\" srcset=\"https:\/\/www.aarquiteta.com.br\/blog\/wp-content\/uploads\/2022\/01\/Como-decorar-apartamento-no-estilo-escandinavo.jpg 700w, https:\/\/www.aarquiteta.com.br\/blog\/wp-content\/uploads\/2022\/01\/Como-decorar-apartamento-no-estilo-escandinavo-696x398.jpg 696w, https:\/\/www.aarquiteta.com.br\/blog\/wp-content\/uploads\/2022\/01\/Como-decorar-apartamento-no-estilo-escandinavo-150x86.jpg 150w\" sizes=\"(max-width: 128px) 100vw, 128px\" title=\"\"><\/a>\t\t\t<\/div><\/figure><figure class='gallery-item'>\t\t\t<div class='gallery-icon landscape'>\t\t\t\t<a href='https:\/\/www.aarquiteta.com.br\/blog\/?attachment_id=36995'><img decoding=\"async\" width=\"128\" height=\"85\" src=\"https:\/\/www.aarquiteta.com.br\/blog\/wp-content\/uploads\/2021\/11\/quadros-parede.jpg\" class=\"attachment-thumbnail size-thumbnail\" alt=\"Como Criar uma Parede de Quadros com DIY\" aria-describedby=\"gallery-1-36995\" srcset=\"https:\/\/www.aarquiteta.com.br\/blog\/wp-content\/uploads\/2021\/11\/quadros-parede.jpg 1200w, https:\/\/www.aarquiteta.com.br\/blog\/wp-content\/uploads\/2021\/11\/quadros-parede-1024x683.jpg 1024w, https:\/\/www.aarquiteta.com.br\/blog\/wp-content\/uploads\/2021\/11\/quadros-parede-696x464.jpg 696w, https:\/\/www.aarquiteta.com.br\/blog\/wp-content\/uploads\/2021\/11\/quadros-parede-150x100.jpg 150w\" sizes=\"(max-width: 128px) 100vw, 128px\" title=\"\"><\/a>\t\t\t<\/div>\t\t\t\t<figcaption class='wp-caption-text gallery-caption' id='gallery-1-36995'>\t\t\t\tComo Criar uma Parede de Quadros com DIY\t\t\t\t<\/figcaption><\/figure><figure class='gallery-item'>\t\t\t<div class='gallery-icon portrait'>\t\t\t\t<a href='https:\/\/www.aarquiteta.com.br\/blog\/moveis-planejados-para-apartamentos-pequenos\/decoracao-de-apartamento-pequeno_-confira-de-80-modelos-para-2021\/'><img decoding=\"async\" width=\"72\" height=\"96\" src=\"https:\/\/www.aarquiteta.com.br\/blog\/wp-content\/uploads\/2021\/11\/Decoracao-de-Apartamento-Pequeno_-Confira-de-80-Modelos-para-2021.png\" class=\"attachment-thumbnail size-thumbnail\" alt=\"M\u00f3veis planejados para apartamentos\" aria-describedby=\"gallery-1-36869\" srcset=\"https:\/\/www.aarquiteta.com.br\/blog\/wp-content\/uploads\/2021\/11\/Decoracao-de-Apartamento-Pequeno_-Confira-de-80-Modelos-para-2021.png 490w, https:\/\/www.aarquiteta.com.br\/blog\/wp-content\/uploads\/2021\/11\/Decoracao-de-Apartamento-Pequeno_-Confira-de-80-Modelos-para-2021-150x200.png 150w\" sizes=\"(max-width: 72px) 100vw, 72px\" title=\"\"><\/a>\t\t\t<\/div>\t\t\t\t<figcaption class='wp-caption-text gallery-caption' id='gallery-1-36869'>\t\t\t\tfonte: Arkpad\t\t\t\t<\/figcaption><\/figure><figure class='gallery-item'>\t\t\t<div class='gallery-icon landscape'>\t\t\t\t<a href='https:\/\/www.aarquiteta.com.br\/blog\/apartamento-pequeno-como-decorar\/9-erros-que-todo-dono-de-apartamento-pequeno-comete-4\/'><img decoding=\"async\" width=\"128\" height=\"86\" src=\"https:\/\/www.aarquiteta.com.br\/blog\/wp-content\/uploads\/2019\/07\/9-erros-que-todo-dono-de-apartamento-pequeno-comete-4.jpg\" class=\"attachment-thumbnail size-thumbnail\" alt=\"\" srcset=\"https:\/\/www.aarquiteta.com.br\/blog\/wp-content\/uploads\/2019\/07\/9-erros-que-todo-dono-de-apartamento-pequeno-comete-4.jpg 500w, https:\/\/www.aarquiteta.com.br\/blog\/wp-content\/uploads\/2019\/07\/9-erros-que-todo-dono-de-apartamento-pequeno-comete-4-150x100.jpg 150w\" sizes=\"(max-width: 128px) 100vw, 128px\" title=\"\"><\/a>\t\t\t<\/div><\/figure><figure class='gallery-item'>\t\t\t<div class='gallery-icon landscape'>\t\t\t\t<a href='https:\/\/www.aarquiteta.com.br\/blog\/apartamento-pequeno-como-decorar\/9-erros-que-todo-dono-de-apartamento-pequeno-comete-2\/'><img decoding=\"async\" width=\"128\" height=\"86\" src=\"https:\/\/www.aarquiteta.com.br\/blog\/wp-content\/uploads\/2019\/07\/9-erros-que-todo-dono-de-apartamento-pequeno-comete-2.jpg\" class=\"attachment-thumbnail size-thumbnail\" alt=\"\" srcset=\"https:\/\/www.aarquiteta.com.br\/blog\/wp-content\/uploads\/2019\/07\/9-erros-que-todo-dono-de-apartamento-pequeno-comete-2.jpg 500w, https:\/\/www.aarquiteta.com.br\/blog\/wp-content\/uploads\/2019\/07\/9-erros-que-todo-dono-de-apartamento-pequeno-comete-2-150x100.jpg 150w\" sizes=\"(max-width: 128px) 100vw, 128px\" title=\"\"><\/a>\t\t\t<\/div><\/figure><figure class='gallery-item'>\t\t\t<div class='gallery-icon portrait'>\t\t\t\t<a href='https:\/\/www.aarquiteta.com.br\/blog\/decoracao-clean\/estilo-escandinavo-6\/'><img decoding=\"async\" width=\"64\" height=\"96\" src=\"https:\/\/www.aarquiteta.com.br\/blog\/wp-content\/uploads\/2019\/08\/apartamento33-560x840.jpg\" class=\"attachment-thumbnail size-thumbnail\" alt=\"\" srcset=\"https:\/\/www.aarquiteta.com.br\/blog\/wp-content\/uploads\/2019\/08\/apartamento33-560x840.jpg 560w, https:\/\/www.aarquiteta.com.br\/blog\/wp-content\/uploads\/2019\/08\/apartamento33-560x840-150x225.jpg 150w\" sizes=\"(max-width: 64px) 100vw, 64px\" title=\"\"><\/a>\t\t\t<\/div><\/figure><figure class='gallery-item'>\t\t\t<div class='gallery-icon landscape'>\t\t\t\t<a href='https:\/\/www.aarquiteta.com.br\/blog\/moveis-planejados-para-apartamentos-pequenos\/como-aproveitar-cada-ponto-dos-microapartamentos2\/'><img decoding=\"async\" width=\"128\" height=\"86\" src=\"https:\/\/www.aarquiteta.com.br\/blog\/wp-content\/uploads\/2019\/06\/Como-aproveitar-cada-ponto-dos-microapartamentos2-e1648657240183.jpg\" class=\"attachment-thumbnail size-thumbnail\" alt=\"\" srcset=\"https:\/\/www.aarquiteta.com.br\/blog\/wp-content\/uploads\/2019\/06\/Como-aproveitar-cada-ponto-dos-microapartamentos2-e1648657240183.jpg 700w, https:\/\/www.aarquiteta.com.br\/blog\/wp-content\/uploads\/2019\/06\/Como-aproveitar-cada-ponto-dos-microapartamentos2-e1648657240183-696x470.jpg 696w, https:\/\/www.aarquiteta.com.br\/blog\/wp-content\/uploads\/2019\/06\/Como-aproveitar-cada-ponto-dos-microapartamentos2-e1648657240183-150x101.jpg 150w\" sizes=\"(max-width: 128px) 100vw, 128px\" title=\"\"><\/a>\t\t\t<\/div><\/figure><figure class='gallery-item'>\t\t\t<div class='gallery-icon portrait'>\t\t\t\t<a href='https:\/\/www.aarquiteta.com.br\/blog\/decoracao-apartamento-pequeno\/apartamento-pequeno-arquiteta-2\/'><img decoding=\"async\" width=\"79\" height=\"96\" src=\"https:\/\/www.aarquiteta.com.br\/blog\/wp-content\/uploads\/2019\/05\/apartamento-pequeno-arquiteta-2.jpg\" class=\"attachment-thumbnail size-thumbnail\" alt=\"Decora\u00e7\u00e3o de Ambientes Pequenos: Dicas para Organiza\u00e7\u00e3o e Boa Energia\" aria-describedby=\"gallery-1-16397\" srcset=\"https:\/\/www.aarquiteta.com.br\/blog\/wp-content\/uploads\/2019\/05\/apartamento-pequeno-arquiteta-2.jpg 861w, https:\/\/www.aarquiteta.com.br\/blog\/wp-content\/uploads\/2019\/05\/apartamento-pequeno-arquiteta-2-838x1024.jpg 838w, https:\/\/www.aarquiteta.com.br\/blog\/wp-content\/uploads\/2019\/05\/apartamento-pequeno-arquiteta-2-696x850.jpg 696w, https:\/\/www.aarquiteta.com.br\/blog\/wp-content\/uploads\/2019\/05\/apartamento-pequeno-arquiteta-2-150x183.jpg 150w\" sizes=\"(max-width: 79px) 100vw, 79px\" title=\"\"><\/a>\t\t\t<\/div>\t\t\t\t<figcaption class='wp-caption-text gallery-caption' id='gallery-1-16397'>\t\t\t\tImagem: homedit.com\t\t\t\t<\/figcaption><\/figure><figure class='gallery-item'>\t\t\t<div class='gallery-icon portrait'>\t\t\t\t<a href='https:\/\/www.aarquiteta.com.br\/blog\/decoracao-apartamento-pequeno\/apartamento-pequeno-arquiteta-5\/'><img decoding=\"async\" width=\"65\" height=\"96\" src=\"https:\/\/www.aarquiteta.com.br\/blog\/wp-content\/uploads\/2019\/05\/apartamento-pequeno-arquiteta-5.jpg\" class=\"attachment-thumbnail size-thumbnail\" alt=\"\" aria-describedby=\"gallery-1-16396\" srcset=\"https:\/\/www.aarquiteta.com.br\/blog\/wp-content\/uploads\/2019\/05\/apartamento-pequeno-arquiteta-5.jpg 800w, https:\/\/www.aarquiteta.com.br\/blog\/wp-content\/uploads\/2019\/05\/apartamento-pequeno-arquiteta-5-695x1024.jpg 695w, https:\/\/www.aarquiteta.com.br\/blog\/wp-content\/uploads\/2019\/05\/apartamento-pequeno-arquiteta-5-696x1026.jpg 696w, https:\/\/www.aarquiteta.com.br\/blog\/wp-content\/uploads\/2019\/05\/apartamento-pequeno-arquiteta-5-150x221.jpg 150w\" sizes=\"(max-width: 65px) 100vw, 65px\" title=\"\"><\/a>\t\t\t<\/div>\t\t\t\t<figcaption class='wp-caption-text gallery-caption' id='gallery-1-16396'>\t\t\t\tImagem: freshome.com\t\t\t\t<\/figcaption><\/figure>\t\t<\/div><h2><strong>E a\u00ed, gostou do artigo sobre cores escuras em pequenos espa\u00e7os?<\/strong><\/h2><p><strong>Ent\u00e3o compartilhe com os amigos!<\/strong><\/p><p>Em fim, n\u00e3o se esque\u00e7a de me deixar saber nos coment\u00e1rios o que voc\u00ea achou do artigo.<\/p><p>At\u00e9 a pr\u00f3xima dica!<\/p><h3><span id=\"%E2%96%BAVeja_mais_dicas_em\" class=\"ez-toc-section\"><\/span><span id=\"%E2%96%BAVeja_mais_dicas_em\" class=\"ez-toc-section\"><\/span>\u25baVeja mais dicas em:<\/h3><p>Quer mais dicas ent\u00e3o confira alguns dos nossos artigos sobre:<\/p><ul><li><a href=\"https:\/\/www.aarquiteta.com.br\/decoracao\/\" target=\"_blank\" rel=\"noopener\">Decora\u00e7\u00e3o<\/a><\/li><li><a href=\"https:\/\/www.aarquiteta.com.br\/blog\/paisagismo\/\" target=\"_blank\" rel=\"noopener\">Casa e Jardim<\/a><\/li><li><a href=\"https:\/\/www.aarquiteta.com.br\/blog\/arquitetura\/mundo-arquitetura\/\" target=\"_blank\" rel=\"noopener\">Mundo Arquitetura<\/a><\/li><\/ul><h2>Mimos da A Arquiteta para voc\u00ea!<\/h2><p><a href=\"https:\/\/www.aarquiteta.com.br\/blog\/wp-content\/uploads\/2021\/10\/luciana-paixao.jpg\" data-rel=\"fancybox\"><img decoding=\"async\" class=\"alignnone size-full wp-image-35413\" title=\"Parede decorada: Ideias que n\u00e3o podem faltar. Confira.\" src=\"https:\/\/www.aarquiteta.com.br\/blog\/wp-content\/uploads\/2021\/10\/luciana-paixao.jpg\" sizes=\"(max-width: 800px) 100vw, 800px\" srcset=\"https:\/\/www.aarquiteta.com.br\/blog\/wp-content\/uploads\/2021\/10\/luciana-paixao.jpg 800w, https:\/\/www.aarquiteta.com.br\/blog\/wp-content\/uploads\/2021\/10\/luciana-paixao-300x225.jpg 300w, https:\/\/www.aarquiteta.com.br\/blog\/wp-content\/uploads\/2021\/10\/luciana-paixao-768x576.jpg 768w, https:\/\/www.aarquiteta.com.br\/blog\/wp-content\/uploads\/2021\/10\/luciana-paixao-400x300.jpg 400w, https:\/\/www.aarquiteta.com.br\/blog\/wp-content\/uploads\/2021\/10\/luciana-paixao-150x113.jpg 150w\" alt=\"luciana paixao - Parede decorada: Ideias que n\u00e3o podem faltar. Confira.\" width=\"800\" height=\"600\" \/><\/a><\/p><p>Em meu portal de treinamento on-line separei para voc\u00ea v\u00e1rios dos meus cursos gratuitos para quem quer aprender a decorar ou at\u00e9 usar programas para criar seus projetos, seja de interiores, de edifica\u00e7\u00f5es, e-books e muito mais.<\/p><p><strong>Basta clicar neste link e come\u00e7ar a estudar.<\/strong><\/p><p>Por fim, eu gostaria de conhecer mais sobre voc\u00ea.<\/p><p>Voc\u00ea \u00e9 um entusiasta decorador, ou at\u00e9 um profissional de Arquitetura?<\/p><p><strong><a href=\"https:\/\/docs.google.com\/forms\/d\/1lpOg395M8SQGbxSYFd7WAxaNESKlSw_9lHXl683tTrc\/\" target=\"_blank\" rel=\"noopener\">Clique aqui, responda estas poucas perguntas e ganhe um presente meu que adorar\u00e1\u00a0 muito!<\/a><\/strong><\/p><p>Espero que o post tenha lhe ajudado!<\/p><p>Ah! N\u00e3o esque\u00e7a de pegar seu conte\u00fado gratuito.<\/p><p>At\u00e9!<\/p>","protected":false},"excerpt":{"rendered":"<p>Cores escuras em pequenos espa\u00e7os? Descubra como acertar!Salas pequenas podem ser um desafio de decora\u00e7\u00e3o, especialmente quando buscamos cores claras na esperan\u00e7a de torn\u00e1-la maior.No entanto, uma paleta de cores claras n\u00e3o \u00e9 a \u00fanica maneira de decorar um espa\u00e7o pequeno, e melhor, nem sempre faz uma sala realmente parecer maior.N\u00e3o tenha medo de usar [&hellip;]<\/p>\n","protected":false},"author":102,"featured_media":40363,"comment_status":"closed","ping_status":"closed","sticky":false,"template":"","format":"standard","meta":{"footnotes":""},"categories":[18769],"tags":[137,1532,1028],"class_list":["post-31835","post","type-post","status-publish","format-standard","has-post-thumbnail","category-pintura","tag-arquitetura","tag-criatividade","tag-design-de-interiores"],"_wp_attached_file":null,"_wp_attachment_metadata":null,"_wp_attachment_context":null,"_wp_attachment_is_custom_header":null,"geo_longitude":null,"geo_public":null,"geo_latitude":null,"_publicize_done_external":null,"_wpas_done_3897181":null,"publicize_twitter_user":null,"_wpas_done_3897175":null,"_wpas_skip_3897181":null,"_wpas_skip_3897175":null,"_wpas_skip_3924723":null,"_wpas_mess":null,"_wpas_done_3924723":null,"wps_subtitle":"Perca o medo e arrase na decora\u00e7\u00e3o com as dicas que separarmos para voc\u00ea inovar em grande estilo!","_links":{"self":[{"href":"https:\/\/www.aarquiteta.com.br\/blog\/wp-json\/wp\/v2\/posts\/31835","targetHints":{"allow":["GET"]}}],"collection":[{"href":"https:\/\/www.aarquiteta.com.br\/blog\/wp-json\/wp\/v2\/posts"}],"about":[{"href":"https:\/\/www.aarquiteta.com.br\/blog\/wp-json\/wp\/v2\/types\/post"}],"author":[{"embeddable":true,"href":"https:\/\/www.aarquiteta.com.br\/blog\/wp-json\/wp\/v2\/users\/102"}],"replies":[{"embeddable":true,"href":"https:\/\/www.aarquiteta.com.br\/blog\/wp-json\/wp\/v2\/comments?post=31835"}],"version-history":[{"count":0,"href":"https:\/\/www.aarquiteta.com.br\/blog\/wp-json\/wp\/v2\/posts\/31835\/revisions"}],"wp:featuredmedia":[{"embeddable":true,"href":"https:\/\/www.aarquiteta.com.br\/blog\/wp-json\/wp\/v2\/media\/40363"}],"wp:attachment":[{"href":"https:\/\/www.aarquiteta.com.br\/blog\/wp-json\/wp\/v2\/media?parent=31835"}],"wp:term":[{"taxonomy":"category","embeddable":true,"href":"https:\/\/www.aarquiteta.com.br\/blog\/wp-json\/wp\/v2\/categories?post=31835"},{"taxonomy":"post_tag","embeddable":true,"href":"https:\/\/www.aarquiteta.com.br\/blog\/wp-json\/wp\/v2\/tags?post=31835"}],"curies":[{"name":"wp","href":"https:\/\/api.w.org\/{rel}","templated":true}]}}