{"id":31678,"date":"2019-09-30T13:20:54","date_gmt":"2019-09-30T16:20:54","guid":{"rendered":"http:\/\/aarquiteta.com.br\/?p=31678"},"modified":"2022-06-23T19:40:08","modified_gmt":"2022-06-23T22:40:08","slug":"pousada-das-pedras-monte-verde","status":"publish","type":"post","link":"https:\/\/www.aarquiteta.com.br\/blog\/pousada-das-pedras-monte-verde\/","title":{"rendered":"Pousada das Pedras Monte Verde, MG-Brasil. Romantismo e boa comida!"},"content":{"rendered":"<p><img decoding=\"async\" class=\"alignnone wp-image-31682\" title=\"Pousada das Pedras Monte Verde, MG-Brasil. Romantismo e boa comida!\" src=\"https:\/\/www.aarquiteta.com.br\/blog\/wp-content\/uploads\/2019\/09\/Jardim-Pousada-das-pedras-300x181.png\" alt=\"Pousada das Pedras Monte Verde, MG-Brasil. Romantismo e boa comida!\" width=\"700\" height=\"421\" \/><\/p>\n<p>Pousada das Pedras Monte Verde, MG-Brasil. Romantismo e boa comida!<\/p>\n<p>A 173,2 km de S\u00e3o Paulo com acesso pela Rodovia Federal BR-381 Fern\u00e3o Dias, existe um lugarzinho que para mim, \u00e9 um pedacinho do c\u00e9u, seu nome \u00e9 <a href=\"https:\/\/www.monteverde.com.br\/\" target=\"_blank\" rel=\"noopener\">MONTE VERDE<\/a>.<\/p>\n<p>Um distrito ligado a Camanducaia em Minas Gerais situado em meio a Serra da Mantiqueira que a cada ano vem atraindo mais e mais turistas de todo pa\u00eds por sua Arquitetura no maior estilo Europeu e principalmente pelas baixas temperaturas.<\/p>\n<figure id=\"attachment_31687\" aria-describedby=\"caption-attachment-31687\" style=\"width: 440px\" class=\"wp-caption alignleft\"><a href=\"https:\/\/www.aarquiteta.com.br\/blog\/wp-content\/uploads\/2019\/09\/Termometro-Monte-Verde.png\" target=\"_blank\" rel=\"noopener noreferrer\"><img decoding=\"async\" class=\"wp-image-31687\" title=\"Pousada das Pedras Monte Verde, MG-Brasil. Romantismo e boa comida!\" src=\"https:\/\/www.aarquiteta.com.br\/blog\/wp-content\/uploads\/2019\/09\/Termometro-Monte-Verde-440x550.png\" alt=\"Pousada das Pedras Monte Verde, MG-Brasil. Romantismo e boa comida!\" width=\"440\" height=\"550\" \/><\/a><figcaption id=\"caption-attachment-31687\" class=\"wp-caption-text\">Foto: Luciana Paix\u00e3o @<a href=\"https:\/\/www.instagram.com\/aarquitetablog\/\" target=\"_blank\" rel=\"noopener\">aarquitetablog<\/a>\u00a0 Distrito de Monte Verde<\/figcaption><\/figure>\n<p style=\"text-align: left;\">O distrito abriga cerca de 5 mil habitantes e est\u00e1 a 30 km da entrada por Camanducaia.<\/p>\n<p style=\"text-align: left;\">Como o seu pr\u00f3prio nome diz o distrito de <a href=\"https:\/\/pt.wikipedia.org\/wiki\/Monte_Verde\" target=\"_blank\" rel=\"noopener\">Monte Verde<\/a> \u00e9 cercado pela paisagem natural composta de montanhas cobertas pela mais linda vegeta\u00e7\u00e3o t\u00edpica dos climas mais frios.<\/p>\n<p style=\"text-align: left;\">Um convite ao relaxamento para quem deseja fugir da agita\u00e7\u00e3o dos grandes centros.<\/p>\n<p style=\"text-align: left;\">Arauc\u00e1rias e lindas planta\u00e7\u00f5es de Eucaliptos de reflorestamento da empresa Melhoramentos fazem do caminho at\u00e9 Monte Verde um refresco para os nossos pulm\u00f5es, pois est\u00e1 situada a mais de 1600 m de altitude.<\/p>\n<p style=\"text-align: left;\">Muito ar puro! Abra o vidro do carro e respire o ar de Monte Verde, o cheirinho de lenha que fica no ficar\u00e1 na sua mem\u00f3ria para sempre!<\/p>\n<h2><a href=\"https:\/\/pt.wikipedia.org\/wiki\/Monte_Verde\" target=\"_blank\" rel=\"noopener\">Monte Verde<\/a>, para qu\u00ea te quero?<\/h2>\n<p><a href=\"https:\/\/pt.wikipedia.org\/wiki\/Monte_Verde\" target=\"_blank\" rel=\"noopener\">Monte Verde<\/a> \u00e9 procurada por aqueles que amam sentir um friozinho gostoso, pois suas temperaturas nos dias t\u00edpicos de invernos atingem n\u00fameros abaixo de zero com muita facilidade.<\/p>\n<p>Com di\u00e1rias a partir de R$ 200,00 Monte Verde \u00e9 procurada n\u00e3o somente durante a alta temporada invernal, mas em todos os meses do ano.<\/p>\n<p>Quem n\u00e3o gosta muito do frio pode visitar a regi\u00e3o at\u00e9 mesmo no ver\u00e3o, pois h\u00e1 muitos restaurantes com deliciosos card\u00e1pios para todos os gostos, muitos com m\u00fasica ao vivo!<\/p>\n<p>Rod\u00edzios variados de Fondue s\u00e3o encontrados a partir de R$60,00, al\u00e9m das deliciosas sopas no p\u00e3o italiano, trutas, doces e bebidas fazem a alegria daqueles que querem apreciar uma boa culin\u00e1ria.<\/p>\n<p>E claro, n\u00e3o nos esquecendo dos deliciosos chocolates, especialmente os chocolates quentes de Gressoney e do <a href=\"http:\/\/www.chocolatemontanhes.com.br\/\" target=\"_blank\" rel=\"noopener\">Montanh\u00eas<\/a>, imposs\u00edvel n\u00e3o ir at\u00e9 Monte Verde e n\u00e3o experimentar!<\/p>\n<p>Al\u00e9m da paisagem e gastronomia, o ponto alto do local, tamb\u00e9m s\u00e3o passeios que podem ser agendados diretamente com os agentes distribu\u00eddos pelos pontos da avenida principal ou nos hot\u00e9is, s\u00e3o oferecidos servi\u00e7os de city tour passando pela famosa f\u00e1brica de chocolate, a roda d&#8217;\u00e1gua.<\/p>\n<p>A Pedra Redonda, um pico que fica a mais de 1.900 metros de altitude e de onde \u00e9 poss\u00edvel ter uma vista de 360\u00b0 da regi\u00e3o, al\u00e9m de passeios mais radicais com Trilhas, Tirolesas, Arvorismo, Alpinismo e passeios com quadriciclo entre outros.<\/p>\n<figure id=\"attachment_31684\" aria-describedby=\"caption-attachment-31684\" style=\"width: 1280px\" class=\"wp-caption aligncenter\"><a href=\"https:\/\/www.aarquiteta.com.br\/blog\/wp-content\/uploads\/2019\/09\/Pico-Pedra-Redonda-Monte-Verde.jpg\" target=\"_blank\" rel=\"noopener noreferrer\"><img decoding=\"async\" class=\"wp-image-31684 size-full\" title=\"Pico Pedra Pedonda Monte Verde\" src=\"https:\/\/www.aarquiteta.com.br\/blog\/wp-content\/uploads\/2019\/09\/Pico-Pedra-Redonda-Monte-Verde.jpg\" alt=\"Pousada das Pedras Monte Verde, MG-Brasil. Romantismo e boa comida!\" width=\"1280\" height=\"720\" srcset=\"https:\/\/www.aarquiteta.com.br\/blog\/wp-content\/uploads\/2019\/09\/Pico-Pedra-Redonda-Monte-Verde.jpg 1280w, https:\/\/www.aarquiteta.com.br\/blog\/wp-content\/uploads\/2019\/09\/Pico-Pedra-Redonda-Monte-Verde-1024x576.jpg 1024w, https:\/\/www.aarquiteta.com.br\/blog\/wp-content\/uploads\/2019\/09\/Pico-Pedra-Redonda-Monte-Verde-696x392.jpg 696w, https:\/\/www.aarquiteta.com.br\/blog\/wp-content\/uploads\/2019\/09\/Pico-Pedra-Redonda-Monte-Verde-150x84.jpg 150w\" sizes=\"(max-width: 1280px) 100vw, 1280px\" \/><\/a><figcaption id=\"caption-attachment-31684\" class=\"wp-caption-text\">Foto: @<a href=\"https:\/\/www.instagram.com\/aarquitetablog\/\" target=\"_blank\" rel=\"noopener\">aarquitetablog<\/a> &#8211; Pico da Pedra Redonda: <a href=\"https:\/\/www.instagram.com\/dankroll\/\" target=\"_blank\" rel=\"noopener\">@dankroll<\/a>\u00a0 <a href=\"https:\/\/www.instagram.com\/rafaelfigueiredopersonal\/\" target=\"_blank\" rel=\"noopener\">@rafaelfigueiredopersonal<\/a> <a href=\"https:\/\/www.instagram.com\/glaucosta5\/\" target=\"_blank\" rel=\"noopener\">@glaucosta5<\/a><\/figcaption><\/figure>\n<p>Para quem gosta de cerveja artesanal tamb\u00e9m atrav\u00e9s de agendamento pr\u00e9vio direto a cervejaria Fritz promove visitas em sua produ\u00e7\u00e3o de cervejas para os mais apaixonados pela bebida.<\/p>\n<p>E quem curte um vinho com uma bela t\u00e1bua de queijos n\u00e3o deixem de aproveitar os vinhos e os queijos do com\u00e9rcio local! N\u00e3o d\u00e1 para resistir!<\/p>\n<p>Quem deseja conhecer Monte Verde e n\u00e3o tem ideia por onde come\u00e7ar pela cidade a Associa\u00e7\u00e3o de Hot\u00e9is e Pousadas do distrito (AHPMV) podem ajudar com uma boa refer\u00eancia.<\/p>\n<p>Com sede na entrada da vila, a institui\u00e7\u00e3o informa sobre hospedagem, localiza\u00e7\u00e3o dos estabelecimentos, op\u00e7\u00f5es de lazer e pontos tur\u00edsticos. No site da associa\u00e7\u00e3o, apenas s\u00e3o indicados os hot\u00e9is, pousadas e chal\u00e9s que obt\u00eam um selo de qualidade.<\/p>\n<h2>Pousada das pedras em Monte Verde.<\/h2>\n<p>H\u00e1 10 anos Monte Verde \u00e9 o meu ponto de ref\u00fagio!<\/p>\n<p>Se voc\u00ea precisa descansar e curtir uma pregui\u00e7a ou mesmo tirar um fim de semana para namorar sugiro a POUSADA DAS PEDRAS MONTE VERDE, com di\u00e1rias com pre\u00e7os super acess\u00edveis \u00e0 pousada conta com variados chal\u00e9s com hospedagem aconchegante e um atendimento muito acolhedor. Devido a \u201cintimidade\u201d que temos com o local a gente se sente em casa quando chega na pousada.<\/p>\n<figure id=\"attachment_31680\" aria-describedby=\"caption-attachment-31680\" style=\"width: 750px\" class=\"wp-caption aligncenter\"><a href=\"https:\/\/www.aarquiteta.com.br\/blog\/wp-content\/uploads\/2019\/09\/Chale-pousda-das-pedras.png\" target=\"_blank\" rel=\"noopener noreferrer\"><img decoding=\"async\" class=\"wp-image-31680 size-post-thumbnail-size\" title=\"Pousadas da pedras\" src=\"https:\/\/www.aarquiteta.com.br\/blog\/wp-content\/uploads\/2019\/09\/Chale-pousda-das-pedras-750x330.png\" alt=\"\" width=\"750\" height=\"330\"><\/a><figcaption id=\"caption-attachment-31680\" class=\"wp-caption-text\">Foto: Divulga\u00e7\u00e3o Site &#8211; Chal\u00e9s : <a href=\"https:\/\/www.instagram.com\/pousadadaspedrasmv\/\" target=\"_blank\" rel=\"noopener\">@pousadadaspedrasmv<\/a><\/figcaption><\/figure>\n<p>A pousada fica cerca de 1 km antes do portal de entrada do distrito e voc\u00ea pode \u201couvir o sil\u00eancio\u201d de t\u00e3o tranquila que \u00e9 sua localiza\u00e7\u00e3o durante a noite.<\/p>\n<p>A pousada disp\u00f5e de estacionamento pr\u00f3prio e voc\u00ea pode deixar seu carro tranquilinho e aproveitar a estadia e relaxar.<\/p>\n<figure id=\"attachment_31681\" aria-describedby=\"caption-attachment-31681\" style=\"width: 750px\" class=\"wp-caption aligncenter\"><a href=\"https:\/\/www.aarquiteta.com.br\/blog\/wp-content\/uploads\/2019\/09\/estacionamento-pousda-das-pedras.png\" target=\"_blank\" rel=\"noopener noreferrer\"><img decoding=\"async\" class=\"wp-image-31681 size-post-thumbnail-size\" title=\"Pousada das Pedras MG\" src=\"https:\/\/www.aarquiteta.com.br\/blog\/wp-content\/uploads\/2019\/09\/estacionamento-pousda-das-pedras-750x330.png\" alt=\"monte verde\" width=\"750\" height=\"330\" \/><\/a><figcaption id=\"caption-attachment-31681\" class=\"wp-caption-text\">Foto: Divulga\u00e7\u00e3o Site &#8211; Estacionamento Pousada das Pedras <a href=\"https:\/\/www.instagram.com\/pousadadaspedrasmv\/\" target=\"_blank\" rel=\"noopener\">@pousadadaspedrasmv<\/a><\/figcaption><\/figure>\n<p>&nbsp;<\/p>\n<p>Seu caf\u00e9 da manh\u00e3 colonial sempre caprichado com p\u00e3es de queijo quentinhos, bolos, torras e geleias de fabrica\u00e7\u00e3o artesanal deixam ainda gostosa a experi\u00eancia de passar um final de semana longe da correria e da agita\u00e7\u00e3o.<\/p>\n<figure id=\"attachment_31679\" aria-describedby=\"caption-attachment-31679\" style=\"width: 750px\" class=\"wp-caption aligncenter\"><a href=\"https:\/\/www.aarquiteta.com.br\/blog\/wp-content\/uploads\/2019\/09\/caf\u00e9-da-manha-pousada-das-pedras.png\" target=\"_blank\" rel=\"noopener noreferrer\"><img decoding=\"async\" class=\"wp-image-31679 size-post-thumbnail-size\" title=\"Pousadas das Pedras\" src=\"https:\/\/www.aarquiteta.com.br\/blog\/wp-content\/uploads\/2019\/09\/caf\u00e9-da-manha-pousada-das-pedras-750x330.png\" alt=\"\" width=\"750\" height=\"330\"><\/a><figcaption id=\"caption-attachment-31679\" class=\"wp-caption-text\">Foto: Divulga\u00e7\u00e3o Site &#8211; Caf\u00e9 da Manh\u00e3 Colonial <a href=\"https:\/\/www.instagram.com\/pousadadaspedrasmv\/\" target=\"_blank\" rel=\"noopener\">@pousadadaspedrasmv<\/a><\/figcaption><\/figure>\n<p>E o melhor, n\u00e3o \u00e9 preciso acordar cedo para tomar caf\u00e9, pois ele \u00e9 servido at\u00e9 o meio-dia!<\/p>\n<p>Os chal\u00e9s possuem lareira e s\u00e3o super quentinhos!<\/p>\n<p>Sem contar a banheira de hidromassagem para casal que ajuda ainda mais a relaxar as tens\u00f5es do dia a dia.<\/p>\n<p>Ainda tem mais!<\/p>\n<p>A pousada possui ofur\u00f4 com uma linda vista para os montes verdes de Monte Verde, imposs\u00edvel n\u00e3o descansar!<\/p>\n<figure id=\"attachment_31683\" aria-describedby=\"caption-attachment-31683\" style=\"width: 750px\" class=\"wp-caption aligncenter\"><a href=\"https:\/\/www.aarquiteta.com.br\/blog\/wp-content\/uploads\/2019\/09\/ofuro-pousada-das-pedras.png\" target=\"_blank\" rel=\"noopener noreferrer\"><img decoding=\"async\" class=\"wp-image-31683 size-post-thumbnail-size\" title=\"Pousada das Pedras \" src=\"https:\/\/www.aarquiteta.com.br\/blog\/wp-content\/uploads\/2019\/09\/ofuro-pousada-das-pedras-750x330.png\" alt=\"monte verde\" width=\"750\" height=\"330\" \/><\/a><figcaption id=\"caption-attachment-31683\" class=\"wp-caption-text\">Foto: Divulga\u00e7\u00e3o Site &#8211; Ofur\u00f4 Pousada das Pedras <a href=\"https:\/\/www.instagram.com\/pousadadaspedrasmv\/\" target=\"_blank\" rel=\"noopener\">@pousadadaspedrasmv<\/a><\/figcaption><\/figure>\n<p>Para quem vai com a fam\u00edlia a pousada ainda tem uma \u00e1rea com chal\u00e9s maiores onde voc\u00ea pode levar a crian\u00e7ada toda e ainda descansar!<\/p>\n<p>A pousada oferece um Voucher para uma noite de fondue no <a href=\"https:\/\/www.casadofondue.com.br\/\" target=\"_blank\" rel=\"noopener\">Restaurante Mont Vert<\/a>, mais conhecida como a casa do Fondue.<\/p>\n<h3>Se liga na dica em Monte Verde.<\/h3>\n<p>Apenas uma recomenda\u00e7\u00e3o pessoal, os Fondues s\u00e3o servidos a partir das 17 (h), ent\u00e3o se voc\u00ea \u00e9 desses como eu que acorda tarde e prefere fazer aquele famoso \u201calmojanta\u201c eu sugiro que v\u00e1 curtir seu fondue at\u00e9 as 19 (h), pois depois desse hor\u00e1rio a fila de espera dos restaurantes em geral pode ser superior a 2 horas!<\/p>\n<p>E acredito que voc\u00ea n\u00e3o vai querer perder 2 horas do seu fim de semana em fila de restaurante n\u00e3o \u00e9 verdade?<\/p>\n<figure id=\"attachment_31686\" aria-describedby=\"caption-attachment-31686\" style=\"width: 700px\" class=\"wp-caption aligncenter\"><a href=\"https:\/\/www.aarquiteta.com.br\/blog\/wp-content\/uploads\/2019\/09\/restaurante-mont-vert.jpg\" target=\"_blank\" rel=\"noopener noreferrer\"><img decoding=\"async\" class=\"wp-image-31686 size-blog-grid\" title=\"Mont Vert Restaurante\" src=\"https:\/\/www.aarquiteta.com.br\/blog\/wp-content\/uploads\/2019\/09\/restaurante-mont-vert-700x400.jpg\" alt=\"\" width=\"700\" height=\"400\"><\/a><figcaption id=\"caption-attachment-31686\" class=\"wp-caption-text\">Foto: @<a href=\"https:\/\/www.instagram.com\/aarquitetablog\/\" target=\"_blank\" rel=\"noopener\">aarquitetablog<\/a>: Mont Vert Restaurante, a Casa do Fondue <a href=\"https:\/\/www.instagram.com\/dankroll\/\" target=\"_blank\" rel=\"noopener\">@dankroll<\/a>\u00a0 <a href=\"https:\/\/www.instagram.com\/rafaelfigueiredopersonal\/\" target=\"_blank\" rel=\"noopener\">@rafaelfigueiredopersonal<\/a> <a href=\"https:\/\/www.instagram.com\/glaucosta5\/\" target=\"_blank\" rel=\"noopener\">@glaucosta5<\/a><\/figcaption><\/figure>\n<p>&nbsp;<\/p>\n<p>A cidade \u00e9 pequena e o volume de turistas aumentou consideravelmente nos \u00faltimos anos, e mesmo com muitos restaurantes eles n\u00e3o d\u00e3o conta de tantos turistas que querem aproveitar suas refei\u00e7\u00f5es com calma e tranquilidade, ent\u00e3o v\u00e1 mais cedo!<\/p>\n<p>Voc\u00ea aproveitar\u00e1 e n\u00e3o vai se arrepender!<\/p>\n<p>Depois voc\u00ea pode passear pela cidade a noite, fazer compras e aproveitar os doces e chocolates deliciosos da rua principal.<\/p>\n<p>Atualmente a cidade possui estacionamentos em pontos estrat\u00e9gicos, portanto voc\u00ea pode ir de carro da pousada at\u00e9 o centrinho com tranquilidade que isso n\u00e3o ser\u00e1 problema.<\/p>\n<p>A pousada conta com Wi-fi e rouparia de cama e banho!<\/p>\n<p>Por tanto, visite Monte Verde! E visite a <a href=\"https:\/\/www.pousadadaspedras.com.br\/\" target=\"_blank\" rel=\"noopener\">Pousada das Pedras<\/a>, Tenho certeza de que voc\u00ea vai gostar!<\/p>\n<p>Obrigada<a href=\"https:\/\/www.pousadadaspedras.com.br\/\" target=\"_blank\" rel=\"noopener\"> Pousada das Pedras<\/a> pela hospitalidade e cordialidade de sempre!<\/p>\n<p>E obrigada aos nossos amigos: <a href=\"https:\/\/www.instagram.com\/glaucosta5\/\" target=\"_blank\" rel=\"noopener\">@glaucosta5<\/a>\u00a0e <a href=\"https:\/\/www.instagram.com\/rafaelfigueiredopersonal\/\" target=\"_blank\" rel=\"noopener\">rafaelfigueiredopersonal<\/a>\u00a0 \u00a0pela companhia agrad\u00e1vel de sempre!<\/p>\n<p>Treine com o melhor personal sigam: <a href=\"https:\/\/www.youtube.com\/channel\/UCynlaEzSkPgOLkX4C5Xpcjw\" target=\"_blank\" rel=\"noopener\">YT Rafael Personal<\/a><\/p>\n<p>Divulga\u00e7\u00e3o Pousada das Pedras<\/p>\n<p>Site: <a href=\"https:\/\/www.pousadadaspedras.com.br\/\" target=\"_blank\" rel=\"noopener\">https:\/\/www.pousadadaspedras.com.br\/<\/a><\/p>\n<p>Contato Pousadas Pedras<\/p>\n<p>Atendimento via Whatsapp: 35 99919.5941 e 35 988830253<\/p>\n<p>Telefone Fixo\u00a0 35 3438.1133 e 35 3438.2812<\/p>\n<h3><strong>E a\u00ed, gostou do artigo sobre Pousada das Pedras Monte Verde, MG-Brasil. Romantismo e boa comida?<\/strong><\/h3>\n<p>Ent\u00e3o deslize a tela para baixo e<a href=\"https:\/\/br.pinterest.com\/aarquitetapinterest\/_created\/\" target=\"_blank\" rel=\"noopener\"> confira mais dicas<\/a> como esta e n\u00e3o se esque\u00e7a de compartilhar com os amigos!<\/p>\n<p>Quer mais dicas sobre o mundo da Arquitetura e Decora\u00e7\u00e3o? Ent\u00e3o decore f\u00e1cil sem mist\u00e9rios, confira alguns dos nossos artigos em:<\/p>\n<ul>\n<li style=\"list-style-type: none;\">\n<ul>\n<li><a href=\"https:\/\/www.aarquiteta.com.br\/blog\/paisagismo\/\" target=\"_blank\" rel=\"noopener\">Casa e Jardim<\/a><\/li>\n<li><a href=\"https:\/\/www.aarquiteta.com.br\/blog\/arquitetura\/mundo-arquitetura\/\" target=\"_blank\" rel=\"noopener\">Mundo Arquitetura<\/a><\/li>\n<li><a href=\"https:\/\/www.aarquiteta.com.br\/decoracao\/\" target=\"_blank\" rel=\"noopener\">Decora\u00e7\u00e3o<br \/>\n<\/a><\/li>\n<\/ul>\n<\/li>\n<\/ul>\n","protected":false},"excerpt":{"rendered":"<p>Pousada das Pedras Monte Verde, MG-Brasil. Romantismo e boa comida! A 173,2 km de S\u00e3o Paulo com acesso pela Rodovia Federal BR-381 Fern\u00e3o Dias, existe um lugarzinho que para mim, \u00e9 um pedacinho do c\u00e9u, seu nome \u00e9 MONTE VERDE. Um distrito ligado a Camanducaia em Minas Gerais situado em meio a Serra da Mantiqueira [&hellip;]<\/p>\n","protected":false},"author":102,"featured_media":31682,"comment_status":"closed","ping_status":"closed","sticky":false,"template":"","format":"standard","meta":{"footnotes":""},"categories":[996],"tags":[9088,1155,9087,9086],"class_list":["post-31678","post","type-post","status-publish","format-standard","has-post-thumbnail","category-viagens","tag-chales","tag-minas-gerais","tag-monte-verde","tag-pousada-das-pedras"],"_wp_attached_file":null,"_wp_attachment_metadata":null,"_wp_attachment_context":null,"_wp_attachment_is_custom_header":null,"geo_longitude":null,"geo_public":null,"geo_latitude":null,"_publicize_done_external":null,"_wpas_done_3897181":null,"publicize_twitter_user":null,"_wpas_done_3897175":null,"_wpas_skip_3897181":null,"_wpas_skip_3897175":null,"_wpas_skip_3924723":null,"_wpas_mess":null,"_wpas_done_3924723":null,"wps_subtitle":"Um esconderijo perfeito para quem deseja fugir do stress das grandes cidades! Recomendo!","_links":{"self":[{"href":"https:\/\/www.aarquiteta.com.br\/blog\/wp-json\/wp\/v2\/posts\/31678","targetHints":{"allow":["GET"]}}],"collection":[{"href":"https:\/\/www.aarquiteta.com.br\/blog\/wp-json\/wp\/v2\/posts"}],"about":[{"href":"https:\/\/www.aarquiteta.com.br\/blog\/wp-json\/wp\/v2\/types\/post"}],"author":[{"embeddable":true,"href":"https:\/\/www.aarquiteta.com.br\/blog\/wp-json\/wp\/v2\/users\/102"}],"replies":[{"embeddable":true,"href":"https:\/\/www.aarquiteta.com.br\/blog\/wp-json\/wp\/v2\/comments?post=31678"}],"version-history":[{"count":0,"href":"https:\/\/www.aarquiteta.com.br\/blog\/wp-json\/wp\/v2\/posts\/31678\/revisions"}],"wp:featuredmedia":[{"embeddable":true,"href":"https:\/\/www.aarquiteta.com.br\/blog\/wp-json\/wp\/v2\/media\/31682"}],"wp:attachment":[{"href":"https:\/\/www.aarquiteta.com.br\/blog\/wp-json\/wp\/v2\/media?parent=31678"}],"wp:term":[{"taxonomy":"category","embeddable":true,"href":"https:\/\/www.aarquiteta.com.br\/blog\/wp-json\/wp\/v2\/categories?post=31678"},{"taxonomy":"post_tag","embeddable":true,"href":"https:\/\/www.aarquiteta.com.br\/blog\/wp-json\/wp\/v2\/tags?post=31678"}],"curies":[{"name":"wp","href":"https:\/\/api.w.org\/{rel}","templated":true}]}}