{"id":31643,"date":"2022-02-13T19:10:24","date_gmt":"2022-02-13T22:10:24","guid":{"rendered":"http:\/\/aarquiteta.com.br\/?p=31643"},"modified":"2022-06-28T11:45:02","modified_gmt":"2022-06-28T14:45:02","slug":"decoracao-para-sala-personalizada","status":"publish","type":"post","link":"https:\/\/www.aarquiteta.com.br\/blog\/decoracao-para-sala-personalizada\/","title":{"rendered":"Decora\u00e7\u00e3o para sala &#8211; 4 dicas para dar personalidade a sua casa!"},"content":{"rendered":"<p><img decoding=\"async\" class=\"aligncenter size-full wp-image-41521\" src=\"https:\/\/www.aarquiteta.com.br\/blog\/wp-content\/uploads\/2022\/01\/Como-fazer-uma-decoracao-rustica-na-sala3.jpg\" alt=\"As plantas s\u00e3o \u00f3timas para fazer uma decora\u00e7\u00e3o r\u00fastica\" width=\"700\" height=\"400\" title=\"\" srcset=\"https:\/\/www.aarquiteta.com.br\/blog\/wp-content\/uploads\/2022\/01\/Como-fazer-uma-decoracao-rustica-na-sala3.jpg 700w, https:\/\/www.aarquiteta.com.br\/blog\/wp-content\/uploads\/2022\/01\/Como-fazer-uma-decoracao-rustica-na-sala3-696x398.jpg 696w, https:\/\/www.aarquiteta.com.br\/blog\/wp-content\/uploads\/2022\/01\/Como-fazer-uma-decoracao-rustica-na-sala3-150x86.jpg 150w\" sizes=\"(max-width: 700px) 100vw, 700px\" \/><\/p>\n<p>Decora\u00e7\u00e3o para sala &#8211; 4 dicas para dar personalidade a sua casa!<\/p>\n<p>Quando pensamos em decora\u00e7\u00e3o de sala, seja ela grande ou pequena, muitas d\u00favidas surgir\u00e3o.<\/p>\n<p>Geralmente, quando pesquisamos e falamos sobre a variedade de op\u00e7\u00f5es de Design que podemos incluir em nosso ambiente, ficamos ansiosas em incorporar tudo de uma vez.<\/p>\n<p>No entanto, ser\u00edamos negligentes se n\u00e3o admit\u00edssemos que, no final do dia, sua casa realmente precisa apenas ficar boa para voc\u00ea.<\/p>\n<!-- Error, Ad (82) is not available at this time due to schedule\/budgeting\/geolocation\/mobile restrictions! -->\n<p>Ou seja, apesar das in\u00fameras op\u00e7\u00f5es de design, seja o que esta na moda etc, a verdade \u00e9 que o espa\u00e7o deve parecer distintamente seu.<\/p>\n<p>\u00c9 por isso que estamos focando em como inserir personalidade em seus ambientes.<\/p>\n<h2>Decora\u00e7\u00e3o para sala &#8211; 4 dicas para dar personalidade a sua casa!<\/h2>\n<p>Temos quatro dicas de como garantir que a sua casa pare\u00e7a com voc\u00ea, independentemente de quais sejam seus interesses \u00fanicos.<\/p>\n<p>Leia-os e considere incorporar um ou dois no pr\u00f3ximo projeto.\u00a0Afinal, n\u00e3o h\u00e1 raz\u00e3o para n\u00e3o celebrar quem voc\u00ea \u00e9.<\/p>\n<h3><a href=\"https:\/\/hotmart.com\/pt-br\/marketplace\/produtos\/almofadas-em-patchwork-moderno\/F46516531Q?ref=J71648205N\" target=\"_blank\" rel=\"noopener\">Quer aprender a criar Almofadas em Patchwork Moderno?<\/a><\/h3>\n<p>Aprenda <a href=\"https:\/\/hotmart.com\/pt-br\/marketplace\/produtos\/almofadas-em-patchwork-moderno\/F46516531Q?ref=J71648205N\" target=\"_blank\" rel=\"noopener\">10 projetos diferentes<\/a> repletos de t\u00e9cnicas e dicas para confeccionar almofadas modernas e super comerciais.<\/p>\n<p>Linguagem simples, gr\u00e1ficos de apoio, aula em v\u00eddeo e sugest\u00f5es de finaliza\u00e7\u00e3o. Voc\u00ea amar\u00e1 cada projeto!<\/p>\n<p>As 10 aulas est\u00e3o divididas em 5 m\u00f3dulos.\u00a0Voc\u00ea receber\u00e1:<\/p>\n<ol>\n<li><strong>\u00a010 v\u00eddeos.<\/strong><\/li>\n<li><strong>\u00a010 projetos em PDF.<\/strong><\/li>\n<li><strong>B\u00f4nus:<\/strong><\/li>\n<li><strong>\u00a0Webnair: Aprenda a escolher tecidos como um PRO.<\/strong><\/li>\n<li><strong>\u00a0V\u00eddeo: Como finalizar as suas almofadas.<\/strong><\/li>\n<\/ol>\n<p><a style=\"font-weight: bold; background-color: initial;\" href=\"https:\/\/hotmart.com\/pt-br\/marketplace\/produtos\/almofadas-em-patchwork-moderno\/F46516531Q?ref=J71648205N\" target=\"_blank\" rel=\"noopener\"><img decoding=\"async\" class=\"wp-image-60206 size-full\" title=\"Almofadas em Patchwork Moderno\" src=\"https:\/\/www.aarquiteta.com.br\/blog\/wp-content\/uploads\/2022\/02\/336.png\" alt=\"Almofadas em Patchwork Moderno\" width=\"336\" height=\"280\" srcset=\"https:\/\/www.aarquiteta.com.br\/blog\/wp-content\/uploads\/2022\/02\/336.png 336w, https:\/\/www.aarquiteta.com.br\/blog\/wp-content\/uploads\/2022\/02\/336-150x125.png 150w\" sizes=\"(max-width: 336px) 100vw, 336px\" \/> <\/a><\/p>\n<h3>1) Criar uma parede de fotos para a decora\u00e7\u00e3o:<\/h3>\n<p>Se voc\u00ea est\u00e1 procurando uma maneira r\u00e1pida de ajudar sua casa a ser uma extens\u00e3o sua, uma parede de fotos pode ser uma escolha perfeita.<\/p>\n<p>Simplificando, essa op\u00e7\u00e3o de design permite mostrar quem voc\u00ea \u00e9 e como gostaria que fosse exibido.<\/p>\n<p>O primeiro passo \u00e9 decidir o que exatamente voc\u00ea deseja exibir.<\/p>\n<p><img decoding=\"async\" class=\"aligncenter wp-image-26544 size-full\" title=\"Decora\u00e7\u00e3o para sala - 4 dicas para dar personalidade a sua casa!\" src=\"https:\/\/www.aarquiteta.com.br\/blog\/wp-content\/uploads\/2019\/07\/Sala_com_quadros_tons-_cinza..jpg\" alt=\"Decora\u00e7\u00e3o para sala - 4 dicas para dar personalidade a sua casa!\" width=\"917\" height=\"610\" srcset=\"https:\/\/www.aarquiteta.com.br\/blog\/wp-content\/uploads\/2019\/07\/Sala_com_quadros_tons-_cinza..jpg 917w, https:\/\/www.aarquiteta.com.br\/blog\/wp-content\/uploads\/2019\/07\/Sala_com_quadros_tons-_cinza.-696x463.jpg 696w, https:\/\/www.aarquiteta.com.br\/blog\/wp-content\/uploads\/2019\/07\/Sala_com_quadros_tons-_cinza.-150x100.jpg 150w\" sizes=\"(max-width: 917px) 100vw, 917px\" \/><\/p>\n<p>Obtenha inspira\u00e7\u00e3o na parede de fotos, mas itens como fotografias, obras de arte, p\u00f4steres de filmes, ingressos para shows, cita\u00e7\u00f5es inspiradoras ou tecidos estampados s\u00e3o op\u00e7\u00f5es vi\u00e1veis.<\/p>\n<p>Ap\u00f3s ter seus itens em m\u00e3os, o pr\u00f3ximo passo \u00e9 descobrir como eles devem ser pendurados.<\/p>\n<p>Sugerimos coloc\u00e1-lo sobre uma mesa ou no ch\u00e3o antes de tentar fixar qualquer coisa na parede.<\/p>\n<p>Dessa forma, voc\u00ea poder\u00e1 brincar e fazer altera\u00e7\u00f5es at\u00e9 chegar ao arranjo ideal.<\/p>\n<h3>2) Destaque seus hobbies na decora\u00e7\u00e3o:<\/h3>\n<h6 style=\"text-align: center;\"><img decoding=\"async\" class=\"aligncenter wp-image-31651 size-full\" title=\"Decora\u00e7\u00e3o para sala - 4 dicas para dar personalidade a sua casa!\" src=\"https:\/\/www.aarquiteta.com.br\/blog\/wp-content\/uploads\/2019\/09\/sala_branca_com_decora\u00e7\u00e3o_instrumental_capa.jpg\" alt=\"Decora\u00e7\u00e3o para sala - 4 dicas para dar personalidade a sua casa!\" width=\"730\" height=\"515\" srcset=\"https:\/\/www.aarquiteta.com.br\/blog\/wp-content\/uploads\/2019\/09\/sala_branca_com_decora\u00e7\u00e3o_instrumental_capa.jpg 730w, https:\/\/www.aarquiteta.com.br\/blog\/wp-content\/uploads\/2019\/09\/sala_branca_com_decora\u00e7\u00e3o_instrumental_capa-696x491.jpg 696w, https:\/\/www.aarquiteta.com.br\/blog\/wp-content\/uploads\/2019\/09\/sala_branca_com_decora\u00e7\u00e3o_instrumental_capa-150x106.jpg 150w\" sizes=\"(max-width: 730px) 100vw, 730px\" \/><\/h6>\n<div class=\"freshome-attachment\">\n<div class=\"freshome-attachment-inner\">\n<p>&nbsp;<\/p>\n<p>Se voc\u00ea tem um hobby que ama, n\u00e3o h\u00e1 motivo para que ele n\u00e3o receba uma posi\u00e7\u00e3o de destaque em sua casa.<\/p>\n<p>Se voc\u00ea \u00e9 f\u00e3 de m\u00fasica, arte ou est\u00e1 procurando a oportunidade de exibir uma cole\u00e7\u00e3o premiada, pendurar alguns desses itens em suas paredes ou coloc\u00e1-los nas prateleiras \u00e9 uma \u00f3tima maneira de dar \u00e0 sua casa um toque pessoal \u00fanico.<\/p>\n<p>Nesse caso, no entanto, aconselhamos a resistir ao desejo de se apoiar demais em um tema.<\/p>\n<p>Em vez de criar toda a sala em torno de sua paix\u00e3o, basta incorporar esses itens ao design.<\/p>\n<p>Dito isto, quaisquer que sejam seus itens centrados no hobby, d\u00ea a eles posi\u00e7\u00f5es de import\u00e2ncia, talvez at\u00e9 fa\u00e7a um deles o seu ponto focal.<\/p>\n<h3>3) Brincar com padr\u00f5es<\/h3>\n<\/div>\n<\/div>\n<figure id=\"attachment_31750\" aria-describedby=\"caption-attachment-31750\" style=\"width: 800px\" class=\"wp-caption aligncenter\"><img decoding=\"async\" class=\"wp-image-31750 size-full\" title=\"Decora\u00e7\u00e3o para sala - 4 dicas para dar personalidade a sua casa!\" src=\"https:\/\/www.aarquiteta.com.br\/blog\/wp-content\/uploads\/2019\/10\/sala_com_carpete_cinza_e_quadros_brancos_na_parede.jpg\" alt=\"Decora\u00e7\u00e3o para sala - 4 dicas para dar personalidade a sua casa!\" width=\"800\" height=\"591\" srcset=\"https:\/\/www.aarquiteta.com.br\/blog\/wp-content\/uploads\/2019\/10\/sala_com_carpete_cinza_e_quadros_brancos_na_parede.jpg 800w, https:\/\/www.aarquiteta.com.br\/blog\/wp-content\/uploads\/2019\/10\/sala_com_carpete_cinza_e_quadros_brancos_na_parede-696x514.jpg 696w, https:\/\/www.aarquiteta.com.br\/blog\/wp-content\/uploads\/2019\/10\/sala_com_carpete_cinza_e_quadros_brancos_na_parede-150x111.jpg 150w\" sizes=\"(max-width: 800px) 100vw, 800px\" \/><figcaption id=\"caption-attachment-31750\" class=\"wp-caption-text\">Decora\u00e7\u00e3o para sala &#8211; 4 dicas para dar personalidade a sua casa!<\/figcaption><\/figure>\n<p>Impress\u00f5es em negrito \u00e9 tamb\u00e9m uma op\u00e7\u00e3o s\u00f3lida para quem procura tornar seu interior um pouco mais personalizado.<\/p>\n<p>Como as pessoas, n\u00e3o existem dois padr\u00f5es exatamente iguais e existem in\u00fameras op\u00e7\u00f5es para escolher.<\/p>\n<p>Na maioria das vezes, esses padr\u00f5es s\u00e3o inclu\u00eddos em acess\u00f3rios como almofadas ou pe\u00e7as de arte na parede.<\/p>\n<p>No entanto, isso n\u00e3o quer dizer que voc\u00ea n\u00e3o poderia fazer uma afirma\u00e7\u00e3o mais forte escolhendo algo como um azulejo de banheiro ou backsplash da cozinha.<\/p>\n<p>Qual padr\u00e3o voc\u00ea escolhe depende de voc\u00ea, mas se voc\u00ea optar por algo que fa\u00e7a uma afirma\u00e7\u00e3o forte, recomendamos que esse seja o seu item de inspira\u00e7\u00e3o para a sala.<\/p>\n<p>Deixe as cores presentes informarem sua paleta pelo resto do espa\u00e7o e fa\u00e7a o poss\u00edvel para imitar qualquer sugest\u00e3o est\u00e9tica espec\u00edfica.<\/p>\n<h3>4) Incluir prateleiras abertas na decora\u00e7\u00e3o de sala<\/h3>\n<p>Por fim, abra\u00e7ar a tend\u00eancia de prateleiras abertas tamb\u00e9m oferece a voc\u00ea uma oportunidade \u00fanica de exibir pe\u00e7as de sua personalidade em sua casa.<\/p>\n<p>Idealmente, voc\u00ea ter\u00e1 acesso a alguns embutidos, como os mostrados acima, mas, se n\u00e3o, inicie o processo pesquisando uma estante que combine bem com o seu estilo.<\/p>\n<p><img decoding=\"async\" class=\"aligncenter size-full wp-image-42217\" src=\"https:\/\/www.aarquiteta.com.br\/blog\/wp-content\/uploads\/2022\/02\/Por-que-ter-prateleiras-no-ambiente2.jpg\" alt=\"Boa para utilizar em quartos pequenos\" width=\"700\" height=\"400\" title=\"\" srcset=\"https:\/\/www.aarquiteta.com.br\/blog\/wp-content\/uploads\/2022\/02\/Por-que-ter-prateleiras-no-ambiente2.jpg 700w, https:\/\/www.aarquiteta.com.br\/blog\/wp-content\/uploads\/2022\/02\/Por-que-ter-prateleiras-no-ambiente2-696x398.jpg 696w, https:\/\/www.aarquiteta.com.br\/blog\/wp-content\/uploads\/2022\/02\/Por-que-ter-prateleiras-no-ambiente2-150x86.jpg 150w\" sizes=\"(max-width: 700px) 100vw, 700px\" \/><\/p>\n<p>Uma vez instalado, o pr\u00f3ximo passo \u00e9 adquirir os itens que ir\u00e3o compor o seu design.<\/p>\n<p>\u00c9 melhor obter materiais que v\u00eam em uma variedade de cores, formas e tamanhos.<\/p>\n<p>Fazendo isso, voc\u00ea manter\u00e1 uma decora\u00e7\u00e3o de sala mais interessante visualmente e impedir\u00e1 que ele pare\u00e7a uma coisa s\u00f3.<\/p>\n<p>A \u00faltima etapa deste processo \u00e9 reunir todas as pe\u00e7as em um arranjo coeso.<\/p>\n<p><img decoding=\"async\" class=\"aligncenter size-full wp-image-32337\" src=\"https:\/\/www.aarquiteta.com.br\/blog\/wp-content\/uploads\/2019\/11\/espa\u00e7o_com_prateleira_de_metal_e_mesa_de_madeira_capa.jpg\" alt=\"\" width=\"730\" height=\"515\" title=\"\" srcset=\"https:\/\/www.aarquiteta.com.br\/blog\/wp-content\/uploads\/2019\/11\/espa\u00e7o_com_prateleira_de_metal_e_mesa_de_madeira_capa.jpg 730w, https:\/\/www.aarquiteta.com.br\/blog\/wp-content\/uploads\/2019\/11\/espa\u00e7o_com_prateleira_de_metal_e_mesa_de_madeira_capa-696x491.jpg 696w, https:\/\/www.aarquiteta.com.br\/blog\/wp-content\/uploads\/2019\/11\/espa\u00e7o_com_prateleira_de_metal_e_mesa_de_madeira_capa-150x106.jpg 150w\" sizes=\"(max-width: 730px) 100vw, 730px\" \/><\/p>\n<p>Observe como, na foto, os elementos de decora\u00e7\u00e3o s\u00e3o organizados em grupos distintos.<\/p>\n<p>Sinta-se \u00e0 vontade para brincar com seus itens e tentar agrup\u00e1-los por v\u00e1rios n\u00fameros, alturas e dire\u00e7\u00f5es.<\/p>\n<p>Voc\u00ea saber\u00e1 quando aterrar em um acordo que pare\u00e7a certo.<\/p>\n<p>Na maioria das vezes, quando falamos em seguir uma das regras fundamentais do design ou abra\u00e7ar uma nova tend\u00eancia, nosso objetivo \u00e9 ajud\u00e1-lo a tornar seu interior um sucesso com as massas.<\/p>\n<p>Hoje, estamos abordando o assunto sob uma nova perspectiva.<\/p>\n<p><img decoding=\"async\" class=\"aligncenter size-full wp-image-31371\" src=\"https:\/\/www.aarquiteta.com.br\/blog\/wp-content\/uploads\/2019\/09\/sala_com_prateleira_cinza.jpg\" alt=\"\" width=\"5760\" height=\"3840\" title=\"\" srcset=\"https:\/\/www.aarquiteta.com.br\/blog\/wp-content\/uploads\/2019\/09\/sala_com_prateleira_cinza.jpg 2048w, https:\/\/www.aarquiteta.com.br\/blog\/wp-content\/uploads\/2019\/09\/sala_com_prateleira_cinza-1024x683.jpg 1024w, https:\/\/www.aarquiteta.com.br\/blog\/wp-content\/uploads\/2019\/09\/sala_com_prateleira_cinza-696x464.jpg 696w, https:\/\/www.aarquiteta.com.br\/blog\/wp-content\/uploads\/2019\/09\/sala_com_prateleira_cinza-150x100.jpg 150w\" sizes=\"(max-width: 5760px) 100vw, 5760px\" \/><\/p>\n<p>Demos a voc\u00ea dicas sobre como inserir personalidade nos c\u00f4modos da sua casa, porque isso \u00e9 realmente t\u00e3o importante quanto.<\/p>\n<p>Use nossos conselhos para garantir que seu design seja exclusivo para voc\u00ea.<\/p>\n<p>Voc\u00ea faz um esfor\u00e7o consciente para destacar sua personalidade em sua casa?<\/p>\n<p>Voc\u00ea tem alguma sugest\u00e3o para adicionar?<\/p>\n<p>Nesse caso, compartilhe-os nos coment\u00e1rios abaixo.<\/p>\n<div class=\"author-media pull-left\">\n<pre class=\"author-media-body\"><em><span class=\"author-info\">Refer\u00eancia: <\/span><span class=\"hidden-xs\">Id\u00e9ias de decora\u00e7\u00e3o \/ Design e decora\u00e7\u00e3o.<\/span><\/em><\/pre>\n<\/div>\n<h3>Cansado da desordem nos arm\u00e1rios? <a href=\"https:\/\/go.hotmart.com\/L71606651A?dp=1\" target=\"_blank\" rel=\"noopener\">Que tal organizar<\/a>?<\/h3>\n<p>Com este <a href=\"https:\/\/go.hotmart.com\/L71606651A?dp=1\" target=\"_blank\" rel=\"noopener\">passo a passo<\/a> voc\u00ea conseguir\u00e1 organizar o seu ambiente eficazmente, otimizando e deixando os espa\u00e7os funcionais.<\/p>\n<p>Aprender\u00e1 desde o in\u00edcio do processo da organiza\u00e7\u00e3o, passando pela (auto) an\u00e1lise, at\u00e9 o que se deve guardar em gavetas, o que pendurar em cabides, <a href=\"https:\/\/go.hotmart.com\/L71606651A?dp=1\" target=\"_blank\" rel=\"noopener\">como organizar os diversos acess\u00f3rios<\/a>, entre outros.<\/p>\n<p><a style=\"font-weight: bold; background-color: initial;\" href=\"https:\/\/go.hotmart.com\/L71606651A?dp=1\" target=\"_blank\" rel=\"noopener\"><img decoding=\"async\" class=\"wp-image-60349 size-full\" src=\"https:\/\/www.aarquiteta.com.br\/blog\/wp-content\/uploads\/2022\/06\/curso-de-organizacao-closet.jpg\" alt=\"curso de organiza\u00e7\u00e3o closet\" width=\"700\" height=\"400\" title=\"\" srcset=\"https:\/\/www.aarquiteta.com.br\/blog\/wp-content\/uploads\/2022\/06\/curso-de-organizacao-closet.jpg 700w, https:\/\/www.aarquiteta.com.br\/blog\/wp-content\/uploads\/2022\/06\/curso-de-organizacao-closet-696x398.jpg 696w, https:\/\/www.aarquiteta.com.br\/blog\/wp-content\/uploads\/2022\/06\/curso-de-organizacao-closet-150x86.jpg 150w\" sizes=\"(max-width: 700px) 100vw, 700px\" \/><\/a><\/p>\n<p><a href=\"https:\/\/go.hotmart.com\/L71606651A?dp=1\" target=\"_blank\" rel=\"noopener\">Curso de organiza\u00e7\u00e3o closet\u00a0 por HARMONIZATTA<\/a><\/p>\n<p>Inclu\u00edmos fotos para te ajudar em todo o processo da organiza\u00e7\u00e3o, com o uso de organizadores pr\u00f3prios, pois al\u00e9m de deixar tudo em ordem, eles trazem facilidade e otimiza\u00e7\u00e3o para os espa\u00e7os.<\/p>\n<p><a href=\"https:\/\/go.hotmart.com\/L71606651A?dp=1\" target=\"_blank\" rel=\"noopener\">ORGANIZA\u00c7\u00c3O<\/a> n\u00e3o \u00e9 luxo e sim QUALIDADE DE VIDA!<\/p>\n<p>&nbsp;<\/p>\n<h2>E a\u00ed? Voc\u00ea gostou das dicas sobre Decora\u00e7\u00e3o para sala?<\/h2>\n<p>Ent\u00e3o deslize a tela para baixo e<a href=\"https:\/\/br.pinterest.com\/aarquitetapinterest\/_created\/\" target=\"_blank\" rel=\"noopener\"> confira mais dicas<\/a> como esta e n\u00e3o se esque\u00e7a de compartilhar com os amigos!<\/p>\n<p>Quer mais dicas sobre o mundo da Arquitetura e Decora\u00e7\u00e3o? Ent\u00e3o decore f\u00e1cil sem mist\u00e9rios, confira alguns dos nossos artigos em:<\/p>\n<ul>\n<li style=\"list-style-type: none;\">\n<ul>\n<li><a href=\"https:\/\/www.aarquiteta.com.br\/blog\/paisagismo\/\" target=\"_blank\" rel=\"noopener\">Casa e Jardim<\/a><\/li>\n<li><a href=\"https:\/\/www.aarquiteta.com.br\/blog\/arquitetura\/mundo-arquitetura\/\" target=\"_blank\" rel=\"noopener\">Mundo Arquitetura<\/a><\/li>\n<li><a href=\"https:\/\/www.aarquiteta.com.br\/decoracao\/\" target=\"_blank\" rel=\"noopener\">Decora\u00e7\u00e3o<br \/>\n<\/a><\/li>\n<\/ul>\n<\/li>\n<\/ul>\n<p>&nbsp;<\/p>\n","protected":false},"excerpt":{"rendered":"<p>Decora\u00e7\u00e3o para sala &#8211; 4 dicas para dar personalidade a sua casa! Quando pensamos em decora\u00e7\u00e3o de sala, seja ela grande ou pequena, muitas d\u00favidas surgir\u00e3o. Geralmente, quando pesquisamos e falamos sobre a variedade de op\u00e7\u00f5es de Design que podemos incluir em nosso ambiente, ficamos ansiosas em incorporar tudo de uma vez. No entanto, ser\u00edamos [&hellip;]<\/p>\n","protected":false},"author":102,"featured_media":41521,"comment_status":"closed","ping_status":"closed","sticky":false,"template":"","format":"standard","meta":{"footnotes":""},"categories":[971,1484,18751],"tags":[137,1710,1532,336,1028],"class_list":["post-31643","post","type-post","status-publish","format-standard","has-post-thumbnail","category-design-de-interiores","category-decoracao","category-decoracao-sala-de-estar","tag-arquitetura","tag-arte","tag-criatividade","tag-decoracao","tag-design-de-interiores"],"_wp_attached_file":null,"_wp_attachment_metadata":null,"_wp_attachment_context":null,"_wp_attachment_is_custom_header":null,"geo_longitude":null,"geo_public":null,"geo_latitude":null,"_publicize_done_external":null,"_wpas_done_3897181":null,"publicize_twitter_user":null,"_wpas_done_3897175":null,"_wpas_skip_3897181":null,"_wpas_skip_3897175":null,"_wpas_skip_3924723":null,"_wpas_mess":null,"_wpas_done_3924723":null,"wps_subtitle":"A decora\u00e7\u00e3o para sala seja qual for o seu tamanho, requer alguns cuidados. Por isso, selecionamos algumas dicas para voc\u00ea. ","_links":{"self":[{"href":"https:\/\/www.aarquiteta.com.br\/blog\/wp-json\/wp\/v2\/posts\/31643","targetHints":{"allow":["GET"]}}],"collection":[{"href":"https:\/\/www.aarquiteta.com.br\/blog\/wp-json\/wp\/v2\/posts"}],"about":[{"href":"https:\/\/www.aarquiteta.com.br\/blog\/wp-json\/wp\/v2\/types\/post"}],"author":[{"embeddable":true,"href":"https:\/\/www.aarquiteta.com.br\/blog\/wp-json\/wp\/v2\/users\/102"}],"replies":[{"embeddable":true,"href":"https:\/\/www.aarquiteta.com.br\/blog\/wp-json\/wp\/v2\/comments?post=31643"}],"version-history":[{"count":0,"href":"https:\/\/www.aarquiteta.com.br\/blog\/wp-json\/wp\/v2\/posts\/31643\/revisions"}],"wp:featuredmedia":[{"embeddable":true,"href":"https:\/\/www.aarquiteta.com.br\/blog\/wp-json\/wp\/v2\/media\/41521"}],"wp:attachment":[{"href":"https:\/\/www.aarquiteta.com.br\/blog\/wp-json\/wp\/v2\/media?parent=31643"}],"wp:term":[{"taxonomy":"category","embeddable":true,"href":"https:\/\/www.aarquiteta.com.br\/blog\/wp-json\/wp\/v2\/categories?post=31643"},{"taxonomy":"post_tag","embeddable":true,"href":"https:\/\/www.aarquiteta.com.br\/blog\/wp-json\/wp\/v2\/tags?post=31643"}],"curies":[{"name":"wp","href":"https:\/\/api.w.org\/{rel}","templated":true}]}}