{"id":31607,"date":"2021-11-18T11:03:19","date_gmt":"2021-11-18T14:03:19","guid":{"rendered":"http:\/\/aarquiteta.com.br\/?p=31607"},"modified":"2024-09-05T08:31:21","modified_gmt":"2024-09-05T11:31:21","slug":"pias-de-cozinha","status":"publish","type":"post","link":"https:\/\/www.aarquiteta.com.br\/blog\/pias-de-cozinha\/","title":{"rendered":"Pias de cozinha &#8211; Como escolher o melhor estilo para suas necessidades?"},"content":{"rendered":"<p>As pias de <a href=\"https:\/\/www.aarquiteta.com.br\/blog\/?s=COZINHA\">cozinha<\/a> s\u00e3o um elemento central em qualquer cozinha, proporcionando um espa\u00e7o de trabalho essencial para preparar alimentos, lavar pratos e utens\u00edlios, e realizar outras tarefas de limpeza.<\/p><p>Quando se trata de escolher a pia perfeita para sua cozinha, existem muitos fatores a serem considerados. Desde o material da pia at\u00e9 o tamanho e o estilo, cada detalhe pode afetar a funcionalidade e o design da sua cozinha.<\/p><p>Existe uma grande variedade de pias de cozinha para escolher, incluindo modelos de a\u00e7o inoxid\u00e1vel, granito, cer\u00e2mica, e muito mais. Existe pias em diferentes formas e tamanhos para atender a todas as necessidades da sua cozinha, desde pias simples para cozinhas compactas at\u00e9 pias duplas e at\u00e9 mesmo triplos para cozinhas maiores.<\/p><p>Em funcionalidade, as pias de cozinha constituem uma parte de vital import\u00e2ncia da sua cozinha.<\/p><p>\u00c9 uma considera\u00e7\u00e3o importante no design da sua cozinha e \u00e9 essencial no tri\u00e2ngulo de trabalho da cozinha.<\/p><p>No entanto, com tantos estilos para escolher, os propriet\u00e1rios est\u00e3o escolhendo o estilo em vez da fun\u00e7\u00e3o?<\/p><p>Como voc\u00ea pode determinar qual tipo de pia da cozinha \u00e9 melhor para suas necessidades?<\/p><h2>Pias de cozinha \u2014 Como escolher o melhor estilo para suas necessidades?<\/h2><h3>Tamanho e Estilo da Pia de Cozinha<\/h3><p>Al\u00e9m do material, o tamanho e o estilo da pia tamb\u00e9m s\u00e3o importantes. O tamanho da pia depender\u00e1 da quantidade de espa\u00e7o dispon\u00edvel em sua cozinha e de suas necessidades pessoais.<\/p><p>Se voc\u00ea tem uma cozinha pequena, pode optar por uma pia simples que economize espa\u00e7o. Se voc\u00ea tem uma cozinha maior, uma pia dupla pode ser mais adequada, permitindo que voc\u00ea lave pratos em uma pia enquanto usa a outra para preparar alimentos.<\/p><p>O estilo da pia \u00e9 outra considera\u00e7\u00e3o importante.<\/p><p>Existem pias de cozinha com uma grande variedade de designs, desde pias de estilo tradicional at\u00e9 pias modernas e minimalistas.<\/p><p>O estilo que voc\u00ea escolher depender\u00e1 do design geral da sua cozinha e das suas prefer\u00eancias pessoais.<\/p><p>Aqui est\u00e3o dicas sobre como entender a fun\u00e7\u00e3o de v\u00e1rios estilos de pia de cozinha.<\/p><h3>1) O apelo est\u00e9tico das pias da cozinha:<\/h3><p>\u201cCom o papel em evolu\u00e7\u00e3o da cozinha, levando as\u00a0 tarefas al\u00e9m das cozinhas e da limpezas tradicionais, as pessoas geralmente selecionam mais pias secund\u00e1rias\u201d, explica Peggy Gallagher, gerente s\u00eanior de produtos da Delta\u00a0.<\/p><p>Ao escolher a pia certa, Gallagher diz que existem v\u00e1rios fatores a serem considerados, mas ela acredita que o estilo \u00e9 o principal fator.<\/p><figure id=\"attachment_31610\" aria-describedby=\"caption-attachment-31610\" style=\"width: 849px\" class=\"wp-caption aligncenter\"><a href=\"https:\/\/www.aarquiteta.com.br\/blog\/wp-content\/uploads\/2019\/09\/cozinha_r\u00fastica_com_madeira.jpg\"><img decoding=\"async\" class=\"wp-image-31610 size-full\" src=\"https:\/\/www.aarquiteta.com.br\/blog\/wp-content\/uploads\/2019\/09\/cozinha_r\u00fastica_com_madeira.jpg\" alt=\"\" width=\"849\" height=\"600\" title=\"\" srcset=\"https:\/\/www.aarquiteta.com.br\/blog\/wp-content\/uploads\/2019\/09\/cozinha_r\u00fastica_com_madeira.jpg 849w, https:\/\/www.aarquiteta.com.br\/blog\/wp-content\/uploads\/2019\/09\/cozinha_r\u00fastica_com_madeira-696x492.jpg 696w, https:\/\/www.aarquiteta.com.br\/blog\/wp-content\/uploads\/2019\/09\/cozinha_r\u00fastica_com_madeira-150x106.jpg 150w\" sizes=\"(max-width: 849px) 100vw, 849px\" \/><\/a><figcaption id=\"caption-attachment-31610\" class=\"wp-caption-text\">Pias de cozinha &#8211; Como escolher o melhor estilo para suas necessidades?<\/figcaption><\/figure><p>&#8220;Os consumidores est\u00e3o procurando principalmente a pia da cozinha certa para complementar seu estilo pessoal&#8221;, diz Gallagher.<\/p><p>\u201cCada vez mais, as pessoas n\u00e3o est\u00e3o apenas cozinhando e comendo na cozinha, mas tamb\u00e9m socializando, entretendo e usando o espa\u00e7o como um local de trabalho.<\/p><p>\u201d De fato, ela diz que dois ter\u00e7os dos consumidores est\u00e3o gastando pelo menos tr\u00eas horas por dia na cozinha.<strong>\u00a0<\/strong><\/p><figure id=\"attachment_31609\" aria-describedby=\"caption-attachment-31609\" style=\"width: 800px\" class=\"wp-caption aligncenter\"><a href=\"https:\/\/www.aarquiteta.com.br\/blog\/wp-content\/uploads\/2019\/09\/cozinha_branca_com_madeira_tabaco.jpg\"><img decoding=\"async\" class=\"wp-image-31609 size-full\" title=\"Cozinha branca com madeira tabaco.\" src=\"https:\/\/www.aarquiteta.com.br\/blog\/wp-content\/uploads\/2019\/09\/cozinha_branca_com_madeira_tabaco.jpg\" alt=\"pias de cozinha\" width=\"800\" height=\"786\" srcset=\"https:\/\/www.aarquiteta.com.br\/blog\/wp-content\/uploads\/2019\/09\/cozinha_branca_com_madeira_tabaco.jpg 800w, https:\/\/www.aarquiteta.com.br\/blog\/wp-content\/uploads\/2019\/09\/cozinha_branca_com_madeira_tabaco-696x684.jpg 696w, https:\/\/www.aarquiteta.com.br\/blog\/wp-content\/uploads\/2019\/09\/cozinha_branca_com_madeira_tabaco-150x147.jpg 150w\" sizes=\"(max-width: 800px) 100vw, 800px\" \/><\/a><figcaption id=\"caption-attachment-31609\" class=\"wp-caption-text\">Pias de cozinha &#8211; Como escolher o melhor estilo para suas necessidades?<\/figcaption><\/figure><p>&#8220;A pia \u00e9 o cavalo-de-batalha da cozinha&#8221;, de acordo com Chris Nealon, gerente de produtos de dep\u00f3sitos e pias da Moen.<\/p><p>\u201cDesde fazer caf\u00e9 da manh\u00e3 at\u00e9 lavar a lou\u00e7a \u00e0 noite, sem mencionar toda a lavagem das m\u00e3os, o enchimento e a limpeza de x\u00edcaras que acontecem no meio, a \u00e1rea da torneira e pia v\u00ea muito tr\u00e1fego todos os dias.\u201d<\/p><p><strong>\u00a0<\/strong>Com tanta coisa acontecendo, Nealon diz que \u00e9 importante encontrar uma pia de cozinha que atenda \u00e0s necessidades dos propriet\u00e1rios e, em simult\u00e2neo, forne\u00e7a uma est\u00e9tica atraente.<\/p><h3>2) Estilos de pias de cozinha:<\/h3><figure id=\"attachment_31619\" aria-describedby=\"caption-attachment-31619\" style=\"width: 800px\" class=\"wp-caption aligncenter\"><a href=\"https:\/\/www.aarquiteta.com.br\/blog\/wp-content\/uploads\/2019\/09\/pia_branca_com_tigela_vermelha-1.jpg\"><img decoding=\"async\" class=\"wp-image-31619 size-full\" title=\"Pia branca com tigela vermelha.\" src=\"https:\/\/www.aarquiteta.com.br\/blog\/wp-content\/uploads\/2019\/09\/pia_branca_com_tigela_vermelha-1.jpg\" alt=\"pias de cozinha\" width=\"800\" height=\"658\" srcset=\"https:\/\/www.aarquiteta.com.br\/blog\/wp-content\/uploads\/2019\/09\/pia_branca_com_tigela_vermelha-1.jpg 800w, https:\/\/www.aarquiteta.com.br\/blog\/wp-content\/uploads\/2019\/09\/pia_branca_com_tigela_vermelha-1-696x572.jpg 696w, https:\/\/www.aarquiteta.com.br\/blog\/wp-content\/uploads\/2019\/09\/pia_branca_com_tigela_vermelha-1-150x123.jpg 150w\" sizes=\"(max-width: 800px) 100vw, 800px\" \/><\/a><figcaption id=\"caption-attachment-31619\" class=\"wp-caption-text\">Pias de cozinha &#8211; Como escolher o melhor estilo para suas necessidades?<\/figcaption><\/figure><p>\u201cProjetos grandes e de tigela \u00fanica s\u00e3o convenientes para lavar panelas de tamanho grande, enquanto as pias de tigela dupla permitem lavagens r\u00e1pidas e oferecem funcionalidade multitarefa para o chef de cozinha\u201d, diz Nealon.<\/p><figure id=\"attachment_31621\" aria-describedby=\"caption-attachment-31621\" style=\"width: 912px\" class=\"wp-caption aligncenter\"><a href=\"https:\/\/www.aarquiteta.com.br\/blog\/wp-content\/uploads\/2019\/09\/tigela_dupla_de_a\u00e7o.jpg\"><img decoding=\"async\" class=\"wp-image-31621 size-full\" title=\"Tigela dupla de a\u00e7o.\" src=\"https:\/\/www.aarquiteta.com.br\/blog\/wp-content\/uploads\/2019\/09\/tigela_dupla_de_a\u00e7o.jpg\" alt=\"pias de cozinha\" width=\"912\" height=\"680\" srcset=\"https:\/\/www.aarquiteta.com.br\/blog\/wp-content\/uploads\/2019\/09\/tigela_dupla_de_a\u00e7o.jpg 912w, https:\/\/www.aarquiteta.com.br\/blog\/wp-content\/uploads\/2019\/09\/tigela_dupla_de_a\u00e7o-696x519.jpg 696w, https:\/\/www.aarquiteta.com.br\/blog\/wp-content\/uploads\/2019\/09\/tigela_dupla_de_a\u00e7o-150x112.jpg 150w\" sizes=\"(max-width: 912px) 100vw, 912px\" \/><\/a><figcaption id=\"caption-attachment-31621\" class=\"wp-caption-text\">Pias de cozinha &#8211; Como escolher o melhor estilo para suas necessidades?<\/figcaption><\/figure><p>\u201cEm rela\u00e7\u00e3o ao design, as pias inferiores oferecem uma est\u00e9tica atraente, facilitam a limpeza e s\u00e3o o complemento ideal para pedras naturais populares e bancadas de superf\u00edcie s\u00f3lida\u201d, explica Nealon.<\/p><p>\u201cA parede frontal exposta de\u00a0pias de fazenda \u00a0complementa bem as cozinhas tradicionais, enquanto as pias de encaixe oferecem maior comodidade com um processo de instala\u00e7\u00e3o r\u00e1pido e f\u00e1cil\u201d, diz\u00a0 ele.<\/p><figure id=\"attachment_31608\" aria-describedby=\"caption-attachment-31608\" style=\"width: 800px\" class=\"wp-caption aligncenter\"><a href=\"https:\/\/www.aarquiteta.com.br\/blog\/wp-content\/uploads\/2019\/09\/cozinha_azul_com_tr\u00eas_pias.jpg\"><img decoding=\"async\" class=\"wp-image-31608 size-full\" title=\"Cozinha azul com tr\u00eas pias\" src=\"https:\/\/www.aarquiteta.com.br\/blog\/wp-content\/uploads\/2019\/09\/cozinha_azul_com_tr\u00eas_pias.jpg\" alt=\"pias de cozinha\" width=\"800\" height=\"855\" srcset=\"https:\/\/www.aarquiteta.com.br\/blog\/wp-content\/uploads\/2019\/09\/cozinha_azul_com_tr\u00eas_pias.jpg 800w, https:\/\/www.aarquiteta.com.br\/blog\/wp-content\/uploads\/2019\/09\/cozinha_azul_com_tr\u00eas_pias-696x744.jpg 696w, https:\/\/www.aarquiteta.com.br\/blog\/wp-content\/uploads\/2019\/09\/cozinha_azul_com_tr\u00eas_pias-150x160.jpg 150w\" sizes=\"(max-width: 800px) 100vw, 800px\" \/><\/a><figcaption id=\"caption-attachment-31608\" class=\"wp-caption-text\">Pias de cozinha &#8211; Como escolher o melhor estilo para suas necessidades?<\/figcaption><\/figure><p>Outra considera\u00e7\u00e3o ao escolher pias \u00e9 determinar qual estilo funcionar\u00e1 melhor com o material da <a href=\"https:\/\/www.aarquiteta.com.br\/blog\/?s=BANCADA\">bancada<\/a>.<\/p><p>\u201cA montagem superior, instalada nivelada com a bancada, \u00e9 frequentemente usada com balc\u00f5es laminados\u201d, explica Eric Moore, designer de interiores s\u00eanior do Kohler Design Center .<\/p><figure id=\"attachment_31613\" aria-describedby=\"caption-attachment-31613\" style=\"width: 1262px\" class=\"wp-caption aligncenter\"><a href=\"https:\/\/www.aarquiteta.com.br\/blog\/wp-content\/uploads\/2019\/09\/pia_com_duas_torneiras.jpg\"><img decoding=\"async\" class=\"wp-image-31613 size-full\" title=\"Pia com duas torneiras.\" src=\"https:\/\/www.aarquiteta.com.br\/blog\/wp-content\/uploads\/2019\/09\/pia_com_duas_torneiras.jpg\" alt=\"pias de cozinha\" width=\"1262\" height=\"876\" srcset=\"https:\/\/www.aarquiteta.com.br\/blog\/wp-content\/uploads\/2019\/09\/pia_com_duas_torneiras.jpg 1262w, https:\/\/www.aarquiteta.com.br\/blog\/wp-content\/uploads\/2019\/09\/pia_com_duas_torneiras-1024x711.jpg 1024w, https:\/\/www.aarquiteta.com.br\/blog\/wp-content\/uploads\/2019\/09\/pia_com_duas_torneiras-696x483.jpg 696w, https:\/\/www.aarquiteta.com.br\/blog\/wp-content\/uploads\/2019\/09\/pia_com_duas_torneiras-150x104.jpg 150w\" sizes=\"(max-width: 1262px) 100vw, 1262px\" \/><\/a><figcaption id=\"caption-attachment-31613\" class=\"wp-caption-text\">Pias de cozinha &#8211; Como escolher o melhor estilo para suas necessidades?<\/figcaption><\/figure><p>Moore diz que as pias inferiores, instaladas abaixo da bancada, combinam bem com superf\u00edcies de pedra e quartzo.<\/p><p>&#8220;As pias na frente do avental, que apresentam um estilo de fazenda, est\u00e3o dispon\u00edveis nos modelos de montagem inferior, montagem superior e encaixe&#8221;, acrescenta ele.<\/p><h3>3) Qual a durabilidade das pias de cozinha?<\/h3><p><a href=\"https:\/\/www.aarquiteta.com.br\/blog\/wp-content\/uploads\/2019\/09\/pia_escura_com_torneira_inox.jpg\"><img decoding=\"async\" class=\"aligncenter wp-image-31614 size-full\" title=\"Pia escura com torneira inox.\" src=\"https:\/\/www.aarquiteta.com.br\/blog\/wp-content\/uploads\/2019\/09\/pia_escura_com_torneira_inox.jpg\" alt=\"pias de cozinha\" width=\"829\" height=\"597\" srcset=\"https:\/\/www.aarquiteta.com.br\/blog\/wp-content\/uploads\/2019\/09\/pia_escura_com_torneira_inox.jpg 829w, https:\/\/www.aarquiteta.com.br\/blog\/wp-content\/uploads\/2019\/09\/pia_escura_com_torneira_inox-696x501.jpg 696w, https:\/\/www.aarquiteta.com.br\/blog\/wp-content\/uploads\/2019\/09\/pia_escura_com_torneira_inox-150x108.jpg 150w\" sizes=\"(max-width: 829px) 100vw, 829px\" \/><\/a><br \/>O a\u00e7o inoxid\u00e1vel continua sendo uma escolha popular entre os propriet\u00e1rios.<\/p><p>De fato, conforme o relat\u00f3rio de tend\u00eancias de design da NKBA \u00a0, \u00e9 o material de pia de cozinha mais popular.<\/p><p>A Nealon atribui parte dessa popularidade ao fato de o a\u00e7o inoxid\u00e1vel corresponder a aparelhos de estilo comercial.<\/p><p>\u201cAl\u00e9m disso, as pias de a\u00e7o inoxid\u00e1vel oferecem muitos benef\u00edcios, incluindo resist\u00eancia a lascas, rachaduras ou descama\u00e7\u00e3o, al\u00e9m de ajudar a reduzir o ru\u00eddo de pratos e vibra\u00e7\u00f5es\u201d, diz Nealon.<\/p><p>Por exemplo, a tecnologia SoundShield da Moen, padr\u00e3o em todas as pias de a\u00e7o inoxid\u00e1vel, reduz a vibra\u00e7\u00e3o e o ru\u00eddo causados \u200b\u200bpelo barulho de pratos e os sons de bateria produzidos pela \u00e1gua corrente.<\/p><figure id=\"attachment_31615\" aria-describedby=\"caption-attachment-31615\" style=\"width: 600px\" class=\"wp-caption aligncenter\"><a href=\"https:\/\/www.aarquiteta.com.br\/blog\/wp-content\/uploads\/2019\/09\/pia_farmstead.jpg\"><img decoding=\"async\" class=\"wp-image-31615 size-full\" title=\"Pia farmastead.\" src=\"https:\/\/www.aarquiteta.com.br\/blog\/wp-content\/uploads\/2019\/09\/pia_farmstead.jpg\" alt=\"Pias de cozinha - Como escolher o melhor estilo para suas necessidades?\" width=\"600\" height=\"854\" srcset=\"https:\/\/www.aarquiteta.com.br\/blog\/wp-content\/uploads\/2019\/09\/pia_farmstead.jpg 600w, https:\/\/www.aarquiteta.com.br\/blog\/wp-content\/uploads\/2019\/09\/pia_farmstead-150x214.jpg 150w\" sizes=\"(max-width: 600px) 100vw, 600px\" \/><\/a><figcaption id=\"caption-attachment-31615\" class=\"wp-caption-text\">Pias de cozinha &#8211; Como escolher o melhor estilo para suas necessidades?<\/figcaption><\/figure><p>&#8220;Tamb\u00e9m recomendamos que os propriet\u00e1rios procurem uma pia com uma apar\u00eancia sempre verde e uma constru\u00e7\u00e3o dur\u00e1vel que resista ao teste do tempo, tanto em estilo quanto em qualidade&#8221;, diz Moore.<\/p><p>A pia Farmstead da Kohler \u00e9 um toque contempor\u00e2neo na pia tradicional com avental frontal, fabricada em ferro fundido dur\u00e1vel.<\/p><p>\u201cSua durabilidade incompar\u00e1vel garante que a beleza resista ao desgaste di\u00e1rio nos pr\u00f3ximos anos.<\/p><h3>4) Pias de cozinha multitarefa<\/h3><figure id=\"attachment_31620\" aria-describedby=\"caption-attachment-31620\" style=\"width: 803px\" class=\"wp-caption aligncenter\"><a href=\"https:\/\/www.aarquiteta.com.br\/blog\/wp-content\/uploads\/2019\/09\/tigela_de_pia_com_compartimentos.jpg\"><img decoding=\"async\" class=\"wp-image-31620 size-full\" title=\"Tigela de pia com compartimentos.\" src=\"https:\/\/www.aarquiteta.com.br\/blog\/wp-content\/uploads\/2019\/09\/tigela_de_pia_com_compartimentos.jpg\" alt=\"Pias de cozinha - Como escolher o melhor estilo para suas necessidades?\" width=\"803\" height=\"600\" srcset=\"https:\/\/www.aarquiteta.com.br\/blog\/wp-content\/uploads\/2019\/09\/tigela_de_pia_com_compartimentos.jpg 803w, https:\/\/www.aarquiteta.com.br\/blog\/wp-content\/uploads\/2019\/09\/tigela_de_pia_com_compartimentos-696x520.jpg 696w, https:\/\/www.aarquiteta.com.br\/blog\/wp-content\/uploads\/2019\/09\/tigela_de_pia_com_compartimentos-150x112.jpg 150w\" sizes=\"(max-width: 803px) 100vw, 803px\" \/><\/a><figcaption id=\"caption-attachment-31620\" class=\"wp-caption-text\">Pias de cozinha &#8211; Como escolher o melhor estilo para suas necessidades?<\/figcaption><\/figure><p>\u201cSeja para cozinhar para dezenas de pessoas ou organizando uma reuni\u00e3o \u00edntima para coquet\u00e9is, a cozinha \u00e9 um centro de entretenimento\u201d, diz Heather Jach, gerente de marketing de varejo da Franke Kitchen Systems\u00a0.<\/p><p>\u201cComo a pia \u00e9 um elemento central dessa sala movimentada, \u00e9 importante aproveitar ao m\u00e1ximo o espa\u00e7o dispon\u00edvel, independentemente do estilo do design.<\/p><p>O propriet\u00e1rio de hoje seleciona sua pia com base no uso e na est\u00e9tica. \u201d<\/p><figure id=\"attachment_31628\" aria-describedby=\"caption-attachment-31628\" style=\"width: 1051px\" class=\"wp-caption aligncenter\"><a href=\"https:\/\/www.aarquiteta.com.br\/blog\/wp-content\/uploads\/2019\/09\/pia_com_acess\u00f3rios.jpg\"><img decoding=\"async\" class=\"wp-image-31628 size-full\" title=\"Pias de cozinha - Como escolher o melhor estilo para suas necessidades?\" src=\"https:\/\/www.aarquiteta.com.br\/blog\/wp-content\/uploads\/2019\/09\/pia_com_acess\u00f3rios.jpg\" alt=\"Pias de cozinha - Como escolher o melhor estilo para suas necessidades?\" width=\"1051\" height=\"761\" srcset=\"https:\/\/www.aarquiteta.com.br\/blog\/wp-content\/uploads\/2019\/09\/pia_com_acess\u00f3rios.jpg 1051w, https:\/\/www.aarquiteta.com.br\/blog\/wp-content\/uploads\/2019\/09\/pia_com_acess\u00f3rios-1024x741.jpg 1024w, https:\/\/www.aarquiteta.com.br\/blog\/wp-content\/uploads\/2019\/09\/pia_com_acess\u00f3rios-696x504.jpg 696w, https:\/\/www.aarquiteta.com.br\/blog\/wp-content\/uploads\/2019\/09\/pia_com_acess\u00f3rios-150x109.jpg 150w\" sizes=\"(max-width: 1051px) 100vw, 1051px\" \/><\/a><figcaption id=\"caption-attachment-31628\" class=\"wp-caption-text\">Pias de cozinha &#8211; Como escolher o melhor estilo para suas necessidades?<\/figcaption><\/figure><p>Quando voc\u00ea precisa maximizar o espa\u00e7o de trabalho, pias funcionais como o Franke Chef Center XL podem ser um salva-vidas.<\/p><p>\u201cPossui uma ampla bacia que acomoda grandes panelas e frigideiras, e uma ampla gama de acess\u00f3rios personalizados &#8211; incluindo uma t\u00e1bua de corte, escorredor, grade de pia, escorredor m\u00f3vel e o exclusivo Roller Mat da Franke.<\/p><p>Al\u00e9m disso, os dois compartimentos remov\u00edveis podem servir como um balde de vinho, uma lixeira ou um local para compostagem, acrescenta Jach.<\/p><div class=\"w-full border-b border-black\/10 dark:border-gray-900\/50 text-gray-800 dark:text-gray-100 group bg-gray-50 dark:bg-[#444654]\"><div class=\"text-base gap-4 md:gap-6 m-auto md:max-w-2xl lg:max-w-2xl xl:max-w-3xl p-4 md:py-6 flex lg:px-0\"><div class=\"relative flex w-[calc(100%-50px)] flex-col gap-1 md:gap-3 lg:w-[calc(100%-115px)]\"><div class=\"flex justify-between\"><div class=\"text-gray-400 flex self-end lg:self-center justify-center mt-2 gap-3 md:gap-4 lg:gap-1 lg:absolute lg:top-0 lg:translate-x-full lg:right-0 lg:mt-0 lg:pl-2 visible\"><span style=\"color: #111111; font-family: roboto, sans-serif; font-size: 22px;\">Benef\u00edcios de escolher uma pia de cozinha de qualidade.<\/span><\/div><\/div><\/div><\/div><\/div><div class=\"w-full border-b border-black\/10 dark:border-gray-900\/50 text-gray-800 dark:text-gray-100 group bg-gray-50 dark:bg-[#444654]\"><div class=\"text-base gap-4 md:gap-6 m-auto md:max-w-2xl lg:max-w-2xl xl:max-w-3xl p-4 md:py-6 flex lg:px-0\"><div class=\"relative flex w-[calc(100%-50px)] flex-col gap-1 md:gap-3 lg:w-[calc(100%-115px)]\"><div class=\"flex flex-grow flex-col gap-3\"><div class=\"min-h-[20px] flex flex-col items-start gap-4 whitespace-pre-wrap\"><div class=\"result-streaming markdown prose w-full break-words dark:prose-invert dark\"><p>Ao investir em uma pia de cozinha de qualidade, voc\u00ea estar\u00e1 fazendo uma escolha que pode ter muitos benef\u00edcios para sua <a href=\"https:\/\/www.aarquiteta.com.br\/blog\/casa-e-jardim\/\" class=\"ilj-generated-link\">casa<\/a>.<\/p><p>Uma pia de cozinha de qualidade pode durar muitos anos, economizando dinheiro a longo prazo, j\u00e1 que voc\u00ea n\u00e3o ter\u00e1 que substitu\u00ed-la com frequ\u00eancia.<\/p><p>Al\u00e9m disso, uma pia de qualidade pode melhorar a funcionalidade da sua cozinha, facilitando a prepara\u00e7\u00e3o de alimentos e a limpeza.<\/p><p>Al\u00e9m disso, uma pia de cozinha de qualidade pode agregar valor \u00e0 sua casa, tornando-a mais atraente para potenciais compradores.<\/p><p>Quando voc\u00ea decide vender sua casa, uma cozinha bem projetada e equipada pode ser um fator importante na decis\u00e3o do comprador.<\/p><\/div><\/div><\/div><\/div><\/div><\/div><p>Gostou do artigo? Quer saber tudo sobre Design de interiores e decora\u00e7\u00e3o? <a href=\"https:\/\/www.aarquiteta.com.br\/blog\/design-de-interiores\/\">Ent\u00e3o acesse aqui.<\/a><\/p><p><iframe title=\"Decore f\u00e1cil: O que \u00e9 decora\u00e7\u00e3o de ambientes?\" width=\"696\" height=\"392\" src=\"https:\/\/www.youtube.com\/embed\/9PjhGXgCGLU?feature=oembed\" frameborder=\"0\" allow=\"accelerometer; autoplay; clipboard-write; encrypted-media; gyroscope; picture-in-picture; web-share\" allowfullscreen><\/iframe><\/p>        <section class=\"sc_fs_faq sc_card \">            <div>\t\t\t\t<h2>Qual pia mais barata?<\/h2>                <div>\t\t\t\t\t                    <p>\t\t\t\t\t\tSegundo pesquisas de mercado, pia de granito \u00e9 uma pedra muito comum, que \u00e9 barata, por isso \u00e9 muito utilizada.                    <\/p>                <\/div>            <\/div>        <\/section>\t\t        <section class=\"sc_fs_faq sc_card \">            <div>\t\t\t\t<h2>Como se chama pia?<\/h2>                <div>\t\t\t\t\t                    <p>\t\t\t\t\t\tTecnicamente falando, na verdade, o termo pia s\u00f3 \u00e9 usado para pias de cozinha. A pia do <a href=\"https:\/\/www.aarquiteta.com.br\/blog\/?s=BANHEIRO\">banheiro<\/a>, quando \u00e9 de uma \u00fanica pe\u00e7a, \u00e9 chamada de pia.                    <\/p>                <\/div>            <\/div>        <\/section>\t\t        <section class=\"sc_fs_faq sc_card \">            <div>\t\t\t\t<h2>Qual o tamanho padr\u00e3o de uma pia de cozinha?<\/h2>                <div>\t\t\t\t\t                    <p>\t\t\t\t\t\tQual \u00e9 o tamanho padr\u00e3o de uma pia de cozinha? Caracter\u00edsticas Ambiente Principal Cozinha Itens Inclusos Tamanho do Produto 120cm x 52cm x 12cm Largura (cm) 52,5 cm Profundidade (cm) 12 cm                    <\/p>                <\/div>            <\/div>        <\/section>\t\t        <section class=\"sc_fs_faq sc_card \">            <div>\t\t\t\t<h2>O que \u00e9 melhor pia de inox ou granito?<\/h2>                <div>\t\t\t\t\t                    <p>\t\t\t\t\t\tPias de granito s\u00e3o uma escolha muito popular e higi\u00eanica para pias de cozinha. As pias de a\u00e7o inoxid\u00e1vel, inclusive as do mesmo material, tamb\u00e9m s\u00e3o muito dur\u00e1veis  e resistentes a manchas e corros\u00e3o, mas infelizmente n\u00e3o arranham e arranham.                    <\/p>                <\/div>            <\/div>        <\/section>\t\t<script type=\"application\/ld+json\">\n    {\n\t\t\"@context\": \"https:\/\/schema.org\",\n\t\t\"@type\": \"FAQPage\",\n\t\t\"mainEntity\": [\n\t\t\t\t{\n\t\t\t\t\"@type\": \"Question\",\n\t\t\t\t\"name\": \"Qual pia mais barata?\",\n\t\t\t\t\"acceptedAnswer\": {\n\t\t\t\t\t\"@type\": \"Answer\",\n\t\t\t\t\t\"text\": \"Segundo pesquisas de mercado, pia de granito \u00e9 uma pedra muito comum, que \u00e9 barata, por isso \u00e9 muito utilizada.\"\n\t\t\t\t\t\t\t\t\t}\n\t\t\t}\n\t\t\t,\t\t\t\t{\n\t\t\t\t\"@type\": \"Question\",\n\t\t\t\t\"name\": \"Como se chama pia?\",\n\t\t\t\t\"acceptedAnswer\": {\n\t\t\t\t\t\"@type\": \"Answer\",\n\t\t\t\t\t\"text\": \"Tecnicamente falando, na verdade, o termo pia s\u00f3 \u00e9 usado para pias de cozinha. A pia do banheiro, quando \u00e9 de uma \u00fanica pe\u00e7a, \u00e9 chamada de pia.\"\n\t\t\t\t\t\t\t\t\t}\n\t\t\t}\n\t\t\t,\t\t\t\t{\n\t\t\t\t\"@type\": \"Question\",\n\t\t\t\t\"name\": \"Qual o tamanho padr\u00e3o de uma pia de cozinha?\",\n\t\t\t\t\"acceptedAnswer\": {\n\t\t\t\t\t\"@type\": \"Answer\",\n\t\t\t\t\t\"text\": \"Qual \u00e9 o tamanho padr\u00e3o de uma pia de cozinha? Caracter\u00edsticas Ambiente Principal Cozinha Itens Inclusos Tamanho do Produto 120cm x 52cm x 12cm Largura (cm) 52,5 cm Profundidade (cm) 12 cm\"\n\t\t\t\t\t\t\t\t\t}\n\t\t\t}\n\t\t\t,\t\t\t\t{\n\t\t\t\t\"@type\": \"Question\",\n\t\t\t\t\"name\": \"O que \u00e9 melhor pia de inox ou granito?\",\n\t\t\t\t\"acceptedAnswer\": {\n\t\t\t\t\t\"@type\": \"Answer\",\n\t\t\t\t\t\"text\": \"Pias de granito s\u00e3o uma escolha muito popular e higi\u00eanica para pias de cozinha. As pias de a\u00e7o inoxid\u00e1vel, inclusive as do mesmo material, tamb\u00e9m s\u00e3o muito dur\u00e1veis  e resistentes a manchas e corros\u00e3o, mas infelizmente n\u00e3o arranham e arranham.\"\n\t\t\t\t\t\t\t\t\t}\n\t\t\t}\n\t\t\t\t    ]\n}\n<\/script><pre><em>Refer\u00eancia: Terri Williams\u00a0Design e Decora\u00e7\u00e3o \/ Guias e Como fazer \/ Cozinha e sala de jantar.<\/em><\/pre><div id='gallery-1' class='gallery galleryid-31607 gallery-columns-3 gallery-size-thumbnail'><figure class='gallery-item'>\t\t\t<div class='gallery-icon landscape'>\t\t\t\t<a href='https:\/\/www.aarquiteta.com.br\/blog\/dicas-de-modelos-gabinete-cozinha2-2\/'><img decoding=\"async\" width=\"128\" height=\"73\" src=\"https:\/\/www.aarquiteta.com.br\/blog\/wp-content\/uploads\/2022\/02\/Dicas-de-modelos-gabinete-cozinha2-1.jpg\" class=\"attachment-thumbnail size-thumbnail\" alt=\"Gabinete planejado\" srcset=\"https:\/\/www.aarquiteta.com.br\/blog\/wp-content\/uploads\/2022\/02\/Dicas-de-modelos-gabinete-cozinha2-1.jpg 700w, https:\/\/www.aarquiteta.com.br\/blog\/wp-content\/uploads\/2022\/02\/Dicas-de-modelos-gabinete-cozinha2-1-696x398.jpg 696w, https:\/\/www.aarquiteta.com.br\/blog\/wp-content\/uploads\/2022\/02\/Dicas-de-modelos-gabinete-cozinha2-1-150x86.jpg 150w\" sizes=\"(max-width: 128px) 100vw, 128px\" title=\"\"><\/a>\t\t\t<\/div><\/figure><figure class='gallery-item'>\t\t\t<div class='gallery-icon landscape'>\t\t\t\t<a href='https:\/\/www.aarquiteta.com.br\/blog\/dicas-de-modelos-gabinete-cozinha-2\/'><img decoding=\"async\" width=\"128\" height=\"94\" src=\"https:\/\/www.aarquiteta.com.br\/blog\/wp-content\/uploads\/2022\/02\/Dicas-de-modelos-gabinete-cozinha.webp\" class=\"attachment-thumbnail size-thumbnail\" alt=\"Modelos gabinete cozinha\" srcset=\"https:\/\/www.aarquiteta.com.br\/blog\/wp-content\/uploads\/2022\/02\/Dicas-de-modelos-gabinete-cozinha.webp 900w, https:\/\/www.aarquiteta.com.br\/blog\/wp-content\/uploads\/2022\/02\/Dicas-de-modelos-gabinete-cozinha-696x513.webp 696w, https:\/\/www.aarquiteta.com.br\/blog\/wp-content\/uploads\/2022\/02\/Dicas-de-modelos-gabinete-cozinha-150x111.webp 150w\" sizes=\"(max-width: 128px) 100vw, 128px\" title=\"\"><\/a>\t\t\t<\/div><\/figure><figure class='gallery-item'>\t\t\t<div class='gallery-icon landscape'>\t\t\t\t<a href='https:\/\/www.aarquiteta.com.br\/blog\/dicas-de-modelos-gabinete-cozinha3\/'><img decoding=\"async\" width=\"128\" height=\"73\" src=\"https:\/\/www.aarquiteta.com.br\/blog\/wp-content\/uploads\/2022\/02\/Dicas-de-modelos-gabinete-cozinha3.jpg\" class=\"attachment-thumbnail size-thumbnail\" alt=\"Gabinete com cooktop e pia\" srcset=\"https:\/\/www.aarquiteta.com.br\/blog\/wp-content\/uploads\/2022\/02\/Dicas-de-modelos-gabinete-cozinha3.jpg 700w, https:\/\/www.aarquiteta.com.br\/blog\/wp-content\/uploads\/2022\/02\/Dicas-de-modelos-gabinete-cozinha3-696x398.jpg 696w, https:\/\/www.aarquiteta.com.br\/blog\/wp-content\/uploads\/2022\/02\/Dicas-de-modelos-gabinete-cozinha3-150x86.jpg 150w\" sizes=\"(max-width: 128px) 100vw, 128px\" title=\"\"><\/a>\t\t\t<\/div><\/figure><figure class='gallery-item'>\t\t\t<div class='gallery-icon landscape'>\t\t\t\t<a href='https:\/\/www.aarquiteta.com.br\/blog\/dicas-de-modelos-gabinete-cozinha2\/'><img decoding=\"async\" width=\"128\" height=\"85\" src=\"https:\/\/www.aarquiteta.com.br\/blog\/wp-content\/uploads\/2022\/02\/Dicas-de-modelos-gabinete-cozinha2.jpg\" class=\"attachment-thumbnail size-thumbnail\" alt=\"Modelos gabinete cozinha\" srcset=\"https:\/\/www.aarquiteta.com.br\/blog\/wp-content\/uploads\/2022\/02\/Dicas-de-modelos-gabinete-cozinha2.jpg 275w, https:\/\/www.aarquiteta.com.br\/blog\/wp-content\/uploads\/2022\/02\/Dicas-de-modelos-gabinete-cozinha2-150x100.jpg 150w\" sizes=\"(max-width: 128px) 100vw, 128px\" title=\"\"><\/a>\t\t\t<\/div><\/figure><figure class='gallery-item'>\t\t\t<div class='gallery-icon landscape'>\t\t\t\t<a href='https:\/\/www.aarquiteta.com.br\/blog\/dicas-de-modelos-gabinete-cozinha1\/'><img decoding=\"async\" width=\"128\" height=\"73\" src=\"https:\/\/www.aarquiteta.com.br\/blog\/wp-content\/uploads\/2022\/02\/Dicas-de-modelos-gabinete-cozinha1.jpg\" class=\"attachment-thumbnail size-thumbnail\" alt=\"Dicas de modelos gabinete cozinha\" srcset=\"https:\/\/www.aarquiteta.com.br\/blog\/wp-content\/uploads\/2022\/02\/Dicas-de-modelos-gabinete-cozinha1.jpg 700w, https:\/\/www.aarquiteta.com.br\/blog\/wp-content\/uploads\/2022\/02\/Dicas-de-modelos-gabinete-cozinha1-696x398.jpg 696w, https:\/\/www.aarquiteta.com.br\/blog\/wp-content\/uploads\/2022\/02\/Dicas-de-modelos-gabinete-cozinha1-150x86.jpg 150w\" sizes=\"(max-width: 128px) 100vw, 128px\" title=\"\"><\/a>\t\t\t<\/div><\/figure><figure class='gallery-item'>\t\t\t<div class='gallery-icon landscape'>\t\t\t\t<a href='https:\/\/www.aarquiteta.com.br\/blog\/como-decorar-parede-cozinha-com-tijolinhos55\/'><img decoding=\"async\" width=\"128\" height=\"73\" src=\"https:\/\/www.aarquiteta.com.br\/blog\/wp-content\/uploads\/2022\/02\/Como-decorar-parede-cozinha-com-tijolinhos55.jpg\" class=\"attachment-thumbnail size-thumbnail\" alt=\"Decorar parede cozinha com tijolinhos\" srcset=\"https:\/\/www.aarquiteta.com.br\/blog\/wp-content\/uploads\/2022\/02\/Como-decorar-parede-cozinha-com-tijolinhos55.jpg 700w, https:\/\/www.aarquiteta.com.br\/blog\/wp-content\/uploads\/2022\/02\/Como-decorar-parede-cozinha-com-tijolinhos55-696x398.jpg 696w, https:\/\/www.aarquiteta.com.br\/blog\/wp-content\/uploads\/2022\/02\/Como-decorar-parede-cozinha-com-tijolinhos55-150x86.jpg 150w\" sizes=\"(max-width: 128px) 100vw, 128px\" title=\"\"><\/a>\t\t\t<\/div><\/figure><figure class='gallery-item'>\t\t\t<div class='gallery-icon landscape'>\t\t\t\t<a href='https:\/\/www.aarquiteta.com.br\/blog\/dicas-de-torneira-flexivel-de-cozinha1\/'><img decoding=\"async\" width=\"128\" height=\"73\" src=\"https:\/\/www.aarquiteta.com.br\/blog\/wp-content\/uploads\/2022\/02\/dicas-de-torneira-flexivel-de-cozinha1.jpg\" class=\"attachment-thumbnail size-thumbnail\" alt=\"Torneira flex\u00edvel de cozinha\" srcset=\"https:\/\/www.aarquiteta.com.br\/blog\/wp-content\/uploads\/2022\/02\/dicas-de-torneira-flexivel-de-cozinha1.jpg 700w, https:\/\/www.aarquiteta.com.br\/blog\/wp-content\/uploads\/2022\/02\/dicas-de-torneira-flexivel-de-cozinha1-696x398.jpg 696w, https:\/\/www.aarquiteta.com.br\/blog\/wp-content\/uploads\/2022\/02\/dicas-de-torneira-flexivel-de-cozinha1-150x86.jpg 150w\" sizes=\"(max-width: 128px) 100vw, 128px\" title=\"\"><\/a>\t\t\t<\/div><\/figure><figure class='gallery-item'>\t\t\t<div class='gallery-icon landscape'>\t\t\t\t<a href='https:\/\/www.aarquiteta.com.br\/blog\/dicas-de-torneira-flexivel-de-cozinha3\/'><img decoding=\"async\" width=\"128\" height=\"73\" src=\"https:\/\/www.aarquiteta.com.br\/blog\/wp-content\/uploads\/2022\/02\/dicas-de-torneira-flexivel-de-cozinha3.jpg\" class=\"attachment-thumbnail size-thumbnail\" alt=\"Torneira com filtro\" srcset=\"https:\/\/www.aarquiteta.com.br\/blog\/wp-content\/uploads\/2022\/02\/dicas-de-torneira-flexivel-de-cozinha3.jpg 700w, https:\/\/www.aarquiteta.com.br\/blog\/wp-content\/uploads\/2022\/02\/dicas-de-torneira-flexivel-de-cozinha3-696x398.jpg 696w, https:\/\/www.aarquiteta.com.br\/blog\/wp-content\/uploads\/2022\/02\/dicas-de-torneira-flexivel-de-cozinha3-150x86.jpg 150w\" sizes=\"(max-width: 128px) 100vw, 128px\" title=\"\"><\/a>\t\t\t<\/div><\/figure><figure class='gallery-item'>\t\t\t<div class='gallery-icon landscape'>\t\t\t\t<a href='https:\/\/www.aarquiteta.com.br\/blog\/dicas-de-torneira-flexivel-de-cozinha4\/'><img decoding=\"async\" width=\"128\" height=\"73\" src=\"https:\/\/www.aarquiteta.com.br\/blog\/wp-content\/uploads\/2022\/02\/dicas-de-torneira-flexivel-de-cozinha4.jpg\" class=\"attachment-thumbnail size-thumbnail\" alt=\"Torneira com mangueira flex\u00edvel simples\u00a0\" srcset=\"https:\/\/www.aarquiteta.com.br\/blog\/wp-content\/uploads\/2022\/02\/dicas-de-torneira-flexivel-de-cozinha4.jpg 700w, https:\/\/www.aarquiteta.com.br\/blog\/wp-content\/uploads\/2022\/02\/dicas-de-torneira-flexivel-de-cozinha4-696x398.jpg 696w, https:\/\/www.aarquiteta.com.br\/blog\/wp-content\/uploads\/2022\/02\/dicas-de-torneira-flexivel-de-cozinha4-150x86.jpg 150w\" sizes=\"(max-width: 128px) 100vw, 128px\" title=\"\"><\/a>\t\t\t<\/div><\/figure><figure class='gallery-item'>\t\t\t<div class='gallery-icon landscape'>\t\t\t\t<a href='https:\/\/www.aarquiteta.com.br\/blog\/como-decorar-parede-cozinha-com-tijolinhos-2\/'><img decoding=\"async\" width=\"128\" height=\"73\" src=\"https:\/\/www.aarquiteta.com.br\/blog\/wp-content\/uploads\/2022\/02\/Como-decorar-parede-cozinha-com-tijolinhos.jpg\" class=\"attachment-thumbnail size-thumbnail\" alt=\"Como decorar parede cozinha com tijolinhos\" srcset=\"https:\/\/www.aarquiteta.com.br\/blog\/wp-content\/uploads\/2022\/02\/Como-decorar-parede-cozinha-com-tijolinhos.jpg 700w, https:\/\/www.aarquiteta.com.br\/blog\/wp-content\/uploads\/2022\/02\/Como-decorar-parede-cozinha-com-tijolinhos-696x398.jpg 696w, https:\/\/www.aarquiteta.com.br\/blog\/wp-content\/uploads\/2022\/02\/Como-decorar-parede-cozinha-com-tijolinhos-150x86.jpg 150w\" sizes=\"(max-width: 128px) 100vw, 128px\" title=\"\"><\/a>\t\t\t<\/div><\/figure><figure class='gallery-item'>\t\t\t<div class='gallery-icon landscape'>\t\t\t\t<a href='https:\/\/www.aarquiteta.com.br\/blog\/?attachment_id=42699'><img decoding=\"async\" width=\"128\" height=\"73\" src=\"https:\/\/www.aarquiteta.com.br\/blog\/wp-content\/uploads\/2022\/02\/Como-decorar-parede-cozinha-com-tijolinhos2.jpg\" class=\"attachment-thumbnail size-thumbnail\" alt=\"DIY: Como Fazer uma Parede de Tijolos Falsos para sua Sala de Estar\" srcset=\"https:\/\/www.aarquiteta.com.br\/blog\/wp-content\/uploads\/2022\/02\/Como-decorar-parede-cozinha-com-tijolinhos2.jpg 700w, https:\/\/www.aarquiteta.com.br\/blog\/wp-content\/uploads\/2022\/02\/Como-decorar-parede-cozinha-com-tijolinhos2-696x398.jpg 696w, https:\/\/www.aarquiteta.com.br\/blog\/wp-content\/uploads\/2022\/02\/Como-decorar-parede-cozinha-com-tijolinhos2-150x86.jpg 150w\" sizes=\"(max-width: 128px) 100vw, 128px\" title=\"\"><\/a>\t\t\t<\/div><\/figure><figure class='gallery-item'>\t\t\t<div class='gallery-icon landscape'>\t\t\t\t<a href='https:\/\/www.aarquiteta.com.br\/blog\/dicas-de-torneira-flexivel-de-cozinha-2\/'><img decoding=\"async\" width=\"128\" height=\"73\" src=\"https:\/\/www.aarquiteta.com.br\/blog\/wp-content\/uploads\/2022\/02\/dicas-de-torneira-flexivel-de-cozinha.jpg\" class=\"attachment-thumbnail size-thumbnail\" alt=\"dicas de torneira flex\u00edvel de cozinha\" srcset=\"https:\/\/www.aarquiteta.com.br\/blog\/wp-content\/uploads\/2022\/02\/dicas-de-torneira-flexivel-de-cozinha.jpg 700w, https:\/\/www.aarquiteta.com.br\/blog\/wp-content\/uploads\/2022\/02\/dicas-de-torneira-flexivel-de-cozinha-696x398.jpg 696w, https:\/\/www.aarquiteta.com.br\/blog\/wp-content\/uploads\/2022\/02\/dicas-de-torneira-flexivel-de-cozinha-150x86.jpg 150w\" sizes=\"(max-width: 128px) 100vw, 128px\" title=\"\"><\/a>\t\t\t<\/div><\/figure><figure class='gallery-item'>\t\t\t<div class='gallery-icon landscape'>\t\t\t\t<a href='https:\/\/www.aarquiteta.com.br\/blog\/vantagens-de-ter-uma-cozinha-de-canto-01\/'><img decoding=\"async\" width=\"128\" height=\"73\" src=\"https:\/\/www.aarquiteta.com.br\/blog\/wp-content\/uploads\/2022\/01\/Vantagens-de-ter-uma-cozinha-de-canto-01.jpg\" class=\"attachment-thumbnail size-thumbnail\" alt=\"Vantagens de ter uma cozinha de canto\" srcset=\"https:\/\/www.aarquiteta.com.br\/blog\/wp-content\/uploads\/2022\/01\/Vantagens-de-ter-uma-cozinha-de-canto-01.jpg 700w, https:\/\/www.aarquiteta.com.br\/blog\/wp-content\/uploads\/2022\/01\/Vantagens-de-ter-uma-cozinha-de-canto-01-696x398.jpg 696w, https:\/\/www.aarquiteta.com.br\/blog\/wp-content\/uploads\/2022\/01\/Vantagens-de-ter-uma-cozinha-de-canto-01-150x86.jpg 150w\" sizes=\"(max-width: 128px) 100vw, 128px\" title=\"\"><\/a>\t\t\t<\/div><\/figure><figure class='gallery-item'>\t\t\t<div class='gallery-icon landscape'>\t\t\t\t<a href='https:\/\/www.aarquiteta.com.br\/blog\/como-organizar-cozinha-pequena\/cozinha-planejada-3\/'><img decoding=\"async\" width=\"128\" height=\"73\" src=\"https:\/\/www.aarquiteta.com.br\/blog\/wp-content\/uploads\/2022\/01\/cozinha-planejada.jpg\" class=\"attachment-thumbnail size-thumbnail\" alt=\"cozinha planejada\" srcset=\"https:\/\/www.aarquiteta.com.br\/blog\/wp-content\/uploads\/2022\/01\/cozinha-planejada.jpg 700w, https:\/\/www.aarquiteta.com.br\/blog\/wp-content\/uploads\/2022\/01\/cozinha-planejada-696x398.jpg 696w, https:\/\/www.aarquiteta.com.br\/blog\/wp-content\/uploads\/2022\/01\/cozinha-planejada-150x86.jpg 150w\" sizes=\"(max-width: 128px) 100vw, 128px\" title=\"\"><\/a>\t\t\t<\/div><\/figure><figure class='gallery-item'>\t\t\t<div class='gallery-icon landscape'>\t\t\t\t<a href='https:\/\/www.aarquiteta.com.br\/blog\/decore-sua-casa\/1-12_3-3\/'><img decoding=\"async\" width=\"128\" height=\"73\" src=\"https:\/\/www.aarquiteta.com.br\/blog\/wp-content\/uploads\/2022\/01\/1-12_3-2.jpg\" class=\"attachment-thumbnail size-thumbnail\" alt=\"Falou em cozinha luxuosa, pensamos em revestimento\" srcset=\"https:\/\/www.aarquiteta.com.br\/blog\/wp-content\/uploads\/2022\/01\/1-12_3-2.jpg 701w, https:\/\/www.aarquiteta.com.br\/blog\/wp-content\/uploads\/2022\/01\/1-12_3-2-696x397.jpg 696w, https:\/\/www.aarquiteta.com.br\/blog\/wp-content\/uploads\/2022\/01\/1-12_3-2-150x86.jpg 150w\" sizes=\"(max-width: 128px) 100vw, 128px\" title=\"\"><\/a>\t\t\t<\/div><\/figure><figure class='gallery-item'>\t\t\t<div class='gallery-icon landscape'>\t\t\t\t<a href='https:\/\/www.aarquiteta.com.br\/blog\/pias-de-cozinha\/pias-de-cozinha-2\/'><img decoding=\"async\" width=\"128\" height=\"73\" src=\"https:\/\/www.aarquiteta.com.br\/blog\/wp-content\/uploads\/2021\/11\/pias-de-cozinha.jpg\" class=\"attachment-thumbnail size-thumbnail\" alt=\"pias de cozinha\" srcset=\"https:\/\/www.aarquiteta.com.br\/blog\/wp-content\/uploads\/2021\/11\/pias-de-cozinha.jpg 700w, https:\/\/www.aarquiteta.com.br\/blog\/wp-content\/uploads\/2021\/11\/pias-de-cozinha-696x398.jpg 696w, https:\/\/www.aarquiteta.com.br\/blog\/wp-content\/uploads\/2021\/11\/pias-de-cozinha-150x86.jpg 150w\" sizes=\"(max-width: 128px) 100vw, 128px\" title=\"\"><\/a>\t\t\t<\/div><\/figure><figure class='gallery-item'>\t\t\t<div class='gallery-icon landscape'>\t\t\t\t<a href='https:\/\/www.aarquiteta.com.br\/blog\/pias-para-cozinha\/'><img decoding=\"async\" width=\"128\" height=\"73\" src=\"https:\/\/www.aarquiteta.com.br\/blog\/wp-content\/uploads\/2021\/12\/pias-para-cozinha.jpg\" class=\"attachment-thumbnail size-thumbnail\" alt=\"pias para cozinha\" srcset=\"https:\/\/www.aarquiteta.com.br\/blog\/wp-content\/uploads\/2021\/12\/pias-para-cozinha.jpg 700w, https:\/\/www.aarquiteta.com.br\/blog\/wp-content\/uploads\/2021\/12\/pias-para-cozinha-696x398.jpg 696w, https:\/\/www.aarquiteta.com.br\/blog\/wp-content\/uploads\/2021\/12\/pias-para-cozinha-150x86.jpg 150w\" sizes=\"(max-width: 128px) 100vw, 128px\" title=\"\"><\/a>\t\t\t<\/div><\/figure><figure class='gallery-item'>\t\t\t<div class='gallery-icon portrait'>\t\t\t\t<a href='https:\/\/www.aarquiteta.com.br\/blog\/cozinha-moderna-10-dicas-de-como-projetar\/marble-effect-kitchen-tops\/'><img decoding=\"async\" width=\"64\" height=\"96\" src=\"https:\/\/www.aarquiteta.com.br\/blog\/wp-content\/uploads\/2021\/10\/Marble-effect-kitchen-tops-scaled.jpg\" class=\"attachment-thumbnail size-thumbnail\" alt=\"\" srcset=\"https:\/\/www.aarquiteta.com.br\/blog\/wp-content\/uploads\/2021\/10\/Marble-effect-kitchen-tops-scaled.jpg 1365w, https:\/\/www.aarquiteta.com.br\/blog\/wp-content\/uploads\/2021\/10\/Marble-effect-kitchen-tops-1024x1536.jpg 1024w, https:\/\/www.aarquiteta.com.br\/blog\/wp-content\/uploads\/2021\/10\/Marble-effect-kitchen-tops-696x1044.jpg 696w, https:\/\/www.aarquiteta.com.br\/blog\/wp-content\/uploads\/2021\/10\/Marble-effect-kitchen-tops-150x225.jpg 150w\" sizes=\"(max-width: 64px) 100vw, 64px\" title=\"\"><\/a>\t\t\t<\/div><\/figure><figure class='gallery-item'>\t\t\t<div class='gallery-icon landscape'>\t\t\t\t<a href='https:\/\/www.aarquiteta.com.br\/blog\/cozinha-moderna-10-dicas-de-como-projetar\/cozinha-porta-viro\/'><img decoding=\"async\" width=\"98\" height=\"96\" src=\"https:\/\/www.aarquiteta.com.br\/blog\/wp-content\/uploads\/2021\/10\/cozinha-porta-viro.jpg\" class=\"attachment-thumbnail size-thumbnail\" alt=\"\" srcset=\"https:\/\/www.aarquiteta.com.br\/blog\/wp-content\/uploads\/2021\/10\/cozinha-porta-viro.jpg 720w, https:\/\/www.aarquiteta.com.br\/blog\/wp-content\/uploads\/2021\/10\/cozinha-porta-viro-696x684.jpg 696w, https:\/\/www.aarquiteta.com.br\/blog\/wp-content\/uploads\/2021\/10\/cozinha-porta-viro-150x148.jpg 150w\" sizes=\"(max-width: 98px) 100vw, 98px\" title=\"\"><\/a>\t\t\t<\/div><\/figure><figure class='gallery-item'>\t\t\t<div class='gallery-icon landscape'>\t\t\t\t<a href='https:\/\/www.aarquiteta.com.br\/blog\/cozinha-moderna-10-dicas-de-como-projetar\/cozinha-completa-madesa-vicenza-com-armario-e-balcao-sem-tampo-e-pia\/'><img decoding=\"async\" width=\"96\" height=\"96\" src=\"https:\/\/www.aarquiteta.com.br\/blog\/wp-content\/uploads\/2021\/10\/Cozinha-Completa-Madesa-Vicenza-com-Armario-e-Balcao-Sem-Tampo-e-Pia.jpg\" class=\"attachment-thumbnail size-thumbnail\" alt=\"\" srcset=\"https:\/\/www.aarquiteta.com.br\/blog\/wp-content\/uploads\/2021\/10\/Cozinha-Completa-Madesa-Vicenza-com-Armario-e-Balcao-Sem-Tampo-e-Pia.jpg 728w, https:\/\/www.aarquiteta.com.br\/blog\/wp-content\/uploads\/2021\/10\/Cozinha-Completa-Madesa-Vicenza-com-Armario-e-Balcao-Sem-Tampo-e-Pia-696x696.jpg 696w, https:\/\/www.aarquiteta.com.br\/blog\/wp-content\/uploads\/2021\/10\/Cozinha-Completa-Madesa-Vicenza-com-Armario-e-Balcao-Sem-Tampo-e-Pia-96x96.jpg 96w, https:\/\/www.aarquiteta.com.br\/blog\/wp-content\/uploads\/2021\/10\/Cozinha-Completa-Madesa-Vicenza-com-Armario-e-Balcao-Sem-Tampo-e-Pia-150x150.jpg 150w\" sizes=\"(max-width: 96px) 100vw, 96px\" title=\"\"><\/a>\t\t\t<\/div><\/figure>\t\t<\/div><h2>E a\u00ed? Voc\u00ea gostou das dicas sobre Pias de cozinha \u2014 Como escolher o melhor estilo para suas necessidades?<\/h2><p>Ent\u00e3o compartilhe com os amigos e n\u00e3o esque\u00e7a de deixar seu coment\u00e1rio.<\/p><p>At\u00e9 a pr\u00f3xima dica!<\/p><h3>\u25baVeja mais dicas em:<\/h3><p>Quer mais dicas ent\u00e3o confira alguns dos nossos artigos sobre:<\/p><ul><li><a href=\"https:\/\/www.aarquiteta.com.br\/decoracao\/\" target=\"_blank\" rel=\"noopener\">Decora\u00e7\u00e3o<\/a><\/li><li><a href=\"https:\/\/www.aarquiteta.com.br\/blog\/paisagismo\/\" target=\"_blank\" rel=\"noopener\">Casa e Jardim<\/a><\/li><li><a href=\"https:\/\/www.aarquiteta.com.br\/blog\/arquitetura\/mundo-arquitetura\/\" target=\"_blank\" rel=\"noopener\">Mundo Arquitetura<\/a><\/li><\/ul>","protected":false},"excerpt":{"rendered":"<p>As pias de cozinha s\u00e3o um elemento central em qualquer cozinha, proporcionando um espa\u00e7o de trabalho essencial para preparar alimentos, lavar pratos e utens\u00edlios, e realizar outras tarefas de limpeza.Quando se trata de escolher a pia perfeita para sua cozinha, existem muitos fatores a serem considerados. Desde o material da pia at\u00e9 o tamanho e [&hellip;]<\/p>\n","protected":false},"author":102,"featured_media":41660,"comment_status":"closed","ping_status":"closed","sticky":false,"template":"","format":"standard","meta":{"footnotes":""},"categories":[18754,1484],"tags":[137,1710,1028,26679,10244,23946],"class_list":["post-31607","post","type-post","status-publish","format-standard","has-post-thumbnail","category-decoracao-de-cozinha","category-decoracao","tag-arquitetura","tag-arte","tag-design-de-interiores","tag-oia","tag-pia-de-cozinha","tag-torneira-com-filtro-para-pia-de-cozinha"],"_wp_attached_file":null,"_wp_attachment_metadata":null,"_wp_attachment_context":null,"_wp_attachment_is_custom_header":null,"geo_longitude":null,"geo_public":null,"geo_latitude":null,"_publicize_done_external":null,"_wpas_done_3897181":null,"publicize_twitter_user":null,"_wpas_done_3897175":null,"_wpas_skip_3897181":null,"_wpas_skip_3897175":null,"_wpas_skip_3924723":null,"_wpas_mess":null,"_wpas_done_3924723":null,"wps_subtitle":"Confira as melhores dicas de Decora\u00e7\u00e3o que separamos para voc\u00ea decorar sua casa e deix\u00e1-la ainda mais aconchegante!","_links":{"self":[{"href":"https:\/\/www.aarquiteta.com.br\/blog\/wp-json\/wp\/v2\/posts\/31607","targetHints":{"allow":["GET"]}}],"collection":[{"href":"https:\/\/www.aarquiteta.com.br\/blog\/wp-json\/wp\/v2\/posts"}],"about":[{"href":"https:\/\/www.aarquiteta.com.br\/blog\/wp-json\/wp\/v2\/types\/post"}],"author":[{"embeddable":true,"href":"https:\/\/www.aarquiteta.com.br\/blog\/wp-json\/wp\/v2\/users\/102"}],"replies":[{"embeddable":true,"href":"https:\/\/www.aarquiteta.com.br\/blog\/wp-json\/wp\/v2\/comments?post=31607"}],"version-history":[{"count":0,"href":"https:\/\/www.aarquiteta.com.br\/blog\/wp-json\/wp\/v2\/posts\/31607\/revisions"}],"wp:featuredmedia":[{"embeddable":true,"href":"https:\/\/www.aarquiteta.com.br\/blog\/wp-json\/wp\/v2\/media\/41660"}],"wp:attachment":[{"href":"https:\/\/www.aarquiteta.com.br\/blog\/wp-json\/wp\/v2\/media?parent=31607"}],"wp:term":[{"taxonomy":"category","embeddable":true,"href":"https:\/\/www.aarquiteta.com.br\/blog\/wp-json\/wp\/v2\/categories?post=31607"},{"taxonomy":"post_tag","embeddable":true,"href":"https:\/\/www.aarquiteta.com.br\/blog\/wp-json\/wp\/v2\/tags?post=31607"}],"curies":[{"name":"wp","href":"https:\/\/api.w.org\/{rel}","templated":true}]}}