{"id":31342,"date":"2022-02-12T19:10:14","date_gmt":"2022-02-12T22:10:14","guid":{"rendered":"http:\/\/aarquiteta.com.br\/?p=31342"},"modified":"2022-06-28T10:17:28","modified_gmt":"2022-06-28T13:17:28","slug":"como-organizar-sala-de-estar","status":"publish","type":"post","link":"https:\/\/www.aarquiteta.com.br\/blog\/como-organizar-sala-de-estar\/","title":{"rendered":"Sala de Estar Organizada &#8211; 6 Dicas profissionais para guardar objetos!"},"content":{"rendered":"<figure id=\"attachment_43071\" aria-describedby=\"caption-attachment-43071\" style=\"width: 700px\" class=\"wp-caption aligncenter\"><img decoding=\"async\" class=\"size-full wp-image-43071\" src=\"https:\/\/www.aarquiteta.com.br\/blog\/wp-content\/uploads\/2022\/02\/sala-com-armario-de-armazenamento.jpg\" alt=\"Sala de Estar Organizada - 6 Dicas profissionais para guardar objetos!\" width=\"700\" height=\"400\" title=\"\" srcset=\"https:\/\/www.aarquiteta.com.br\/blog\/wp-content\/uploads\/2022\/02\/sala-com-armario-de-armazenamento.jpg 700w, https:\/\/www.aarquiteta.com.br\/blog\/wp-content\/uploads\/2022\/02\/sala-com-armario-de-armazenamento-696x398.jpg 696w, https:\/\/www.aarquiteta.com.br\/blog\/wp-content\/uploads\/2022\/02\/sala-com-armario-de-armazenamento-150x86.jpg 150w\" sizes=\"(max-width: 700px) 100vw, 700px\" \/><figcaption id=\"caption-attachment-43071\" class=\"wp-caption-text\">Sala de Estar Organizada &#8211; 6 Dicas profissionais para guardar objetos!<\/figcaption><\/figure>\n<p>Sala de Estar Organizada veja 6 dicas profissionais para armazenar objetos!<\/p>\n<p>Voc\u00ea j\u00e1 se perguntou como aproveitar ao m\u00e1ximo o espa\u00e7o da sua sala de estar?<\/p>\n<p>Como guardar objetos que ficam de um lado para outro na sala, mas que n\u00e3o podem ser simplesmente guardados em outro ambiente, pois \u00e9 na sala que voc\u00ea precisa dele?<\/p>\n<p>Quem nunca se viu em uma situa\u00e7\u00e3o onde estamos em busca de encontrar maneiras de manter o ambiente mais utilizado da casa, organizado funcionalmente, no entanto, mantendo-o esteticamente atraente?<\/p>\n<p>Ent\u00e3o confira neste artigo 6 dicas profissionais de como aproveitar ao m\u00e1ximo o espa\u00e7o de armazenamento da sua sala:<\/p>\n<h2>Sala de Estar Organizada \u2014 6 Dicas profissionais para guardar objetos!<\/h2>\n<h3>1) Invista em puffs de armazenamento:<\/h3>\n<p>\u201cOs puffs de armazenamento s\u00e3o uma \u00f3tima solu\u00e7\u00e3o para as salas de estar, porque servem a um prop\u00f3sito duplo.<\/p>\n<p>Al\u00e9m de ter um lugar agrad\u00e1vel para descansar os p\u00e9s, eles oferecem um espa\u00e7o de bom tamanho para guardar itens que voc\u00ea n\u00e3o deseja ver espalhada pela sala toda.<\/p>\n<p>Pode ser um bom lugar para mantas ou travesseiros extras, talvez at\u00e9 len\u00e7\u00f3is, se voc\u00ea tiver um sof\u00e1-cama dobr\u00e1vel.<\/p>\n<p>Pufes de armazenamento podem guardar DVDs e jogos, controles remotos e as revistas que se amontoam na sala de estar.<\/p>\n<p>Esse m\u00f3vel funcional \u00e9 o lugar perfeito para guardar itens as presas antes que os convidados cheguem.<\/p>\n<p>Um otomano pode ser uma \u00f3tima op\u00e7\u00e3o para essas horas!<\/p>\n<figure id=\"attachment_31348\" aria-describedby=\"caption-attachment-31348\" style=\"width: 1100px\" class=\"wp-caption alignnone\"><a href=\"https:\/\/www.aarquiteta.com.br\/blog\/wp-content\/uploads\/2019\/09\/sala_de_estar_com_otomano.jpg\"><img decoding=\"async\" class=\"sala de estar wp-image-31348\" src=\"https:\/\/www.aarquiteta.com.br\/blog\/wp-content\/uploads\/2019\/09\/sala_de_estar_com_otomano.jpg\" alt=\"\" width=\"1100\" height=\"734\" title=\"\" srcset=\"https:\/\/www.aarquiteta.com.br\/blog\/wp-content\/uploads\/2019\/09\/sala_de_estar_com_otomano.jpg 1000w, https:\/\/www.aarquiteta.com.br\/blog\/wp-content\/uploads\/2019\/09\/sala_de_estar_com_otomano-696x464.jpg 696w, https:\/\/www.aarquiteta.com.br\/blog\/wp-content\/uploads\/2019\/09\/sala_de_estar_com_otomano-150x100.jpg 150w\" sizes=\"(max-width: 1100px) 100vw, 1100px\" \/><\/a><figcaption id=\"caption-attachment-31348\" class=\"wp-caption-text\">Sala de Estar Organizada &#8211; 6 Dicas profissionais para guardar objetos! Imagem: Panificadora \/ Shutterstock.<\/figcaption><\/figure>\n<h3>2) Utilize ganchos de parede:<\/h3>\n<p>\u201cA instala\u00e7\u00e3o de dois ganchos na parede \u00e9 uma maneira f\u00e1cil de organizar chap\u00e9us, casacos e bolsas sem desordenar as gavetas e os balc\u00f5es.<\/p>\n<p>\u00c9 importante buscar por elementos bonitos que agreguem a decora\u00e7\u00e3o, pois, ele criar\u00e1 apelo visual e tamb\u00e9m funcionar\u00e1 naturalmente como decora\u00e7\u00e3o de parede. \u201d<\/p>\n<p style=\"text-align: left;\">Crie sua pr\u00f3pria entrada com alguns ganchos de parede:<\/p>\n<figure id=\"attachment_31343\" aria-describedby=\"caption-attachment-31343\" style=\"width: 1100px\" class=\"wp-caption aligncenter\"><a href=\"https:\/\/www.aarquiteta.com.br\/blog\/wp-content\/uploads\/2019\/09\/espa\u00e7o_com_comoda_e_ganchos_na_parede.jpg\"><img decoding=\"async\" class=\"sala de estar wp-image-31343\" title=\"Espa\u00e7o com comoda e ganchos na parede.\" src=\"https:\/\/www.aarquiteta.com.br\/blog\/wp-content\/uploads\/2019\/09\/espa\u00e7o_com_comoda_e_ganchos_na_parede.jpg\" alt=\"\" width=\"1100\" height=\"734\" srcset=\"https:\/\/www.aarquiteta.com.br\/blog\/wp-content\/uploads\/2019\/09\/espa\u00e7o_com_comoda_e_ganchos_na_parede.jpg 1000w, https:\/\/www.aarquiteta.com.br\/blog\/wp-content\/uploads\/2019\/09\/espa\u00e7o_com_comoda_e_ganchos_na_parede-696x464.jpg 696w, https:\/\/www.aarquiteta.com.br\/blog\/wp-content\/uploads\/2019\/09\/espa\u00e7o_com_comoda_e_ganchos_na_parede-150x100.jpg 150w\" sizes=\"(max-width: 1100px) 100vw, 1100px\" \/><\/a><figcaption id=\"caption-attachment-31343\" class=\"wp-caption-text\">Sala de Estar Organizada &#8211; 6 Dicas profissionais para guardar objetos!\u00a0Imagem: New Africa \/ Shutterstock.<\/figcaption><\/figure>\n<h3>3) Invista em Estantes ou nichos fechados<\/h3>\n<p>Alguns itens, como livros, podem ser armazenados e tamb\u00e9m decoram muito bem, enquanto outros, como pap\u00e9is, brinquedos infantis ou pequenos eletr\u00f4nicos, podem ser uma desgra\u00e7a.<\/p>\n<p>Para esses itens mais dif\u00edceis, considere o armazenamento fechado como um cubo de tecido ou cesta de vime.<\/p>\n<p>Essa estrat\u00e9gia ainda torna todos os itens acess\u00edveis, mas facilita o design de um espa\u00e7o funcional com o armazenamento em mente! \u201d<\/p>\n<h3>Sala de Estar Organizada &#8211; Chega de bagun\u00e7a, veja como esconder objetos!<\/h3>\n<p>Voc\u00ea esta cansada de tentar organizar a casa, mas n\u00e3o conseguir? Quer organizar definitivamente e eficiente, e acabar de vez com a bagun\u00e7a?<\/p>\n<p>Pois \u00e9, com as <a href=\"https:\/\/go.hotmart.com\/L72308754E?dp=1\" target=\"_blank\" rel=\"noopener\">t\u00e9cnicas certas de organiza\u00e7\u00e3o<\/a> voc\u00ea consegue organizar sua casa de uma vez por todas e ter tempo para o que realmente importa!<\/p>\n<p>Se eu te disser que isso \u00e9 poss\u00edvel voc\u00ea acredita? Quer saber mais? Vem comigo, que <a href=\"https:\/\/go.hotmart.com\/L72308754E?dp=1\" target=\"_blank\" rel=\"noopener\">eu te mostro!\u00a0<\/a><\/p>\n<figure id=\"attachment_60332\" aria-describedby=\"caption-attachment-60332\" style=\"width: 700px\" class=\"wp-caption aligncenter\"><a href=\"https:\/\/go.hotmart.com\/L72308754E?dp=1\" target=\"_blank\" rel=\"noopener\"><img decoding=\"async\" class=\"wp-image-60332 size-full\" src=\"https:\/\/www.aarquiteta.com.br\/blog\/wp-content\/uploads\/2022\/06\/curso-de-organizacao-residencial.jpg\" alt=\"curso de organiza\u00e7\u00e3o residencial\" width=\"700\" height=\"400\" title=\"\" srcset=\"https:\/\/www.aarquiteta.com.br\/blog\/wp-content\/uploads\/2022\/06\/curso-de-organizacao-residencial.jpg 700w, https:\/\/www.aarquiteta.com.br\/blog\/wp-content\/uploads\/2022\/06\/curso-de-organizacao-residencial-696x398.jpg 696w, https:\/\/www.aarquiteta.com.br\/blog\/wp-content\/uploads\/2022\/06\/curso-de-organizacao-residencial-150x86.jpg 150w\" sizes=\"(max-width: 700px) 100vw, 700px\" \/><\/a><figcaption id=\"caption-attachment-60332\" class=\"wp-caption-text\"><a href=\"https:\/\/go.hotmart.com\/L72308754E?dp=1\" target=\"_blank\" rel=\"noopener\">Curso de organiza\u00e7\u00e3o residencial para todos por Gabi de Santi &#8211; Personal Organizer<\/a><\/figcaption><\/figure>\n<p>&nbsp;<\/p>\n<h3>4) Projete uma parede com estante exposit\u00f3ria:<\/h3>\n<p>As unidades de parede de armazenamento como os modelos de estantes criam uma parede de quadrados que colocam itens em um n\u00edvel vertical e outras em superf\u00edcies horizontais.<\/p>\n<p>Eles tamb\u00e9m podem ser usados \u200b\u200bpara criar esses pequenos cubos onde voc\u00ea pode brincar com as cores, temas e texturas.<\/p>\n<p style=\"text-align: left;\">Veja s\u00f3 esta estante com uma unidade de armazenamento na parede:<\/p>\n<figure id=\"attachment_31347\" aria-describedby=\"caption-attachment-31347\" style=\"width: 1100px\" class=\"wp-caption aligncenter\"><a href=\"https:\/\/www.aarquiteta.com.br\/blog\/wp-content\/uploads\/2019\/09\/sala_com_piso_madeira_clara_e_sof\u00e1_azul.jpg\"><img decoding=\"async\" class=\"sala de estar wp-image-31347\" title=\"Sala com piso de madeira clara e sof\u00e1 azul.\" src=\"https:\/\/www.aarquiteta.com.br\/blog\/wp-content\/uploads\/2019\/09\/sala_com_piso_madeira_clara_e_sof\u00e1_azul.jpg\" alt=\"Sala de Estar Organizada - 6 Dicas profissionais para guardar objetos!\" width=\"1100\" height=\"451\" srcset=\"https:\/\/www.aarquiteta.com.br\/blog\/wp-content\/uploads\/2019\/09\/sala_com_piso_madeira_clara_e_sof\u00e1_azul.jpg 1000w, https:\/\/www.aarquiteta.com.br\/blog\/wp-content\/uploads\/2019\/09\/sala_com_piso_madeira_clara_e_sof\u00e1_azul-696x285.jpg 696w, https:\/\/www.aarquiteta.com.br\/blog\/wp-content\/uploads\/2019\/09\/sala_com_piso_madeira_clara_e_sof\u00e1_azul-150x62.jpg 150w\" sizes=\"(max-width: 1100px) 100vw, 1100px\" \/><\/a><figcaption id=\"caption-attachment-31347\" class=\"wp-caption-text\">Sala de Estar Organizada &#8211; 6 Dicas profissionais para guardar objetos! Imagem: Vadym Andrushchenko \/ Shutterstock.<\/figcaption><\/figure>\n<h3>5) Adicione um aparador de sof\u00e1:<\/h3>\n<p>\u201cMinha dica favorita para aumentar o espa\u00e7o de armazenamento em uma sala de estar \u00e9 adicionar um aparador de sof\u00e1, como se fosse uma mesa de apoio.<\/p>\n<p>Aproveite esse espa\u00e7o entre o sof\u00e1 e a parede colocando uma mesa estreita atr\u00e1s do sof\u00e1.<\/p>\n<p>Escolha uma mesa com cores complementares que tenham o mesmo comprimento do sof\u00e1.<\/p>\n<p>Voc\u00ea pode us\u00e1-lo para armazenar revistas, livros, controles remotos, molduras, decora\u00e7\u00e3o ou lumin\u00e1rias.<\/p>\n<p>Voc\u00ea pode at\u00e9 instalar uma tomada na mesa para criar uma esta\u00e7\u00e3o de carregamento de telefone.<\/p>\n<figure id=\"attachment_31346\" aria-describedby=\"caption-attachment-31346\" style=\"width: 1100px\" class=\"wp-caption aligncenter\"><a href=\"https:\/\/www.aarquiteta.com.br\/blog\/wp-content\/uploads\/2019\/09\/sala_com_mesa_de_sof\u00e1.jpg\"><img decoding=\"async\" class=\"wp-image-31346\" title=\"Sala com mesa de sof\u00e1.\" src=\"https:\/\/www.aarquiteta.com.br\/blog\/wp-content\/uploads\/2019\/09\/sala_com_mesa_de_sof\u00e1.jpg\" alt=\"Sala de Estar Organizada - 6 Dicas profissionais para guardar objetos!\" width=\"1100\" height=\"734\" srcset=\"https:\/\/www.aarquiteta.com.br\/blog\/wp-content\/uploads\/2019\/09\/sala_com_mesa_de_sof\u00e1.jpg 1000w, https:\/\/www.aarquiteta.com.br\/blog\/wp-content\/uploads\/2019\/09\/sala_com_mesa_de_sof\u00e1-696x464.jpg 696w, https:\/\/www.aarquiteta.com.br\/blog\/wp-content\/uploads\/2019\/09\/sala_com_mesa_de_sof\u00e1-150x100.jpg 150w\" sizes=\"(max-width: 1100px) 100vw, 1100px\" \/><\/a><figcaption id=\"caption-attachment-31346\" class=\"wp-caption-text\">Sala de Estar Organizada &#8211; 6 Dicas profissionais para guardar objetos! Imagem: Photographee.eu\/Shutterstock.<\/figcaption><\/figure>\n<h3>6) Utilize o espa\u00e7o embaixo da escada<\/h3>\n<p>O espa\u00e7o embaixo da escada pode ser usado como um arm\u00e1rio com prateleiras ou prateleiras m\u00f3veis auto-regul\u00e1veis.<\/p>\n<p>Um pedreiro mais experiente pode criar esse armazenamento extra com seguran\u00e7a, mantendo a integridade estrutural das escadas.<\/p>\n<p>Esse espa\u00e7o de armazenamento pode ser usado para muitos prop\u00f3sitos, como sapatos, casacos ou uma mini biblioteca.<\/p>\n<p style=\"text-align: left;\">Armazene itens maiores no espa\u00e7o embaixo da escada, veja:<\/p>\n<figure id=\"attachment_31344\" aria-describedby=\"caption-attachment-31344\" style=\"width: 1100px\" class=\"wp-caption aligncenter\"><a href=\"https:\/\/www.aarquiteta.com.br\/blog\/wp-content\/uploads\/2019\/09\/lateral_da_escada.jpg\"><img decoding=\"async\" class=\"wp-image-31344\" title=\"Lateral da escada.\" src=\"https:\/\/www.aarquiteta.com.br\/blog\/wp-content\/uploads\/2019\/09\/lateral_da_escada.jpg\" alt=\"\" width=\"1100\" height=\"716\" srcset=\"https:\/\/www.aarquiteta.com.br\/blog\/wp-content\/uploads\/2019\/09\/lateral_da_escada.jpg 1000w, https:\/\/www.aarquiteta.com.br\/blog\/wp-content\/uploads\/2019\/09\/lateral_da_escada-696x453.jpg 696w, https:\/\/www.aarquiteta.com.br\/blog\/wp-content\/uploads\/2019\/09\/lateral_da_escada-150x98.jpg 150w\" sizes=\"(max-width: 1100px) 100vw, 1100px\" \/><\/a><figcaption id=\"caption-attachment-31344\" class=\"wp-caption-text\">Imagem: Jo Ann Snove \/ Shutterstock.<\/figcaption><\/figure>\n<div class=\"mceTemp\"><\/div>\n<div class=\"author-media pull-left\">\n<pre class=\"author-media-body\"><em><span class=\"author-info\">Refer\u00eancia: Tara Mastroeni <\/span><span class=\"hidden-xs\"> - limpeza e organiza\u00e7\u00e3o \u00a0\/ Guias e como fazer \/ Vivo \/ espa\u00e7os.<\/span><\/em><\/pre>\n<\/div>\n<h3>Cansado da desordem nos arm\u00e1rios? <a href=\"https:\/\/go.hotmart.com\/L71606651A?dp=1\" target=\"_blank\" rel=\"noopener\">Que tal organizar<\/a>?<\/h3>\n<p>Com este <a href=\"https:\/\/go.hotmart.com\/L71606651A?dp=1\" target=\"_blank\" rel=\"noopener\">passo a passo<\/a> voc\u00ea conseguir\u00e1 organizar o seu ambiente eficazmente, otimizando e deixando os espa\u00e7os funcionais.<\/p>\n<p>Aprender\u00e1 desde o in\u00edcio do processo da organiza\u00e7\u00e3o, passando pela (auto) an\u00e1lise, at\u00e9 o que se deve guardar em gavetas, o que pendurar em cabides, <a href=\"https:\/\/go.hotmart.com\/L71606651A?dp=1\" target=\"_blank\" rel=\"noopener\">como organizar os diversos acess\u00f3rios<\/a>, entre outros.<\/p>\n<p><a style=\"font-weight: bold; background-color: initial;\" href=\"https:\/\/go.hotmart.com\/L71606651A?dp=1\" target=\"_blank\" rel=\"noopener\"><img decoding=\"async\" class=\"wp-image-60349 size-full\" src=\"https:\/\/www.aarquiteta.com.br\/blog\/wp-content\/uploads\/2022\/06\/curso-de-organizacao-closet.jpg\" alt=\"curso de organiza\u00e7\u00e3o closet\" width=\"700\" height=\"400\" title=\"\" srcset=\"https:\/\/www.aarquiteta.com.br\/blog\/wp-content\/uploads\/2022\/06\/curso-de-organizacao-closet.jpg 700w, https:\/\/www.aarquiteta.com.br\/blog\/wp-content\/uploads\/2022\/06\/curso-de-organizacao-closet-696x398.jpg 696w, https:\/\/www.aarquiteta.com.br\/blog\/wp-content\/uploads\/2022\/06\/curso-de-organizacao-closet-150x86.jpg 150w\" sizes=\"(max-width: 700px) 100vw, 700px\" \/><\/a><\/p>\n<p><a href=\"https:\/\/go.hotmart.com\/L71606651A?dp=1\" target=\"_blank\" rel=\"noopener\">Curso de organiza\u00e7\u00e3o closet\u00a0 por HARMONIZATTA<\/a><\/p>\n<p>Inclu\u00edmos fotos para te ajudar em todo o processo da organiza\u00e7\u00e3o, com o uso de organizadores pr\u00f3prios, pois al\u00e9m de deixar tudo em ordem, eles trazem facilidade e otimiza\u00e7\u00e3o para os espa\u00e7os.<\/p>\n<p><a href=\"https:\/\/go.hotmart.com\/L71606651A?dp=1\" target=\"_blank\" rel=\"noopener\">ORGANIZA\u00c7\u00c3O<\/a> n\u00e3o \u00e9 luxo e sim QUALIDADE DE VIDA!<\/p>\n<h2>E a\u00ed? Voc\u00ea gostou das dicas sobre Sala de Estar &#8211; 6 Dicas profissionais para armazenar objetos!<\/h2>\n<p>Ent\u00e3o deslize a tela para baixo e<a href=\"https:\/\/br.pinterest.com\/aarquitetapinterest\/_created\/\" target=\"_blank\" rel=\"noopener\"> confira mais dicas<\/a> como esta e n\u00e3o se esque\u00e7a de compartilhar com os amigos!<\/p>\n<p>Quer mais dicas sobre o mundo da Arquitetura e Decora\u00e7\u00e3o, ent\u00e3o confira alguns dos nossos artigos em:<\/p>\n<ul>\n<li><a href=\"https:\/\/www.aarquiteta.com.br\/blog\/paisagismo\/\" target=\"_blank\" rel=\"noopener\">Casa e Jardim<\/a><\/li>\n<li><a href=\"https:\/\/www.aarquiteta.com.br\/blog\/arquitetura\/mundo-arquitetura\/\" target=\"_blank\" rel=\"noopener\">Mundo Arquitetura<\/a><\/li>\n<li><a href=\"https:\/\/www.aarquiteta.com.br\/decoracao\/\" target=\"_blank\" rel=\"noopener\">Decora\u00e7\u00e3o<br \/>\n<\/a><\/li>\n<\/ul>\n","protected":false},"excerpt":{"rendered":"<p>Sala de Estar Organizada veja 6 dicas profissionais para armazenar objetos! Voc\u00ea j\u00e1 se perguntou como aproveitar ao m\u00e1ximo o espa\u00e7o da sua sala de estar? Como guardar objetos que ficam de um lado para outro na sala, mas que n\u00e3o podem ser simplesmente guardados em outro ambiente, pois \u00e9 na sala que voc\u00ea precisa [&hellip;]<\/p>\n","protected":false},"author":102,"featured_media":43071,"comment_status":"closed","ping_status":"closed","sticky":false,"template":"","format":"standard","meta":{"footnotes":""},"categories":[19106],"tags":[137,1532,1028],"class_list":["post-31342","post","type-post","status-publish","format-standard","has-post-thumbnail","category-organizacao-e-armazenamento","tag-arquitetura","tag-criatividade","tag-design-de-interiores"],"_wp_attached_file":null,"_wp_attachment_metadata":null,"_wp_attachment_context":null,"_wp_attachment_is_custom_header":null,"geo_longitude":null,"geo_public":null,"geo_latitude":null,"_publicize_done_external":null,"_wpas_done_3897181":null,"publicize_twitter_user":null,"_wpas_done_3897175":null,"_wpas_skip_3897181":null,"_wpas_skip_3897175":null,"_wpas_skip_3924723":null,"_wpas_mess":null,"_wpas_done_3924723":null,"wps_subtitle":"Cansado da bagun\u00e7a? Mantenha sua sala de estar organizada com estas 6 dicas de organiza\u00e7\u00e3o profissional! ","_links":{"self":[{"href":"https:\/\/www.aarquiteta.com.br\/blog\/wp-json\/wp\/v2\/posts\/31342","targetHints":{"allow":["GET"]}}],"collection":[{"href":"https:\/\/www.aarquiteta.com.br\/blog\/wp-json\/wp\/v2\/posts"}],"about":[{"href":"https:\/\/www.aarquiteta.com.br\/blog\/wp-json\/wp\/v2\/types\/post"}],"author":[{"embeddable":true,"href":"https:\/\/www.aarquiteta.com.br\/blog\/wp-json\/wp\/v2\/users\/102"}],"replies":[{"embeddable":true,"href":"https:\/\/www.aarquiteta.com.br\/blog\/wp-json\/wp\/v2\/comments?post=31342"}],"version-history":[{"count":0,"href":"https:\/\/www.aarquiteta.com.br\/blog\/wp-json\/wp\/v2\/posts\/31342\/revisions"}],"wp:featuredmedia":[{"embeddable":true,"href":"https:\/\/www.aarquiteta.com.br\/blog\/wp-json\/wp\/v2\/media\/43071"}],"wp:attachment":[{"href":"https:\/\/www.aarquiteta.com.br\/blog\/wp-json\/wp\/v2\/media?parent=31342"}],"wp:term":[{"taxonomy":"category","embeddable":true,"href":"https:\/\/www.aarquiteta.com.br\/blog\/wp-json\/wp\/v2\/categories?post=31342"},{"taxonomy":"post_tag","embeddable":true,"href":"https:\/\/www.aarquiteta.com.br\/blog\/wp-json\/wp\/v2\/tags?post=31342"}],"curies":[{"name":"wp","href":"https:\/\/api.w.org\/{rel}","templated":true}]}}