{"id":2970,"date":"2014-03-24T18:19:58","date_gmt":"2014-03-24T21:19:58","guid":{"rendered":"http:\/\/aarquiteta.com.br\/?p=2970"},"modified":"2024-09-04T17:14:05","modified_gmt":"2024-09-04T20:14:05","slug":"vray","status":"publish","type":"post","link":"https:\/\/www.aarquiteta.com.br\/blog\/vray\/","title":{"rendered":"Surpreenda com o Vray Render! Criando um render noturno. Confira!"},"content":{"rendered":"<p style=\"text-align: justify;\">Salve galera do 3D e fan\u00e1ticos pelo vray!<\/p><p style=\"text-align: justify;\">Voc\u00eas que curtem o mundo da <a href=\"https:\/\/www.aarquiteta.com.br\/blog\/cursos-de-arquitetura-e-decoracao\/maquete-eletronica\/\">maquete<\/a> eletr\u00f4nica com certeza j\u00e1 ouviram falar do Vray Render!<\/p><h2 style=\"text-align: justify;\">O que \u00e9 o Vray?<\/h2><p style=\"text-align: justify;\">O Vray \u00e9 um plugin que pode ser tanto instalado no <a href=\"https:\/\/www.aarquiteta.com.br\/blog\/cursos-de-arquitetura-e-decoracao\/sketchup\/\">Sketchup<\/a> como 3DMax, como ainda em outros programas como Rhinoceros.<\/p><p style=\"text-align: justify;\">Com ele, o ilustrador ou desenhista 3D pode criar efeitos super foto reais. Eu j\u00e1 falei dele algumas vezes, aqui em meu blog, mas hoje vou falar s\u00f3 mais um pouquinho do que ele \u00e9 capaz de fazer por seus trabalhos utilizando um exemplo que eu acho lindo!<\/p><p style=\"text-align: justify;\">O n\u00edvel de fotorealidade que podemos atingir em um trabalho de 3D varia de acordo com as setagens do renderizador, al\u00e9m do conhecimento t\u00e9cnico que o profissional possui do programa, associado claro, ao seu \u00a0talento e o dom\u00a0art\u00edstico.<\/p><h2 style=\"text-align: justify;\">O que o Vray faz?<\/h2><p style=\"text-align: justify;\">O Vray pode fazer tanto imagens 3D com caracter\u00edsticas que simulam os conceitos f\u00edsicos da realidade como o sol, luz, sombra e etc, e ainda pode fazer seus 3ds no estilo cartoon, como se fosse um <a href=\"https:\/\/www.aarquiteta.com.br\/blog\/?s=DESENHO\">desenho<\/a> animado. Simplesmente uma gra\u00e7a!<\/p><p style=\"text-align: center;\"><a href=\"https:\/\/www.aarquiteta.com.br\/blog\/wp-content\/uploads\/2014\/03\/toon.jpg\"><img decoding=\"async\" class=\"aligncenter wp-image-2976\" src=\"https:\/\/www.aarquiteta.com.br\/blog\/wp-content\/uploads\/2014\/03\/toon.jpg\" alt=\"toon\" width=\"473\" height=\"300\" title=\"\" srcset=\"https:\/\/www.aarquiteta.com.br\/blog\/wp-content\/uploads\/2014\/03\/toon.jpg 789w, https:\/\/www.aarquiteta.com.br\/blog\/wp-content\/uploads\/2014\/03\/toon-696x441.jpg 696w, https:\/\/www.aarquiteta.com.br\/blog\/wp-content\/uploads\/2014\/03\/toon-150x95.jpg 150w\" sizes=\"(max-width: 473px) 100vw, 473px\" \/><\/a><\/p><h4 style=\"text-align: center;\">Imagem renderizada em vray toon<\/h4><p style=\"text-align: justify;\"><span style=\"text-align: justify; line-height: 1.5em;\">No vray n\u00e3o se modela nada, ou seja, n\u00e3o se constr\u00f3i <a href=\"https:\/\/www.aarquiteta.com.br\/blog\/?s=PAREDE\">paredes<\/a> ou qualquer outro tipo de estrutura, \u00a0apenas se renderiza a imagem.<\/span><\/p><p style=\"text-align: justify;\">Como falei acima, eu gosto de exemplificar o vray com estas imagens abaixo, que eu gosto muito:<\/p><p><a href=\"https:\/\/www.aarquiteta.com.br\/blog\/wp-content\/uploads\/2014\/03\/dia.png\"><img decoding=\"async\" class=\"aligncenter size-full wp-image-2971\" src=\"https:\/\/www.aarquiteta.com.br\/blog\/wp-content\/uploads\/2014\/03\/dia.png\" alt=\"dia\" width=\"639\" height=\"358\" title=\"\" srcset=\"https:\/\/www.aarquiteta.com.br\/blog\/wp-content\/uploads\/2014\/03\/dia.png 639w, https:\/\/www.aarquiteta.com.br\/blog\/wp-content\/uploads\/2014\/03\/dia-150x84.png 150w\" sizes=\"(max-width: 639px) 100vw, 639px\" \/><\/a><\/p><h4 style=\"text-align: center;\">\u00a0Render diurno<\/h4><p style=\"text-align: center;\"><a href=\"https:\/\/www.aarquiteta.com.br\/blog\/wp-content\/uploads\/2014\/03\/noite.png\"><img decoding=\"async\" class=\"aligncenter size-large wp-image-2972\" src=\"https:\/\/www.aarquiteta.com.br\/blog\/wp-content\/uploads\/2014\/03\/noite.png\" alt=\"noite\" width=\"638\" height=\"370\" title=\"\" srcset=\"https:\/\/www.aarquiteta.com.br\/blog\/wp-content\/uploads\/2014\/03\/noite.png 638w, https:\/\/www.aarquiteta.com.br\/blog\/wp-content\/uploads\/2014\/03\/noite-150x87.png 150w\" sizes=\"(max-width: 638px) 100vw, 638px\" \/><\/a><\/p><h4 style=\"text-align: center;\"><span style=\"line-height: 1.5em;\">\u00a0Render Noturno<\/span><\/h4><p style=\"text-align: center;\"><span style=\"line-height: 1.5em;\">E com uma leve p\u00f3s produ\u00e7\u00e3o 3D, \u00a0olhem s\u00f3 a lua!!!<\/span><\/p><p style=\"text-align: center;\"><a href=\"https:\/\/www.aarquiteta.com.br\/blog\/wp-content\/uploads\/2014\/03\/cabarenoite.jpg\"><img decoding=\"async\" class=\"aligncenter wp-image-2986\" src=\"https:\/\/www.aarquiteta.com.br\/blog\/wp-content\/uploads\/2014\/03\/cabarenoite.jpg\" alt=\"cabarenoite\" width=\"652\" height=\"444\" title=\"\" srcset=\"https:\/\/www.aarquiteta.com.br\/blog\/wp-content\/uploads\/2014\/03\/cabarenoite.jpg 815w, https:\/\/www.aarquiteta.com.br\/blog\/wp-content\/uploads\/2014\/03\/cabarenoite-696x474.jpg 696w, https:\/\/www.aarquiteta.com.br\/blog\/wp-content\/uploads\/2014\/03\/cabarenoite-150x102.jpg 150w\" sizes=\"(max-width: 652px) 100vw, 652px\" \/><\/a><\/p><p style=\"text-align: center;\">N\u00e3o ficou lindo?<\/p><p style=\"text-align: center;\"><span style=\"line-height: 1.5em;\">Foi utilizada como base \u00a0para modelar as estruturas como refer\u00eancia a imagem a seguir:<\/span><\/p><p style=\"text-align: left;\"><a href=\"https:\/\/www.aarquiteta.com.br\/blog\/wp-content\/uploads\/2014\/03\/Location-board-west-brigton-pier.jpg\"><img decoding=\"async\" class=\"aligncenter size-large wp-image-2983\" src=\"https:\/\/www.aarquiteta.com.br\/blog\/wp-content\/uploads\/2014\/03\/Location-board-west-brigton-pier-1024x620.jpg\" alt=\"Location board west brigton pier\" width=\"660\" height=\"399\" title=\"\"><\/a><\/p><p style=\"text-align: center;\">Veja como ficou no 3dmax:<\/p><p style=\"text-align: left;\"><a href=\"https:\/\/www.aarquiteta.com.br\/blog\/wp-content\/uploads\/2014\/03\/sheel-vista.jpg\"><img decoding=\"async\" class=\"aligncenter size-large wp-image-2984\" src=\"https:\/\/www.aarquiteta.com.br\/blog\/wp-content\/uploads\/2014\/03\/sheel-vista-1024x640.jpg\" alt=\"sheel vista\" width=\"660\" height=\"412\" title=\"\" srcset=\"https:\/\/www.aarquiteta.com.br\/blog\/wp-content\/uploads\/2014\/03\/sheel-vista-1024x640.jpg 1024w, https:\/\/www.aarquiteta.com.br\/blog\/wp-content\/uploads\/2014\/03\/sheel-vista-696x435.jpg 696w, https:\/\/www.aarquiteta.com.br\/blog\/wp-content\/uploads\/2014\/03\/sheel-vista-150x94.jpg 150w, https:\/\/www.aarquiteta.com.br\/blog\/wp-content\/uploads\/2014\/03\/sheel-vista.jpg 1440w\" sizes=\"(max-width: 660px) 100vw, 660px\" \/><\/a><\/p><p style=\"text-align: center;\">Incrivel n\u00e3o?<\/p><p style=\"text-align: left;\"><span style=\"line-height: 1.5em;\">As cenas noturnas sempre impressionam por seu jogo de luz e sombra! Encanta a todos, at\u00e9 mesmo aquele cliente mais exigente que deseja saber como ficar\u00e1 a luminot\u00e9cnica do projeto!<\/span><\/p><p style=\"text-align: left;\">Eis o motivo do artigo de hoje, se voc\u00ea deseja conhecer algumas dicas de como produzir imagens noturnas assista a aula abaixo:<\/p><p><iframe src=\"\/\/www.youtube.com\/embed\/XKhQE2zMxR4\" width=\"560\" height=\"315\" frameborder=\"0\" allowfullscreen=\"allowfullscreen\"><\/iframe><\/p><p style=\"text-align: left;\"><span style=\"text-align: justify; line-height: 1.5em;\"><a href=\"https:\/\/www.aarquiteta.com.br\/curso-vray-para-sketchup-3dsmax-revit\/\">O curso de vray<\/a> ensina a voc\u00ea a trabalhar tanto com cenas diurnas como noturnas! \u00a0<\/span><span style=\"text-align: justify; line-height: 1.5em;\">Um curso completo para quem deseja evoluir na fotorealidade de sua imagens!<\/span><\/p><p style=\"text-align: left;\">Temos os curso de vray voltada pra <a href=\"https:\/\/www.aarquiteta.com.br\/blog\/cursos-de-arquitetura-e-decoracao\/maquete-eletronica\/\">maquete eletr\u00f4nica<\/a> em Sketchup, clique no banner abaixo:<\/p><p style=\"text-align: center;\"><a href=\"https:\/\/www.aarquiteta.com.br\/curso-de-maquete-eletronica\/\" target=\"_blank\" rel=\"noopener\"><img decoding=\"async\" class=\"alignnone\" src=\"https:\/\/www.aarquiteta.com.br\/blog\/wp-content\/uploads\/2014\/03\/ban-skt.jpg\" alt=\"ban skt\" width=\"653\" height=\"99\" title=\"\"><\/a><\/p><p style=\"text-align: left;\">E temos o curso de vray voltado para maquete eletr\u00f4nica em 3Dmax, veja mais no banner a baixo:<\/p><p style=\"text-align: center;\"><a href=\"https:\/\/www.aarquiteta.com.br\/curso-3ds-max-vray-pos-3d\/\" target=\"_blank\" rel=\"noopener\"><img decoding=\"async\" class=\"aligncenter wp-image-2827 size-full\" src=\"https:\/\/www.aarquiteta.com.br\/blog\/wp-content\/uploads\/2014\/03\/ban-3ds.jpg\" alt=\"ban 3ds\" width=\"656\" height=\"101\" title=\"\" srcset=\"https:\/\/www.aarquiteta.com.br\/blog\/wp-content\/uploads\/2014\/03\/ban-3ds.jpg 656w, https:\/\/www.aarquiteta.com.br\/blog\/wp-content\/uploads\/2014\/03\/ban-3ds-150x23.jpg 150w\" sizes=\"(max-width: 656px) 100vw, 656px\" \/><\/a><a href=\"https:\/\/www.aarquiteta.com.br\/blog\/wp-content\/uploads\/2014\/03\/ban-skt.jpg\"><br \/>\n<\/a><\/p><p style=\"text-align: justify;\">Nenhuma imagem sai do renderizador 100% pronta, alguns ajustes de luz, efeitos de deep of field e outros podem ser facilmente corrigidos com uma pos-produ\u00e7\u00e3o de imagem em photoshop.<\/p><p style=\"text-align: justify;\">Al\u00e9m dos cursos de vray o professor Daniel lan\u00e7ou recentemente um curso de P\u00f3s produ\u00e7\u00e3o de Imagens 3D!<\/p><p style=\"text-align: justify;\">Um curso pr\u00e1tico que ensina a dar ainda mais aquela melhorada na sua imagem 3D!<\/p><p style=\"text-align: left;\">Eu escrevi um artigo sobre o assunto clique no banner a baixo:<\/p><p style=\"text-align: justify;\"><a href=\"https:\/\/www.aarquiteta.com.br\/curso-pos-producao-imagens-3d-e-basico-photoshop\/\" target=\"_blank\" rel=\"noopener\"><img decoding=\"async\" class=\"aligncenter wp-image-2979 size-full\" src=\"https:\/\/www.aarquiteta.com.br\/blog\/wp-content\/uploads\/2014\/03\/pos-3d1.png\" alt=\"pos 3d\" width=\"266\" height=\"138\" title=\"\" srcset=\"https:\/\/www.aarquiteta.com.br\/blog\/wp-content\/uploads\/2014\/03\/pos-3d1.png 266w, https:\/\/www.aarquiteta.com.br\/blog\/wp-content\/uploads\/2014\/03\/pos-3d1-150x78.png 150w\" sizes=\"(max-width: 266px) 100vw, 266px\" \/><\/a><\/p><p style=\"text-align: justify;\"><span style=\"line-height: 1.5em;\">Espero que tenham gostado da aula e das dicas!<\/span><\/p><p style=\"text-align: justify;\"><span style=\"line-height: 1.5em;\">Para acompanhar meu trabalho e ficar por dentro das dicas da A Arquiteta, bem como de novos cursos, tutoriais e e-books, voc\u00ea pode se inscrever em nosso site assinando o informativo no <a href=\"https:\/\/www.aarquiteta.com.br\">www.aarquiteta.com.br<\/a><\/span><\/p><p>&nbsp;<\/p><p><iframe src=\"https:\/\/www.youtube.com\/embed\/0yI9EnPP5fs\" width=\"560\" height=\"315\" frameborder=\"0\" allowfullscreen=\"allowfullscreen\"><\/iframe><\/p><h5>Faltou algum ingrediente para a receita?<\/h5><p><em>N\u00e3o se preocupe! Fa\u00e7a suas compras pela internet!<\/em><\/p><p><em>E se voc\u00ea tiver<strong> Cart\u00e3o de Cr\u00e9dito<\/strong> voc\u00ea ainda pode utiliz\u00e1-lo para realizar suas c<strong>ompras pela internet.<\/strong> \u00a0<\/em><\/p><p><em>J\u00e1 conhece o Cart\u00e3o Atacad\u00e3o? Confira o Cart\u00e3o de Cr\u00e9dito da maior rede atacadista de alimentos. Aproveite as<a href=\"https:\/\/www.aarquiteta.com.br\/blog\/como-solicitar-cartao-atacadao\/\" target=\"_blank\" rel=\"noopener\"> vantagens exclusivas<\/a> e pe\u00e7a j\u00e1 o seu!<\/em><\/p><figure id=\"attachment_52493\" aria-describedby=\"caption-attachment-52493\" style=\"width: 1000px\" class=\"wp-caption aligncenter\"><a href=\"https:\/\/www.aarquiteta.com.br\/blog\/como-solicitar-cartao-atacadao\/\" target=\"_blank\" rel=\"noopener\"><img decoding=\"async\" class=\"wp-image-52493 size-full\" title=\"Cart\u00e3o Atacad\u00e3o - Cr\u00e9dito para comprar e prazo para pagar!\" src=\"https:\/\/www.aarquiteta.com.br\/blog\/wp-content\/uploads\/2021\/10\/cartao-atacadao-1.jpg\" alt=\"Cart\u00e3o Atacad\u00e3o - Cr\u00e9dito para comprar e prazo para pagar!\" width=\"1000\" height=\"250\" srcset=\"https:\/\/www.aarquiteta.com.br\/blog\/wp-content\/uploads\/2021\/10\/cartao-atacadao-1.jpg 1000w, https:\/\/www.aarquiteta.com.br\/blog\/wp-content\/uploads\/2021\/10\/cartao-atacadao-1-696x174.jpg 696w, https:\/\/www.aarquiteta.com.br\/blog\/wp-content\/uploads\/2021\/10\/cartao-atacadao-1-150x38.jpg 150w\" sizes=\"(max-width: 1000px) 100vw, 1000px\" \/><\/a><figcaption id=\"caption-attachment-52493\" class=\"wp-caption-text\"><a href=\"https:\/\/www.aarquiteta.com.br\/blog\/como-solicitar-cartao-atacadao\/\" target=\"_blank\" rel=\"noopener\">Cart\u00e3o Atacad\u00e3o &#8211; Cr\u00e9dito para comprar e prazo para pagar! Clique para saber mais!<\/a><\/figcaption><\/figure><p>&nbsp;<\/p><p>E a\u00ed, gostou do artigo?<\/p><p>Ent\u00e3o deslize a tela para baixo e<a href=\"https:\/\/br.pinterest.com\/aarquitetapinterest\/_created\/\" target=\"_blank\" rel=\"noopener\"> confira mais dicas<\/a> como esta e n\u00e3o se esque\u00e7a de compartilhar com os amigos!<\/p><p>Quer mais dicas sobre o mundo da Arquitetura e Decora\u00e7\u00e3o, ent\u00e3o confira alguns dos nossos artigos em:<\/p><ul><li><a href=\"https:\/\/www.aarquiteta.com.br\/blog\/paisagismo\/\" target=\"_blank\" rel=\"noopener\">Casa e Jardim<\/a><\/li><li><a href=\"https:\/\/www.aarquiteta.com.br\/blog\/arquitetura\/mundo-arquitetura\/\" target=\"_blank\" rel=\"noopener\">Mundo Arquitetura<\/a><\/li><li><a href=\"https:\/\/www.aarquiteta.com.br\/decoracao\/\" target=\"_blank\" rel=\"noopener\">Decora\u00e7\u00e3o<br \/>\n<\/a><\/li><\/ul>","protected":false},"excerpt":{"rendered":"<p>Salve galera do 3D e fan\u00e1ticos pelo vray!Voc\u00eas que curtem o mundo da maquete eletr\u00f4nica com certeza j\u00e1 ouviram falar do Vray Render!O que \u00e9 o Vray?O Vray \u00e9 um plugin que pode ser tanto instalado no Sketchup como 3DMax, como ainda em outros programas como Rhinoceros.Com ele, o ilustrador ou desenhista 3D pode criar [&hellip;]<\/p>\n","protected":false},"author":20,"featured_media":2986,"comment_status":"open","ping_status":"open","sticky":false,"template":"","format":"standard","meta":{"footnotes":""},"categories":[33397,14],"tags":[690,67,689,685,688],"class_list":["post-2970","post","type-post","status-publish","format-standard","has-post-thumbnail","category-cursos-de-arquitetura-e-decoracao","category-maquete-eletronica","tag-criando-um-render-noturno","tag-curso-de-vray-render","tag-pos-producao-de-imagem-3d-em-photoshop","tag-render-noturno","tag-vray-cena-noturna"],"_wp_attached_file":null,"_wp_attachment_metadata":null,"_wp_attachment_context":null,"_wp_attachment_is_custom_header":null,"geo_longitude":null,"geo_public":null,"geo_latitude":null,"_publicize_done_external":null,"_wpas_done_3897181":null,"publicize_twitter_user":null,"_wpas_done_3897175":null,"_wpas_skip_3897181":null,"_wpas_skip_3897175":null,"_wpas_skip_3924723":null,"_wpas_mess":null,"_wpas_done_3924723":null,"wps_subtitle":"","_links":{"self":[{"href":"https:\/\/www.aarquiteta.com.br\/blog\/wp-json\/wp\/v2\/posts\/2970","targetHints":{"allow":["GET"]}}],"collection":[{"href":"https:\/\/www.aarquiteta.com.br\/blog\/wp-json\/wp\/v2\/posts"}],"about":[{"href":"https:\/\/www.aarquiteta.com.br\/blog\/wp-json\/wp\/v2\/types\/post"}],"author":[{"embeddable":true,"href":"https:\/\/www.aarquiteta.com.br\/blog\/wp-json\/wp\/v2\/users\/20"}],"replies":[{"embeddable":true,"href":"https:\/\/www.aarquiteta.com.br\/blog\/wp-json\/wp\/v2\/comments?post=2970"}],"version-history":[{"count":0,"href":"https:\/\/www.aarquiteta.com.br\/blog\/wp-json\/wp\/v2\/posts\/2970\/revisions"}],"wp:featuredmedia":[{"embeddable":true,"href":"https:\/\/www.aarquiteta.com.br\/blog\/wp-json\/wp\/v2\/media\/2986"}],"wp:attachment":[{"href":"https:\/\/www.aarquiteta.com.br\/blog\/wp-json\/wp\/v2\/media?parent=2970"}],"wp:term":[{"taxonomy":"category","embeddable":true,"href":"https:\/\/www.aarquiteta.com.br\/blog\/wp-json\/wp\/v2\/categories?post=2970"},{"taxonomy":"post_tag","embeddable":true,"href":"https:\/\/www.aarquiteta.com.br\/blog\/wp-json\/wp\/v2\/tags?post=2970"}],"curies":[{"name":"wp","href":"https:\/\/api.w.org\/{rel}","templated":true}]}}