{"id":2949,"date":"2014-03-17T15:03:25","date_gmt":"2014-03-17T18:03:25","guid":{"rendered":"http:\/\/aarquiteta.com.br\/?p=2949"},"modified":"2024-06-28T10:28:32","modified_gmt":"2024-06-28T13:28:32","slug":"revit-prefeitura-x-autocad-prefeitura","status":"publish","type":"post","link":"https:\/\/www.aarquiteta.com.br\/blog\/revit-prefeitura-x-autocad-prefeitura\/","title":{"rendered":"REVIT PREFEITURA x AUTOCAD PREFEITURA:  Quais as diferen\u00e7as e o que eles tem em comum?"},"content":{"rendered":"<figure id=\"attachment_54568\" aria-describedby=\"caption-attachment-54568\" style=\"width: 1200px\" class=\"wp-caption aligncenter\"><img decoding=\"async\" class=\"wp-image-54568 size-full\" src=\"https:\/\/www.aarquiteta.com.br\/blog\/wp-content\/uploads\/2021\/10\/curso-de-autocad-projetos-de-prefeitura.jpg\" alt=\"Curso de AutoCAD Projetos de Prefeitura - Aprenda mais do que s\u00f3 um programa!\" width=\"1200\" height=\"800\" title=\"\" srcset=\"https:\/\/www.aarquiteta.com.br\/blog\/wp-content\/uploads\/2021\/10\/curso-de-autocad-projetos-de-prefeitura.jpg 1200w, https:\/\/www.aarquiteta.com.br\/blog\/wp-content\/uploads\/2021\/10\/curso-de-autocad-projetos-de-prefeitura-1024x683.jpg 1024w, https:\/\/www.aarquiteta.com.br\/blog\/wp-content\/uploads\/2021\/10\/curso-de-autocad-projetos-de-prefeitura-696x464.jpg 696w, https:\/\/www.aarquiteta.com.br\/blog\/wp-content\/uploads\/2021\/10\/curso-de-autocad-projetos-de-prefeitura-150x100.jpg 150w\" sizes=\"(max-width: 1200px) 100vw, 1200px\" \/><figcaption id=\"caption-attachment-54568\" class=\"wp-caption-text\">Curso de AutoCAD Projetos de Prefeitura &#8211; Aprenda mais do que s\u00f3 um programa!<\/figcaption><\/figure>\n<p style=\"text-align: justify;\">No artigo de hoje tirarei algumas d\u00favidas sobre o curso de <a href=\"https:\/\/www.aarquiteta.com.br\/\" target=\"_blank\" rel=\"noopener\"><b>REVIT PREFEITURA x AUTOCAD PREFEITURA<\/b><\/a>:<\/p>\n<p style=\"text-align: justify;\">Quais as diferen\u00e7as e o que eles t\u00eam em comum?<\/p>\n<p style=\"text-align: justify;\">Perd\u00e3o, mais o artigo ser\u00e1 longo, pois quero que fique bem claro esse assunto mas leia tudinho, que valer\u00e1 a pena!<\/p>\n<p style=\"text-align: justify;\">Primeiramente, antes de entrar no assunto propriamente dito, \u00e9 necess\u00e1rio o que se explique <b>o que \u00e9 o Projeto de Prefeitura em si.<\/b><\/p>\n<p style=\"text-align: justify;\"><i>\u00c9 um documento legal que, quando aprovado pela prefeitura, tem valor jur\u00eddico sendo sujeito \u00e0s (sans\u00f5es) legais, onde constam os par\u00e2metros de uma constru\u00e7\u00e3o, seja ela uma edifica\u00e7\u00e3o residencial, comercial, industrial, galp\u00e3o ou outros. <\/i><\/p>\n<p style=\"text-align: justify;\"><i>Graficamente falando, basicamente \u00e9 uma prancha com desenhos de planta baixa dos pavimentos da edifica\u00e7\u00e3o, com os cortes transversais e longitudinais desta planta baixa, com representa\u00e7\u00e3o da fachada principal (tamb\u00e9m chamada eleva\u00e7\u00e3o) e\/ou ainda fachada lateral, planta de cobertura, quadros t\u00e9cnicos com c\u00e1lculo de ilumina\u00e7\u00e3o e ventila\u00e7\u00e3o, notas de projeto, algum detalhe e o tradicional selo de prefeitura onde constar\u00e3o as informa\u00e7\u00f5es de localiza\u00e7\u00e3o da edifica\u00e7\u00e3o a ser constru\u00edda que, estando sob este formato de projeto de prefeitura, estar\u00e1 atendendo automaticamente as normas t\u00e9cnicas do c\u00f3digo de obras e do plano diretor.<\/i><\/p>\n<p style=\"text-align: justify;\">Sendo assim, sob a \u00f3tica do seu formato, <b>um projeto de prefeitura se define pelo seu conte\u00fado gr\u00e1fico e t\u00e9cnico<\/b>, obviamente.<\/p>\n<p style=\"text-align: justify;\">Quando lancei o curso em DVD de <a href=\"https:\/\/www.aarquiteta.com.br\/curso-autocad-completo\/\" target=\"_blank\" rel=\"noopener\">AutoCAD Projetos de Prefeitura<\/a>, o objetivo era juntar o \u00fatil ao agrad\u00e1vel, ou seja, juntar meus conhecimentos t\u00e9cnicos de aprova\u00e7\u00e3o de projetos, associado a utiliza\u00e7\u00e3o de um programa que a maioria das pessoas utiliza para esses fins, que no caso era o <a href=\"https:\/\/www.aarquiteta.com.br\/curso-autocad-completo\/\" target=\"_blank\" rel=\"noopener\">AutoCAD<\/a>!<\/p>\n<p style=\"text-align: justify;\">Um tempo depois veio o <a href=\"https:\/\/amzn.to\/3t5eMtT\" target=\"_blank\" rel=\"noopener\">e-book Projetos de Prefeitura<\/a>, que consiste no mesmo conte\u00fado do v\u00eddeo curso, por\u00e9m com formato texto, como um livro eletr\u00f4nico!<\/p>\n<p style=\"text-align: justify;\">Os dois juntos se complementam, por\u00e9m, podem ser adquiridos separadamente se assim o aluno desejar.<\/p>\n<p style=\"text-align: justify;\">Agora nasceu um novo projeto em parceria o professor David! <b>Um novo curso de <a href=\"https:\/\/www.aarquiteta.com.br\/curso-revit-projetos-prefeitura\/\" target=\"_blank\" rel=\"noopener\">Revit PREFEITURA<\/a> <\/b>do Prof. David Silva, o David BIM, que, agora \u00e9 ADN da Autodesk Brasil!!!<\/p>\n<p style=\"text-align: justify;\">Voc\u00ea sabe o que significa ser ADN? Significa que o nosso professor \u00e9 um auxiliador no desenvolvimento do programa junto ao fabricante!<\/p>\n<p style=\"text-align: justify;\">Pensando nisso, resolvemos desenvolver um curso mais que completo desenvolvido por quem entende do assunto!<\/p>\n<p style=\"text-align: justify;\">Um curso que atende aos alunos que agora querem desenvolver o seu <a href=\"https:\/\/amzn.to\/3t5eMtT\" target=\"_blank\" rel=\"noopener\">projeto de prefeitura<\/a> no programa <a href=\"https:\/\/www.aarquiteta.com.br\/curso-revit-projetos-prefeitura\/\" target=\"_blank\" rel=\"noopener\">Revit<\/a>!<\/p>\n<p>&nbsp;<\/p>\n<h3 style=\"text-align: justify;\"><b>Ele \u00e9 mais que s\u00f3 um curso de <a href=\"https:\/\/www.aarquiteta.com.br\/curso-revit-projetos-prefeitura\/\" target=\"_blank\" rel=\"noopener\">Revit Prefeitura<\/a>, \u00e9 um curso COMPLETO, para quem nada sabe de <a href=\"https:\/\/www.aarquiteta.com.br\/curso-revit-projetos-prefeitura\/\" target=\"_blank\" rel=\"noopener\">Revit<\/a>, com conhecimentos que v\u00e3o do b\u00e1sico ao avan\u00e7ado!<\/b><\/h3>\n<p style=\"text-align: justify;\">O curso projetos de prefeitura por si, independe do programa a ser utilizado! Voc\u00ea pode aplicar os conhecimentos do e-book ou do v\u00eddeo curso da aula de <a href=\"https:\/\/www.aarquiteta.com.br\/curso-autocad-completo\/\" target=\"_blank\" rel=\"noopener\">AutoCAD<\/a> em qualquer programa, pois n\u00e3o importa o programa e sim o conceito!<\/p>\n<p style=\"text-align: justify;\">At\u00e9 no <a href=\"https:\/\/www.aarquiteta.com.br\/curso-sketchup\/\" target=\"_blank\" rel=\"noopener\">sketchup <\/a>voc\u00ea pode criar uma prancha prefeitura!<\/p>\n<p style=\"text-align: justify;\"><a href=\"https:\/\/www.aarquiteta.com.br\/curso-autocad-completo\/\" target=\"_blank\" rel=\"noopener\"><img decoding=\"async\" class=\"aligncenter wp-image-2828 size-full\" src=\"https:\/\/www.aarquiteta.com.br\/blog\/wp-content\/uploads\/2014\/03\/BAN-cad.jpg\" alt=\"BAN cad\" width=\"656\" height=\"98\" title=\"\" srcset=\"https:\/\/www.aarquiteta.com.br\/blog\/wp-content\/uploads\/2014\/03\/BAN-cad.jpg 656w, https:\/\/www.aarquiteta.com.br\/blog\/wp-content\/uploads\/2014\/03\/BAN-cad-150x22.jpg 150w\" sizes=\"(max-width: 656px) 100vw, 656px\" \/><\/a><\/p>\n<p>&nbsp;<\/p>\n<p style=\"text-align: justify;\">Mas, se voc\u00ea quer al\u00e9m de aprender como desenvolver os projetos em formato prefeitura, desenhar no novo programa desse nova onda, chamada BIM, <strong>e ainda ficar fera em <a href=\"https:\/\/www.aarquiteta.com.br\/curso-revit-projetos-prefeitura\/\" target=\"_blank\" rel=\"noopener\">REVIT<\/a> como um todo<\/strong>, voc\u00ea deve conhecer o nosso curso de<a href=\"https:\/\/www.aarquiteta.com.br\/curso-revit-projetos-prefeitura\/\" target=\"_blank\" rel=\"noopener\"> Revit Prefeitura<\/a>!<\/p>\n<p style=\"text-align: justify;\">O nosso curso feito em parceria exclusiva com o curso do professor David Silva.<\/p>\n<p style=\"text-align: justify;\">Voc\u00ea aprender\u00e1 a desenvolver seus projetos em <a href=\"https:\/\/www.aarquiteta.com.br\/curso-revit-projetos-prefeitura\/\" target=\"_blank\" rel=\"noopener\">Revit Arquitetura<\/a>, um dos programas mais procurados para se trabalhar em BIM de forma clara e objetiva, sem as delongas daqueles cursos presenciais que nos deixar completamente perdidos em meio a tanto conte\u00fado!<\/p>\n<p style=\"text-align: justify;\"><b style=\"line-height: 1.5em;\">CURSO P<a href=\"https:\/\/www.aarquiteta.com.br\/curso-revit-projetos-prefeitura\/\" target=\"_blank\" rel=\"noopener\">ROJETOS DE PREFEITURA EM REVIT<\/a>: \u00a0<\/b><span style=\"line-height: 1.5em;\">O sucesso de vendas de nossa loja agora na vers\u00e3o <a href=\"https:\/\/www.aarquiteta.com.br\/curso-revit-projetos-prefeitura\/\" target=\"_blank\" rel=\"noopener\">Revit Arquitetura<\/a>!<\/span><\/p>\n<p style=\"text-align: justify;\">Um curso exclusivo que <strong>voc\u00ea s\u00f3 encontra aqui<\/strong> no nosso site<b>: <a href=\"http:\/\/www.aarquiteta.com.br\" target=\"_blank\" rel=\"noopener\">www.aarquiteta.com.br<\/a><\/b><\/p>\n<p style=\"text-align: justify;\">\u00a0Voltado para estudantes e pessoas interessados em desenvolver projetos para aprova\u00e7\u00e3o em Prefeitura Municipal ou ainda pra aqueles profissionais que utilizam <a href=\"https:\/\/www.aarquiteta.com.br\/curso-autocad-completo\/\" target=\"_blank\" rel=\"noopener\">AutoCAD<\/a> e agora desejam desenvolver seus projetos em <a href=\"https:\/\/www.aarquiteta.com.br\/curso-revit-projetos-prefeitura\/\" target=\"_blank\" rel=\"noopener\">Revit Arquitetura<\/a>.<\/p>\n<p style=\"text-align: justify;\">Com este curso o aluno aprender\u00e1 os conceitos gr\u00e1ficos para a aprova\u00e7\u00e3o de projetos em Prefeitura!! Criar tabelas, \u00e1rea demolida,\u00a0utilizar o template prefeitura!! Nosso template \u00a0EXCLUSIVO est\u00e1 ficando MA-RA-VI-LHO-SO! \u00a0\u00c8 s\u00f3 pegar e usar!<\/p>\n<p style=\"text-align: justify;\"><span style=\"line-height: 1.5em;\">Nesse curso ensinamos da teoria a pr\u00e1tica, os principais conceitos de como produzir projetos legais essenciais para o trabalho dos profissionais de Arquitetura e Engenharia, tais como:<\/span><\/p>\n<ol>\n<li style=\"text-align: justify;\">1Projeto de Aprova\u00e7\u00e3o em Prefeitura Municipal;<\/li>\n<li style=\"text-align: justify;\">Projeto de Aprova\u00e7\u00e3o em Condom\u00ednios Residenciais;<\/li>\n<li style=\"text-align: justify;\">Projeto de Unifica\u00e7\u00e3o de Lotes em Prefeitura Municipal;<\/li>\n<li style=\"text-align: justify;\">Projeto de Desmembramento de Lotes em Prefeitura Municipal.<\/li>\n<\/ol>\n<h3 style=\"text-align: justify;\"><b>E mais, a<\/b>dquirindo esse pacote voc\u00ea leva o <b>e-book Projetos de Prefeitura de brinde! <\/b><\/h3>\n<p style=\"text-align: justify;\">Com ele o<b> <\/b>leitor aprender\u00e1 as t\u00e9cnicas b\u00e1sicas de elabora\u00e7\u00e3o dos v\u00e1rios projetos que as Prefeituras Municipais exigem para regulamentar a constru\u00e7\u00e3o ou regulariza\u00e7\u00e3o de uma edifica\u00e7\u00e3o existente, seja ela de car\u00e1ter residencial ou comercial. \u00a0<b><\/b><\/p>\n<p style=\"text-align: justify;\">\u00a0Aprender\u00e1 para que servem esses projetos e o que \u00e9 necess\u00e1rio saber para elabor\u00e1-los e aprov\u00e1-los nas Prefeituras de suas cidades de exerc\u00edcio.<\/p>\n<p style=\"text-align: justify;\">\u00a0Como proceder e de que forma faz\u00ea-lo \u00e9 a pauta deste livro, que servir\u00e1 como uma esp\u00e9cie de Manual B\u00e1sico do Profissional Aut\u00f4nomo rec\u00e9m-formado.<\/p>\n<p style=\"text-align: justify;\">\u00a0Nele, o Profissional encontrar\u00e1 os assuntos pr\u00e1ticos pertinentes ao dia a dia do Profissional que, geralmente, n\u00e3o fazem parte da grade curricular das faculdades e que ainda muitas vezes esses conhecimentos s\u00e3o somente obtidos nos est\u00e1gios e\/ou no decorrer da vida pr\u00e1tica profissional.<\/p>\n<p style=\"text-align: justify;\"><a href=\"https:\/\/www.aarquiteta.com.br\/curso-3ds-max-vray-pos-3d\/\" target=\"_blank\" rel=\"noopener\"><img decoding=\"async\" class=\"aligncenter wp-image-2827 size-full\" src=\"https:\/\/www.aarquiteta.com.br\/blog\/wp-content\/uploads\/2014\/03\/ban-3ds.jpg\" alt=\"ban 3ds\" width=\"656\" height=\"101\" title=\"\" srcset=\"https:\/\/www.aarquiteta.com.br\/blog\/wp-content\/uploads\/2014\/03\/ban-3ds.jpg 656w, https:\/\/www.aarquiteta.com.br\/blog\/wp-content\/uploads\/2014\/03\/ban-3ds-150x23.jpg 150w\" sizes=\"(max-width: 656px) 100vw, 656px\" \/><\/a><\/p>\n<h3><img decoding=\"async\" class=\"aligncenter\" style=\"line-height: 1.5em;\" src=\"https:\/\/loja.aarquiteta.com.br\/image\/data\/REVIT%20BIM\/ABED.jpg\" alt=\"\" title=\"\"><strong>Sobre os programas utilizados nos cursos:<\/strong><\/h3>\n<p>Nossa loja comercializa somente material pr\u00f3prio e\/ou de parceiros com devida autoriza\u00e7\u00e3o dos mesmos.<\/p>\n<p>Comercializamos somente cursos e n\u00e3o programas!<\/p>\n<p>Os programas devem ser adquiridos juntamente no site do fabricante ou revendedor. Vers\u00f5es FREE ou estudantil podem ser encontradas no site dos fabricantes, ou revendedores como Autodesk, Google e Lumion 3D.<\/p>\n<p>Quanto as vers\u00f5es, algumas s\u00e3o atualizadas e outras continuam em processo de atualiza\u00e7\u00e3o, por\u00e9m em qualquer vers\u00e3o o aluno pode aplicar os conceitos das aulas.<\/p>\n<p>As novas vers\u00f5es possuem pouca diferen\u00e7a de \u2018interface\u2019, os comandos b\u00e1sicos principalmente jamais mudam, por isso n\u00e3o se preocupe!<\/p>\n<p><iframe src=\"https:\/\/www.youtube.com\/embed\/ZYMpQSzM9H4\" width=\"560\" height=\"315\" frameborder=\"0\" allowfullscreen=\"allowfullscreen\"><\/iframe><\/p>\n<p>&nbsp;<\/p>\n","protected":false},"excerpt":{"rendered":"<p>No artigo de hoje tirarei algumas d\u00favidas sobre o curso de REVIT PREFEITURA x AUTOCAD PREFEITURA: Quais as diferen\u00e7as e o que eles t\u00eam em comum? Perd\u00e3o, mais o artigo ser\u00e1 longo, pois quero que fique bem claro esse assunto mas leia tudinho, que valer\u00e1 a pena! Primeiramente, antes de entrar no assunto propriamente dito, [&hellip;]<\/p>\n","protected":false},"author":102,"featured_media":54568,"comment_status":"closed","ping_status":"closed","sticky":false,"template":"","format":"standard","meta":{"footnotes":""},"categories":[6,16],"tags":[683,684,682],"class_list":["post-2949","post","type-post","status-publish","format-standard","has-post-thumbnail","category-carreira-de-arquitetura","category-projetos-de-prefeitura-arquitetura-como-fazer","tag-curso-basico-de-revit","tag-curso-revir-gratis","tag-revit-prefeitura-x-autocad-prefeitura-quais-as-diferencas-e-o-que-eles-tem-em-comum"],"_wp_attached_file":null,"_wp_attachment_metadata":null,"_wp_attachment_context":null,"_wp_attachment_is_custom_header":null,"geo_longitude":null,"geo_public":null,"geo_latitude":null,"_publicize_done_external":null,"_wpas_done_3897181":null,"publicize_twitter_user":null,"_wpas_done_3897175":null,"_wpas_skip_3897181":null,"_wpas_skip_3897175":null,"_wpas_skip_3924723":null,"_wpas_mess":null,"_wpas_done_3924723":null,"wps_subtitle":"","_links":{"self":[{"href":"https:\/\/www.aarquiteta.com.br\/blog\/wp-json\/wp\/v2\/posts\/2949","targetHints":{"allow":["GET"]}}],"collection":[{"href":"https:\/\/www.aarquiteta.com.br\/blog\/wp-json\/wp\/v2\/posts"}],"about":[{"href":"https:\/\/www.aarquiteta.com.br\/blog\/wp-json\/wp\/v2\/types\/post"}],"author":[{"embeddable":true,"href":"https:\/\/www.aarquiteta.com.br\/blog\/wp-json\/wp\/v2\/users\/102"}],"replies":[{"embeddable":true,"href":"https:\/\/www.aarquiteta.com.br\/blog\/wp-json\/wp\/v2\/comments?post=2949"}],"version-history":[{"count":0,"href":"https:\/\/www.aarquiteta.com.br\/blog\/wp-json\/wp\/v2\/posts\/2949\/revisions"}],"wp:featuredmedia":[{"embeddable":true,"href":"https:\/\/www.aarquiteta.com.br\/blog\/wp-json\/wp\/v2\/media\/54568"}],"wp:attachment":[{"href":"https:\/\/www.aarquiteta.com.br\/blog\/wp-json\/wp\/v2\/media?parent=2949"}],"wp:term":[{"taxonomy":"category","embeddable":true,"href":"https:\/\/www.aarquiteta.com.br\/blog\/wp-json\/wp\/v2\/categories?post=2949"},{"taxonomy":"post_tag","embeddable":true,"href":"https:\/\/www.aarquiteta.com.br\/blog\/wp-json\/wp\/v2\/tags?post=2949"}],"curies":[{"name":"wp","href":"https:\/\/api.w.org\/{rel}","templated":true}]}}