{"id":26920,"date":"2024-09-25T15:43:27","date_gmt":"2024-09-25T18:43:27","guid":{"rendered":"http:\/\/aarquiteta.com.br\/?p=26920"},"modified":"2024-09-25T15:54:56","modified_gmt":"2024-09-25T18:54:56","slug":"parede-branca-como-decorar","status":"publish","type":"post","link":"https:\/\/www.aarquiteta.com.br\/blog\/parede-branca-como-decorar\/","title":{"rendered":"Parede Branca: Como Decorar e Transformar Seu Ambiente com Estilo."},"content":{"rendered":"<p>Descobrir como transformar essas <b><a href=\"https:\/\/www.aarquiteta.com.br\/blog\/?s=PAREDE\">paredes<\/a> brancas<\/b> sem vida em verdadeiros destaques da decora\u00e7\u00e3o \u00e9 uma viagem cheia de possibilidades e surpresas. Se voc\u00ea \u00e9 como eu, pode at\u00e9 se sentir perdido ao olhar para aquele espa\u00e7o vazio. Mas, acredite, essas paredes t\u00eam muito potencial escondido. Com algumas dicas criativas e modernas, posso ajudar voc\u00ea a levar mais estilo e personalidade para os ambientes da sua casa. Vamos embarcar nessa jornada!<\/p><figure id=\"attachment_130683\" aria-describedby=\"caption-attachment-130683\" style=\"width: 872px\" class=\"wp-caption alignnone\"><img decoding=\"async\" class=\"wp-image-130683 size-full\" title=\"Parede Branca: Como Decorar e Transformar Seu Ambiente com Estilo.\" src=\"https:\/\/www.aarquiteta.com.br\/blog\/wp-content\/uploads\/2024\/09\/parede-branca.jpg\" alt=\"Parede Branca: Como Decorar e Transformar Seu Ambiente com Estilo.\" width=\"872\" height=\"865\" \/><figcaption id=\"caption-attachment-130683\" class=\"wp-caption-text\">Parede Branca: <a href=\"https:\/\/www.aarquiteta.com.br\/blog\/cursos-de-arquitetura-e-decoracao\/curso-de-decoracao-de-interiores\/\">Como Decorar<\/a> e Transformar Seu Ambiente com Estilo.<\/figcaption><\/figure><h3>1) Incluir Trabalhos de Carpintaria<\/h3><p>Ah, os detalhes que fazem toda a diferen\u00e7a! Vamos falar de <b>trabalhos de carpintaria<\/b> que podem elevar suas paredes a outro n\u00edvel. Adicionar lambris, trilhos ou molduras pode transformar instantaneamente um espa\u00e7o. Imagine isso: voc\u00ea coloca moldagem de imagem ao redor da arte e, de repente, aquela <a href=\"https:\/\/www.aarquiteta.com.br\/blog\/?s=PAREDE\">parede<\/a> branca se torna o centro das aten\u00e7\u00f5es. \u00c9 como dar um novo f\u00f4lego ao ambiente! Isso traz uma certa dimens\u00e3o e <b>charme<\/b> que faz qualquer um querer parar e admirar.<\/p><h3>2) Paletes de Madeira como Elemento Decorativo<\/h3><p><img decoding=\"async\" class=\"size-full wp-image-43558\" src=\"https:\/\/www.aarquiteta.com.br\/blog\/wp-content\/uploads\/2021\/11\/decoracao-de-parede-branca.jpg\" alt=\"Parede Branca: 9 ideias criativas de como decorar!\" width=\"1200\" height=\"800\" title=\"\" srcset=\"https:\/\/www.aarquiteta.com.br\/blog\/wp-content\/uploads\/2021\/11\/decoracao-de-parede-branca.jpg 1200w, https:\/\/www.aarquiteta.com.br\/blog\/wp-content\/uploads\/2021\/11\/decoracao-de-parede-branca-1024x683.jpg 1024w, https:\/\/www.aarquiteta.com.br\/blog\/wp-content\/uploads\/2021\/11\/decoracao-de-parede-branca-696x464.jpg 696w, https:\/\/www.aarquiteta.com.br\/blog\/wp-content\/uploads\/2021\/11\/decoracao-de-parede-branca-150x100.jpg 150w\" sizes=\"(max-width: 1200px) 100vw, 1200px\" \/><\/p><p>Outra ideia que eu adoro \u00e9 a utiliza\u00e7\u00e3o de <b>paletes de madeira<\/b>. Eles s\u00e3o t\u00e3o vers\u00e1teis e, acredite, podem ser um projeto divertido para o fim de semana. Voc\u00ea pode pegar aqueles paletes velhos que estavam jogados, dar uma m\u00e3o de tinta e pendur\u00e1-los na parede. Isso n\u00e3o s\u00f3 economiza dinheiro, mas tamb\u00e9m traz um toque r\u00fastico e acolhedor para a sua decora\u00e7\u00e3o. Tenha em mente que uma pintura escura na parede pode fazer uma bela diferen\u00e7a, destacando os paletes de maneira surpreendente.<\/p><h3>3) Mapas como Ponto Focal<\/h3><p><img decoding=\"async\" class=\"aligncenter wp-image-37405\" src=\"https:\/\/www.aarquiteta.com.br\/blog\/wp-content\/uploads\/2021\/12\/caixote-de-madeira-parede.jpg\" alt=\"\" width=\"1200\" height=\"718\" title=\"\" srcset=\"https:\/\/www.aarquiteta.com.br\/blog\/wp-content\/uploads\/2021\/12\/caixote-de-madeira-parede.jpg 1121w, https:\/\/www.aarquiteta.com.br\/blog\/wp-content\/uploads\/2021\/12\/caixote-de-madeira-parede-1024x613.jpg 1024w, https:\/\/www.aarquiteta.com.br\/blog\/wp-content\/uploads\/2021\/12\/caixote-de-madeira-parede-696x417.jpg 696w, https:\/\/www.aarquiteta.com.br\/blog\/wp-content\/uploads\/2021\/12\/caixote-de-madeira-parede-150x90.jpg 150w\" sizes=\"(max-width: 1200px) 100vw, 1200px\" \/><\/p><p>Quem disse que precisamos nos limitar a quadros e fotos comuns? Apenas um <b>mapa emoldurado<\/b> pode ser uma pe\u00e7a de declara\u00e7\u00e3o impressionante na sua sala. Voc\u00ea pode criar uma colagem com diferentes mapas ou mesmo um \u00fanico grande mapa que conta uma hist\u00f3ria. Al\u00e9m de ser esteticamente bonito, pode proporcionar aquela conex\u00e3o emocional com lugares que voc\u00ea ama ou sonha em visitar. \u00c9 uma forma de trazer o mundo para dentro da sua casa!<\/p><h3>4) Espelhos e Arandelas para Ilumina\u00e7\u00e3o<\/h3><p><img decoding=\"async\" class=\"wp-image-31750\" src=\"https:\/\/www.aarquiteta.com.br\/blog\/wp-content\/uploads\/2019\/10\/sala_com_carpete_cinza_e_quadros_brancos_na_parede.jpg\" alt=\"\" width=\"1200\" height=\"887\" title=\"\" srcset=\"https:\/\/www.aarquiteta.com.br\/blog\/wp-content\/uploads\/2019\/10\/sala_com_carpete_cinza_e_quadros_brancos_na_parede.jpg 800w, https:\/\/www.aarquiteta.com.br\/blog\/wp-content\/uploads\/2019\/10\/sala_com_carpete_cinza_e_quadros_brancos_na_parede-696x514.jpg 696w, https:\/\/www.aarquiteta.com.br\/blog\/wp-content\/uploads\/2019\/10\/sala_com_carpete_cinza_e_quadros_brancos_na_parede-150x111.jpg 150w\" sizes=\"(max-width: 1200px) 100vw, 1200px\" \/><\/p><p>Agora, se tem uma combina\u00e7\u00e3o que sempre me encanta, \u00e9 a dos <b>espelhos<\/b> com arandelas. Seja no hall de entrada ou no <a href=\"https:\/\/www.aarquiteta.com.br\/blog\/?s=quarto\">quarto<\/a>, os candelabros adicionam um toque de sofistica\u00e7\u00e3o. E quando a luz dos candelabros se reflete no espelho, \u00e9 como se a m\u00e1gica acontecesse, iluminando todo o ambiente. Sem d\u00favida, essa \u00e9 uma forma fabulosa de ampliar visualmente um espa\u00e7o!<\/p><h3>5) Aplica\u00e7\u00e3o de Cores Ousadas<\/h3><p>Quando falo sobre <b><a href=\"https:\/\/www.aarquiteta.com.br\/blog\/?s=CORES\">cores<\/a> ousadas<\/b>, me refiro \u00e0quele desejo de se libertar do convencional. Usar uma pintura dram\u00e1tica, como um profundo azul-marinho ou um verde-escuro, pode realmente mudar a vibra\u00e7\u00e3o da sua sala. E n\u00e3o se esque\u00e7a: h\u00e1 liberdade para criar desenhos geom\u00e9tricos ou listras! Isso pode trazer um interesse visual que com certeza vai impressionar quem entrar no espa\u00e7o.<\/p><h3>6) Op\u00e7\u00f5es de Armazenamento Criativas<\/h3><p><img decoding=\"async\" class=\"wp-image-26927\" title=\"Parede Branca: 9 ideias criativas de como decorar!\" src=\"https:\/\/www.aarquiteta.com.br\/blog\/wp-content\/uploads\/2019\/07\/quarto_de_casal_com_parede_destacada_em_mapa.jpg\" alt=\"\" width=\"1200\" height=\"900\" srcset=\"https:\/\/www.aarquiteta.com.br\/blog\/wp-content\/uploads\/2019\/07\/quarto_de_casal_com_parede_destacada_em_mapa.jpg 800w, https:\/\/www.aarquiteta.com.br\/blog\/wp-content\/uploads\/2019\/07\/quarto_de_casal_com_parede_destacada_em_mapa-696x522.jpg 696w, https:\/\/www.aarquiteta.com.br\/blog\/wp-content\/uploads\/2019\/07\/quarto_de_casal_com_parede_destacada_em_mapa-150x113.jpg 150w\" sizes=\"(max-width: 1200px) 100vw, 1200px\" \/><\/p><p>Quem disse que armazenamento n\u00e3o pode ser bonito? Eu sempre me divirto pensando em maneiras de <b>organizar<\/b> itens de forma criativa. Use prateleiras flutuantes ou caixas decorativas na parede para n\u00e3o s\u00f3 otimizar o espa\u00e7o, mas tamb\u00e9m como uma forma de decora\u00e7\u00e3o. Isso pode ser uma \u00f3tima oportunidade para exibir sua cole\u00e7\u00e3o de livros ou objetos que voc\u00ea ama, transformando o que seria uma simples parede branca em algo muito mais din\u00e2mico.<\/p><h3>7) Arte com Grafite na Parede<\/h3><p><img decoding=\"async\" src=\"https:\/\/www.aarquiteta.com.br\/blog\/wp-content\/uploads\/2024\/09\/parede-branca-em-sala-com-sofa-de-madeira-mesa-de-centro-moderna-e-vaso-branco-pexels-c-a3281.jpg\" alt=\"Parede Branca: Como Decorar e Transformar Seu Ambiente com Estilo\" title=\"\"><\/p><p>Se voc\u00ea tem esp\u00edrito art\u00edstico, por que n\u00e3o aproveitar as paredes brancas como uma tela? Criar uma <b>arte com grafite<\/b> ou mural pode ser um projeto emocionante. Mesmo que voc\u00ea n\u00e3o seja a pessoa mais habilidosa, saiba que a originalidade \u00e9 o que conta! E se n\u00e3o quiser arriscar, pode contratar um artista local ou usar adesivos de parede que imitam grafite, trazendo um ar urbano e moderno ao espa\u00e7o.<\/p><h3>8) Estilo de Madeira ou Pedra para Acento<\/h3><p>Agora, se voc\u00ea \u00e9 f\u00e3 da natureza, a inser\u00e7\u00e3o de elementos de <b>madeira<\/b> ou <b>pedra<\/b> pode fazer toda a diferen\u00e7a! Uma parede de madeira reciclada ou um acento de pedra podem dar um toque completamente diferente ao ambiente. N\u00e3o s\u00f3 trazem textura, mas a sensa\u00e7\u00e3o de aconchego e rusticidade que todos amamos. O segredo \u00e9 equilibrar com elementos mais suaves para n\u00e3o sobrecarregar o visual.<\/p><p><strong>Assista agora a minha recomenda\u00e7\u00e3o de video abaixo sobre o tema que estamos tratando neste artigo:<\/strong><\/p><div class=\"youtube-embed\" data-video_id=\"idevPkNMx3U\"><iframe title=\"Como fazer seu ambiente parecer maior ou menor\" width=\"696\" height=\"392\" src=\"https:\/\/www.youtube.com\/embed\/idevPkNMx3U?feature=oembed&#038;enablejsapi=1\" frameborder=\"0\" allow=\"accelerometer; autoplay; clipboard-write; encrypted-media; gyroscope; picture-in-picture; web-share\" referrerpolicy=\"strict-origin-when-cross-origin\" allowfullscreen><\/iframe><\/div><h2>Conclus\u00e3o: Liberte sua Criatividade nas Paredes Brancas<\/h2><p>Ufa! Tem tanta coisa que d\u00e1 pra fazer com as <b>paredes brancas<\/b>, n\u00e3o \u00e9 mesmo? A principal li\u00e7\u00e3o que eu gostaria de compartilhar com voc\u00ea \u00e9 a import\u00e2ncia de <b>libertar a criatividade<\/b>. N\u00e3o tenha medo de misturar e arriscar. Cada parede \u00e9 uma oportunidade de contar sua hist\u00f3ria e refletir quem voc\u00ea realmente \u00e9. Portanto, m\u00e3os \u00e0 obra! Transforme suas paredes em algo que fa\u00e7a seu cora\u00e7\u00e3o bater mais forte e reflita seu estilo de vida.<\/p>","protected":false},"excerpt":{"rendered":"<p>Descubra dicas criativas de como decorar uma parede branca e dar vida ao seu ambiente. Aprenda a combinar cores, quadros, plantas e texturas para transformar espa\u00e7os de forma simples e sofisticada.<\/p>\n","protected":false},"author":102,"featured_media":130683,"comment_status":"closed","ping_status":"closed","sticky":false,"template":"","format":"standard","meta":{"footnotes":""},"categories":[971,1484],"tags":[137,1710,1532,336,1028],"class_list":["post-26920","post","type-post","status-publish","format-standard","has-post-thumbnail","category-design-de-interiores","category-decoracao","tag-arquitetura","tag-arte","tag-criatividade","tag-decoracao","tag-design-de-interiores"],"_wp_attached_file":null,"_wp_attachment_metadata":null,"_wp_attachment_context":null,"_wp_attachment_is_custom_header":null,"geo_longitude":null,"geo_public":null,"geo_latitude":null,"_publicize_done_external":null,"_wpas_done_3897181":null,"publicize_twitter_user":null,"_wpas_done_3897175":null,"_wpas_skip_3897181":null,"_wpas_skip_3897175":null,"_wpas_skip_3924723":null,"_wpas_mess":null,"_wpas_done_3924723":null,"wps_subtitle":"Confira as melhores dicas de Decora\u00e7\u00e3o que separamos para voc\u00ea decorar sua casa e deix\u00e1-la ainda mais aconchegante!","_links":{"self":[{"href":"https:\/\/www.aarquiteta.com.br\/blog\/wp-json\/wp\/v2\/posts\/26920","targetHints":{"allow":["GET"]}}],"collection":[{"href":"https:\/\/www.aarquiteta.com.br\/blog\/wp-json\/wp\/v2\/posts"}],"about":[{"href":"https:\/\/www.aarquiteta.com.br\/blog\/wp-json\/wp\/v2\/types\/post"}],"author":[{"embeddable":true,"href":"https:\/\/www.aarquiteta.com.br\/blog\/wp-json\/wp\/v2\/users\/102"}],"replies":[{"embeddable":true,"href":"https:\/\/www.aarquiteta.com.br\/blog\/wp-json\/wp\/v2\/comments?post=26920"}],"version-history":[{"count":0,"href":"https:\/\/www.aarquiteta.com.br\/blog\/wp-json\/wp\/v2\/posts\/26920\/revisions"}],"wp:featuredmedia":[{"embeddable":true,"href":"https:\/\/www.aarquiteta.com.br\/blog\/wp-json\/wp\/v2\/media\/130683"}],"wp:attachment":[{"href":"https:\/\/www.aarquiteta.com.br\/blog\/wp-json\/wp\/v2\/media?parent=26920"}],"wp:term":[{"taxonomy":"category","embeddable":true,"href":"https:\/\/www.aarquiteta.com.br\/blog\/wp-json\/wp\/v2\/categories?post=26920"},{"taxonomy":"post_tag","embeddable":true,"href":"https:\/\/www.aarquiteta.com.br\/blog\/wp-json\/wp\/v2\/tags?post=26920"}],"curies":[{"name":"wp","href":"https:\/\/api.w.org\/{rel}","templated":true}]}}