{"id":26853,"date":"2022-02-12T15:06:57","date_gmt":"2022-02-12T18:06:57","guid":{"rendered":"http:\/\/aarquiteta.com.br\/?p=26853"},"modified":"2022-08-30T11:57:11","modified_gmt":"2022-08-30T14:57:11","slug":"espaco-gourmet-como-decorar","status":"publish","type":"post","link":"https:\/\/www.aarquiteta.com.br\/blog\/espaco-gourmet-como-decorar\/","title":{"rendered":"Espa\u00e7o Gourmet &#8211; 8 Dicas de como decorar uma \u00e1rea gourmet!"},"content":{"rendered":"<p><img decoding=\"async\" class=\"aligncenter wp-image-43063 size-full\" src=\"https:\/\/www.aarquiteta.com.br\/blog\/wp-content\/uploads\/2021\/11\/varanda-gourmet-com-tapete.jpg\" alt=\"\" width=\"700\" height=\"400\" title=\"\" srcset=\"https:\/\/www.aarquiteta.com.br\/blog\/wp-content\/uploads\/2021\/11\/varanda-gourmet-com-tapete.jpg 700w, https:\/\/www.aarquiteta.com.br\/blog\/wp-content\/uploads\/2021\/11\/varanda-gourmet-com-tapete-696x398.jpg 696w, https:\/\/www.aarquiteta.com.br\/blog\/wp-content\/uploads\/2021\/11\/varanda-gourmet-com-tapete-150x86.jpg 150w\" sizes=\"(max-width: 700px) 100vw, 700px\" \/><\/p>\n<p>Espa\u00e7o Gourmet \u2014 Dicas de como decorar um espa\u00e7o gourmet desde os menores espa\u00e7os!<\/p>\n<p>Os espa\u00e7os gourmets pequenos s\u00e3o um verdadeiro desafio na hora da decora\u00e7\u00e3o, muitas\u00a0vezes, passamos horas olhando op\u00e7\u00f5es, pensando em como decor\u00e1-los e perceber que n\u00e3o sabemos como fazer.<\/p>\n<p>Ent\u00e3o, se voc\u00ea tem uma pequena sala ou mesmo uma casa com espa\u00e7o reduzido para decora\u00e7\u00e3o e, n\u00e3o sabe como fazer, fique tranquilo.<\/p>\n<p>Separamos algumas dicas que v\u00e3o te ajudar a dar uma cara nova ao espa\u00e7o!<\/p>\n<h2>Espa\u00e7o Gourmet \u2014 Dicas de como decorar uma \u00e1rea gourmet de arrasar!<\/h2>\n<h3>O que \u00e9 um espa\u00e7o gourmet:<\/h3>\n<p>Espa\u00e7o<b>\u00a0gourmet \u00e9<\/b> uma \u00e1rea com uma estrutura voltada \u00e0 gastronomia, considerando todos os eletrodom\u00e9sticos <b>e<\/b> os m\u00f3veis de apoio ao espa\u00e7o como mesas, balc\u00f5es, banquetas e at\u00e9 mesmo sof\u00e1s e pequenas mesas.<\/p>\n<p><b>\u00c9<\/b>\u00a0comum haver uma \u00e1rea com churrasqueira, forno ou fog\u00e3o, bancada de servi\u00e7o com pia\u00a0<b>e um<\/b>\u00a0balc\u00e3o extra, ao estilo de um barzinho.<\/p>\n<h3>Como projetar um espa\u00e7o gourmet?<\/h3>\n<p>Aqui neste artigo voc\u00ea encontr\u00e1 algumas diretrizes de como decorar um espa\u00e7o gourmet, seja ele em uma \u00e1rea externa como uma resid\u00eancia, ou em um espa\u00e7o menor como uma varanda gourmet de apartamento, e no final algumas imagens inspira\u00e7\u00f5es para voc\u00ea apimentar suas ideais:<\/p>\n<p><iframe title=\"Decore f\u00e1cil: O que \u00e9 decora\u00e7\u00e3o de ambientes?\" width=\"696\" height=\"392\" src=\"https:\/\/www.youtube.com\/embed\/9PjhGXgCGLU?feature=oembed\" frameborder=\"0\" allow=\"accelerometer; autoplay; clipboard-write; encrypted-media; gyroscope; picture-in-picture; web-share\" allowfullscreen><\/iframe><\/p>\n<h2>Espa\u00e7o Gourmet \u2014 8 Dicas de como projetar uma \u00e1rea gourmet?<\/h2>\n<h3>1 \u2014 Utilize a geometria<\/h3>\n<p>Sabia que a geometria do seu espa\u00e7o pode lhe ajudar a decorar uma sala ou um quarto pequeno?<\/p>\n<p><img decoding=\"async\" class=\"wp-image-43061\" src=\"https:\/\/www.aarquiteta.com.br\/blog\/wp-content\/uploads\/2021\/11\/churrasqueira-pequena.jpg\" alt=\"\" width=\"826\" height=\"1100\" title=\"\" srcset=\"https:\/\/www.aarquiteta.com.br\/blog\/wp-content\/uploads\/2021\/11\/churrasqueira-pequena.jpg 474w, https:\/\/www.aarquiteta.com.br\/blog\/wp-content\/uploads\/2021\/11\/churrasqueira-pequena-150x200.jpg 150w\" sizes=\"(max-width: 826px) 100vw, 826px\" \/><\/p>\n<p>Basta, analisar o local onde voc\u00ea n\u00e3o tem muito espa\u00e7o e usar as paredes para dar vida ao lugar. Assim, o ch\u00e3o e os corredores ficam livres para circula\u00e7\u00e3o.<\/p>\n<h3>2 \u2014 Utilize prateleiras:<\/h3>\n<p>Ao ter um espa\u00e7o pequeno, manter a harmonia entre o espa\u00e7o livre e os m\u00f3veis que se quer colocar \u00e9 um grande desafio, por isso, colocar prateleiras pode ser bastante \u00fatil.<\/p>\n<p><img decoding=\"async\" class=\"wp-image-43062\" src=\"https:\/\/www.aarquiteta.com.br\/blog\/wp-content\/uploads\/2021\/11\/espaco-gourmet-pequeno.jpg\" alt=\"\" width=\"749\" height=\"1100\" title=\"\" srcset=\"https:\/\/www.aarquiteta.com.br\/blog\/wp-content\/uploads\/2021\/11\/espaco-gourmet-pequeno.jpg 681w, https:\/\/www.aarquiteta.com.br\/blog\/wp-content\/uploads\/2021\/11\/espaco-gourmet-pequeno-150x220.jpg 150w\" sizes=\"(max-width: 749px) 100vw, 749px\" \/><\/p>\n<p>Al\u00e9m de dar uma impress\u00e3o de um ambiente mais organizado, elas d\u00e3o leveza ao lugar.<\/p>\n<p>Aqui, vale optar tanto pelas prateleiras de madeira como met\u00e1lica.<\/p>\n<h3>3 \u2014 Utilize pe\u00e7as de arte:<\/h3>\n<p>Aqui n\u00e3o significa que voc\u00ea precise &#8220;entupir&#8221; o espa\u00e7o com quadros ou esculturas. Isso pode at\u00e9 ter o efeito inverno, deixando tudo ainda mais ca\u00f3tico.<\/p>\n<p><img decoding=\"async\" class=\"wp-image-43053\" src=\"https:\/\/www.aarquiteta.com.br\/blog\/wp-content\/uploads\/2021\/11\/varanda-gourmet.jpg\" alt=\"\" width=\"937\" height=\"1100\" title=\"\" srcset=\"https:\/\/www.aarquiteta.com.br\/blog\/wp-content\/uploads\/2021\/11\/varanda-gourmet.jpg 640w, https:\/\/www.aarquiteta.com.br\/blog\/wp-content\/uploads\/2021\/11\/varanda-gourmet-150x176.jpg 150w\" sizes=\"(max-width: 937px) 100vw, 937px\" \/><\/p>\n<p>A ideia aqui \u00e9 colocar algumas pe\u00e7as em pontos de destaque, aproveitando o espa\u00e7o, por exemplo, um quarto com poucos itens de decora\u00e7\u00e3o ganha vida com um quadro maior.<\/p>\n<p>J\u00e1 um espa\u00e7o pequeno pode parecer um pouco maior com a ajuda de um espelho.<\/p>\n<p>Ao ampliar a luz recebida, ele dar\u00e1 uma sensa\u00e7\u00e3o de amplitude daquele lugar.<\/p>\n<p><img decoding=\"async\" class=\"wp-image-43055\" src=\"https:\/\/www.aarquiteta.com.br\/blog\/wp-content\/uploads\/2021\/11\/espaco-gourmet-minino.jpg\" alt=\"Espa\u00e7o Gourmet - 8 Dicas de como decorar uma \u00e1rea gourmet!\" width=\"1100\" height=\"1100\" title=\"\" srcset=\"https:\/\/www.aarquiteta.com.br\/blog\/wp-content\/uploads\/2021\/11\/espaco-gourmet-minino.jpg 611w, https:\/\/www.aarquiteta.com.br\/blog\/wp-content\/uploads\/2021\/11\/espaco-gourmet-minino-96x96.jpg 96w, https:\/\/www.aarquiteta.com.br\/blog\/wp-content\/uploads\/2021\/11\/espaco-gourmet-minino-150x150.jpg 150w\" sizes=\"(max-width: 1100px) 100vw, 1100px\" \/><\/p>\n<h2>Espa\u00e7o Gourmet \u2014 Dicas para decorar um espa\u00e7o gourmet funcional:<\/h2>\n<h3>4 \u2014 Atraia seu olhar para o teto:<\/h3>\n<p>Uma boa alternativa para quem quer fazer esses espa\u00e7os parecem maiores \u00e9 conduzir os olhos de quem entra para o teto.<\/p>\n<p>Por exemplo, quando pendurar cortinas ou outros itens, coloque-os pr\u00f3ximo ao topo da parece. Assim, a sala ou o quarto parecer\u00e3o maiores.<\/p>\n<div class=\"mceTemp\"><\/div>\n<p><img decoding=\"async\" class=\"wp-image-43057\" src=\"https:\/\/www.aarquiteta.com.br\/blog\/wp-content\/uploads\/2021\/11\/espaco-gourmet-fechado.jpg\" alt=\"Espa\u00e7o Gourmet 8 Dicas de como projetar uma \u00e1rea gourmet?\" width=\"734\" height=\"1100\" title=\"\" srcset=\"https:\/\/www.aarquiteta.com.br\/blog\/wp-content\/uploads\/2021\/11\/espaco-gourmet-fechado.jpg 474w, https:\/\/www.aarquiteta.com.br\/blog\/wp-content\/uploads\/2021\/11\/espaco-gourmet-fechado-150x225.jpg 150w\" sizes=\"(max-width: 734px) 100vw, 734px\" \/><\/p>\n<h3>5 \u2014 Pense grande:<\/h3>\n<p>Muitas vezes, quando estamos decorando um espa\u00e7o pequeno, pensamos que tudo ali tem de ser pequeno, certo? Errado. Muitas vezes, pensar grande pode ajudar a vida ao lugar.<\/p>\n<p><img decoding=\"async\" class=\"wp-image-43056\" src=\"https:\/\/www.aarquiteta.com.br\/blog\/wp-content\/uploads\/2021\/11\/espaco-goutme.jpg\" alt=\"\" width=\"1100\" height=\"1100\" title=\"\" srcset=\"https:\/\/www.aarquiteta.com.br\/blog\/wp-content\/uploads\/2021\/11\/espaco-goutme.jpg 564w, https:\/\/www.aarquiteta.com.br\/blog\/wp-content\/uploads\/2021\/11\/espaco-goutme-96x96.jpg 96w, https:\/\/www.aarquiteta.com.br\/blog\/wp-content\/uploads\/2021\/11\/espaco-goutme-150x150.jpg 150w\" sizes=\"(max-width: 1100px) 100vw, 1100px\" \/><\/p>\n<h3>6 \u2014 Coloque m\u00f3veis grandes:<\/h3>\n<p>Voc\u00ea sabia que escolher m\u00f3veis grandes pode dar uma nova vida ao lugar?\u00a0Embora eles ocupem mais espa\u00e7o na metragem, podem dar outra sensa\u00e7\u00e3o ao ambiente.<\/p>\n<p>Itens muito pequenos podem dar uma impress\u00e3o de que o lugar \u00e9 desorganizado.\u00a0J\u00e1 pe\u00e7as grandes, como um sof\u00e1 confort\u00e1vel, d\u00e1 uma sensa\u00e7\u00e3o de organiza\u00e7\u00e3o.<\/p>\n<p><img decoding=\"async\" class=\"wp-image-43058\" title=\"Espa\u00e7o Gourmet - 8 Dicas de como decorar uma \u00e1rea gourmet!\" src=\"https:\/\/www.aarquiteta.com.br\/blog\/wp-content\/uploads\/2021\/11\/espaco-gourmet-rustico.jpg\" alt=\"\" width=\"1100\" height=\"825\" srcset=\"https:\/\/www.aarquiteta.com.br\/blog\/wp-content\/uploads\/2021\/11\/espaco-gourmet-rustico.jpg 1024w, https:\/\/www.aarquiteta.com.br\/blog\/wp-content\/uploads\/2021\/11\/espaco-gourmet-rustico-696x522.jpg 696w, https:\/\/www.aarquiteta.com.br\/blog\/wp-content\/uploads\/2021\/11\/espaco-gourmet-rustico-150x113.jpg 150w\" sizes=\"(max-width: 1100px) 100vw, 1100px\" \/><\/p>\n<h3>7 \u2014 Tapetes grandes:<\/h3>\n<p>Outro item de decora\u00e7\u00e3o que pode funcionar muito bem nesses ambientes menores s\u00e3o tapetes grandes.<\/p>\n<p>Escolher aqueles com cores e estampas suaves iluminam e deixam o ambiente mais delicado, al\u00e9m de delimitar espa\u00e7os.<\/p>\n<p><img decoding=\"async\" class=\"alignnone wp-image-43063\" src=\"https:\/\/www.aarquiteta.com.br\/blog\/wp-content\/uploads\/2021\/11\/varanda-gourmet-com-tapete.jpg\" alt=\"\" width=\"1100\" height=\"629\" title=\"\" srcset=\"https:\/\/www.aarquiteta.com.br\/blog\/wp-content\/uploads\/2021\/11\/varanda-gourmet-com-tapete.jpg 700w, https:\/\/www.aarquiteta.com.br\/blog\/wp-content\/uploads\/2021\/11\/varanda-gourmet-com-tapete-696x398.jpg 696w, https:\/\/www.aarquiteta.com.br\/blog\/wp-content\/uploads\/2021\/11\/varanda-gourmet-com-tapete-150x86.jpg 150w\" sizes=\"(max-width: 1100px) 100vw, 1100px\" \/><\/p>\n<h3>8 \u2014 N\u00e3o se prenda a detalhes:<\/h3>\n<p>Muitas vezes, quando estamos decorando espa\u00e7os reduzidos, ficamos muito presos aos detalhes, o que acaba comprometendo o resultado.<\/p>\n<p>Para n\u00e3o cair nesta armadilha, esque\u00e7a os detalhes.\u00a0Olhe o ambiente como um todo, realizando uma avalia\u00e7\u00e3o do que pode ou n\u00e3o funcionar ali.<\/p>\n<p>Com esse olhar cr\u00edtico e ousadia, voc\u00ea pode criar \u00f3timas decora\u00e7\u00f5es para esses ambientes.<\/p>\n<h2>E a\u00ed?\u00a0Voc\u00ea gostou das dicas sobre Espa\u00e7o Gourmet &#8211; Dicas de como decorar uma \u00e1rea gourmet?<\/h2>\n<p>Ent\u00e3o deslize a tela para baixo e<a href=\"https:\/\/br.pinterest.com\/aarquitetapinterest\/_created\/\" target=\"_blank\" rel=\"noopener\"> confira mais dicas<\/a> como esta e n\u00e3o se esque\u00e7a de compartilhar com os amigos!<\/p>\n<p>Quer mais dicas sobre o mundo da Arquitetura e Decora\u00e7\u00e3o, ent\u00e3o confira alguns dos nossos artigos em:<\/p>\n<ul>\n<li><a href=\"https:\/\/www.aarquiteta.com.br\/blog\/paisagismo\/\" target=\"_blank\" rel=\"noopener\">Casa e Jardim<\/a><\/li>\n<li><a href=\"https:\/\/www.aarquiteta.com.br\/blog\/arquitetura\/mundo-arquitetura\/\" target=\"_blank\" rel=\"noopener\">Mundo Arquitetura<\/a><\/li>\n<li><a href=\"https:\/\/www.aarquiteta.com.br\/decoracao\/\" target=\"_blank\" rel=\"noopener\">Decora\u00e7\u00e3o<\/a><\/li>\n<\/ul>\n","protected":false},"excerpt":{"rendered":"<p>Espa\u00e7o Gourmet \u2014 Dicas de como decorar um espa\u00e7o gourmet desde os menores espa\u00e7os! Os espa\u00e7os gourmets pequenos s\u00e3o um verdadeiro desafio na hora da decora\u00e7\u00e3o, muitas\u00a0vezes, passamos horas olhando op\u00e7\u00f5es, pensando em como decor\u00e1-los e perceber que n\u00e3o sabemos como fazer. Ent\u00e3o, se voc\u00ea tem uma pequena sala ou mesmo uma casa com espa\u00e7o [&hellip;]<\/p>\n","protected":false},"author":102,"featured_media":43063,"comment_status":"closed","ping_status":"closed","sticky":false,"template":"","format":"standard","meta":{"footnotes":""},"categories":[1484,18758],"tags":[12892,12893,12894,12895,12896,9987],"class_list":["post-26853","post","type-post","status-publish","format-standard","has-post-thumbnail","category-decoracao","category-decoracao-de-varanda-terraco","tag-como-decorar-espaco-gourmet","tag-decoracao-de-espaco-gourmet","tag-espaco-gourmet-apartamento","tag-espaco-gourmet-pequeno","tag-espaco-gourmet-residencial","tag-varanda-gourmet"],"_wp_attached_file":null,"_wp_attachment_metadata":null,"_wp_attachment_context":null,"_wp_attachment_is_custom_header":null,"geo_longitude":null,"geo_public":null,"geo_latitude":null,"_publicize_done_external":null,"_wpas_done_3897181":null,"publicize_twitter_user":null,"_wpas_done_3897175":null,"_wpas_skip_3897181":null,"_wpas_skip_3897175":null,"_wpas_skip_3924723":null,"_wpas_mess":null,"_wpas_done_3924723":null,"wps_subtitle":"Suas reuni\u00f5es em familia ou com os amigos nunca mais ser\u00e3o as mesmas depois que voc\u00ea aplicar as nossas dicas!","_links":{"self":[{"href":"https:\/\/www.aarquiteta.com.br\/blog\/wp-json\/wp\/v2\/posts\/26853","targetHints":{"allow":["GET"]}}],"collection":[{"href":"https:\/\/www.aarquiteta.com.br\/blog\/wp-json\/wp\/v2\/posts"}],"about":[{"href":"https:\/\/www.aarquiteta.com.br\/blog\/wp-json\/wp\/v2\/types\/post"}],"author":[{"embeddable":true,"href":"https:\/\/www.aarquiteta.com.br\/blog\/wp-json\/wp\/v2\/users\/102"}],"replies":[{"embeddable":true,"href":"https:\/\/www.aarquiteta.com.br\/blog\/wp-json\/wp\/v2\/comments?post=26853"}],"version-history":[{"count":0,"href":"https:\/\/www.aarquiteta.com.br\/blog\/wp-json\/wp\/v2\/posts\/26853\/revisions"}],"wp:featuredmedia":[{"embeddable":true,"href":"https:\/\/www.aarquiteta.com.br\/blog\/wp-json\/wp\/v2\/media\/43063"}],"wp:attachment":[{"href":"https:\/\/www.aarquiteta.com.br\/blog\/wp-json\/wp\/v2\/media?parent=26853"}],"wp:term":[{"taxonomy":"category","embeddable":true,"href":"https:\/\/www.aarquiteta.com.br\/blog\/wp-json\/wp\/v2\/categories?post=26853"},{"taxonomy":"post_tag","embeddable":true,"href":"https:\/\/www.aarquiteta.com.br\/blog\/wp-json\/wp\/v2\/tags?post=26853"}],"curies":[{"name":"wp","href":"https:\/\/api.w.org\/{rel}","templated":true}]}}