{"id":26734,"date":"2019-07-18T12:40:30","date_gmt":"2019-07-18T15:40:30","guid":{"rendered":"http:\/\/aarquiteta.com.br\/?p=26734"},"modified":"2026-09-01T16:01:14","modified_gmt":"2026-09-01T19:01:14","slug":"ii-forum-mundial-niemeyer","status":"publish","type":"post","link":"https:\/\/www.aarquiteta.com.br\/blog\/ii-forum-mundial-niemeyer\/","title":{"rendered":"II F\u00f3rum Mundial Niemeyer"},"content":{"rendered":"<h1>A Segunda edi\u00e7\u00e3o do F\u00f3rum Mundial Niemeyer vem para capital paulista!<\/h1>\n<p>O F\u00f3rum Mundial Niemeyer \u00e9 um evento em prol de uma sociedade e cidades mais justas, inclusivas, sustent\u00e1veis, eficientes e democr\u00e1ticas, sua primeira edi\u00e7\u00e3o foi realizada entre os dias 16 e 19 de outubro \u2013 no Rio de Janeiro, e reuniu 31 palestrantes do Brasil e do exterior.<\/p>\n<p>Durante o evento, os participantes abordaram temas muito al\u00e9m da arquitetura e o legado deixado pelo arquiteto Oscar Niemeyer, que abrange Pol\u00edticas Urbanas, Cientificas e Culturais.<\/p>\n<p>Foram 04 dias de reflex\u00e3o e debates sobre o rumo e futuro da import\u00e2ncia da arquitetura, como interventor no desenvolvimento das cidades de modo a torn\u00e1-las mais inclusivas e humanas.<\/p>\n<p>A primeira edi\u00e7\u00e3o carioca foi um sucesso que deixou os paulistas agu\u00e7ados pelos conte\u00fados aplicados, o que fez a dire\u00e7\u00e3o trazer o evento para o Memorial da Am\u00e9rica Latina, de 26 a 30 de agosto, ser\u00e1 o mesmo formato, mas como todos ficaram com um gostinho de quero mais, a programa\u00e7\u00e3o foi estendida para uma semana.<\/p>\n<p>Os temas ser\u00e3o: Artes e Humanidades, Sustentabilidade, Cidade e Planejamento Urbano e Inclus\u00e3o e Arquitetura, ambos os assuntos ser\u00e3o abordados por grandes profissionais do setor que trar\u00e3o em suas apresenta\u00e7\u00f5es reflex\u00f5es de responsabilidade sociais que sempre foi o legado de Oscar Niemeyer.<\/p>\n<h6><em>\u261e Cart\u00e3o de Cr\u00e9dito Santander SX &#8211; O cart\u00e3o do Estudante Universit\u00e1rio do Brasiiil!<\/em><\/h6>\n<p><em>Se voc\u00ea \u00e9 estudante universit\u00e1rio e est\u00e1 precisando de um <strong>cart\u00e3o de cr\u00e9dito<\/strong> voltado para as suas necessidades financeiras, <strong>sem comprova\u00e7\u00e3o de renda<\/strong> e com possibilidade de conseguir <strong>zero de taxa de anuidade<\/strong>, O Banco Santander tem o cart\u00e3o de cr\u00e9dito ideal para voc\u00ea!<\/em><\/p>\n<figure id=\"attachment_52327\" aria-describedby=\"caption-attachment-52327\" style=\"width: 1200px\" class=\"wp-caption aligncenter\"><a href=\"https:\/\/www.aarquiteta.com.br\/blog\/como-solicitar-cartao-de-credito-santander\/\" target=\"_blank\" rel=\"noopener\"><img decoding=\"async\" class=\"wp-image-52327 size-full\" title=\"Cart\u00e3o de Cr\u00e9dito Santander SX - O Cart\u00e3o do Estudante Universit\u00e1rio!\" src=\"https:\/\/www.aarquiteta.com.br\/blog\/wp-content\/uploads\/2022\/04\/cartao-de-credito-santander-sx.jpg\" alt=\"Cart\u00e3o de Cr\u00e9dito Santander SX - O Cart\u00e3o do Estudante Universit\u00e1rio!\" width=\"1200\" height=\"800\" srcset=\"https:\/\/www.aarquiteta.com.br\/blog\/wp-content\/uploads\/2022\/04\/cartao-de-credito-santander-sx.jpg 1200w, https:\/\/www.aarquiteta.com.br\/blog\/wp-content\/uploads\/2022\/04\/cartao-de-credito-santander-sx-1024x683.jpg 1024w, https:\/\/www.aarquiteta.com.br\/blog\/wp-content\/uploads\/2022\/04\/cartao-de-credito-santander-sx-696x464.jpg 696w, https:\/\/www.aarquiteta.com.br\/blog\/wp-content\/uploads\/2022\/04\/cartao-de-credito-santander-sx-150x100.jpg 150w\" sizes=\"(max-width: 1200px) 100vw, 1200px\" \/><\/a><figcaption id=\"caption-attachment-52327\" class=\"wp-caption-text\">Cart\u00e3o de Cr\u00e9dito Santander SX &#8211; O Cart\u00e3o do Estudante Universit\u00e1rio! <a href=\"https:\/\/www.aarquiteta.com.br\/blog\/como-solicitar-cartao-de-credito-santander\/\">Clique para saber mais!\u00a0<\/a> Veja como \u00e9 f\u00e1cil!<\/figcaption><\/figure>\n<p>&nbsp;<\/p>\n<p>Os projetos do Paulo Niemeyer n\u00e3o param de crescer, na estreia do F\u00f3rum foi anunciado o Pr\u00eamio Global Niemeyer.<\/p>\n<p>\u201cO Pr\u00eamio Global Niemeyer \u00e9 uma premia\u00e7\u00e3o de \u00e2mbito internacional que tem como objetivo promover e laurear a excel\u00eancia de a\u00e7\u00f5es e projetos de pol\u00edticas urbanas, culturais e cient\u00edficas, pretendendo honrar o legado human\u00edstico do meu bisav\u00f4, que sempre manteve um claro discurso pol\u00edtico em favor de um mundo mais solid\u00e1rio.<\/p>\n<p>E ao homenagear pr\u00e1ticas bem-sucedidas no \u00e2mbito da arquitetura, urbanismo e outras categorias, daremos voz a projetos de cunho social, t\u00e9cnico e art\u00edstico-cultural democr\u00e1ticos que precisam de aten\u00e7\u00e3o para maior visibilidade e apoio\u201d, declara Paulo S\u00e9rgio Niemeyer \u2013 presidente do Instituto Niemeyer de Pol\u00edticas Urbanas, Cient\u00edficas e Culturais.<\/p>\n<h2>O Pr\u00eamio Global Niemeyer ser\u00e1 lan\u00e7ado em S\u00e3o Paulo na segunda edi\u00e7\u00e3o do F\u00f3rum e contemplar\u00e1 oito categorias:<\/h2>\n<ul>\n<li>\u00b7 Arquitetura e Humanismo;<\/li>\n<li>\u00b7 Solu\u00e7\u00f5es Urbanas e Responsabilidade Social Artes de Cunho Social;<\/li>\n<li>\u00b7 Ci\u00eancia e Tecnologia \u00e0 Servi\u00e7o da Sociedade;<\/li>\n<li>\u00b7 Esporte Solid\u00e1rio;<\/li>\n<li>\u00b7 Acessibilidade;<\/li>\n<li>\u00b7 Personalidade do Ano;<\/li>\n<li>\u00b7 Sustentabilidade.<\/li>\n<\/ul>\n<p>A a\u00e7\u00e3o conta com apoio do Green Building Council Brasil, que premiar\u00e1 a\u00e7\u00f5es em conformidade com os objetivos de desenvolvimento sustent\u00e1vel das Na\u00e7\u00f5es Unidas.<\/p>\n<h6><em>\u261e Financiamento Imobili\u00e1rio:<\/em><\/h6>\n<p><em>Casa, apartamento, novo ou usado, a <a href=\"https:\/\/www.caixa.gov.br\/Paginas\/home-caixa.aspx\" target=\"_blank\" rel=\"noopener\">Caixa Econ\u00f4mica<\/a> tem a <strong>linha de cr\u00e9dito<\/strong> ideal para voc\u00ea!\u00a0\u00a0<\/em><em>O Sonho da casa pr\u00f3pria pode estar mais perto de se tornar realidade do que voc\u00ea imagina:<\/em><\/p>\n<figure id=\"attachment_53083\" aria-describedby=\"caption-attachment-53083\" style=\"width: 1920px\" class=\"wp-caption aligncenter\"><a href=\"https:\/\/www.aarquiteta.com.br\/blog\/financiamento-imobiliario-caixa-economica\/\" target=\"_blank\" rel=\"noopener\"><img decoding=\"async\" class=\"wp-image-53083 size-full\" title=\"Financiamento de Im\u00f3vel - Financie sua casa pela Caixa Econ\u00f4mica!\" src=\"https:\/\/www.aarquiteta.com.br\/blog\/wp-content\/uploads\/2022\/04\/financiamento-mobiliario-caixa-economica.jpg\" alt=\"Financiamento de Im\u00f3vel - Financie sua casa pela Caixa Econ\u00f4mica!\" width=\"1920\" height=\"1080\" srcset=\"https:\/\/www.aarquiteta.com.br\/blog\/wp-content\/uploads\/2022\/04\/financiamento-mobiliario-caixa-economica.jpg 1920w, https:\/\/www.aarquiteta.com.br\/blog\/wp-content\/uploads\/2022\/04\/financiamento-mobiliario-caixa-economica-1024x576.jpg 1024w, https:\/\/www.aarquiteta.com.br\/blog\/wp-content\/uploads\/2022\/04\/financiamento-mobiliario-caixa-economica-696x392.jpg 696w, https:\/\/www.aarquiteta.com.br\/blog\/wp-content\/uploads\/2022\/04\/financiamento-mobiliario-caixa-economica-150x84.jpg 150w\" sizes=\"(max-width: 1920px) 100vw, 1920px\" \/><\/a><figcaption id=\"caption-attachment-53083\" class=\"wp-caption-text\"><a href=\"https:\/\/www.aarquiteta.com.br\/blog\/financiamento-imobiliario-caixa-economica\/\" target=\"_blank\" rel=\"noopener\">Financie sua casa pela Caixa Econ\u00f4mica! Clique aqui e veja como \u00e9 f\u00e1cil!<\/a><\/figcaption><\/figure>\n<p>&nbsp;<\/p>\n<p>E a pretens\u00e3o \u00e9 o Pr\u00eamio Global Niemeyer \u00e9 ser uma esp\u00e9cie de Nobel de pol\u00edticas urbanas sustent\u00e1veis, que ser\u00e1 auferido a cada ano, tendo como corpo de J\u00fari, pessoas de not\u00f3rio conhecimento em cada \u00e1rea contemplada, sob a curadoria do Instituto Niemeyer.<\/p>\n<p>A Data do evento ser\u00e1 de\u00a026 a 30 de agosto no Memorial da Am\u00e9rica Latina e estaremos l\u00e1 para prestigiar o evento!\u00a0 Para quem n\u00e3o puder estar presente acompanhe-nos pelas redes sociais e fique por dentro dos destaques do evento!<\/p>\n<p>Instagram: www.instragram.com\/aarquitetablog<\/p>\n<h2>Segue a\u00a0Programa\u00e7\u00e3o do II F\u00f3rum Mundial Niemeyer:<\/h2>\n<p><img decoding=\"async\" class=\"aligncenter wp-image-26736 size-post-thumbnail-size\" src=\"https:\/\/www.aarquiteta.com.br\/blog\/wp-content\/uploads\/2019\/07\/SAVETHEDATE-Niemeyer-post-1-750x330.png\" alt=\"\" width=\"750\" height=\"330\" title=\"\"><\/p>\n<p><strong>Segunda-feira | 26 de Agosto<\/strong><\/p>\n<ol>\n<li>Wagner Moura: Fraternidade sem Fronteiras: Projetos Humanit\u00e1rios para um Mundo Melhor.<\/li>\n<li>Ricardo Yogui: Tecnologia e Humanidade: Solu\u00e7\u00f5es Inovadoras para Gest\u00e3o de Desastres, Crises e Emerg\u00eancias.<\/li>\n<li>D\u00e9bora Garofalo: Lixo e Tecnologia: Tudo a ver.<\/li>\n<li>Patrick Coulombel:\u201cConstrua Muros para Reconstruir Vidas\u201d<\/li>\n<li>Jo\u00e3o Candido Portinari:\u00a0\u201cPortinari: Pintor da Paz\u201d<\/li>\n<li>Rodrigo Cremer:\u00a0\u201cNeg\u00f3cios Disruptivos: Como as Empresas est\u00e3o se Reinventando\u201d<\/li>\n<li>Helena Singer:\u00a0\u201cO Movimento de Inova\u00e7\u00e3o na Educa\u00e7\u00e3o\u201d.<\/li>\n<li>Leonardo Filardi:\u00a0\u201cMarketing e Empreendedorismo: A Import\u00e2ncia da Abordagem Intuitiva e Inovadora na Atualidade\u201d<\/li>\n<li>Hector Gusm\u00e3o:\u00a0\u201cImpactos da Tecnologia na Humanidade\u201d<\/li>\n<li>Mediadores: Alexandre Murucci, Fabio Varzea e Francisco Ferreira<\/li>\n<\/ol>\n<h5>Faltou algum ingrediente para a receita?<\/h5>\n<p><em>N\u00e3o se preocupe! Fa\u00e7a suas compras pela internet!<\/em><\/p>\n<p><em>E se voc\u00ea tiver<strong> Cart\u00e3o de Cr\u00e9dito<\/strong> voc\u00ea ainda pode utiliz\u00e1-lo para realizar suas c<strong>ompras pela internet.<\/strong> \u00a0<\/em><\/p>\n<p><em>J\u00e1 conhece o Cart\u00e3o Atacad\u00e3o? Confira o Cart\u00e3o de Cr\u00e9dito da maior rede atacadista de alimentos. Aproveite as<a href=\"https:\/\/www.aarquiteta.com.br\/blog\/como-solicitar-cartao-atacadao\/\" target=\"_blank\" rel=\"noopener\"> vantagens exclusivas<\/a> e pe\u00e7a j\u00e1 o seu!<\/em><\/p>\n<figure id=\"attachment_52493\" aria-describedby=\"caption-attachment-52493\" style=\"width: 1000px\" class=\"wp-caption aligncenter\"><a href=\"https:\/\/www.aarquiteta.com.br\/blog\/como-solicitar-cartao-atacadao\/\" target=\"_blank\" rel=\"noopener\"><img decoding=\"async\" class=\"wp-image-52493 size-full\" title=\"Cart\u00e3o Atacad\u00e3o - Cr\u00e9dito para comprar e prazo para pagar!\" src=\"https:\/\/www.aarquiteta.com.br\/blog\/wp-content\/uploads\/2021\/10\/cartao-atacadao-1.jpg\" alt=\"Cart\u00e3o Atacad\u00e3o - Cr\u00e9dito para comprar e prazo para pagar!\" width=\"1000\" height=\"250\" srcset=\"https:\/\/www.aarquiteta.com.br\/blog\/wp-content\/uploads\/2021\/10\/cartao-atacadao-1.jpg 1000w, https:\/\/www.aarquiteta.com.br\/blog\/wp-content\/uploads\/2021\/10\/cartao-atacadao-1-696x174.jpg 696w, https:\/\/www.aarquiteta.com.br\/blog\/wp-content\/uploads\/2021\/10\/cartao-atacadao-1-150x38.jpg 150w\" sizes=\"(max-width: 1000px) 100vw, 1000px\" \/><\/a><figcaption id=\"caption-attachment-52493\" class=\"wp-caption-text\"><a href=\"https:\/\/www.aarquiteta.com.br\/blog\/como-solicitar-cartao-atacadao\/\" target=\"_blank\" rel=\"noopener\">Cart\u00e3o Atacad\u00e3o &#8211; Cr\u00e9dito para comprar e prazo para pagar! Clique para saber mais!<\/a><\/figcaption><\/figure>\n<p>&nbsp;<\/p>\n<h3>Ter\u00e7a-feira | 27 de Agosto<\/h3>\n<ol>\n<li>S\u00e9rgio Besserman:\u00a0Cidades e Mudan\u00e7as Clim\u00e1ticas.<\/li>\n<li>Weber Amaral:\u00a0\u201cOs Avan\u00e7os da Log\u00edstica Reversa nas Ind\u00fastrias de Base\u201d<\/li>\n<li>Simone Nogueira Paschoal:\u00a0\u201cRes\u00edduos S\u00f3lidos: Avan\u00e7os e Retrocessos no Brasil e o que Esperar\u201d.<\/li>\n<li>Vanessa Gomes:\u00a0\u201cAvan\u00e7os e Retrocessos nas Pr\u00e1ticas da Arquitetura Sustent\u00e1vel\u201d<\/li>\n<li>Pedro Taddei e Rafael Aranda:<\/li>\n<li>\u201cValoriza\u00e7\u00e3o da Natureza, dos Vazios e da Ess\u00eancia dos Lugares: Uma Nova Produ\u00e7\u00e3o Arquitet\u00f4nica\u201d<\/li>\n<li>Gustavo Moraes:\u00a0Energia Solar Fotovoltaica: Desafios e Oportunidades.<\/li>\n<li>F\u00e1bio Miranda:\u00a0\u201cModelo de Projetos Sustent\u00e1veis: O que Aprender com as Comunidades\u201d<\/li>\n<li>Marcos Zanette:\u00a0\u201cTudo pode ser Transformado: Um Ciclo Infinito de Reaproveitamento, Arte e Humanidade\u201d<\/li>\n<li>Mediadores: Vicente Castro e Sidney Oliveira<\/li>\n<\/ol>\n<h3>Quarta-feira | 28 de Agosto<\/h3>\n<ol>\n<li>Margareth Uemura:\u00a0\u201cA Busca de Planejamento de Cidades de Maneira Inclusiva\u201d<\/li>\n<li>Marta Obelheiro:\u00a0\u201cO Desenho Urbano como Elemento de Seguran\u00e7a nas Cidades\u201d<\/li>\n<li>Luiz Cesar Q. Ribeiro:\u00a0\u201cAutonomia Municipal e Gest\u00e3o Metropolitana Integrada: Desafios a Vencer com o Estatuto das Metr\u00f3poles\u201d<\/li>\n<li>Victor L. Miguel:\u00a0\u201cO Papel da Uni\u00e3o Africana de Arquitetos na Express\u00e3o Coletiva\u201d<\/li>\n<li>Carlos Eduardo Nunes Ferreira:\u00a0O Legado de L\u00facio Costa.<\/li>\n<li>Dr. Carlos Augusto Mattei Faggin:\u00a0\u201cA Import\u00e2ncia da Cultura e Economia Criativa na Vida Urbana\u201d<\/li>\n<li>Han Young Keun:\u00a0\u201cA Arquitetura e a Est\u00e9tica das Cidades\u201d<\/li>\n<li>N\u00e1dia Somekh:\u00a0\u201cA Verticaliza\u00e7\u00e3o das Cidades: Limite para a Otimiza\u00e7\u00e3o do Uso do Espa\u00e7o?\u201d<\/li>\n<li>Regina Monteiro:\u00a0\u201cCidade Limpa, uma Necessidade Mundial\u201d<\/li>\n<li>Mediadores: Denise Vogel,\u00a0Simone Feigelson e Vicente Wissenbach<\/li>\n<\/ol>\n<h3>Quinta-feira | 29 de Agosto<\/h3>\n<ol>\n<li>Paulo Mancio:\u00a0\u201cArquitetura e Design como Agente Transformador\u201d<\/li>\n<li>Walter Makhohl:\u00a0\u201cA Import\u00e2ncia da Arquitetura nas Pr\u00e1ticas Educacionais\u201d<\/li>\n<li>Cl\u00e1udio Queiroz:\u00a0\u201cO Papel do Arquitetura na Qualidade da Vida Urbana\u201d<\/li>\n<li>Erm\u00ednia Maricato:\u00a0\u201cConclus\u00f5es do Congresso BR CIDADES\u201d<\/li>\n<li>Isa Grispum Ferraz:\u00a0\u201cNovas Demandas na Atua\u00e7\u00e3o dos Arquitetos Urbanistas\u201d<\/li>\n<li>Carlos Fernando Andrade:\u00a0\u201cDescidades\u201d<\/li>\n<li>Vivi Tiezzi:\u00a0\u201cA Seguran\u00e7a Vi\u00e1ria e o Desenvolvimento de Cidades Sustent\u00e1veis\u201d<\/li>\n<li>Bruno Mahafuz: \u201cSolu\u00e7\u00f5es Digitais Para Uma Cidade Mais Inclusiva\u201d<\/li>\n<li>Monica Schimenes:\u00a0\u201cTodos os Tons da Inclus\u00e3o\u201d<\/li>\n<li>Mediadores: Haroldo Pinheiro e\u00a0Tania Moura<\/li>\n<\/ol>\n<h3>Sexta-feira | 30 de Agosto<\/h3>\n<p>Reinaldo Bugarelli;\u00a0\u201cA Unidade da Diversidade: Desenhando Vias Sustent\u00e1veis para o Futuro da Humanidade\u201d<\/p>\n<ol>\n<li>Ruy Marra:\u00a0\u201cA Influ\u00eancia das Emo\u00e7\u00f5es no Eixo C\u00e9rebro Cora\u00e7\u00e3o\u201d<\/li>\n<li>Dr. Nelson de Souza e Silva:\u00a0\u201cInjusti\u00e7a Social e Sa\u00fade: O Impacto das Condi\u00e7\u00f5es de Vida no Desenvolvimento Humano\u201d<\/li>\n<li>Raquel Rolnik:\u00a0\u201cMoradia Adequada \u00e9 um Direito: Guerra dos Lugares\u201d<\/li>\n<li>Jorge Lobos:\u00a0\u201cA Arquitetura como Direito Humano\u201d<\/li>\n<li>Roberto Simon:\u00a0\u201cA Uni\u00e3o: O Paradigma dos Novos Tempos\u201d<\/li>\n<li>Cid Alledi Filho:\u00a0\u201cA Arte de Dialogar\u201d<\/li>\n<li>Antonio Toze:\u00a0\u201cVoc\u00ea \u00e9 um Produto Cultural: Arte, Imagem e Repert\u00f3rio\u201d<\/li>\n<li>Ligia Costa:\u00a0\u201cEmpreendedorismo com Prop\u00f3sito, o Trabalho Alinhado ao Estilo de Vida\u201d<\/li>\n<li>Joana Kaczan London:\u00a0Mediador<\/li>\n<li>Paulo Monteiro:\u00a0Mediador<\/li>\n<li>Robson Santar\u00e9m:\u00a0Mediador<img decoding=\"async\" class=\"aligncenter wp-image-26735 size-full\" src=\"https:\/\/www.aarquiteta.com.br\/blog\/wp-content\/uploads\/2019\/07\/Inscri\u00e7\u00f5es-Abertas-Niemeyer-post-1-e1563464075917.png\" alt=\"\" width=\"750\" height=\"750\" title=\"\" srcset=\"https:\/\/www.aarquiteta.com.br\/blog\/wp-content\/uploads\/2019\/07\/Inscri\u00e7\u00f5es-Abertas-Niemeyer-post-1-e1563464075917.png 750w, https:\/\/www.aarquiteta.com.br\/blog\/wp-content\/uploads\/2019\/07\/Inscri\u00e7\u00f5es-Abertas-Niemeyer-post-1-e1563464075917-696x696.png 696w, https:\/\/www.aarquiteta.com.br\/blog\/wp-content\/uploads\/2019\/07\/Inscri\u00e7\u00f5es-Abertas-Niemeyer-post-1-e1563464075917-96x96.png 96w, https:\/\/www.aarquiteta.com.br\/blog\/wp-content\/uploads\/2019\/07\/Inscri\u00e7\u00f5es-Abertas-Niemeyer-post-1-e1563464075917-150x150.png 150w\" sizes=\"(max-width: 750px) 100vw, 750px\" \/><\/li>\n<\/ol>\n<p style=\"text-align: center;\">Ficou interessado em participar?\u00a0 Ent\u00e3o Inscreva-se aqui!<\/p>\n<h2>Sobre O Instituto Niemeyer de Pol\u00edticas Urbanas, Cientificas e Culturais:<\/h2>\n<p>Criado em 02 de junho de 2010, pelo seu Presidente de Honra Oscar Niemeyer e seu bisneto e atual presidente Paulo S\u00e9rgio Niemeyer, o Instituto tem como objetivo principal preservar o legado deixado por Oscar Niemeyer e ampliar o impacto das solu\u00e7\u00f5es que fazem parte da agenda urbana e social, que sempre fizeram parte de suas cria\u00e7\u00f5es arquitet\u00f4nicas e princ\u00edpios humanos.<\/p>\n<p>O instituto tem ainda como meta o resgate das imensas comunidades carentes que ocupam mais de 60% das grandes cidades do Pa\u00eds e o futuro sustent\u00e1vel dos recursos naturais do planeta.<\/p>\n<h6><em>\u261e Financiamento Imobili\u00e1rio:<\/em><\/h6>\n<p><em>Casa, apartamento, novo ou usado, a <a href=\"https:\/\/www.caixa.gov.br\/Paginas\/home-caixa.aspx\" target=\"_blank\" rel=\"noopener\">Caixa Econ\u00f4mica<\/a> tem a <strong>linha de cr\u00e9dito<\/strong> ideal para voc\u00ea!\u00a0\u00a0<\/em><em>O Sonho da casa pr\u00f3pria pode estar mais perto de se tornar realidade do que voc\u00ea imagina:<\/em><\/p>\n<figure id=\"attachment_53083-2\" aria-describedby=\"caption-attachment-53083-2\" style=\"width: 1920px\" class=\"wp-caption aligncenter\"><a href=\"https:\/\/www.aarquiteta.com.br\/blog\/financiamento-imobiliario-caixa-economica\/\" target=\"_blank\" rel=\"noopener\"><img decoding=\"async\" class=\"wp-image-53083 size-full\" title=\"Financiamento de Im\u00f3vel - Financie sua casa pela Caixa Econ\u00f4mica!\" src=\"https:\/\/www.aarquiteta.com.br\/blog\/wp-content\/uploads\/2022\/04\/financiamento-mobiliario-caixa-economica.jpg\" alt=\"Financiamento de Im\u00f3vel - Financie sua casa pela Caixa Econ\u00f4mica!\" width=\"1920\" height=\"1080\" srcset=\"https:\/\/www.aarquiteta.com.br\/blog\/wp-content\/uploads\/2022\/04\/financiamento-mobiliario-caixa-economica.jpg 1920w, https:\/\/www.aarquiteta.com.br\/blog\/wp-content\/uploads\/2022\/04\/financiamento-mobiliario-caixa-economica-1024x576.jpg 1024w, https:\/\/www.aarquiteta.com.br\/blog\/wp-content\/uploads\/2022\/04\/financiamento-mobiliario-caixa-economica-696x392.jpg 696w, https:\/\/www.aarquiteta.com.br\/blog\/wp-content\/uploads\/2022\/04\/financiamento-mobiliario-caixa-economica-150x84.jpg 150w\" sizes=\"(max-width: 1920px) 100vw, 1920px\" \/><\/a><figcaption id=\"caption-attachment-53083-2\" class=\"wp-caption-text\"><a href=\"https:\/\/www.aarquiteta.com.br\/blog\/financiamento-imobiliario-caixa-economica\/\" target=\"_blank\" rel=\"noopener\">Financie sua casa pela Caixa Econ\u00f4mica! Clique aqui e veja como \u00e9 f\u00e1cil!<\/a><\/figcaption><\/figure>\n<p>&nbsp;<\/p>\n<p>\u00c9 ainda intuito do Instituto, fomentar plataformas que estejam comprometidas com o bem p\u00fablico e a\u00e7\u00f5es que possam solucionar a complexidade urbana do pa\u00eds, al\u00e9m da abordagem dos problemas urban\u00edsticos, que envolvem o que mais atinge o dia-a-dia das pessoas.<\/p>\n<p>Mobilidade, saneamento, seguran\u00e7a, estrutura educacional priorit\u00e1ria, equipamentos culturais, zoneamentos econ\u00f4micos, amplia\u00e7\u00e3o do IDH e a\u00e7\u00f5es que fa\u00e7am todo o tecido urbano ter par\u00e2metros de sustentabilidade respons\u00e1vel e ativo, numa prof\u00edcua sinestesia entre campo, \u00e1reas industriais, de com\u00e9rcio e principalmente suas periferias, reais e simb\u00f3licas.<\/p>\n<h2>Sobre Paulo S\u00e9rgio Niemeyer<\/h2>\n<p>A atua\u00e7\u00e3o de Paulo Sergio Niemeyer data mais de 20 anos.<\/p>\n<p>Bisneto do grande nome da arquitetura mundial, Oscar Niemeyer, Paulo sempre teve um conv\u00edvio muito pr\u00f3ximo a seu bisav\u00f4. Desde sua inf\u00e2ncia j\u00e1 corria e brincava entre projetos, croquis e giz.<\/p>\n<p>O talento sempre lhe foi nato.<\/p>\n<p>Uma voca\u00e7\u00e3o descoberta quando muito jovem e apurada ao longo do tempo, colaborando no desenvolvimento de projetos de Oscar Niemeyer realizados em muitas cidades brasileiras como aqueles constru\u00eddos no Caminho Niemeyer em Niter\u00f3i\/RJ, Torre de Natal em Natal\/RN , o Audit\u00f3rio S\u00e3o Paulo no Parque do Ibirapuera, em S\u00e3o Paulo\/SP, Pal\u00e1cio Arariboia, Portugal Pequeno, restauro do Forte do Imbu\u00ed, Solar do Jambeiro em Niter\u00f3i\/RJ, Memorial Luis Carlos Prestes em Porto Alegre\/RS, entre outros e no exterior a exemplo o Sede do jornal L\u2019Humanit\u00e9 &#8211; Saint-Denis \u2013 Fran\u00e7a.<\/p>\n<h5>Faltou algum ingrediente para a receita?<\/h5>\n<p><em>N\u00e3o se preocupe! Fa\u00e7a suas compras pela internet!<\/em><\/p>\n<p><em>E se voc\u00ea tiver<strong> Cart\u00e3o de Cr\u00e9dito<\/strong> voc\u00ea ainda pode utiliz\u00e1-lo para realizar suas c<strong>ompras pela internet.<\/strong> \u00a0<\/em><\/p>\n<p><em>J\u00e1 conhece o Cart\u00e3o Atacad\u00e3o? Confira o Cart\u00e3o de Cr\u00e9dito da maior rede atacadista de alimentos. Aproveite as<a href=\"https:\/\/www.aarquiteta.com.br\/blog\/como-solicitar-cartao-atacadao\/\" target=\"_blank\" rel=\"noopener\"> vantagens exclusivas<\/a> e pe\u00e7a j\u00e1 o seu!<\/em><\/p>\n<figure id=\"attachment_52493-2\" aria-describedby=\"caption-attachment-52493-2\" style=\"width: 1000px\" class=\"wp-caption aligncenter\"><a href=\"https:\/\/www.aarquiteta.com.br\/blog\/como-solicitar-cartao-atacadao\/\" target=\"_blank\" rel=\"noopener\"><img decoding=\"async\" class=\"wp-image-52493 size-full\" title=\"Cart\u00e3o Atacad\u00e3o - Cr\u00e9dito para comprar e prazo para pagar!\" src=\"https:\/\/www.aarquiteta.com.br\/blog\/wp-content\/uploads\/2021\/10\/cartao-atacadao-1.jpg\" alt=\"Cart\u00e3o Atacad\u00e3o - Cr\u00e9dito para comprar e prazo para pagar!\" width=\"1000\" height=\"250\" srcset=\"https:\/\/www.aarquiteta.com.br\/blog\/wp-content\/uploads\/2021\/10\/cartao-atacadao-1.jpg 1000w, https:\/\/www.aarquiteta.com.br\/blog\/wp-content\/uploads\/2021\/10\/cartao-atacadao-1-696x174.jpg 696w, https:\/\/www.aarquiteta.com.br\/blog\/wp-content\/uploads\/2021\/10\/cartao-atacadao-1-150x38.jpg 150w\" sizes=\"(max-width: 1000px) 100vw, 1000px\" \/><\/a><figcaption id=\"caption-attachment-52493-2\" class=\"wp-caption-text\"><a href=\"https:\/\/www.aarquiteta.com.br\/blog\/como-solicitar-cartao-atacadao\/\" target=\"_blank\" rel=\"noopener\">Cart\u00e3o Atacad\u00e3o &#8211; Cr\u00e9dito para comprar e prazo para pagar! Clique para saber mais!<\/a><\/figcaption><\/figure>\n<p>&nbsp;<\/p>\n<p>Sempre partilhando com o grande artista Oscar a busca da surpresa arquitetural.<\/p>\n<p>N\u00e3o faltam \u201cafinidades eletivas\u201d entre Oscar e Paulo Niemeyer: a compreens\u00e3o de que arquitetura \u00e9 inven\u00e7\u00e3o, a procura de novas formas de comunica\u00e7\u00e3o visual, a preocupa\u00e7\u00e3o em harmonizar espa\u00e7os cheios e vazios, a elei\u00e7\u00e3o pelas curvas, torna seu bisneto o herdeiro das curvas de Niemeyer.<\/p>\n<p>Foi em 2008 que Paulo Passou a se dedicar em projetos pr\u00f3prios, abrindo Niemeyer Arquitetos Associados.<\/p>\n<p>Em 2010, com seu bisav\u00f4, abre o Instituto Niemeyer de Pol\u00edticas Urbanas e Culturais \u2013 INPUC, institui\u00e7\u00e3o sem fins lucrativos, pessoa jur\u00eddica com direito privado.<\/p>\n<p>&nbsp;<\/p>\n<p>Acompanhe a pagina do Instituto no <a href=\"http:\/\/www.instagram.com\/institutoniemeyer\" target=\"_blank\" rel=\"noopener\">Instagram<\/a> em <a href=\"http:\/\/www.instagram.com\/institutoniemeyer\" target=\"_blank\" rel=\"noopener\">@institutoniemeyer<\/a> e fique por dentro de mais detalhes sobre o evento.<\/p>\n<p>Esperamos voc\u00ea l\u00e1!<\/p>\n<p>Gostou do artigo?<\/p>\n<p>Ent\u00e3o deslize a tela para baixo e<a href=\"https:\/\/br.pinterest.com\/aarquitetapinterest\/_created\/\" target=\"_blank\" rel=\"noopener\"> confira mais dicas<\/a> como esta e n\u00e3o se esque\u00e7a de compartilhar com os amigos!<\/p>\n<p>Quer mais dicas sobre o mundo da Arquitetura e Decora\u00e7\u00e3o, ent\u00e3o confira alguns dos nossos artigos em:<\/p>\n<ul>\n<li><a href=\"https:\/\/www.aarquiteta.com.br\/blog\/paisagismo\/\" target=\"_blank\" rel=\"noopener\">Casa e Jardim<\/a><\/li>\n<li><a href=\"https:\/\/www.aarquiteta.com.br\/blog\/arquitetura\/mundo-arquitetura\/\" target=\"_blank\" rel=\"noopener\">Mundo Arquitetura<\/a><\/li>\n<li><a href=\"https:\/\/www.aarquiteta.com.br\/decoracao\/\" target=\"_blank\" rel=\"noopener\">Decora\u00e7\u00e3o<br \/>\n<\/a><\/li>\n<\/ul>\n","protected":false},"excerpt":{"rendered":"<p>A Segunda edi\u00e7\u00e3o do F\u00f3rum Mundial Niemeyer vem para capital paulista! O F\u00f3rum Mundial Niemeyer \u00e9 um evento em prol de uma sociedade e cidades mais justas, inclusivas, sustent\u00e1veis, eficientes e democr\u00e1ticas, sua primeira edi\u00e7\u00e3o foi realizada entre os dias 16 e 19 de outubro \u2013 no Rio de Janeiro, e reuniu 31 palestrantes do [&hellip;]<\/p>\n","protected":false},"author":102,"featured_media":26770,"comment_status":"closed","ping_status":"closed","sticky":false,"template":"","format":"standard","meta":{"footnotes":""},"categories":[11],"tags":[9080],"class_list":["post-26734","post","type-post","status-publish","format-standard","has-post-thumbnail","category-eventos-a-arquiteta","tag-ii-forum-mundial-niemeyer"],"_wp_attached_file":null,"_wp_attachment_metadata":null,"_wp_attachment_context":null,"_wp_attachment_is_custom_header":null,"geo_longitude":null,"geo_public":null,"geo_latitude":null,"_publicize_done_external":null,"_wpas_done_3897181":null,"publicize_twitter_user":null,"_wpas_done_3897175":null,"_wpas_skip_3897181":null,"_wpas_skip_3897175":null,"_wpas_skip_3924723":null,"_wpas_mess":null,"_wpas_done_3924723":null,"wps_subtitle":"","_links":{"self":[{"href":"https:\/\/www.aarquiteta.com.br\/blog\/wp-json\/wp\/v2\/posts\/26734","targetHints":{"allow":["GET"]}}],"collection":[{"href":"https:\/\/www.aarquiteta.com.br\/blog\/wp-json\/wp\/v2\/posts"}],"about":[{"href":"https:\/\/www.aarquiteta.com.br\/blog\/wp-json\/wp\/v2\/types\/post"}],"author":[{"embeddable":true,"href":"https:\/\/www.aarquiteta.com.br\/blog\/wp-json\/wp\/v2\/users\/102"}],"replies":[{"embeddable":true,"href":"https:\/\/www.aarquiteta.com.br\/blog\/wp-json\/wp\/v2\/comments?post=26734"}],"version-history":[{"count":1,"href":"https:\/\/www.aarquiteta.com.br\/blog\/wp-json\/wp\/v2\/posts\/26734\/revisions"}],"predecessor-version":[{"id":157859,"href":"https:\/\/www.aarquiteta.com.br\/blog\/wp-json\/wp\/v2\/posts\/26734\/revisions\/157859"}],"wp:featuredmedia":[{"embeddable":true,"href":"https:\/\/www.aarquiteta.com.br\/blog\/wp-json\/wp\/v2\/media\/26770"}],"wp:attachment":[{"href":"https:\/\/www.aarquiteta.com.br\/blog\/wp-json\/wp\/v2\/media?parent=26734"}],"wp:term":[{"taxonomy":"category","embeddable":true,"href":"https:\/\/www.aarquiteta.com.br\/blog\/wp-json\/wp\/v2\/categories?post=26734"},{"taxonomy":"post_tag","embeddable":true,"href":"https:\/\/www.aarquiteta.com.br\/blog\/wp-json\/wp\/v2\/tags?post=26734"}],"curies":[{"name":"wp","href":"https:\/\/api.w.org\/{rel}","templated":true}]}}