{"id":26572,"date":"2022-02-23T19:10:54","date_gmt":"2022-02-23T22:10:54","guid":{"rendered":"http:\/\/aarquiteta.com.br\/?p=26572"},"modified":"2022-07-22T10:48:05","modified_gmt":"2022-07-22T13:48:05","slug":"pedra-onix-na-decoracao-de-interiores","status":"publish","type":"post","link":"https:\/\/www.aarquiteta.com.br\/blog\/pedra-onix-na-decoracao-de-interiores\/","title":{"rendered":"Pedra \u00d4nix &#8211; O novo m\u00e1rmore na decora\u00e7\u00e3o de interiores!"},"content":{"rendered":"<figure id=\"attachment_43663\" aria-describedby=\"caption-attachment-43663\" style=\"width: 1200px\" class=\"wp-caption aligncenter\"><img decoding=\"async\" class=\"size-full wp-image-43663\" src=\"https:\/\/www.aarquiteta.com.br\/blog\/wp-content\/uploads\/2022\/02\/Pedra-Onix-O-novo-marmore-na-decoracao-de-interiores.jpg\" alt=\"Pedra \u00d4nix - O novo m\u00e1rmore na decora\u00e7\u00e3o de interiores!\" width=\"1200\" height=\"800\" title=\"\" srcset=\"https:\/\/www.aarquiteta.com.br\/blog\/wp-content\/uploads\/2022\/02\/Pedra-Onix-O-novo-marmore-na-decoracao-de-interiores.jpg 1200w, https:\/\/www.aarquiteta.com.br\/blog\/wp-content\/uploads\/2022\/02\/Pedra-Onix-O-novo-marmore-na-decoracao-de-interiores-1024x683.jpg 1024w, https:\/\/www.aarquiteta.com.br\/blog\/wp-content\/uploads\/2022\/02\/Pedra-Onix-O-novo-marmore-na-decoracao-de-interiores-696x464.jpg 696w, https:\/\/www.aarquiteta.com.br\/blog\/wp-content\/uploads\/2022\/02\/Pedra-Onix-O-novo-marmore-na-decoracao-de-interiores-150x100.jpg 150w\" sizes=\"(max-width: 1200px) 100vw, 1200px\" \/><figcaption id=\"caption-attachment-43663\" class=\"wp-caption-text\">O novo m\u00e1rmore na decora\u00e7\u00e3o de interiores!<\/figcaption><\/figure>\n<p>Pedra \u00d4nix \u2014 O novo m\u00e1rmore na decora\u00e7\u00e3o de interiores!<\/p>\n<p>H\u00e1 uma pedra no mercado que est\u00e1 tomando conta da popularidade do m\u00e1rmore. Esta pedra \u00e9 a \u00f4nix!<\/p>\n<h2>Pedra \u00d4nix \u2014 O novo m\u00e1rmore na decora\u00e7\u00e3o de interiores!<\/h2>\n<h3>Qual \u00e9 a diferen\u00e7a entre o \u00f4nix e o m\u00e1rmore?<\/h3>\n<p>O \u00d4nix pedra, na verdade, \u00e9 uma categoria de m\u00e1rmore\u00a0 e tem muitas das mesmas propriedades. A diferen\u00e7a s\u00e3o os padr\u00f5es impressionantes que tem em cada placa.<\/p>\n<p>\u00d4nix vem em diferentes graus de padr\u00f5es e um arco-\u00edris de cores impressionantes.<\/p>\n<p>Algumas cores de \u00f4nix\u00a0 s\u00e3o mais populares, como o jade, a menta, o rosa-claro e o bronzeado quente funciona bem com as cores atuais da moda.<\/p>\n<p style=\"text-align: left;\"><em>Past\u00e9is empoeirados e tons de terra s\u00e3o as cores mais quentes no momento e os tons quentes da pedra \u00f4nix combinam com o visual:<\/em><\/p>\n<figure id=\"attachment_26592\" aria-describedby=\"caption-attachment-26592\" style=\"width: 1200px\" class=\"wp-caption aligncenter\"><a href=\"https:\/\/www.aarquiteta.com.br\/blog\/wp-content\/uploads\/2019\/07\/Sala_com_parede_de_m\u00e1rmore_tons_pat\u00e9is.jpg\"><img decoding=\"async\" class=\"wp-image-26592\" title=\"Pedra \u00d4nix - O novo m\u00e1rmore na decora\u00e7\u00e3o de interiores!\" src=\"https:\/\/www.aarquiteta.com.br\/blog\/wp-content\/uploads\/2019\/07\/Sala_com_parede_de_m\u00e1rmore_tons_pat\u00e9is.jpg\" alt=\"Pedra \u00d4nix - O novo m\u00e1rmore na decora\u00e7\u00e3o de interiores!\" width=\"1200\" height=\"1024\" srcset=\"https:\/\/www.aarquiteta.com.br\/blog\/wp-content\/uploads\/2019\/07\/Sala_com_parede_de_m\u00e1rmore_tons_pat\u00e9is.jpg 730w, https:\/\/www.aarquiteta.com.br\/blog\/wp-content\/uploads\/2019\/07\/Sala_com_parede_de_m\u00e1rmore_tons_pat\u00e9is-696x594.jpg 696w, https:\/\/www.aarquiteta.com.br\/blog\/wp-content\/uploads\/2019\/07\/Sala_com_parede_de_m\u00e1rmore_tons_pat\u00e9is-150x128.jpg 150w\" sizes=\"(max-width: 1200px) 100vw, 1200px\" \/><\/a><figcaption id=\"caption-attachment-26592\" class=\"wp-caption-text\">Pedra \u00d4nix &#8211; O novo m\u00e1rmore na decora\u00e7\u00e3o de interiores! <em>Imagem: Philipp Shuruev \/ Shutterstock.<\/em><\/figcaption><\/figure>\n<p>Uma qualidade interessante de \u00f4nix \u00e9 a falta de opacidade.<\/p>\n<p>A \u00f4nix pedra \u00e9 mais transl\u00facido que o m\u00e1rmore, tornando-o uma excelente pedra para ilumina\u00e7\u00e3o ou para prop\u00f3sitos criativos, como uma parede ou superf\u00edcie com ilumina\u00e7\u00e3o traseira que lan\u00e7a um brilho e aprimora os padr\u00f5es da pedra.<\/p>\n<p style=\"text-align: left;\"><em>Um painel de \u00f4nix foi iluminado para lan\u00e7ar um brilho e exibir as complexidades da pedra:<\/em><\/p>\n<figure id=\"attachment_26579\" aria-describedby=\"caption-attachment-26579\" style=\"width: 1199px\" class=\"wp-caption aligncenter\"><a href=\"https:\/\/www.aarquiteta.com.br\/blog\/wp-content\/uploads\/2019\/07\/Banheiro_todo_de_m\u00e1more_cor_cinza.jpg\"><img decoding=\"async\" class=\"wp-image-26579\" title=\"Pedra \u00d4nix - O novo m\u00e1rmore na decora\u00e7\u00e3o de interiores!\" src=\"https:\/\/www.aarquiteta.com.br\/blog\/wp-content\/uploads\/2019\/07\/Banheiro_todo_de_m\u00e1more_cor_cinza.jpg\" alt=\"Pedra \u00d4nix - O novo m\u00e1rmore na decora\u00e7\u00e3o de interiores!\" width=\"1199\" height=\"905\" srcset=\"https:\/\/www.aarquiteta.com.br\/blog\/wp-content\/uploads\/2019\/07\/Banheiro_todo_de_m\u00e1more_cor_cinza.jpg 800w, https:\/\/www.aarquiteta.com.br\/blog\/wp-content\/uploads\/2019\/07\/Banheiro_todo_de_m\u00e1more_cor_cinza-696x525.jpg 696w, https:\/\/www.aarquiteta.com.br\/blog\/wp-content\/uploads\/2019\/07\/Banheiro_todo_de_m\u00e1more_cor_cinza-150x113.jpg 150w\" sizes=\"(max-width: 1199px) 100vw, 1199px\" \/><\/a><figcaption id=\"caption-attachment-26579\" class=\"wp-caption-text\">\u00d4nix &#8211; O novo m\u00e1rmore na decora\u00e7\u00e3o de interiores! <em>Imagem: T_A_P \/ Getty Images<\/em><\/figcaption><\/figure>\n<h2>Pedra \u00d4nix \u2014\u00a0 O \u00f4nix em rela\u00e7\u00e3o ao m\u00e1rmore:<\/h2>\n<p>Aqui est\u00e3o algumas ideias de decora\u00e7\u00e3o de \u00f4nix que podem ajud\u00e1-lo a incorporar a pedra no design de sua pr\u00f3xima casa.<\/p>\n<p>Temos at\u00e9 alguns toques caseiros em \u00f4nix nas lojas agora que voc\u00ea pode adicionar ao seu espa\u00e7o para trazer uma textura \u00fanica para o seu quarto.<\/p>\n<h3>1. Ideias de decora\u00e7\u00e3o de \u00d4nix pedra pastel:<\/h3>\n<p>Voc\u00ea encontrar\u00e1 \u00f4nix em rosas, lavanda, tangerina, azul p\u00e1lido e verde-celadon.<\/p>\n<p style=\"text-align: left;\"><em>Uma parede de \u00f4nix adiciona textura e alto luxo a um quarto. Se voc\u00ea estiver com or\u00e7amento ou aluguel, considere o papel de parede com estampa de \u00f4nix:<\/em><\/p>\n<figure id=\"attachment_26582\" aria-describedby=\"caption-attachment-26582\" style=\"width: 1200px\" class=\"wp-caption aligncenter\"><a href=\"https:\/\/www.aarquiteta.com.br\/blog\/wp-content\/uploads\/2019\/07\/Parede_de_\u00f4nix_alto_luxo.jpg\"><img decoding=\"async\" class=\"wp-image-26582\" src=\"https:\/\/www.aarquiteta.com.br\/blog\/wp-content\/uploads\/2019\/07\/Parede_de_\u00f4nix_alto_luxo.jpg\" alt=\"\" width=\"1200\" height=\"904\" title=\"\" srcset=\"https:\/\/www.aarquiteta.com.br\/blog\/wp-content\/uploads\/2019\/07\/Parede_de_\u00f4nix_alto_luxo.jpg 804w, https:\/\/www.aarquiteta.com.br\/blog\/wp-content\/uploads\/2019\/07\/Parede_de_\u00f4nix_alto_luxo-696x525.jpg 696w, https:\/\/www.aarquiteta.com.br\/blog\/wp-content\/uploads\/2019\/07\/Parede_de_\u00f4nix_alto_luxo-150x113.jpg 150w\" sizes=\"(max-width: 1200px) 100vw, 1200px\" \/><\/a><figcaption id=\"caption-attachment-26582\" class=\"wp-caption-text\">\u00d4nix &#8211; O novo m\u00e1rmore na decora\u00e7\u00e3o de interiores! <em>. Imagem: Philipp Shuruev \/ Getty Images.<\/em><\/figcaption><\/figure>\n<p style=\"text-align: left;\"><em>A superf\u00edcie fresca e lisa cria uma \u00f3tima mesa ou balc\u00e3o. Apenas se lembre de dar o mesmo cuidado que voc\u00ea daria ao m\u00e1rmore, j\u00e1 que ambos mancham facilmente:<\/em><\/p>\n<figure id=\"attachment_26591\" aria-describedby=\"caption-attachment-26591\" style=\"width: 1200px\" class=\"wp-caption aligncenter\"><a href=\"https:\/\/www.aarquiteta.com.br\/blog\/wp-content\/uploads\/2019\/07\/Mesa_de_m\u00e1rmore_com_piso_madeira_escuro..jpg\"><img decoding=\"async\" class=\"wp-image-26591\" src=\"https:\/\/www.aarquiteta.com.br\/blog\/wp-content\/uploads\/2019\/07\/Mesa_de_m\u00e1rmore_com_piso_madeira_escuro..jpg\" alt=\"\" width=\"1200\" height=\"948\" title=\"\" srcset=\"https:\/\/www.aarquiteta.com.br\/blog\/wp-content\/uploads\/2019\/07\/Mesa_de_m\u00e1rmore_com_piso_madeira_escuro..jpg 800w, https:\/\/www.aarquiteta.com.br\/blog\/wp-content\/uploads\/2019\/07\/Mesa_de_m\u00e1rmore_com_piso_madeira_escuro.-696x550.jpg 696w, https:\/\/www.aarquiteta.com.br\/blog\/wp-content\/uploads\/2019\/07\/Mesa_de_m\u00e1rmore_com_piso_madeira_escuro.-150x119.jpg 150w\" sizes=\"(max-width: 1200px) 100vw, 1200px\" \/><\/a><figcaption id=\"caption-attachment-26591\" class=\"wp-caption-text\">\u00d4nix &#8211; O novo m\u00e1rmore na decora\u00e7\u00e3o de interiores!\u00a0 <em>Imagem: Philipp Shuruev \/ Getty Images.<\/em><\/figcaption><\/figure>\n<p style=\"text-align: left;\">Uma dram\u00e1tica casa de banho em \u00f4nix rosa d\u00e1 a este grande espa\u00e7o um sabor moderno e, em simult\u00e2neo, art. d\u00e9co:<\/p>\n<figure id=\"attachment_26590\" aria-describedby=\"caption-attachment-26590\" style=\"width: 1200px\" class=\"wp-caption aligncenter\"><a href=\"https:\/\/www.aarquiteta.com.br\/blog\/wp-content\/uploads\/2019\/07\/banheiro_com_m\u00e1rmore_rosa.jpg\"><img decoding=\"async\" class=\"wp-image-26590\" src=\"https:\/\/www.aarquiteta.com.br\/blog\/wp-content\/uploads\/2019\/07\/banheiro_com_m\u00e1rmore_rosa.jpg\" alt=\"\" width=\"1200\" height=\"908\" title=\"\" srcset=\"https:\/\/www.aarquiteta.com.br\/blog\/wp-content\/uploads\/2019\/07\/banheiro_com_m\u00e1rmore_rosa.jpg 800w, https:\/\/www.aarquiteta.com.br\/blog\/wp-content\/uploads\/2019\/07\/banheiro_com_m\u00e1rmore_rosa-696x526.jpg 696w, https:\/\/www.aarquiteta.com.br\/blog\/wp-content\/uploads\/2019\/07\/banheiro_com_m\u00e1rmore_rosa-150x113.jpg 150w\" sizes=\"(max-width: 1200px) 100vw, 1200px\" \/><\/a><figcaption id=\"caption-attachment-26590\" class=\"wp-caption-text\">\u00d4nix &#8211; O novo m\u00e1rmore na decora\u00e7\u00e3o de interiores!\u00a0 Imagem: snorkulencija \/ Shutterstock.<\/figcaption><\/figure>\n<h3>2. \u00d4nix pedra quente-Tonalizado vs. M\u00e1rmore.<\/h3>\n<p>Se voc\u00ea encontrar m\u00e1rmore um pouco frio na cor, os tons de terra cl\u00e1ssicos de \u00f4nix pedra podem ser uma op\u00e7\u00e3o refrescante, especialmente quando combinados com brancos ou cinzas n\u00edtidos.<\/p>\n<p style=\"text-align: left;\"><em>\u00d4nix pode ser uma escolha melhor para um banheiro ou cozinha se o seu espa\u00e7o estiver muito plano ou frio:<\/em><\/p>\n<figure id=\"attachment_26577\" aria-describedby=\"caption-attachment-26577\" style=\"width: 1200px\" class=\"wp-caption aligncenter\"><a href=\"https:\/\/www.aarquiteta.com.br\/blog\/wp-content\/uploads\/2019\/07\/Banheiro_com_pedra_\u00f4nix.jpg\"><img decoding=\"async\" class=\"wp-image-26577\" title=\"Pedra \u00d4nix - O novo m\u00e1rmore na decora\u00e7\u00e3o de interiores!\" src=\"https:\/\/www.aarquiteta.com.br\/blog\/wp-content\/uploads\/2019\/07\/Banheiro_com_pedra_\u00f4nix.jpg\" alt=\"Pedra \u00d4nix - O novo m\u00e1rmore na decora\u00e7\u00e3o de interiores!\" width=\"1200\" height=\"906\" srcset=\"https:\/\/www.aarquiteta.com.br\/blog\/wp-content\/uploads\/2019\/07\/Banheiro_com_pedra_\u00f4nix.jpg 800w, https:\/\/www.aarquiteta.com.br\/blog\/wp-content\/uploads\/2019\/07\/Banheiro_com_pedra_\u00f4nix-696x525.jpg 696w, https:\/\/www.aarquiteta.com.br\/blog\/wp-content\/uploads\/2019\/07\/Banheiro_com_pedra_\u00f4nix-150x113.jpg 150w\" sizes=\"(max-width: 1200px) 100vw, 1200px\" \/><\/a><figcaption id=\"caption-attachment-26577\" class=\"wp-caption-text\">\u00d4nix &#8211; O novo m\u00e1rmore na decora\u00e7\u00e3o de interiores! <em>Imagem: tulcarion \/ Getty Images.<\/em><\/figcaption><\/figure>\n<p style=\"text-align: left;\"><em>Sua sala de p\u00f3 pode ser pequena, mas pode ser dram\u00e1tica. Este apresenta mosaicos de \u00f4nix, bancada e uma pia de navio:<\/em><\/p>\n<figure id=\"attachment_26574\" aria-describedby=\"caption-attachment-26574\" style=\"width: 1200px\" class=\"wp-caption aligncenter\"><a href=\"https:\/\/www.aarquiteta.com.br\/blog\/wp-content\/uploads\/2019\/07\/Bancada_pia_mosaico_de_\u00f4nix.jpg\"><img decoding=\"async\" class=\"wp-image-26574\" title=\"Pedra \u00d4nix - O novo m\u00e1rmore na decora\u00e7\u00e3o de interiores!\" src=\"https:\/\/www.aarquiteta.com.br\/blog\/wp-content\/uploads\/2019\/07\/Bancada_pia_mosaico_de_\u00f4nix.jpg\" alt=\"Pedra \u00d4nix - O novo m\u00e1rmore na decora\u00e7\u00e3o de interiores!\" width=\"1200\" height=\"930\" srcset=\"https:\/\/www.aarquiteta.com.br\/blog\/wp-content\/uploads\/2019\/07\/Bancada_pia_mosaico_de_\u00f4nix.jpg 800w, https:\/\/www.aarquiteta.com.br\/blog\/wp-content\/uploads\/2019\/07\/Bancada_pia_mosaico_de_\u00f4nix-696x539.jpg 696w, https:\/\/www.aarquiteta.com.br\/blog\/wp-content\/uploads\/2019\/07\/Bancada_pia_mosaico_de_\u00f4nix-150x116.jpg 150w\" sizes=\"(max-width: 1200px) 100vw, 1200px\" \/><\/a><figcaption id=\"caption-attachment-26574\" class=\"wp-caption-text\">\u00d4nix &#8211; O novo m\u00e1rmore na decora\u00e7\u00e3o de interiores! <em>Imagem: T_A_P \/ Getty Images.<\/em><\/figcaption><\/figure>\n<p style=\"text-align: left;\"><em>O ouro \u00e9 um dos tons mais populares do \u00f4nix e funciona com praticamente qualquer estilo de design de casa:<\/em><\/p>\n<figure id=\"attachment_26585\" aria-describedby=\"caption-attachment-26585\" style=\"width: 1200px\" class=\"wp-caption aligncenter\"><a href=\"https:\/\/www.aarquiteta.com.br\/blog\/wp-content\/uploads\/2019\/07\/Cozinha_moderna_bancada_na_cor_ouro.jpg\"><img decoding=\"async\" class=\"wp-image-26585\" title=\"Pedra \u00d4nix - O novo m\u00e1rmore na decora\u00e7\u00e3o de interiores!\" src=\"https:\/\/www.aarquiteta.com.br\/blog\/wp-content\/uploads\/2019\/07\/Cozinha_moderna_bancada_na_cor_ouro.jpg\" alt=\"Pedra \u00d4nix - O novo m\u00e1rmore na decora\u00e7\u00e3o de interiores!\" width=\"1200\" height=\"899\" srcset=\"https:\/\/www.aarquiteta.com.br\/blog\/wp-content\/uploads\/2019\/07\/Cozinha_moderna_bancada_na_cor_ouro.jpg 805w, https:\/\/www.aarquiteta.com.br\/blog\/wp-content\/uploads\/2019\/07\/Cozinha_moderna_bancada_na_cor_ouro-696x521.jpg 696w, https:\/\/www.aarquiteta.com.br\/blog\/wp-content\/uploads\/2019\/07\/Cozinha_moderna_bancada_na_cor_ouro-150x112.jpg 150w\" sizes=\"(max-width: 1200px) 100vw, 1200px\" \/><\/a><figcaption id=\"caption-attachment-26585\" class=\"wp-caption-text\">\u00d4nix &#8211; O novo m\u00e1rmore na decora\u00e7\u00e3o de interiores! <em>Imagem: Corinne Labastrous \/ Shutterstock.<\/em><\/figcaption><\/figure>\n<h3>3. Cores de \u00d4nix pedra neutras:<\/h3>\n<p>Se voc\u00ea quiser adicionar textura sem os tons quentes, voc\u00ea encontrar\u00e1 padr\u00f5es de \u00f4nix pedra com preto, bege claro e cinza-claro.<\/p>\n<p style=\"text-align: left;\">Este backsplash da banheira \u00e9 discreto e neutro, mas ainda assim interessante, gra\u00e7as \u00e0s veias da telha de \u00f4nix:<\/p>\n<figure id=\"attachment_26575\" aria-describedby=\"caption-attachment-26575\" style=\"width: 1200px\" class=\"wp-caption aligncenter\"><a href=\"https:\/\/www.aarquiteta.com.br\/blog\/wp-content\/uploads\/2019\/07\/Banheira_branca_envolta_com_pedra_\u00f4nix.jpg\"><img decoding=\"async\" class=\"wp-image-26575\" src=\"https:\/\/www.aarquiteta.com.br\/blog\/wp-content\/uploads\/2019\/07\/Banheira_branca_envolta_com_pedra_\u00f4nix.jpg\" alt=\"\" width=\"1200\" height=\"878\" title=\"\" srcset=\"https:\/\/www.aarquiteta.com.br\/blog\/wp-content\/uploads\/2019\/07\/Banheira_branca_envolta_com_pedra_\u00f4nix.jpg 800w, https:\/\/www.aarquiteta.com.br\/blog\/wp-content\/uploads\/2019\/07\/Banheira_branca_envolta_com_pedra_\u00f4nix-696x509.jpg 696w, https:\/\/www.aarquiteta.com.br\/blog\/wp-content\/uploads\/2019\/07\/Banheira_branca_envolta_com_pedra_\u00f4nix-150x110.jpg 150w\" sizes=\"(max-width: 1200px) 100vw, 1200px\" \/><\/a><figcaption id=\"caption-attachment-26575\" class=\"wp-caption-text\">\u00d4nix &#8211; O novo m\u00e1rmore na decora\u00e7\u00e3o de interiores! <em>Imagem:<\/em> Food Travel Stockforlife \/ Shutterstock.<\/figcaption><\/figure>\n<p style=\"text-align: left;\">Para um efeito dram\u00e1tico, tente adicionar um pouco de \u00f4nix preto a uma sala. O branco \u00e9 de alto contraste e parece uma obra de arte:<\/p>\n<h6 style=\"text-align: center;\"><\/h6>\n<figure id=\"attachment_26593\" aria-describedby=\"caption-attachment-26593\" style=\"width: 1200px\" class=\"wp-caption aligncenter\"><a href=\"https:\/\/www.aarquiteta.com.br\/blog\/wp-content\/uploads\/2019\/07\/Banheiro_com_parede_de_pedra_preta_destacada.jpg\"><img decoding=\"async\" class=\"wp-image-26593\" src=\"https:\/\/www.aarquiteta.com.br\/blog\/wp-content\/uploads\/2019\/07\/Banheiro_com_parede_de_pedra_preta_destacada.jpg\" alt=\"\" width=\"1200\" height=\"950\" title=\"\" srcset=\"https:\/\/www.aarquiteta.com.br\/blog\/wp-content\/uploads\/2019\/07\/Banheiro_com_parede_de_pedra_preta_destacada.jpg 800w, https:\/\/www.aarquiteta.com.br\/blog\/wp-content\/uploads\/2019\/07\/Banheiro_com_parede_de_pedra_preta_destacada-696x551.jpg 696w, https:\/\/www.aarquiteta.com.br\/blog\/wp-content\/uploads\/2019\/07\/Banheiro_com_parede_de_pedra_preta_destacada-150x119.jpg 150w\" sizes=\"(max-width: 1200px) 100vw, 1200px\" \/><\/a><figcaption id=\"caption-attachment-26593\" class=\"wp-caption-text\">\u00d4nix &#8211; O novo m\u00e1rmore na decora\u00e7\u00e3o de interiores!\u00a0 Imagem: Philipp Shuruev \/ Getty Images.<\/figcaption><\/figure>\n<p style=\"text-align: left;\"><em>Isso pode ser\u00a0 um cen\u00e1rio dram\u00e1tico de sala de jantar? <\/em><\/p>\n<figure id=\"attachment_26594\" aria-describedby=\"caption-attachment-26594\" style=\"width: 1200px\" class=\"wp-caption aligncenter\"><a href=\"https:\/\/www.aarquiteta.com.br\/blog\/wp-content\/uploads\/2019\/07\/Sala_de_jantar_com_parede_de_m\u00e1rmore_destacada.jpg\"><img decoding=\"async\" class=\"wp-image-26594\" src=\"https:\/\/www.aarquiteta.com.br\/blog\/wp-content\/uploads\/2019\/07\/Sala_de_jantar_com_parede_de_m\u00e1rmore_destacada.jpg\" alt=\"\" width=\"1200\" height=\"975\" title=\"\" srcset=\"https:\/\/www.aarquiteta.com.br\/blog\/wp-content\/uploads\/2019\/07\/Sala_de_jantar_com_parede_de_m\u00e1rmore_destacada.jpg 800w, https:\/\/www.aarquiteta.com.br\/blog\/wp-content\/uploads\/2019\/07\/Sala_de_jantar_com_parede_de_m\u00e1rmore_destacada-696x566.jpg 696w, https:\/\/www.aarquiteta.com.br\/blog\/wp-content\/uploads\/2019\/07\/Sala_de_jantar_com_parede_de_m\u00e1rmore_destacada-150x122.jpg 150w\" sizes=\"(max-width: 1200px) 100vw, 1200px\" \/><\/a><figcaption id=\"caption-attachment-26594\" class=\"wp-caption-text\">\u00d4nix &#8211; O novo m\u00e1rmore na decora\u00e7\u00e3o de interiores! <em>Imagem: Philipp Shuruev \/ Getty Images.<\/em><\/figcaption><\/figure>\n<p style=\"text-align: left;\"><em>Um banheiro de \u00f4nix cinza parece contempor\u00e2neo e \u00fanico:<\/em><\/p>\n<figure id=\"attachment_26578\" aria-describedby=\"caption-attachment-26578\" style=\"width: 1200px\" class=\"wp-caption aligncenter\"><a href=\"https:\/\/www.aarquiteta.com.br\/blog\/wp-content\/uploads\/2019\/07\/Banheiro_de_\u00f4nix_cinza.jpg\"><img decoding=\"async\" class=\"wp-image-26578\" src=\"https:\/\/www.aarquiteta.com.br\/blog\/wp-content\/uploads\/2019\/07\/Banheiro_de_\u00f4nix_cinza.jpg\" alt=\"\u00d4nix - O novo m\u00e1rmore na decora\u00e7\u00e3o de interiores!\" width=\"1200\" height=\"939\" title=\"\" srcset=\"https:\/\/www.aarquiteta.com.br\/blog\/wp-content\/uploads\/2019\/07\/Banheiro_de_\u00f4nix_cinza.jpg 804w, https:\/\/www.aarquiteta.com.br\/blog\/wp-content\/uploads\/2019\/07\/Banheiro_de_\u00f4nix_cinza-696x545.jpg 696w, https:\/\/www.aarquiteta.com.br\/blog\/wp-content\/uploads\/2019\/07\/Banheiro_de_\u00f4nix_cinza-150x117.jpg 150w\" sizes=\"(max-width: 1200px) 100vw, 1200px\" \/><\/a><figcaption id=\"caption-attachment-26578\" class=\"wp-caption-text\">\u00d4nix &#8211; O novo m\u00e1rmore na decora\u00e7\u00e3o de interiores! <em>Imagem: Vadim Ovchinnikov \/ Shutterstock.<\/em><\/figcaption><\/figure>\n<pre>Refer\u00eancia:<span class=\"author-info\">\u00a0Cynthia Bowman<\/span><\/pre>\n<h2>Pedra \u00d4nix &#8211; O novo m\u00e1rmore na decora\u00e7\u00e3o de interiores:<\/h2>\n<h2>E a\u00ed? Voc\u00ea gostou das dicas sobre a Pedra \u00d4nix \u2014 O novo m\u00e1rmore na decora\u00e7\u00e3o de interiores?<\/h2>\n<p>Ent\u00e3o deslize a tela para baixo e<a href=\"https:\/\/br.pinterest.com\/aarquitetapinterest\/_created\/\" target=\"_blank\" rel=\"noopener\"> confira mais dicas<\/a> como esta e n\u00e3o se esque\u00e7a de compartilhar com os amigos!<\/p>\n<p>Quer mais dicas sobre o mundo da Arquitetura e Decora\u00e7\u00e3o? Ent\u00e3o decore f\u00e1cil sem mist\u00e9rios, confira alguns dos nossos artigos em:<\/p>\n<ul>\n<li style=\"list-style-type: none;\">\n<ul>\n<li><a href=\"https:\/\/www.aarquiteta.com.br\/blog\/paisagismo\/\" target=\"_blank\" rel=\"noopener\">Casa e Jardim<\/a><\/li>\n<li><a href=\"https:\/\/www.aarquiteta.com.br\/blog\/arquitetura\/mundo-arquitetura\/\" target=\"_blank\" rel=\"noopener\">Mundo Arquitetura<\/a><\/li>\n<li><a href=\"https:\/\/www.aarquiteta.com.br\/decoracao\/\" target=\"_blank\" rel=\"noopener\">Decora\u00e7\u00e3o<br \/>\n<\/a><\/li>\n<\/ul>\n<\/li>\n<\/ul>\n<p>&nbsp;<\/p>\n","protected":false},"excerpt":{"rendered":"<p>Pedra \u00d4nix \u2014 O novo m\u00e1rmore na decora\u00e7\u00e3o de interiores! H\u00e1 uma pedra no mercado que est\u00e1 tomando conta da popularidade do m\u00e1rmore. Esta pedra \u00e9 a \u00f4nix! Pedra \u00d4nix \u2014 O novo m\u00e1rmore na decora\u00e7\u00e3o de interiores! Qual \u00e9 a diferen\u00e7a entre o \u00f4nix e o m\u00e1rmore? O \u00d4nix pedra, na verdade, \u00e9 uma [&hellip;]<\/p>\n","protected":false},"author":102,"featured_media":43663,"comment_status":"closed","ping_status":"closed","sticky":false,"template":"","format":"standard","meta":{"footnotes":""},"categories":[1484],"tags":[137,9074,9075,1028],"class_list":["post-26572","post","type-post","status-publish","format-standard","has-post-thumbnail","category-decoracao","tag-arquitetura","tag-artes-destaque","tag-coracao","tag-design-de-interiores"],"_wp_attached_file":null,"_wp_attachment_metadata":null,"_wp_attachment_context":null,"_wp_attachment_is_custom_header":null,"geo_longitude":null,"geo_public":null,"geo_latitude":null,"_publicize_done_external":null,"_wpas_done_3897181":null,"publicize_twitter_user":null,"_wpas_done_3897175":null,"_wpas_skip_3897181":null,"_wpas_skip_3897175":null,"_wpas_skip_3924723":null,"_wpas_mess":null,"_wpas_done_3924723":null,"wps_subtitle":"O \u00d3nix \u00e9 a pedra da vez! Confira as dicas de como usar essa pedra na decora\u00e7\u00e3o da sua casa!","_links":{"self":[{"href":"https:\/\/www.aarquiteta.com.br\/blog\/wp-json\/wp\/v2\/posts\/26572","targetHints":{"allow":["GET"]}}],"collection":[{"href":"https:\/\/www.aarquiteta.com.br\/blog\/wp-json\/wp\/v2\/posts"}],"about":[{"href":"https:\/\/www.aarquiteta.com.br\/blog\/wp-json\/wp\/v2\/types\/post"}],"author":[{"embeddable":true,"href":"https:\/\/www.aarquiteta.com.br\/blog\/wp-json\/wp\/v2\/users\/102"}],"replies":[{"embeddable":true,"href":"https:\/\/www.aarquiteta.com.br\/blog\/wp-json\/wp\/v2\/comments?post=26572"}],"version-history":[{"count":0,"href":"https:\/\/www.aarquiteta.com.br\/blog\/wp-json\/wp\/v2\/posts\/26572\/revisions"}],"wp:featuredmedia":[{"embeddable":true,"href":"https:\/\/www.aarquiteta.com.br\/blog\/wp-json\/wp\/v2\/media\/43663"}],"wp:attachment":[{"href":"https:\/\/www.aarquiteta.com.br\/blog\/wp-json\/wp\/v2\/media?parent=26572"}],"wp:term":[{"taxonomy":"category","embeddable":true,"href":"https:\/\/www.aarquiteta.com.br\/blog\/wp-json\/wp\/v2\/categories?post=26572"},{"taxonomy":"post_tag","embeddable":true,"href":"https:\/\/www.aarquiteta.com.br\/blog\/wp-json\/wp\/v2\/tags?post=26572"}],"curies":[{"name":"wp","href":"https:\/\/api.w.org\/{rel}","templated":true}]}}