{"id":26511,"date":"2022-07-05T09:00:04","date_gmt":"2022-07-05T12:00:04","guid":{"rendered":"http:\/\/aarquiteta.com.br\/?p=26511"},"modified":"2024-09-13T17:02:09","modified_gmt":"2024-09-13T20:02:09","slug":"fitas-de-led-no-quarto","status":"publish","type":"post","link":"https:\/\/www.aarquiteta.com.br\/blog\/fitas-de-led-no-quarto\/","title":{"rendered":"Fitas de LED no Quarto: 4 formas criativas de utiliz\u00e1-las. Veja como!"},"content":{"rendered":"<p>Fitas de LED no <a href=\"https:\/\/www.aarquiteta.com.br\/blog\/?s=quarto\">Quarto<\/a>: 4 formas criativas de utiliz\u00e1-las. Veja como!\u00a0 Confira as melhores dicas de Decora\u00e7\u00e3o que separamos para voc\u00ea decorar sua casa e deix\u00e1-la ainda mais aconchegante!<\/p><p>Pensando em reformar seus arm\u00e1rios ou dar-lhes uma nova cara?\u00a0Neste artigo voc\u00ea encontrar\u00e1 ideias para solu\u00e7\u00e3o de <a href=\"https:\/\/www.aarquiteta.com.br\/blog\/?s=ILUMINA%C3%87%C3%83O\">ilumina\u00e7\u00e3o<\/a> que ajudar\u00e1 voc\u00ea a maximizar o potencial do seu arm\u00e1rio tornado-o mais atraente.<\/p><p><img decoding=\"async\" class=\"alignnone size-full wp-image-40272\" src=\"https:\/\/www.aarquiteta.com.br\/blog\/wp-content\/uploads\/2022\/01\/fita-de-led-para-armario.jpg\" alt=\"\" width=\"500\" height=\"500\" title=\"\" srcset=\"https:\/\/www.aarquiteta.com.br\/blog\/wp-content\/uploads\/2022\/01\/fita-de-led-para-armario.jpg 500w, https:\/\/www.aarquiteta.com.br\/blog\/wp-content\/uploads\/2022\/01\/fita-de-led-para-armario-96x96.jpg 96w, https:\/\/www.aarquiteta.com.br\/blog\/wp-content\/uploads\/2022\/01\/fita-de-led-para-armario-150x150.jpg 150w\" sizes=\"(max-width: 500px) 100vw, 500px\" \/><\/p><p>A boa not\u00edcia \u00e9 que isso \u00e9 mais f\u00e1cil do que voc\u00ea imagina!\u00a0D\u00e1 para projetar a ilumina\u00e7\u00e3o do seu arm\u00e1rio de maneira simples e a um pre\u00e7o acess\u00edvel. Confira as dicas!<\/p><h2>Ilumina\u00e7\u00e3o de LED no quarto &#8211; Escolhendo a l\u00e2mpada ideal:<\/h2><h3>L\u00e2mpadas fluorescentes ou <a href=\"https:\/\/amzn.to\/3ah2GYj\" target=\"_blank\" rel=\"noopener\">LED<\/a>?<\/h3><p>A ilumina\u00e7\u00e3o fluorescente ainda \u00e9 uma escolha popular para arm\u00e1rios, pois ela \u00e9 fria e uma das melhores op\u00e7\u00f5es para economizar energia.<\/p><p>Por esses motivos s\u00e3o bem recomendadas, mas com algumas ressalvas.<\/p><p>Com tantas op\u00e7\u00f5es de l\u00e2mpadas dispon\u00edveis no mercado, as l\u00e2mpadas fluorescentes s\u00e3o um bom meio-termo no quesito custo, por\u00e9m s\u00e3o os modelos de lampadas que menos duram, pois, s\u00e3o as que mais queimam.<\/p><figure id=\"attachment_32780\" aria-describedby=\"caption-attachment-32780\" style=\"width: 1100px\" class=\"wp-caption aligncenter\"><a href=\"https:\/\/www.aarquiteta.com.br\/blog\/wp-content\/uploads\/2020\/03\/Arm\u00e1rio_de_roupas_cor_de_rosa.jpg\"><img decoding=\"async\" class=\"wp-image-32780\" title=\"Ilumina\u00e7\u00e3o de LED - Adicione luz em seus arm\u00e1rios!\" src=\"https:\/\/www.aarquiteta.com.br\/blog\/wp-content\/uploads\/2020\/03\/Arm\u00e1rio_de_roupas_cor_de_rosa.jpg\" alt=\"Ilumina\u00e7\u00e3o de LED - Adicione luz em seus arm\u00e1rios!\" width=\"1100\" height=\"551\" srcset=\"https:\/\/www.aarquiteta.com.br\/blog\/wp-content\/uploads\/2020\/03\/Arm\u00e1rio_de_roupas_cor_de_rosa.jpg 768w, https:\/\/www.aarquiteta.com.br\/blog\/wp-content\/uploads\/2020\/03\/Arm\u00e1rio_de_roupas_cor_de_rosa-696x349.jpg 696w, https:\/\/www.aarquiteta.com.br\/blog\/wp-content\/uploads\/2020\/03\/Arm\u00e1rio_de_roupas_cor_de_rosa-150x75.jpg 150w\" sizes=\"(max-width: 1100px) 100vw, 1100px\" \/><\/a><figcaption id=\"caption-attachment-32780\" class=\"wp-caption-text\">Ilumina\u00e7\u00e3o de LED &#8211; Adicione luz em seus arm\u00e1rios!<\/figcaption><\/figure><p>Essa \u00e9 uma das raz\u00f5es pelas quais voc\u00ea pode considerar utilizar l\u00e2mpadas de diodo emissor de luz (LEDs).<\/p><p><iframe style=\"width: 120px; height: 240px;\" src=\"\/\/ws-na.amazon-adsystem.com\/widgets\/q?ServiceVersion=20070822&amp;OneJS=1&amp;Operation=GetAdHtml&amp;MarketPlace=BR&amp;source=ss&amp;ref=as_ss_li_til&amp;ad_type=product_link&amp;tracking_id=aarquiteta-20&amp;language=pt_BR&amp;marketplace=amazon&amp;region=BR&amp;placement=B09Q38CLSX&amp;asins=B09Q38CLSX&amp;linkId=4d7087a6da826fb2982248129ba083a7&amp;show_border=true&amp;link_opens_in_new_window=true\" frameborder=\"0\" marginwidth=\"0\" marginheight=\"0\" scrolling=\"no\" sandbox=\"allow-popups allow-scripts allow-modals allow-forms allow-same-origin\"><\/iframe><\/p><p>A princ\u00edpio, elas s\u00e3o mais caras se comparadas as lampadas fluorecentes, mas s\u00e3o melhores em imitar uma l\u00e2mpada incandescente tradicional, porque o brilho quente impede que as <a href=\"https:\/\/www.aarquiteta.com.br\/blog\/?s=CORES\">cores<\/a> pare\u00e7am fortes e desbotadas.<\/p><p>Por isso sugerimos LEDs,\u00a0 especificamente aquelas que permitem selecionar a temperatura da cor.<\/p><h2>Ilumina\u00e7\u00e3o de LED &#8211;\u00a0Como escolher a melhor alimenta\u00e7\u00e3o de energia.<\/h2><p>No caso dos arm\u00e1rios j\u00e1 estarem instalados e n\u00e3o existir passagem de fia\u00e7\u00e3o permanente r\u00edgida a solu\u00e7\u00e3o \u00e9 utilizar lumin\u00e1rias a pilha ou a bateria.<\/p><p>Por outro lado, uma lumin\u00e1ria sem fio conectada diretamente a uma fonte de energia oferece mais flexibilidade, pois voc\u00ea n\u00e3o precisa depender de uma tomada para a sua utiliza\u00e7\u00e3o.<\/p>[amazon table=&#8221;83070&#8243;]<p class=\"body-text\">No entanto, a despesa adicional com a instala\u00e7\u00e3o da fia\u00e7\u00e3o permanente r\u00edgida pode valer a pena, j\u00e1 que tamb\u00e9m \u00e9 bom n\u00e3o ter que se preocupar com reposi\u00e7\u00e3o de pilhas ou ter que recarregar eventualmente uma lumin\u00e1ria, por isso considere a instala\u00e7\u00e3o.<\/p><figure id=\"attachment_32781\" aria-describedby=\"caption-attachment-32781\" style=\"width: 1100px\" class=\"wp-caption aligncenter\"><a href=\"https:\/\/www.aarquiteta.com.br\/blog\/wp-content\/uploads\/2020\/03\/Arm\u00e1rio_de_roupas_em_tons_cinza_e_bege.jpg\"><img decoding=\"async\" class=\"wp-image-32781\" title=\"Ilumina\u00e7\u00e3o de LED - Adicione luz em seus arm\u00e1rios!\" src=\"https:\/\/www.aarquiteta.com.br\/blog\/wp-content\/uploads\/2020\/03\/Arm\u00e1rio_de_roupas_em_tons_cinza_e_bege.jpg\" alt=\"Ilumina\u00e7\u00e3o de LED - Adicione luz em seus arm\u00e1rios!\" width=\"1100\" height=\"733\" srcset=\"https:\/\/www.aarquiteta.com.br\/blog\/wp-content\/uploads\/2020\/03\/Arm\u00e1rio_de_roupas_em_tons_cinza_e_bege.jpg 768w, https:\/\/www.aarquiteta.com.br\/blog\/wp-content\/uploads\/2020\/03\/Arm\u00e1rio_de_roupas_em_tons_cinza_e_bege-696x464.jpg 696w, https:\/\/www.aarquiteta.com.br\/blog\/wp-content\/uploads\/2020\/03\/Arm\u00e1rio_de_roupas_em_tons_cinza_e_bege-150x100.jpg 150w\" sizes=\"(max-width: 1100px) 100vw, 1100px\" \/><\/a><figcaption id=\"caption-attachment-32781\" class=\"wp-caption-text\">Ilumina\u00e7\u00e3o de LED &#8211; Adicione luz em seus arm\u00e1rios!<\/figcaption><\/figure><h3>Ilumina\u00e7\u00e3o de LED de apoio:<\/h3><p class=\"body-text\">Outra quest\u00e3o sobre ilumina\u00e7\u00e3o \u00e9 sobre a necessidade de\u00a0 utiliza\u00e7\u00e3o de luz direcionada a uma cena em espec\u00edfico.<\/p><p class=\"body-text\">Neste caso, a luz vinda de uma lumin\u00e1ria pendente conectada \u00e0 parede \u00e9 melhor op\u00e7\u00e3o para se ter cantos\u00a0 para leitura.<\/p><p>Hoje j\u00e1 existem lumin\u00e1rias tamb\u00e9m alimentadas por bateria ou pilhas.<\/p><p>Pense em instal\u00e1-la em um local em que voc\u00ea n\u00e3o a use diariamente.<\/p><p class=\"body-text\">Caso contr\u00e1rio, vale a pena investir em um eletricista para instalar uma luz com fio alimentada por uma tomada.<\/p><figure id=\"attachment_40275\" aria-describedby=\"caption-attachment-40275\" style=\"width: 905px\" class=\"wp-caption aligncenter\"><img decoding=\"async\" class=\"wp-image-40275 size-full\" title=\"Ilumina\u00e7\u00e3o de LED - Adicione luz em seus arm\u00e1rios!\" src=\"https:\/\/www.aarquiteta.com.br\/blog\/wp-content\/uploads\/2022\/01\/luz-de-canto.jpg\" alt=\"Ilumina\u00e7\u00e3o de LED - Adicione luz em seus arm\u00e1rios!\" width=\"905\" height=\"597\" srcset=\"https:\/\/www.aarquiteta.com.br\/blog\/wp-content\/uploads\/2022\/01\/luz-de-canto.jpg 905w, https:\/\/www.aarquiteta.com.br\/blog\/wp-content\/uploads\/2022\/01\/luz-de-canto-696x459.jpg 696w, https:\/\/www.aarquiteta.com.br\/blog\/wp-content\/uploads\/2022\/01\/luz-de-canto-150x99.jpg 150w\" sizes=\"(max-width: 905px) 100vw, 905px\" \/><figcaption id=\"caption-attachment-40275\" class=\"wp-caption-text\">Ilumina\u00e7\u00e3o para Arm\u00e1rios &#8211; Dicas para escolher a melhor! Design criado por Ana Karina Chaves e Klazina Norden<\/figcaption><\/figure><h3>Fita de LED branca:<\/h3><p class=\"body-text\">A utiliza\u00e7\u00e3o de fitas de LED em arm\u00e1rios \u00e9 outra op\u00e7\u00e3o que custa pouco e oferece uma \u00f3tima solu\u00e7\u00e3o.<\/p><p class=\"body-text\">A temperatura da cor pode ser selecionada e \u00e9 uma op\u00e7\u00e3o muito acess\u00edvel.<\/p><p>Os cabos de alimenta\u00e7\u00e3o podem ser escondidos facilmente, por isso \u00e9 uma op\u00e7\u00e3o vi\u00e1vel para arm\u00e1rios de menor porte.<\/p><p class=\"body-text\">A fita pode ser passada ao longo de uma moldura de porta ou acima das prateleiras do arm\u00e1rio, e em algumas op\u00e7\u00f5es, elas at\u00e9 v\u00eam com controle remoto.<\/p><figure id=\"attachment_40272\" aria-describedby=\"caption-attachment-40272\" style=\"width: 1100px\" class=\"wp-caption aligncenter\"><img decoding=\"async\" class=\"wp-image-40272\" title=\"Ilumina\u00e7\u00e3o de LED - Adicione luz em seus arm\u00e1rios!\" src=\"https:\/\/www.aarquiteta.com.br\/blog\/wp-content\/uploads\/2022\/01\/fita-de-led-para-armario.jpg\" alt=\"Ilumina\u00e7\u00e3o de LED - Adicione luz em seus arm\u00e1rios!\" width=\"1100\" height=\"1100\" srcset=\"https:\/\/www.aarquiteta.com.br\/blog\/wp-content\/uploads\/2022\/01\/fita-de-led-para-armario.jpg 500w, https:\/\/www.aarquiteta.com.br\/blog\/wp-content\/uploads\/2022\/01\/fita-de-led-para-armario-96x96.jpg 96w, https:\/\/www.aarquiteta.com.br\/blog\/wp-content\/uploads\/2022\/01\/fita-de-led-para-armario-150x150.jpg 150w\" sizes=\"(max-width: 1100px) 100vw, 1100px\" \/><figcaption id=\"caption-attachment-40272\" class=\"wp-caption-text\">Ilumina\u00e7\u00e3o de LED &#8211; Adicione luz em seus arm\u00e1rios!<\/figcaption><\/figure><p class=\"body-text\">Como \u00e9 o LED, pode durar muito mais tempo do que uma luz fluorescente ou a pilha.<\/p><p>A vantagem da fita de LED \u00e9 que voc\u00ea pode prend\u00ea-la em qualquer lugar e cort\u00e1-la no comprimento que\u00a0 precisar.<\/p><p>Apenas se certifique de fixar o plugue em algum lugar de f\u00e1cil acesso, para voc\u00ea poder ligar e desligar facilmente a fita.<\/p><p>Eles exigem um plugue, mas os cabos geralmente s\u00e3o finos para voc\u00ea poder prender o fio fora do seu arm\u00e1rio e aliment\u00e1-lo \u00e0 tomada mais pr\u00f3xima.<\/p><h2><a href=\"https:\/\/amzn.to\/3nCRTuz\" target=\"_blank\" rel=\"noopener\">Fita LED Inteligente AGL, Wi-Fi, 3 metros, Compat\u00edvel com Alexa &#8211; bivolt\u00a0<\/a><\/h2><p>Controle \u00e0 dist\u00e2ncia via aplicativo AGL Home ou Comando de Voz, programa\u00e7\u00e3o de timer para ligar e desligar automaticamente. A fita de LED conta com 90 Led`s por metro. Ilumina muito!<\/p><p><iframe style=\"width: 120px; height: 240px;\" src=\"\/\/ws-na.amazon-adsystem.com\/widgets\/q?ServiceVersion=20070822&amp;OneJS=1&amp;Operation=GetAdHtml&amp;MarketPlace=BR&amp;source=ss&amp;ref=as_ss_li_til&amp;ad_type=product_link&amp;tracking_id=aarquiteta-20&amp;language=pt_BR&amp;marketplace=amazon&amp;region=BR&amp;placement=B08VLFBX6C&amp;asins=B08VLFBX6C&amp;linkId=af3d3b151e00f587ac84f1f5beb644c5&amp;show_border=true&amp;link_opens_in_new_window=true\" frameborder=\"0\" marginwidth=\"0\" marginheight=\"0\" scrolling=\"no\" sandbox=\"allow-popups allow-scripts allow-modals allow-forms allow-same-origin\"><\/iframe><\/p><h3>Barras de LED:<\/h3><p>A Barra de LED \u00e9 uma \u00f3tima op\u00e7\u00e3o para criar uma ilumina\u00e7\u00e3o diferenciada no interior de arm\u00e1rios em geral.<\/p><p>A maioria dos modelos possui acendimento via sensor de movimento, facilitando o uso do produto, al\u00e9m de ser mais higi\u00eanico e moderno.<\/p><p>Possuem regulagem de intensidade da luz, e sua \u00e1rea de capta\u00e7\u00e3o do sensor gira em torno de 1 a 6 cent\u00edmetros.<\/p><p>Possuem uma acabando refinado em alum\u00ednio o que confere ao ambiente um toque especial.<\/p><figure id=\"attachment_40273\" aria-describedby=\"caption-attachment-40273\" style=\"width: 1100px\" class=\"wp-caption aligncenter\"><img decoding=\"async\" class=\"wp-image-40273\" src=\"https:\/\/www.aarquiteta.com.br\/blog\/wp-content\/uploads\/2022\/01\/barras-de-led.jpg\" alt=\"\" width=\"1100\" height=\"777\" title=\"\" srcset=\"https:\/\/www.aarquiteta.com.br\/blog\/wp-content\/uploads\/2022\/01\/barras-de-led.jpg 813w, https:\/\/www.aarquiteta.com.br\/blog\/wp-content\/uploads\/2022\/01\/barras-de-led-696x491.jpg 696w, https:\/\/www.aarquiteta.com.br\/blog\/wp-content\/uploads\/2022\/01\/barras-de-led-150x106.jpg 150w\" sizes=\"(max-width: 1100px) 100vw, 1100px\" \/><figcaption id=\"caption-attachment-40273\" class=\"wp-caption-text\">Ilumina\u00e7\u00e3o de LED &#8211; Adicione luz em seus arm\u00e1rios!<\/figcaption><\/figure><p>S\u00e3o extremamente econ\u00f4micas no consumo, n\u00e3o trazendo problemas em suas contas de energia, no entanto, quando comparadas ao valor do investimento\u00a0 das fitas de LED, o custo beneficio deve ser devidamente avaliado ao or\u00e7amento.<\/p><p>Geralmente s\u00e3o de f\u00e1cil instala\u00e7\u00e3o, pois contam com um plug espec\u00edfico para o distribuidor de padr\u00e3o da fonte, sem precisar fazer nenhum tipo de emenda de fios ou algo do tipo, basta conectar.<\/p><h2>Ilumina\u00e7\u00e3o para Arm\u00e1rios: Cuidados e segura:<\/h2><p>Acesse a minha <a href=\"https:\/\/www.amazon.com.br\/hz\/wishlist\/ls\/3OIYS6PJE96TG?ref_=wl_share\" target=\"_blank\" rel=\"noopener\">lista de favoritos da Amazon<\/a> e conhe\u00e7a os produtos em promo\u00e7\u00e3o e com frete gr\u00e1tis: acesse <a href=\"https:\/\/www.amazon.com.br\/hz\/wishlist\/ls\/3RCIGEQGPBTQX#\" target=\"_blank\" rel=\"noopener\">site da Amazon.\u00a0<\/a><\/p><h3>Seguran\u00e7a:<\/h3><p>Obviamente, n\u00e3o importa qual modelo de ilumina\u00e7\u00e3o voc\u00ea escolha voc\u00ea dever\u00e1 sempre presar pela seguran\u00e7a como uma prioridade.<\/p><p>Para isso projete pelo menos 20 cm de dist\u00e2ncia entre uma lumin\u00e1ria e os itens que est\u00e3o sendo armazenados no arm\u00e1rio.<\/p><p>Qualquer lumin\u00e1ria que tenha uma l\u00e2mpada exposta pode ficar muito quente, por isso \u00e9 melhor usar uma lumin\u00e1ria\u00a0 protegia por um copo ou uma tampa.<\/p><h3><strong>Funcionalidade:<\/strong><\/h3><p>Antes de comprar sua lumin\u00e1ria, considere checar a funcionalidade do uso da ilumina\u00e7\u00e3o que voc\u00ea deseja para o seu ambiente.<\/p><p>Se voc\u00ea\u00a0 estiver projetando um closet de maior tamanho, com muitas portas de arm\u00e1rio, por exemplo, provavelmente ser\u00e1 necess\u00e1rio pensar em duas op\u00e7\u00f5es de ilumina\u00e7\u00e3o funcionais:<\/p><p>1 \u2014 <strong>Uma op\u00e7\u00e3o fraca<\/strong> para os momentos em que voc\u00ea estiver relaxando durante a noite, e havendo a necessidade de se deslocar at\u00e9 o <a href=\"https:\/\/www.aarquiteta.com.br\/blog\/?s=BANHEIRO\">banheiro<\/a>, por exemplo. Neste caso pense na instala\u00e7\u00e3o de luzes baixa para evitar acidentes com trope\u00e7os no escuro.<\/p><p>Para esta situa\u00e7\u00e3o uma op\u00e7\u00e3o \u00e9 utilizar luz baixa suficiente apenas para iluminar o caminho.<\/p><p>Fitas de LED instaladas abaixo dos arm\u00e1rios ou em cantos espec\u00edficos podem ser de grande utilidade para esta situa\u00e7\u00e3o.<\/p><p>Neste caso estude qual das solu\u00e7\u00f5es aqui apresentadas adotar para alimentar esta ilumina\u00e7\u00e3o, se por pilhas ou baterias, ou uma tomada.<\/p><p>2 \u2014 <strong>Outra op\u00e7\u00e3o \u00e9 uma luz mais brilhante <\/strong>que permite que voc\u00ea consiga se trocar enquanto permite que voc\u00ea visualize claramente se o su\u00e9ter que voc\u00ea est\u00e1 vestindo \u00e9, de fato, azul-marinho e n\u00e3o preto.<\/p><p>Neste caso pense em uma ilumina\u00e7\u00e3o projetada em frente a espelhos, de mo do que voc\u00ea use ilumina\u00e7\u00e3o sem a necessidade de acender a l\u00e2mpada geral do ambiente. Neste caso o foco da luz \u00e9 somente em voc\u00ea!<\/p><h2>Ilumina\u00e7\u00e3o de LED &#8211; Aten\u00e7\u00e3o ao Design:<\/h2><h3>Beleza e Est\u00e9tica:<\/h3><p class=\"body-text\">Quando o assunto \u00e9 decora\u00e7\u00e3o, a ilumina\u00e7\u00e3o dos arm\u00e1rios tamb\u00e9m deve ser bonita e atraente.<\/p><p class=\"body-text\">A luz brilhante \u00e9 uma op\u00e7\u00e3o melhor quando projetada para iluminar arm\u00e1rios maiores e com espelho acoplado.<\/p><p class=\"body-text\">A luzes embutidas no teto projetam sombras pouco brilhantes, portanto, verifique se ela est\u00e1 bem posicionada e, se poss\u00edvel, proveniente de mais de uma fonte, para evitar uma apar\u00eancia dura, marcada do tipo que gera sombras que causem olheiras os moradores.<\/p><p class=\"body-text\">No caso de voc\u00ea possuir uma c\u00f4moda, ou uma penteadeira, considere estiliz\u00e1-la com uma luz somente para ela, tanto para fins de funcionalidade quanto para tornar o espa\u00e7o confort\u00e1vel.<\/p><figure id=\"attachment_40274\" aria-describedby=\"caption-attachment-40274\" style=\"width: 1100px\" class=\"wp-caption aligncenter\"><img decoding=\"async\" class=\"wp-image-40274\" src=\"https:\/\/www.aarquiteta.com.br\/blog\/wp-content\/uploads\/2022\/01\/penteadeira.jpg\" alt=\"\" width=\"1100\" height=\"732\" title=\"\" srcset=\"https:\/\/www.aarquiteta.com.br\/blog\/wp-content\/uploads\/2022\/01\/penteadeira.jpg 1104w, https:\/\/www.aarquiteta.com.br\/blog\/wp-content\/uploads\/2022\/01\/penteadeira-1024x682.jpg 1024w, https:\/\/www.aarquiteta.com.br\/blog\/wp-content\/uploads\/2022\/01\/penteadeira-696x463.jpg 696w, https:\/\/www.aarquiteta.com.br\/blog\/wp-content\/uploads\/2022\/01\/penteadeira-150x100.jpg 150w\" sizes=\"(max-width: 1100px) 100vw, 1100px\" \/><figcaption id=\"caption-attachment-40274\" class=\"wp-caption-text\">Ilumina\u00e7\u00e3o de LED &#8211; Adicione luz em seus arm\u00e1rios!<\/figcaption><\/figure><h2>Onde utilizar Fit de LED?<\/h2><h3>1. Fitas de led debaixo das escadas.<\/h3><p>Para quem dar um ar mais elegante para sua casa, uma ideia \u00e9 colocar as tiras de LED embaixo das escadas ou entre os degraus, por exemplo.<\/p><p>A ilumina\u00e7\u00e3o deixa cada um deles com um brilho bastante discreto e criando um ambiente mais seguro.<\/p><figure id=\"attachment_43079\" aria-describedby=\"caption-attachment-43079\" style=\"width: 1026px\" class=\"wp-caption aligncenter\"><img decoding=\"async\" class=\"wp-image-43079\" title=\"Fitas de LED: 4 formas criativas de utiliz\u00e1-las. Veja como!\" src=\"https:\/\/www.aarquiteta.com.br\/blog\/wp-content\/uploads\/2021\/11\/fita-de-led-escada.jpg\" alt=\"Fitas de LED: 4 formas criativas de utiliz\u00e1-las. Veja como!\" width=\"1026\" height=\"1100\" srcset=\"https:\/\/www.aarquiteta.com.br\/blog\/wp-content\/uploads\/2021\/11\/fita-de-led-escada.jpg 487w, https:\/\/www.aarquiteta.com.br\/blog\/wp-content\/uploads\/2021\/11\/fita-de-led-escada-150x161.jpg 150w\" sizes=\"(max-width: 1026px) 100vw, 1026px\" \/><figcaption id=\"caption-attachment-43079\" class=\"wp-caption-text\">Fitas de LED: 4 formas criativas de utiliz\u00e1-las. Veja como!<\/figcaption><\/figure><p>Agora, para quem est\u00e1 pensando em um ambiente mais criativo, a dica \u00e9 experimentar tiras de LED coloridas.<\/p><p>As tonalidades podem, inclusive, combinar com as cores dos ambientes onde est\u00e3o instaladas.<\/p><p>Al\u00e9m de alegrar o dia a dia, essa \u00e9 uma \u00f3tima op\u00e7\u00e3o para a decora\u00e7\u00e3o daquela festa ou, ainda, para animar o seu jardim ou a entrada de casa.<\/p><h3>2. Fitas de led no teto:<\/h3><p>Voc\u00ea j\u00e1 pensou em iluminar o teto de sua casa? Parece um pouco absurdo para voc\u00ea?<\/p><p>Bem, com as tiras de LED isso n\u00e3o s\u00f3 \u00e9 poss\u00edvel como pode muito interessante.<\/p><p>O segredo aqui \u00e9 usar as tiras de LED para destacar alguns pontos do teto, criando formas geom\u00e9tricas com essas l\u00e2mpadas.<\/p><figure id=\"attachment_43080\" aria-describedby=\"caption-attachment-43080\" style=\"width: 1100px\" class=\"wp-caption aligncenter\"><img decoding=\"async\" class=\"wp-image-43080\" title=\"Fitas de LED: 4 formas criativas de utiliz\u00e1-las. Veja como!\" src=\"https:\/\/www.aarquiteta.com.br\/blog\/wp-content\/uploads\/2021\/11\/fita-de-led-teto.jpg\" alt=\"Fitas de LED: 4 formas criativas de utiliz\u00e1-las. Veja como!\" width=\"1100\" height=\"758\" srcset=\"https:\/\/www.aarquiteta.com.br\/blog\/wp-content\/uploads\/2021\/11\/fita-de-led-teto.jpg 1024w, https:\/\/www.aarquiteta.com.br\/blog\/wp-content\/uploads\/2021\/11\/fita-de-led-teto-696x480.jpg 696w, https:\/\/www.aarquiteta.com.br\/blog\/wp-content\/uploads\/2021\/11\/fita-de-led-teto-150x103.jpg 150w\" sizes=\"(max-width: 1100px) 100vw, 1100px\" \/><figcaption id=\"caption-attachment-43080\" class=\"wp-caption-text\">Fitas de LED: 4 formas criativas de utiliz\u00e1-las. Veja como!<\/figcaption><\/figure><p>Ou voc\u00ea pode, ainda, criar espa\u00e7os relaxantes que usam luzes mais baixas, como uma sala de TV ou ainda o quarto.<\/p><p>A coloca\u00e7\u00e3o das tiras de LED d\u00e1 uma ilumina\u00e7\u00e3o mais, sutil, permitindo que as pessoas realmente prestem aten\u00e7\u00e3o na TV ou consigam descansar melhor durante a noite.<\/p><p>Agora, se voc\u00ea quiser realmente inovar, pode experimentar tiras de LED de diferentes cores.<\/p><p>Cada uma delas poderia representar um dia da semana ou seu estado de esp\u00edrito, por exemplo. Interessante, n\u00e3o \u00e9 mesmo?<\/p><h3>3. Arm\u00e1rios com <a href=\"https:\/\/amzn.to\/3bRwwmJ\" target=\"_blank\" rel=\"noopener\">fitas de led.<\/a><\/h3><figure id=\"attachment_40273-2\" aria-describedby=\"caption-attachment-40273-2\" style=\"width: 1100px\" class=\"wp-caption aligncenter\"><img decoding=\"async\" class=\"wp-image-40273\" title=\"Fitas de LED: 4 formas criativas de utiliz\u00e1-las. Veja como!\" src=\"https:\/\/www.aarquiteta.com.br\/blog\/wp-content\/uploads\/2022\/01\/barras-de-led.jpg\" alt=\"Fitas de LED: 4 formas criativas de utiliz\u00e1-las. Veja como!\" width=\"1100\" height=\"777\" srcset=\"https:\/\/www.aarquiteta.com.br\/blog\/wp-content\/uploads\/2022\/01\/barras-de-led.jpg 813w, https:\/\/www.aarquiteta.com.br\/blog\/wp-content\/uploads\/2022\/01\/barras-de-led-696x491.jpg 696w, https:\/\/www.aarquiteta.com.br\/blog\/wp-content\/uploads\/2022\/01\/barras-de-led-150x106.jpg 150w\" sizes=\"(max-width: 1100px) 100vw, 1100px\" \/><figcaption id=\"caption-attachment-40273-2\" class=\"wp-caption-text\">Fitas de LED: 4 formas criativas de utiliz\u00e1-las. Veja como!<\/figcaption><\/figure><p>Sabia que as <a href=\"https:\/\/amzn.to\/3bRwwmJ\" target=\"_blank\" rel=\"noopener\">tiras de LED<\/a> funcionam muito bem n\u00e3o apenas acima dos arm\u00e1rios, mas tamb\u00e9m abaixo deles?<\/p><p>Al\u00e9m de ajudar a encontrar aquelas coisas que sempre perdemos, esse elemento d\u00e1 um toque de gra\u00e7a aos ambientes.<\/p><h2><a href=\"https:\/\/amzn.to\/3bNaJMO\" target=\"_blank\" rel=\"noopener\">Tira Led Com Mudan\u00e7a De Cor,\u00a0 RGB \u00e0 prova d&#8217;\u00e1gua com controle remoto:<\/a><\/h2><p>Equipado com controle remoto, espalha-se \u00e0 vontade na cama ou no sof\u00e1 em vez de se levantar.\u00a0Perfeito para feriados e festas como Natal, anivers\u00e1rio na sala, cozinha, quarto, bar, etc.<\/p><p><iframe style=\"width: 120px; height: 240px;\" src=\"\/\/ws-na.amazon-adsystem.com\/widgets\/q?ServiceVersion=20070822&amp;OneJS=1&amp;Operation=GetAdHtml&amp;MarketPlace=BR&amp;source=ss&amp;ref=as_ss_li_til&amp;ad_type=product_link&amp;tracking_id=aarquiteta-20&amp;language=pt_BR&amp;marketplace=amazon&amp;region=BR&amp;placement=B09W9BHT2M&amp;asins=B09W9BHT2M&amp;linkId=e0fd439c64c203e788fde7807f714461&amp;show_border=true&amp;link_opens_in_new_window=true\" frameborder=\"0\" marginwidth=\"0\" marginheight=\"0\" scrolling=\"no\" sandbox=\"allow-popups allow-scripts allow-modals allow-forms allow-same-origin\"><\/iframe><\/p><p>As tiras de LED combinam muito bem em c\u00f4modo com cores neutras, como o branco. Al\u00e9m de n\u00e3o \u201cdisputar\u201d a aten\u00e7\u00e3o dos seus sentidos com a luminosidade que vem do teto, as tiras de LED colocadas embaixo dos arm\u00e1rios podem ajudar a construir um ambiente mais relaxante.<\/p><figure id=\"attachment_40272-2\" aria-describedby=\"caption-attachment-40272-2\" style=\"width: 1100px\" class=\"wp-caption aligncenter\"><img decoding=\"async\" class=\"wp-image-40272\" title=\"Fitas de LED: 4 formas criativas de utiliz\u00e1-las. Veja como!\" src=\"https:\/\/www.aarquiteta.com.br\/blog\/wp-content\/uploads\/2022\/01\/fita-de-led-para-armario.jpg\" alt=\"Fitas de LED: 4 formas criativas de utiliz\u00e1-las. Veja como!\" width=\"1100\" height=\"1100\" srcset=\"https:\/\/www.aarquiteta.com.br\/blog\/wp-content\/uploads\/2022\/01\/fita-de-led-para-armario.jpg 500w, https:\/\/www.aarquiteta.com.br\/blog\/wp-content\/uploads\/2022\/01\/fita-de-led-para-armario-96x96.jpg 96w, https:\/\/www.aarquiteta.com.br\/blog\/wp-content\/uploads\/2022\/01\/fita-de-led-para-armario-150x150.jpg 150w\" sizes=\"(max-width: 1100px) 100vw, 1100px\" \/><figcaption id=\"caption-attachment-40272-2\" class=\"wp-caption-text\">Fitas de LED: 4 formas criativas de utiliz\u00e1-las. Veja como!<\/figcaption><\/figure><p>Com essa dica, sabe onde voc\u00ea poderia apostar nesta tend\u00eancia?<\/p><p>No banheiro. Aposto que, com essa ilumina\u00e7\u00e3o, seus banhos seriam ainda mais relaxantes.<\/p><h2><a href=\"https:\/\/amzn.to\/3unduuQ\" target=\"_blank\" rel=\"noopener\">Fita de Led Inteligente Wifi RGB 5m &#8211; Compat\u00edvel Alexa Google Home<\/a><\/h2><p>A Fita LED Smart 5 metros \u00e9 mais um dispositivo que voc\u00ea poder\u00e1 controlar com seu celular. Compat\u00edvel com Android e IOS, o aplicativo ALEXA \u00e9 um dos mais completos aplicativos de controle do mercado.<\/p><p>A instala\u00e7\u00e3o de sua Fita LED Smart \u00e9 super simples e intuitiva. Com esse kit voc\u00ea tem a op\u00e7\u00e3o de controlar sua Fita LED Smart pelo aplicativo no smartphone ou ainda por comando de voz em seu assistente preferido.<\/p><p><iframe style=\"width: 120px; height: 240px;\" src=\"\/\/ws-na.amazon-adsystem.com\/widgets\/q?ServiceVersion=20070822&amp;OneJS=1&amp;Operation=GetAdHtml&amp;MarketPlace=BR&amp;source=ss&amp;ref=as_ss_li_til&amp;ad_type=product_link&amp;tracking_id=aarquiteta-20&amp;language=pt_BR&amp;marketplace=amazon&amp;region=BR&amp;placement=B09FYSWZLH&amp;asins=B09FYSWZLH&amp;linkId=fac9eadc335ed280d6aa7e0d176d9776&amp;show_border=true&amp;link_opens_in_new_window=true\" frameborder=\"0\" marginwidth=\"0\" marginheight=\"0\" scrolling=\"no\" sandbox=\"allow-popups allow-scripts allow-modals allow-forms allow-same-origin\"><\/iframe><\/p><h3>4. Prateleiras com fitas de LED:<\/h3><p>Nossa \u00faltima dica original de uso das tiras de LED s\u00e3o as prateleiras.<\/p><p>Incluir essa ilumina\u00e7\u00e3o nas prateleiras embutidas pode dar mais vida, al\u00e9m de destacar alguns itens-chave em sua casa, como trof\u00e9us ou fotos de fam\u00edlia.<\/p><figure id=\"attachment_40779\" aria-describedby=\"caption-attachment-40779\" style=\"width: 1100px\" class=\"wp-caption aligncenter\"><img decoding=\"async\" class=\"wp-image-40779\" title=\"Fitas de LED: 4 formas criativas de utiliz\u00e1-las. Veja como!\" src=\"https:\/\/www.aarquiteta.com.br\/blog\/wp-content\/uploads\/2022\/01\/Como-usar-fita-de-Led-na-decoracao-3.jpg\" alt=\"Fitas de LED: 4 formas criativas de utiliz\u00e1-las. Veja como!\" width=\"1100\" height=\"630\" srcset=\"https:\/\/www.aarquiteta.com.br\/blog\/wp-content\/uploads\/2022\/01\/Como-usar-fita-de-Led-na-decoracao-3.jpg 700w, https:\/\/www.aarquiteta.com.br\/blog\/wp-content\/uploads\/2022\/01\/Como-usar-fita-de-Led-na-decoracao-3-696x399.jpg 696w, https:\/\/www.aarquiteta.com.br\/blog\/wp-content\/uploads\/2022\/01\/Como-usar-fita-de-Led-na-decoracao-3-150x86.jpg 150w\" sizes=\"(max-width: 1100px) 100vw, 1100px\" \/><figcaption id=\"caption-attachment-40779\" class=\"wp-caption-text\">Fitas de LED: 4 formas criativas de utiliz\u00e1-las. Veja como!<\/figcaption><\/figure><p>Com essas dicas, voc\u00ea poder\u00e1 aproveitar ainda mais todo o potencial das l\u00e2mpadas em tiras.<\/p><h2>Fitas de LED no Quarto \u2014 Veja como utilizar na decora\u00e7\u00e3o da sua casa!<\/h2><h4><a href=\"https:\/\/amzn.to\/3uiS55Z\" target=\"_blank\" rel=\"noopener\">Fita de Led Inteligente Wifi RGB 5m &#8211; Compat\u00edvel Alexa Google Home:<\/a><\/h4><p>A Fita LED Smart 5 metros \u00e9 mais um dispositivo que voc\u00ea poder\u00e1 controlar com seu celular. Compat\u00edvel com Android e IOS, o aplicativo ALEXA \u00e9 um dos mais completos aplicativos de controle do mercado. A instala\u00e7\u00e3o de sua Fita LED Smart \u00e9 super simples e intuitiva. Com esse kit voc\u00ea tem a op\u00e7\u00e3o de controlar sua Fita LED Smart pelo aplicativo no smartphone ou ainda por comando de voz em seu assistente preferido.<\/p><p><iframe style=\"width: 120px; height: 240px;\" src=\"\/\/ws-na.amazon-adsystem.com\/widgets\/q?ServiceVersion=20070822&amp;OneJS=1&amp;Operation=GetAdHtml&amp;MarketPlace=BR&amp;source=ss&amp;ref=as_ss_li_til&amp;ad_type=product_link&amp;tracking_id=aarquiteta-20&amp;language=pt_BR&amp;marketplace=amazon&amp;region=BR&amp;placement=B09FYSWZLH&amp;asins=B09FYSWZLH&amp;linkId=0b1f1251587afd86dd7fc22c7256d881&amp;show_border=true&amp;link_opens_in_new_window=true\" frameborder=\"0\" marginwidth=\"0\" marginheight=\"0\" scrolling=\"no\" sandbox=\"allow-popups allow-scripts allow-modals allow-forms allow-same-origin\"><\/iframe><\/p><h3>1 \u2014 Fita de LED na cabeceira:<\/h3><p>A fita de LED \u00e9 muito utilizada para moldagem de gesso, mas tamb\u00e9m pode ser usada para iluminar outros espa\u00e7os.<\/p><p>Por exemplo, no canto de uma parede, embaixo de uma prateleira ou mesmo ao redor da <a href=\"https:\/\/www.aarquiteta.com.br\/blog\/dicas-de-como-decorar-meu-quarto\" target=\"_blank\" rel=\"noopener\">cabeceira da cama<\/a>, ou em um espelho.<\/p><p>Assim, voc\u00ea pode instalar tiras de LEDem <a href=\"https:\/\/www.aarquiteta.com.br\/blog\/?s=quarto\">quartos<\/a> que precisam de mais ilumina\u00e7\u00e3o.<\/p><p><img decoding=\"async\" class=\"alignnone wp-image-40779 size-full\" title=\"Fita de Led para o quarto\" src=\"https:\/\/www.aarquiteta.com.br\/blog\/wp-content\/uploads\/2022\/01\/Como-usar-fita-de-Led-na-decoracao-3.jpg\" alt=\"Fita de Led para o quarto\" width=\"700\" height=\"401\" srcset=\"https:\/\/www.aarquiteta.com.br\/blog\/wp-content\/uploads\/2022\/01\/Como-usar-fita-de-Led-na-decoracao-3.jpg 700w, https:\/\/www.aarquiteta.com.br\/blog\/wp-content\/uploads\/2022\/01\/Como-usar-fita-de-Led-na-decoracao-3-696x399.jpg 696w, https:\/\/www.aarquiteta.com.br\/blog\/wp-content\/uploads\/2022\/01\/Como-usar-fita-de-Led-na-decoracao-3-150x86.jpg 150w\" sizes=\"(max-width: 700px) 100vw, 700px\" \/><\/p><h3>2 \u2014 Fita de LED no teto:<\/h3><p>Os LEDs coloridos s\u00e3o uma \u00f3tima op\u00e7\u00e3o para quem quer trazer um toque diferenciado para um espa\u00e7o.<\/p><p>De qualquer forma, voc\u00ea pode deixar a sala mais divertida adicionando LEDs coloridos. Existem v\u00e1rias cores, as mais usadas s\u00e3o: azul, rosa, vermelho e rosa.<\/p><p><img decoding=\"async\" class=\"aligncenter wp-image-43124 size-full\" src=\"https:\/\/www.aarquiteta.com.br\/blog\/wp-content\/uploads\/2022\/02\/cama-flutuante-com-led.jpg\" alt=\"cama flutuante\" width=\"700\" height=\"520\" title=\"\" srcset=\"https:\/\/www.aarquiteta.com.br\/blog\/wp-content\/uploads\/2022\/02\/cama-flutuante-com-led.jpg 700w, https:\/\/www.aarquiteta.com.br\/blog\/wp-content\/uploads\/2022\/02\/cama-flutuante-com-led-696x517.jpg 696w, https:\/\/www.aarquiteta.com.br\/blog\/wp-content\/uploads\/2022\/02\/cama-flutuante-com-led-150x111.jpg 150w\" sizes=\"(max-width: 700px) 100vw, 700px\" \/><\/p><p><img decoding=\"async\" class=\"alignnone wp-image-40796 size-full\" title=\"Fita de Led colorido na decora\u00e7\u00e3o\" src=\"https:\/\/www.aarquiteta.com.br\/blog\/wp-content\/uploads\/2022\/01\/Como-usar-fita-de-Led-na-decoracao-1.jpg\" alt=\"Led colorido\" width=\"701\" height=\"401\" srcset=\"https:\/\/www.aarquiteta.com.br\/blog\/wp-content\/uploads\/2022\/01\/Como-usar-fita-de-Led-na-decoracao-1.jpg 701w, https:\/\/www.aarquiteta.com.br\/blog\/wp-content\/uploads\/2022\/01\/Como-usar-fita-de-Led-na-decoracao-1-696x398.jpg 696w, https:\/\/www.aarquiteta.com.br\/blog\/wp-content\/uploads\/2022\/01\/Como-usar-fita-de-Led-na-decoracao-1-150x86.jpg 150w\" sizes=\"(max-width: 701px) 100vw, 701px\" \/><\/p><h3><a href=\"https:\/\/amzn.to\/3nI1kss\" target=\"_blank\" rel=\"noopener\">Smart Fita LED Wi-Fi RGB, Positivo Casa Inteligente, Controle pelo celular, Compat\u00edvel com Alexa RGB 3 metros;<\/a><\/h3><p>F\u00e1cil Instala\u00e7\u00e3o: basta baixar o app, conectar ao Wi-Fi e fixar com a fita adesiva,\u00a03 metros de comprimento, com possibilidade de reduzir o tamanho da fita.<\/p><p>Crie cenas e automa\u00e7\u00f5es, al\u00e9m de programar timers e agendas pois \u00e9 compat\u00edvel com Alexa ou Google Assistente! Maravilhosa!<\/p><p><iframe style=\"width: 120px; height: 240px;\" src=\"\/\/ws-na.amazon-adsystem.com\/widgets\/q?ServiceVersion=20070822&amp;OneJS=1&amp;Operation=GetAdHtml&amp;MarketPlace=BR&amp;source=ss&amp;ref=as_ss_li_til&amp;ad_type=product_link&amp;tracking_id=aarquiteta-20&amp;language=pt_BR&amp;marketplace=amazon&amp;region=BR&amp;placement=B08N1FJ7FV&amp;asins=B08N1FJ7FV&amp;linkId=e7d60068237661ebfb0ea0fa1d5bfbd3&amp;show_border=true&amp;link_opens_in_new_window=true\" frameborder=\"0\" marginwidth=\"0\" marginheight=\"0\" scrolling=\"no\" sandbox=\"allow-popups allow-scripts allow-modals allow-forms allow-same-origin\"><\/iframe><\/p><h3>3 \u2014 Fio de LED:<\/h3><p>O fio de LED\u00e9 muito delicado e charmoso, deixa qualquer espa\u00e7o elegante.<\/p><p>Al\u00e9m disso, o fio de LED \u00e9 a luz perfeita para voc\u00ea adicionar em torno de seus m\u00f3veis. Dessa forma, voc\u00ea deixar\u00e1 a <a href=\"https:\/\/www.aarquiteta.com.br\/blog\/como-deixar-a-decoracao-de-quarto-elegante\/\" target=\"_blank\" rel=\"noopener\">decora\u00e7\u00e3o mais charmosa<\/a> e tamb\u00e9m trar\u00e1 mais acolhimento ao local.<\/p><p><img decoding=\"async\" class=\"alignnone wp-image-40795 size-full\" title=\"Fio de Led na decora\u00e7\u00e3o\" src=\"https:\/\/www.aarquiteta.com.br\/blog\/wp-content\/uploads\/2022\/01\/Como-usar-fita-de-Led-na-decoracao-2-1.jpg\" alt=\"Fio de Led\" width=\"701\" height=\"401\" srcset=\"https:\/\/www.aarquiteta.com.br\/blog\/wp-content\/uploads\/2022\/01\/Como-usar-fita-de-Led-na-decoracao-2-1.jpg 701w, https:\/\/www.aarquiteta.com.br\/blog\/wp-content\/uploads\/2022\/01\/Como-usar-fita-de-Led-na-decoracao-2-1-696x398.jpg 696w, https:\/\/www.aarquiteta.com.br\/blog\/wp-content\/uploads\/2022\/01\/Como-usar-fita-de-Led-na-decoracao-2-1-150x86.jpg 150w\" sizes=\"(max-width: 701px) 100vw, 701px\" \/><\/p><h3>Veja como utilizar LED na decora\u00e7\u00e3o da sua casa:<\/h3><p>Confira mais projetos que utilizam Luz de LED na decora\u00e7\u00e3o e inspire-se na realiza\u00e7\u00e3o de <a href=\"https:\/\/www.aarquiteta.com.br\/blog\/como-escolher-lustre-pendente-ou-luminaria\/\" target=\"_blank\" rel=\"noopener\">pequenas reformas<\/a>!<\/p><p><img decoding=\"async\" class=\"aligncenter wp-image-54899 size-full\" src=\"https:\/\/www.aarquiteta.com.br\/blog\/wp-content\/uploads\/2021\/11\/cropped-fita-de-led-escada.jpg\" alt=\"cropped-fita-de-led-escada.jpg\" width=\"640\" height=\"853\" title=\"\" srcset=\"https:\/\/www.aarquiteta.com.br\/blog\/wp-content\/uploads\/2021\/11\/cropped-fita-de-led-escada.jpg 640w, https:\/\/www.aarquiteta.com.br\/blog\/wp-content\/uploads\/2021\/11\/cropped-fita-de-led-escada-225x300.jpg 225w, https:\/\/www.aarquiteta.com.br\/blog\/wp-content\/uploads\/2021\/11\/cropped-fita-de-led-escada-9x12.jpg 9w, https:\/\/www.aarquiteta.com.br\/blog\/wp-content\/uploads\/2021\/11\/cropped-fita-de-led-escada-150x200.jpg 150w\" sizes=\"(max-width: 640px) 100vw, 640px\" \/><\/p><p>&nbsp;<\/p><p><img decoding=\"async\" class=\"aligncenter wp-image-41783 size-full\" src=\"https:\/\/www.aarquiteta.com.br\/blog\/wp-content\/uploads\/2022\/01\/Dicas-de-como-decorar-o-banheiro-com-espelho-de-LED-01.jpg\" alt=\"Se quiser um espa\u00e7o moderno\" width=\"700\" height=\"400\" title=\"\" srcset=\"https:\/\/www.aarquiteta.com.br\/blog\/wp-content\/uploads\/2022\/01\/Dicas-de-como-decorar-o-banheiro-com-espelho-de-LED-01.jpg 700w, https:\/\/www.aarquiteta.com.br\/blog\/wp-content\/uploads\/2022\/01\/Dicas-de-como-decorar-o-banheiro-com-espelho-de-LED-01-696x398.jpg 696w, https:\/\/www.aarquiteta.com.br\/blog\/wp-content\/uploads\/2022\/01\/Dicas-de-como-decorar-o-banheiro-com-espelho-de-LED-01-150x86.jpg 150w\" sizes=\"(max-width: 700px) 100vw, 700px\" \/><\/p><p><img decoding=\"async\" class=\"aligncenter wp-image-41781 size-full\" src=\"https:\/\/www.aarquiteta.com.br\/blog\/wp-content\/uploads\/2022\/01\/Dicas-de-como-decorar-o-banheiro-com-espelho-de-LED-02.jpg\" alt=\"Decorar o banheiro com espelho de LED tr\u00e1s mais aconchego\" width=\"700\" height=\"400\" title=\"\" srcset=\"https:\/\/www.aarquiteta.com.br\/blog\/wp-content\/uploads\/2022\/01\/Dicas-de-como-decorar-o-banheiro-com-espelho-de-LED-02.jpg 700w, https:\/\/www.aarquiteta.com.br\/blog\/wp-content\/uploads\/2022\/01\/Dicas-de-como-decorar-o-banheiro-com-espelho-de-LED-02-696x398.jpg 696w, https:\/\/www.aarquiteta.com.br\/blog\/wp-content\/uploads\/2022\/01\/Dicas-de-como-decorar-o-banheiro-com-espelho-de-LED-02-150x86.jpg 150w\" sizes=\"(max-width: 700px) 100vw, 700px\" \/><\/p><h2><a href=\"https:\/\/amzn.to\/3AxvExA\" target=\"_blank\" rel=\"noopener\">Kit Smart Fita LED 5M EKAZA T113, Branco , 5 metros:<\/a><\/h2><p>Definina a paleta de cores e a transi\u00e7\u00e3o de cores que voc\u00ea deseja para seu ambiente e programe a cartela de cores com ritmo de mudan\u00e7a de uma cor a outra. Comprimento: 5.0 meters!<\/p><p><iframe style=\"width: 120px; height: 240px;\" src=\"\/\/ws-na.amazon-adsystem.com\/widgets\/q?ServiceVersion=20070822&amp;OneJS=1&amp;Operation=GetAdHtml&amp;MarketPlace=BR&amp;source=ss&amp;ref=as_ss_li_til&amp;ad_type=product_link&amp;tracking_id=aarquiteta-20&amp;language=pt_BR&amp;marketplace=amazon&amp;region=BR&amp;placement=B09HBQSQTJ&amp;asins=B09HBQSQTJ&amp;linkId=c85e82c1dde05305d7ad87c3e20121d8&amp;show_border=true&amp;link_opens_in_new_window=true\" frameborder=\"0\" marginwidth=\"0\" marginheight=\"0\" scrolling=\"no\" sandbox=\"allow-popups allow-scripts allow-modals allow-forms allow-same-origin\"><\/iframe><\/p><p>&nbsp;<\/p><p><img decoding=\"async\" class=\"aligncenter wp-image-41780 size-full\" src=\"https:\/\/www.aarquiteta.com.br\/blog\/wp-content\/uploads\/2022\/01\/Dicas-de-como-decorar-o-banheiro-com-espelho-de-LED-04.jpg\" alt=\"Dicas de como decorar o banheiro com espelho de LED\" width=\"700\" height=\"400\" title=\"\" srcset=\"https:\/\/www.aarquiteta.com.br\/blog\/wp-content\/uploads\/2022\/01\/Dicas-de-como-decorar-o-banheiro-com-espelho-de-LED-04.jpg 700w, https:\/\/www.aarquiteta.com.br\/blog\/wp-content\/uploads\/2022\/01\/Dicas-de-como-decorar-o-banheiro-com-espelho-de-LED-04-696x398.jpg 696w, https:\/\/www.aarquiteta.com.br\/blog\/wp-content\/uploads\/2022\/01\/Dicas-de-como-decorar-o-banheiro-com-espelho-de-LED-04-150x86.jpg 150w\" sizes=\"(max-width: 700px) 100vw, 700px\" \/><\/p><p><img decoding=\"async\" class=\"aligncenter wp-image-26774 size-full\" src=\"https:\/\/www.aarquiteta.com.br\/blog\/wp-content\/uploads\/2019\/07\/4-formas-criativas-de-usar-as-fitas-de-led.jpg\" alt=\"\" width=\"730\" height=\"515\" title=\"\" srcset=\"https:\/\/www.aarquiteta.com.br\/blog\/wp-content\/uploads\/2019\/07\/4-formas-criativas-de-usar-as-fitas-de-led.jpg 730w, https:\/\/www.aarquiteta.com.br\/blog\/wp-content\/uploads\/2019\/07\/4-formas-criativas-de-usar-as-fitas-de-led-696x491.jpg 696w, https:\/\/www.aarquiteta.com.br\/blog\/wp-content\/uploads\/2019\/07\/4-formas-criativas-de-usar-as-fitas-de-led-150x106.jpg 150w\" sizes=\"(max-width: 730px) 100vw, 730px\" \/><\/p><p><img decoding=\"async\" class=\"aligncenter wp-image-44707 size-full\" src=\"https:\/\/www.aarquiteta.com.br\/blog\/wp-content\/uploads\/2022\/02\/Como-decorar-a-cozinha-com-armario-preto.jpg\" alt=\"Arm\u00e1rios na cor preto fosco\" width=\"700\" height=\"400\" title=\"\" srcset=\"https:\/\/www.aarquiteta.com.br\/blog\/wp-content\/uploads\/2022\/02\/Como-decorar-a-cozinha-com-armario-preto.jpg 700w, https:\/\/www.aarquiteta.com.br\/blog\/wp-content\/uploads\/2022\/02\/Como-decorar-a-cozinha-com-armario-preto-696x398.jpg 696w, https:\/\/www.aarquiteta.com.br\/blog\/wp-content\/uploads\/2022\/02\/Como-decorar-a-cozinha-com-armario-preto-150x86.jpg 150w\" sizes=\"(max-width: 700px) 100vw, 700px\" \/><\/p><h3>4 \u2014\u00a0 <a href=\"https:\/\/www.aarquiteta.com.br\/blog\/como-criar-iluminacao-de-led-para-armarios\/\" target=\"_blank\" rel=\"noopener\">Veja como adicionar ilumina\u00e7\u00e3o em seus arm\u00e1rios!<\/a><\/h3><p>Confira tamb\u00e9m como voc\u00ea pode <a href=\"https:\/\/www.aarquiteta.com.br\/blog\/como-criar-iluminacao-de-led-para-armarios\/\" target=\"_blank\" rel=\"noopener\">adicionar luz de LED<\/a> em seus arm\u00e1rios e d\u00ea-lhes uma nova cara, al\u00e9m de deix\u00e1-los muito mais funcionais na hora de utilizar no escuro!<\/p><p><a href=\"https:\/\/www.aarquiteta.com.br\/blog\/como-criar-iluminacao-de-led-para-armarios\/\" target=\"_blank\" rel=\"noopener\"><img decoding=\"async\" class=\"aligncenter wp-image-32785 size-full\" style=\"font-weight: bold; background-color: transparent; color: #767676;\" src=\"https:\/\/www.aarquiteta.com.br\/blog\/wp-content\/uploads\/2020\/03\/Arm\u00e1rio_com_ilumina\u00e7\u00e3o_de_fita_led_capa.jpg\" alt=\"\" width=\"730\" height=\"515\" title=\"\" srcset=\"https:\/\/www.aarquiteta.com.br\/blog\/wp-content\/uploads\/2020\/03\/Arm\u00e1rio_com_ilumina\u00e7\u00e3o_de_fita_led_capa.jpg 730w, https:\/\/www.aarquiteta.com.br\/blog\/wp-content\/uploads\/2020\/03\/Arm\u00e1rio_com_ilumina\u00e7\u00e3o_de_fita_led_capa-696x491.jpg 696w, https:\/\/www.aarquiteta.com.br\/blog\/wp-content\/uploads\/2020\/03\/Arm\u00e1rio_com_ilumina\u00e7\u00e3o_de_fita_led_capa-150x106.jpg 150w\" sizes=\"(max-width: 730px) 100vw, 730px\" \/><\/a><\/p><figure id=\"attachment_51638\" aria-describedby=\"caption-attachment-51638\" style=\"width: 1200px\" class=\"wp-caption aligncenter\"><img decoding=\"async\" class=\"wp-image-51638 size-full\" src=\"https:\/\/www.aarquiteta.com.br\/blog\/wp-content\/uploads\/2022\/04\/led.jpg\" alt=\"Ilumina\u00e7\u00e3o de LED - Adicione luz em seus arm\u00e1rios!\" width=\"1200\" height=\"800\" title=\"\" srcset=\"https:\/\/www.aarquiteta.com.br\/blog\/wp-content\/uploads\/2022\/04\/led.jpg 1200w, https:\/\/www.aarquiteta.com.br\/blog\/wp-content\/uploads\/2022\/04\/led-1024x683.jpg 1024w, https:\/\/www.aarquiteta.com.br\/blog\/wp-content\/uploads\/2022\/04\/led-696x464.jpg 696w, https:\/\/www.aarquiteta.com.br\/blog\/wp-content\/uploads\/2022\/04\/led-150x100.jpg 150w\" sizes=\"(max-width: 1200px) 100vw, 1200px\" \/><figcaption id=\"caption-attachment-51638\" class=\"wp-caption-text\">Ilumina\u00e7\u00e3o de LED &#8211; Adicione luz em seus arm\u00e1rios! <a href=\"https:\/\/www.aarquiteta.com.br\/blog\/como-criar-iluminacao-de-led-para-armarios\/\" target=\"_blank\" rel=\"noopener\">Clique aqui para saber mais sobre ilumina\u00e7\u00e3o para seus arm\u00e1rios!<\/a><\/figcaption><\/figure><h3>5 \u2014\u00a0 Veja como escolher o guarda-roupa ideal para seu quarto:<\/h3><p>Com d\u00favidas sobre como escolher o <a href=\"https:\/\/www.aarquiteta.com.br\/blog\/como-escolher-guarda-roupa\/\" target=\"_blank\" rel=\"noopener\">guarda-roupa ideal para seu quarto<\/a>? Aproveite e veja como escolher o melhor e acertar no tamanho na hora de comprar, medidas e distribui\u00e7\u00e3o de compartimentos:<\/p><p><a href=\"https:\/\/www.aarquiteta.com.br\/blog\/como-escolher-guarda-roupa\/\" target=\"_blank\" rel=\"noopener\"><img decoding=\"async\" class=\"wp-image-36758 size-full\" src=\"https:\/\/www.aarquiteta.com.br\/blog\/wp-content\/uploads\/2021\/11\/Guarda-Roupa-Pequeno.jpg\" alt=\"guarda roupa pequeno\" width=\"1024\" height=\"790\" title=\"\" srcset=\"https:\/\/www.aarquiteta.com.br\/blog\/wp-content\/uploads\/2021\/11\/Guarda-Roupa-Pequeno.jpg 1024w, https:\/\/www.aarquiteta.com.br\/blog\/wp-content\/uploads\/2021\/11\/Guarda-Roupa-Pequeno-696x537.jpg 696w, https:\/\/www.aarquiteta.com.br\/blog\/wp-content\/uploads\/2021\/11\/Guarda-Roupa-Pequeno-150x116.jpg 150w\" sizes=\"(max-width: 1024px) 100vw, 1024px\" \/><\/a> Para saber como escolher seu guarda-roupa <a href=\"https:\/\/www.aarquiteta.com.br\/blog\/como-escolher-guarda-roupa\/\" target=\"_blank\" rel=\"noopener\">clique aqui!\u00a0<\/a><\/p><h2>Conclus\u00e3o s<strong>obre como escolher a <\/strong>Ilumina\u00e7\u00e3o para Arm\u00e1rios!<\/h2><p class=\"body-text\">Por fim, quando pensar em projetar a ilumina\u00e7\u00e3o do seu arm\u00e1rio ou closet conv\u00e9m sempre escolher um conjunto de luzes que agrade \u00e0s suas sensibilidades de Design.<\/p><p class=\"body-text\">As luzes s\u00e3o apenas objetos quando desligadas e s\u00e3o uma \u00f3tima oportunidade para mostrar sua personalidade.<a href=\"https:\/\/www.aarquiteta.com.br\/decoracao\/\" target=\"_blank\" rel=\"noopener\"><br \/>\n<\/a><\/p><p>E a\u00ed, gostou das dicas do artigo? Ent\u00e3o deslize a tela para baixo e confira <strong><a href=\"https:\/\/www.aarquiteta.com.br\">mais dicas<\/a><\/strong>, al\u00e9m dos nossos <strong><a href=\"http:\/\/www.aarquiteta.com.br\">Cursos e Treinamentos<\/a><\/strong>\u00a0e n\u00e3o se esque\u00e7a de compartilhar com os amigos!<\/p><p>Quer receber conte\u00fados exclusivos sobre <strong>casa, jardim, decora\u00e7\u00e3o, arquitetura, educa\u00e7\u00e3o financeira e muito mais<\/strong>? Ent\u00e3o, inscreva-se agora mesmo no nosso <strong><a href=\"https:\/\/t.me\/aarquitetablog\" target=\"_blank\" rel=\"noopener\">Canal do Telegram<\/a>!<\/strong> \ud83e\udd29\ud83d\udc68\u200d\ud83d\udc69\u200d\ud83d\udc67\u200d\ud83d\udc66<\/p><p>Aqui, voc\u00ea ter\u00e1 acesso a artigos, dicas e inspira\u00e7\u00f5es para <strong>transformar sua casa em um lar dos sonhos<\/strong>, cuidar do seu jardim com carinho, aprender sobre finan\u00e7as pessoais e muito mais. \ud83d\udcda\ud83d\udcb0<\/p><p>N\u00e3o perca mais tempo e junte-se a n\u00f3s para receber conte\u00fados exclusivos e se manter sempre atualizado! \ud83d\udce2\ud83c\udfe0\ud83c\udf3f\ud83c\udfe6. Ingresse <strong><a href=\"https:\/\/t.me\/aarquitetablog\" target=\"_blank\" rel=\"noopener\">aqui<\/a> <\/strong>no Canal da <strong>Arquiteta Blog por Luciana Paix\u00e3o!<\/strong> \ud83d\udc95<\/p>","protected":false},"excerpt":{"rendered":"<p>Fitas de LED no Quarto: 4 formas criativas de utiliz\u00e1-las. Veja como!\u00a0 Confira as melhores dicas de Decora\u00e7\u00e3o que separamos para voc\u00ea decorar sua casa e deix\u00e1-la ainda mais aconchegante!Pensando em reformar seus arm\u00e1rios ou dar-lhes uma nova cara?\u00a0Neste artigo voc\u00ea encontrar\u00e1 ideias para solu\u00e7\u00e3o de ilumina\u00e7\u00e3o que ajudar\u00e1 voc\u00ea a maximizar o potencial do [&hellip;]<\/p>\n","protected":false},"author":102,"featured_media":40779,"comment_status":"closed","ping_status":"closed","sticky":false,"template":"","format":"standard","meta":{"footnotes":""},"categories":[18766,18761],"tags":[],"class_list":["post-26511","post","type-post","status-publish","format-standard","has-post-thumbnail","category-produtos","category-projetos-de-iluminacao"],"_wp_attached_file":null,"_wp_attachment_metadata":null,"_wp_attachment_context":null,"_wp_attachment_is_custom_header":null,"geo_longitude":null,"geo_public":null,"geo_latitude":null,"_publicize_done_external":null,"_wpas_done_3897181":null,"publicize_twitter_user":null,"_wpas_done_3897175":null,"_wpas_skip_3897181":null,"_wpas_skip_3897175":null,"_wpas_skip_3924723":null,"_wpas_mess":null,"_wpas_done_3924723":null,"wps_subtitle":"Confira as melhores dicas de Decora\u00e7\u00e3o que separamos para voc\u00ea decorar sua casa e deix\u00e1-la ainda mais aconchegante!","_links":{"self":[{"href":"https:\/\/www.aarquiteta.com.br\/blog\/wp-json\/wp\/v2\/posts\/26511","targetHints":{"allow":["GET"]}}],"collection":[{"href":"https:\/\/www.aarquiteta.com.br\/blog\/wp-json\/wp\/v2\/posts"}],"about":[{"href":"https:\/\/www.aarquiteta.com.br\/blog\/wp-json\/wp\/v2\/types\/post"}],"author":[{"embeddable":true,"href":"https:\/\/www.aarquiteta.com.br\/blog\/wp-json\/wp\/v2\/users\/102"}],"replies":[{"embeddable":true,"href":"https:\/\/www.aarquiteta.com.br\/blog\/wp-json\/wp\/v2\/comments?post=26511"}],"version-history":[{"count":0,"href":"https:\/\/www.aarquiteta.com.br\/blog\/wp-json\/wp\/v2\/posts\/26511\/revisions"}],"wp:featuredmedia":[{"embeddable":true,"href":"https:\/\/www.aarquiteta.com.br\/blog\/wp-json\/wp\/v2\/media\/40779"}],"wp:attachment":[{"href":"https:\/\/www.aarquiteta.com.br\/blog\/wp-json\/wp\/v2\/media?parent=26511"}],"wp:term":[{"taxonomy":"category","embeddable":true,"href":"https:\/\/www.aarquiteta.com.br\/blog\/wp-json\/wp\/v2\/categories?post=26511"},{"taxonomy":"post_tag","embeddable":true,"href":"https:\/\/www.aarquiteta.com.br\/blog\/wp-json\/wp\/v2\/tags?post=26511"}],"curies":[{"name":"wp","href":"https:\/\/api.w.org\/{rel}","templated":true}]}}