{"id":26505,"date":"2023-10-22T08:15:47","date_gmt":"2023-10-22T11:15:47","guid":{"rendered":"http:\/\/aarquiteta.com.br\/?p=26505"},"modified":"2026-09-01T16:04:17","modified_gmt":"2026-09-01T19:04:17","slug":"moveis-planejados-como-comprar","status":"publish","type":"post","link":"https:\/\/www.aarquiteta.com.br\/blog\/moveis-planejados-como-comprar\/","title":{"rendered":"Transforme sua Casa com M\u00f3veis Planejados Sem Gastar Muito!"},"content":{"rendered":"<p>M\u00f3veis planejados \u00e9 sempre um assunto importante quando voc\u00ea est\u00e1 se mudando para a sua primeira casa ou mesmo renovando a decora\u00e7\u00e3o do seu apartamento.<\/p>\n<p>O grande desejo de todos os que est\u00e3o nesse processo \u00e9 comprar tudo novo e se poss\u00edvel da melhor qualidade, pelo menos aquele que cabe no seu bolso.<\/p>\n<figure id=\"attachment_91701\" aria-describedby=\"caption-attachment-91701\" style=\"width: 1200px\" class=\"wp-caption alignnone\"><img decoding=\"async\" class=\"size-full wp-image-91701\" src=\"https:\/\/www.aarquiteta.com.br\/blog\/wp-content\/uploads\/2022\/02\/Transforme-sua-Casa-com-Moveis-Planejados-Sem-Gastar-Muito.jpg\" alt=\"Transforme sua Casa com M\u00f3veis Planejados Sem Gastar Muito!\" width=\"1200\" height=\"800\" title=\"\" srcset=\"https:\/\/www.aarquiteta.com.br\/blog\/wp-content\/uploads\/2022\/02\/Transforme-sua-Casa-com-Moveis-Planejados-Sem-Gastar-Muito.jpg 1200w, https:\/\/www.aarquiteta.com.br\/blog\/wp-content\/uploads\/2022\/02\/Transforme-sua-Casa-com-Moveis-Planejados-Sem-Gastar-Muito-1024x683.jpg 1024w, https:\/\/www.aarquiteta.com.br\/blog\/wp-content\/uploads\/2022\/02\/Transforme-sua-Casa-com-Moveis-Planejados-Sem-Gastar-Muito-696x464.jpg 696w, https:\/\/www.aarquiteta.com.br\/blog\/wp-content\/uploads\/2022\/02\/Transforme-sua-Casa-com-Moveis-Planejados-Sem-Gastar-Muito-150x100.jpg 150w\" sizes=\"(max-width: 1200px) 100vw, 1200px\" \/><figcaption id=\"caption-attachment-91701\" class=\"wp-caption-text\">Foto: Canva.com<\/figcaption><\/figure>\n<p>Levar para casa aquele sof\u00e1 incr\u00edvel, aquele arm\u00e1rio que \u00e9 a sua cara ou aquele jogo de cama que parece caber direitinho no seu quarto rec\u00e9m-pintado, \u00e9 sempre um sonho de consumo.<\/p>\n<p>No entanto, antes da empolga\u00e7\u00e3o tomar conta e voc\u00ea sair comprando o que pode e o que n\u00e3o pode, \u00e9 preciso pensar um pouco antes.<\/p>\n<p>Afinal, montar a decora\u00e7\u00e3o de sua casa custa caro, pois m\u00f3veis planejados s\u00e3o itens com um valor bastante elevado.<\/p>\n<p>Ent\u00e3o, se voc\u00ea est\u00e1 nesse processo e n\u00e3o pode ou n\u00e3o quer gastar muito dinheiro, preparamos um texto com algumas dicas que v\u00e3o lhe ajudar a deixar sua casa como nova, mantendo seu or\u00e7amento no azul.<\/p>\n<h2>M\u00f3veis Planejados &#8211; Como economizar na hora de comprar?<\/h2>\n<figure id=\"attachment_91703\" aria-describedby=\"caption-attachment-91703\" style=\"width: 1200px\" class=\"wp-caption alignnone\"><img decoding=\"async\" class=\"size-full wp-image-91703\" src=\"https:\/\/www.aarquiteta.com.br\/blog\/wp-content\/uploads\/2022\/02\/Transforme-sua-Casa-com-Moveis-Planejados-Sem-Gastar-Muito-1.jpg\" alt=\"Transforme sua Casa com M\u00f3veis Planejados Sem Gastar Muito!\" width=\"1200\" height=\"800\" title=\"\" srcset=\"https:\/\/www.aarquiteta.com.br\/blog\/wp-content\/uploads\/2022\/02\/Transforme-sua-Casa-com-Moveis-Planejados-Sem-Gastar-Muito-1.jpg 1200w, https:\/\/www.aarquiteta.com.br\/blog\/wp-content\/uploads\/2022\/02\/Transforme-sua-Casa-com-Moveis-Planejados-Sem-Gastar-Muito-1-1024x683.jpg 1024w, https:\/\/www.aarquiteta.com.br\/blog\/wp-content\/uploads\/2022\/02\/Transforme-sua-Casa-com-Moveis-Planejados-Sem-Gastar-Muito-1-696x464.jpg 696w, https:\/\/www.aarquiteta.com.br\/blog\/wp-content\/uploads\/2022\/02\/Transforme-sua-Casa-com-Moveis-Planejados-Sem-Gastar-Muito-1-150x100.jpg 150w\" sizes=\"(max-width: 1200px) 100vw, 1200px\" \/><figcaption id=\"caption-attachment-91703\" class=\"wp-caption-text\">Foto: Canva.com<\/figcaption><\/figure>\n<h3>1 \u2014 Avalie as condi\u00e7\u00f5es dos seus m\u00f3veis atuais:<\/h3>\n<figure id=\"attachment_90623\" aria-describedby=\"caption-attachment-90623\" style=\"width: 1024px\" class=\"wp-caption alignnone\"><img decoding=\"async\" class=\"size-full wp-image-90623\" src=\"https:\/\/www.aarquiteta.com.br\/blog\/wp-content\/uploads\/2023\/08\/Pequenos-Espacos-Grandes-Ideias-O-Guia-Definitivo-para-Projetar-sua-Cozinha-Compacta-1.png\" alt=\"Pequenos Espa\u00e7os, Grandes Ideias: O Guia Definitivo para Projetar sua Cozinha Compacta\" width=\"1024\" height=\"1024\" title=\"\" srcset=\"https:\/\/www.aarquiteta.com.br\/blog\/wp-content\/uploads\/2023\/08\/Pequenos-Espacos-Grandes-Ideias-O-Guia-Definitivo-para-Projetar-sua-Cozinha-Compacta-1.png 1024w, https:\/\/www.aarquiteta.com.br\/blog\/wp-content\/uploads\/2023\/08\/Pequenos-Espacos-Grandes-Ideias-O-Guia-Definitivo-para-Projetar-sua-Cozinha-Compacta-1-696x696.png 696w, https:\/\/www.aarquiteta.com.br\/blog\/wp-content\/uploads\/2023\/08\/Pequenos-Espacos-Grandes-Ideias-O-Guia-Definitivo-para-Projetar-sua-Cozinha-Compacta-1-96x96.png 96w, https:\/\/www.aarquiteta.com.br\/blog\/wp-content\/uploads\/2023\/08\/Pequenos-Espacos-Grandes-Ideias-O-Guia-Definitivo-para-Projetar-sua-Cozinha-Compacta-1-150x150.png 150w\" sizes=\"(max-width: 1024px) 100vw, 1024px\" \/><figcaption id=\"caption-attachment-90623\" class=\"wp-caption-text\">Pequenos Espa\u00e7os, Grandes Ideias: O Guia Definitivo para Projetar sua Cozinha Compacta<\/figcaption><\/figure>\n<p>Para quem vai redecorar a casa e n\u00e3o pode comprar tudo novo, uma boa dica antes de se endividar \u00e9 avaliar o estado de conserva\u00e7\u00e3o de seus m\u00f3veis planejados antigos.<\/p>\n<p>Substitua apenas aqueles que realmente j\u00e1 \u201cderam tudo o que tinham que dar\u201d.<\/p>\n<p>Aos demais, d\u00ea uma segunda chance, fazendo alguns reparos ou mesmo apostando na customiza\u00e7\u00e3o para lhes dar vida nova.<\/p>\n<h3>2 \u2014 Observe o tamanho dos ambientes antes de adquirir novos m\u00f3veis:<\/h3>\n<p><img decoding=\"async\" class=\"alignnone size-full wp-image-95551\" src=\"https:\/\/www.aarquiteta.com.br\/blog\/wp-content\/uploads\/2023\/10\/cozinha-pequena-apartamento-planejada-04.jpg\" alt=\"\" width=\"1024\" height=\"1024\" title=\"\"><\/p>\n<p>Essa dica vai para quem acabou de comprar a casa ou de alugar um apartamento e n\u00e3o tem nenhum m\u00f3vel.<\/p>\n<p>Nesse momento, a tenta\u00e7\u00e3o de se endividar para comprar tudo novo \u00e9 grande.<\/p>\n<p>Contudo, com a empolga\u00e7\u00e3o, vem a oportunidade de errar e comprar mais do que voc\u00ea realmente precisa ou que ainda cabe nos ambientes.<\/p>\n<p>Ent\u00e3o, para n\u00e3o errar desta forma, a dica \u00e9 medir os c\u00f4modos de sua casa e pensar exatamente no que vai realente precisar naquele momento.<\/p>\n<p>Desta forma, voc\u00ea n\u00e3o s\u00f3 ter\u00e1 uma ideia do tamanho dos ambientes como tamb\u00e9m saber\u00e1 exatamente do que precisa e do que n\u00e3o precisa caso optar pelos m\u00f3veis planejados.<\/p>\n<h3>3 \u2014 Escolha m\u00f3veis planejados de estilo minimalista:<\/h3>\n<p><img decoding=\"async\" class=\"alignnone size-full wp-image-83058\" src=\"https:\/\/www.aarquiteta.com.br\/blog\/wp-content\/uploads\/2023\/07\/cozinha-pequena-06.png\" alt=\"\" width=\"1024\" height=\"1024\" title=\"\" srcset=\"https:\/\/www.aarquiteta.com.br\/blog\/wp-content\/uploads\/2023\/07\/cozinha-pequena-06.png 1024w, https:\/\/www.aarquiteta.com.br\/blog\/wp-content\/uploads\/2023\/07\/cozinha-pequena-06-696x696.png 696w, https:\/\/www.aarquiteta.com.br\/blog\/wp-content\/uploads\/2023\/07\/cozinha-pequena-06-96x96.png 96w, https:\/\/www.aarquiteta.com.br\/blog\/wp-content\/uploads\/2023\/07\/cozinha-pequena-06-150x150.png 150w\" sizes=\"(max-width: 1024px) 100vw, 1024px\" \/><\/p>\n<p>Decorar alguns ambientes pode ser bastante dif\u00edcil.\u00a0Os m\u00f3veis planejados que voc\u00ea viu naquela loja podem n\u00e3o combinar com o lugar ou com o seu estilo preferido.<\/p>\n<p>Por isso, quando estiver selecionando os elementos de seu quarto, por exemplo, opte por m\u00f3veis com tra\u00e7ado simples e discreto.\u00a0Assim, eles se harmonizar\u00e3o facilmente com os outros elementos e voc\u00ea n\u00e3o\u00a0 sentir\u00e1 que investiu equivocadamente seu dinheiro.<\/p>\n<h3>4 \u2014 Use as cores para criar novos estilos:<\/h3>\n<figure id=\"attachment_26508\" aria-describedby=\"caption-attachment-26508\" style=\"width: 1000px\" class=\"wp-caption aligncenter\"><a href=\"https:\/\/www.aarquiteta.com.br\/blog\/wp-content\/uploads\/2019\/07\/2.jpg\"><img decoding=\"async\" class=\"wp-image-26508 size-full\" title=\"M\u00f3veis Planejados - Como economizar na hora de comprar?\" src=\"https:\/\/www.aarquiteta.com.br\/blog\/wp-content\/uploads\/2019\/07\/2.jpg\" alt=\"M\u00f3veis Planejados - Como economizar na hora de comprar?\" width=\"1000\" height=\"667\" srcset=\"https:\/\/www.aarquiteta.com.br\/blog\/wp-content\/uploads\/2019\/07\/2.jpg 1000w, https:\/\/www.aarquiteta.com.br\/blog\/wp-content\/uploads\/2019\/07\/2-696x464.jpg 696w, https:\/\/www.aarquiteta.com.br\/blog\/wp-content\/uploads\/2019\/07\/2-150x100.jpg 150w\" sizes=\"(max-width: 1000px) 100vw, 1000px\" \/><\/a><figcaption id=\"caption-attachment-26508\" class=\"wp-caption-text\">M\u00f3veis Planejados &#8211; Como economizar na hora de comprar?<\/figcaption><\/figure>\n<p>Quem est\u00e1 redecorando pode mesclar facilmente m\u00f3veis novos e antigos em um mesmo ambiente, criando uma aura moderna, de novidade.<\/p>\n<p>Para isso, basta brincar com as cores!\u00a0Por exemplo, escolha uma ou outra cor de destaque e permita que ela \u201cconverse\u201d com seus m\u00f3veis, criando um ar mais moderno e destacando aquele sof\u00e1 que voc\u00ea tanto gosta ou a cama novinha que acabou de comprar.<\/p>\n<p>Outra dica \u00e9 apelar para acess\u00f3rios coloridos, como itens de decora\u00e7\u00e3o.\u00a0Al\u00e9m de criar um ambiente com ar descontra\u00eddo, eles ajudam a deixar o quarto ou a sala com a sua cara.<\/p>\n<p>Com essas dicas e muita criatividade, voc\u00ea construir\u00e1 os ambientes que sempre quis, gastando pouco dinheiro.<\/p>\n<p>E a\u00ed, gostou das dicas do artigo? Ent\u00e3o deslize a tela para baixo e confira <strong><a href=\"https:\/\/www.aarquiteta.com.br\">mais dicas<\/a><\/strong>, al\u00e9m dos nossos <strong><a href=\"http:\/\/www.aarquiteta.com.br\">Cursos e Treinamentos<\/a><\/strong>\u00a0e n\u00e3o se esque\u00e7a de compartilhar com os amigos!<\/p>\n<p>Quer receber conte\u00fados exclusivos sobre <strong>casa, jardim, <a href=\"https:\/\/amzn.to\/47hsVXp\" target=\"_blank\" rel=\"noopener\">decora\u00e7\u00e3o<\/a>, arquitetura, educa\u00e7\u00e3o financeira e <a href=\"https:\/\/www.ideia-decoracao.com\/\" target=\"_blank\" rel=\"noopener\">muito mais<\/a><\/strong>? Ent\u00e3o, <strong><a href=\"https:\/\/cursosdearquitetura.com.br\/\" target=\"_blank\" rel=\"noopener\">inscreva-se agora<\/a><\/strong> mesmo no nosso <strong><a href=\"https:\/\/t.me\/aarquitetablog\" target=\"_blank\" rel=\"noopener\">Canal do Telegram<\/a>!<\/strong> \ud83e\udd29\ud83d\udc68\u200d\ud83d\udc69\u200d\ud83d\udc67\u200d\ud83d\udc66<\/p>\n<p>Aqui, voc\u00ea ter\u00e1 acesso a artigos, dicas de <strong>beleza e sa\u00fade<\/strong>, al\u00e9m\u00a0e inspira\u00e7\u00f5es para <strong>transformar sua casa em um lar dos sonhos<\/strong>, cuidar do seu jardim com carinho, aprender sobre finan\u00e7as pessoais e muito mais. \ud83d\udcda\ud83d\udcb0<\/p>\n<p>N\u00e3o perca mais tempo e junte-se a n\u00f3s para receber conte\u00fados exclusivos e se manter sempre atualizado! \ud83d\udce2\ud83c\udfe0\ud83c\udf3f\ud83c\udfe6. Ingresse <strong><a href=\"https:\/\/t.me\/aarquitetablog\" target=\"_blank\" rel=\"noopener\">aqui<\/a> <\/strong>no Canal da <strong>Arquiteta Blog por <a href=\"https:\/\/www.aarquiteta.com.br\/blog\/quem-e-luciana-paixao-do-blog-aarquiteta-cursos-profissionais\/\" target=\"_blank\" rel=\"noopener\">Luciana Paix\u00e3o<\/a>!<\/strong> \ud83d\udc95<\/p>\n","protected":false},"excerpt":{"rendered":"<p>M\u00f3veis planejados \u00e9 sempre um assunto importante quando voc\u00ea est\u00e1 se mudando para a sua primeira casa ou mesmo renovando a decora\u00e7\u00e3o do seu apartamento. O grande desejo de todos os que est\u00e3o nesse processo \u00e9 comprar tudo novo e se poss\u00edvel da melhor qualidade, pelo menos aquele que cabe no seu bolso. Levar para [&hellip;]<\/p>\n","protected":false},"author":102,"featured_media":83057,"comment_status":"closed","ping_status":"closed","sticky":false,"template":"","format":"standard","meta":{"footnotes":""},"categories":[1484,971,20341,35386,18776],"tags":[12881,12884,12883,9933],"class_list":["post-26505","post","type-post","status-publish","format-standard","has-post-thumbnail","category-decoracao","category-design-de-interiores","category-moveis","category-moveis-planejados","category-projetos-de-moveis-planejados","tag-como-comprar-moveis-reciclados","tag-como-economizar-no-movel-planejado","tag-como-escolher-moveis-planejados","tag-moveis-planejados"],"_wp_attached_file":null,"_wp_attachment_metadata":null,"_wp_attachment_context":null,"_wp_attachment_is_custom_header":null,"geo_longitude":null,"geo_public":null,"geo_latitude":null,"_publicize_done_external":null,"_wpas_done_3897181":null,"publicize_twitter_user":null,"_wpas_done_3897175":null,"_wpas_skip_3897181":null,"_wpas_skip_3897175":null,"_wpas_skip_3924723":null,"_wpas_mess":null,"_wpas_done_3924723":null,"wps_subtitle":"Vai reformar? Confira este artigo sobre M\u00f3veis Planejados e veja como economizar na hora de comprar!","_links":{"self":[{"href":"https:\/\/www.aarquiteta.com.br\/blog\/wp-json\/wp\/v2\/posts\/26505","targetHints":{"allow":["GET"]}}],"collection":[{"href":"https:\/\/www.aarquiteta.com.br\/blog\/wp-json\/wp\/v2\/posts"}],"about":[{"href":"https:\/\/www.aarquiteta.com.br\/blog\/wp-json\/wp\/v2\/types\/post"}],"author":[{"embeddable":true,"href":"https:\/\/www.aarquiteta.com.br\/blog\/wp-json\/wp\/v2\/users\/102"}],"replies":[{"embeddable":true,"href":"https:\/\/www.aarquiteta.com.br\/blog\/wp-json\/wp\/v2\/comments?post=26505"}],"version-history":[{"count":2,"href":"https:\/\/www.aarquiteta.com.br\/blog\/wp-json\/wp\/v2\/posts\/26505\/revisions"}],"predecessor-version":[{"id":157977,"href":"https:\/\/www.aarquiteta.com.br\/blog\/wp-json\/wp\/v2\/posts\/26505\/revisions\/157977"}],"wp:featuredmedia":[{"embeddable":true,"href":"https:\/\/www.aarquiteta.com.br\/blog\/wp-json\/wp\/v2\/media\/83057"}],"wp:attachment":[{"href":"https:\/\/www.aarquiteta.com.br\/blog\/wp-json\/wp\/v2\/media?parent=26505"}],"wp:term":[{"taxonomy":"category","embeddable":true,"href":"https:\/\/www.aarquiteta.com.br\/blog\/wp-json\/wp\/v2\/categories?post=26505"},{"taxonomy":"post_tag","embeddable":true,"href":"https:\/\/www.aarquiteta.com.br\/blog\/wp-json\/wp\/v2\/tags?post=26505"}],"curies":[{"name":"wp","href":"https:\/\/api.w.org\/{rel}","templated":true}]}}