{"id":25987,"date":"2021-12-09T20:00:02","date_gmt":"2021-12-09T23:00:02","guid":{"rendered":"http:\/\/aarquiteta.com.br\/?p=25987"},"modified":"2024-09-11T16:30:16","modified_gmt":"2024-09-11T19:30:16","slug":"skansen-marca-arquitetas-e-designers","status":"publish","type":"post","link":"https:\/\/www.aarquiteta.com.br\/blog\/skansen-marca-arquitetas-e-designers\/","title":{"rendered":"Skansen, marca de acess\u00f3rios Nordweg que vai encantar arquitetos (a) e designers!"},"content":{"rendered":"<p>Skansen, marca de acess\u00f3rios femininos da Nordweg que vai encantar arquitetas e designers.<\/p><p>Na Arquitetura, o design faz toda a diferen\u00e7a. Mesmo que essa regra se aplique muito \u00e0 \u00e1rea profissional, \u00e9 curioso\u00a0como\u00a0h\u00e1 uma\u00a0tend\u00eancia de\u00a0levar tamb\u00e9m para o lado pessoal.<\/p><p>Quando voc\u00ea come\u00e7a a entender os elementos de um cen\u00e1rio e como eles se encaixam, come\u00e7a a procurar um equil\u00edbrio tamb\u00e9m em suas roupas, acess\u00f3rios e objetos de modo geral.<\/p><p>\u00c9 exatamente esse equil\u00edbrio que a <a href=\"https:\/\/www.instagram.com\/skansenbrasil\/\" target=\"_blank\" rel=\"noopener noreferrer\">Skansen<\/a> oferece em seus produtos.<\/p><p>Dois exemplos que n\u00f3s tivemos a oportunidade de testar s\u00e3o a mochila e a bolsa da Skansen, que, al\u00e9m de transmitirem um ar de profissionalismo e eleg\u00e2ncia, s\u00e3o minimalistas, vers\u00e1teis e podem ser usadas em qualquer situa\u00e7\u00e3o.<\/p><p>Os dois itens s\u00e3o do mesmo estilo dos produtos da Nordweg.<\/p><p>Por\u00e9m, enquanto a Skansen \u00e9 voltada para produtos femininos, a Nordweg \u00e9 voltada para os masculinos.<\/p><h2>Skansen, marca de acess\u00f3rios Nordweg que vai encantar arquitetas e designers!<\/h2><h2>Mochila Studio Skansen<\/h2><p>A <a href=\"https:\/\/skansen.com.br\/collections\/all-products\/products\/mochila-studio-bordo\" target=\"_blank\" rel=\"noopener noreferrer\">mochila Studio<\/a> \u00e9 elegante, minimalista e ideal para o dia a dia ou para levar como companheira de viagem.<\/p><p>Ela \u00e9 t\u00e3o vers\u00e1til que serve para o trabalho, faculdade, para acompanhar o mochil\u00e3o, etc. Sem falar no design, um arraso.<\/p><p>De modo geral, a mochila Studio da Skansen \u00e9, basicamente, aquele acess\u00f3rio curinga, que combina com tudo e serve para todas as situa\u00e7\u00f5es.<\/p><p>Assim, n\u00e3o requer nem o trabalho de ficar trocando de bolsa\/mochila toda vez que for sair para algum lugar. \u00e9 s\u00f3 pegar a mochila e pronto.<\/p><p><a href=\"https:\/\/www.aarquiteta.com.br\/blog\/wp-content\/uploads\/2019\/06\/skansen-a-arquiteta-1.jpg\"><img decoding=\"async\" class=\"aligncenter wp-image-26020 size-full\" title=\"Skansen, marca de acess\u00f3rios Nordweg que vai encantar arquitetas e designers!\" src=\"https:\/\/www.aarquiteta.com.br\/blog\/wp-content\/uploads\/2019\/06\/skansen-a-arquiteta-1.jpg\" alt=\"Skansen, marca de acess\u00f3rios Nordweg que vai encantar arquitetas e designers!\" width=\"1200\" height=\"1495\" srcset=\"https:\/\/www.aarquiteta.com.br\/blog\/wp-content\/uploads\/2019\/06\/skansen-a-arquiteta-1.jpg 1200w, https:\/\/www.aarquiteta.com.br\/blog\/wp-content\/uploads\/2019\/06\/skansen-a-arquiteta-1-1024x1276.jpg 1024w, https:\/\/www.aarquiteta.com.br\/blog\/wp-content\/uploads\/2019\/06\/skansen-a-arquiteta-1-696x867.jpg 696w, https:\/\/www.aarquiteta.com.br\/blog\/wp-content\/uploads\/2019\/06\/skansen-a-arquiteta-1-150x187.jpg 150w\" sizes=\"(max-width: 1200px) 100vw, 1200px\" \/><\/a><\/p><p>Se voc\u00ea \u00e9 daqueles detalhistas (como a profiss\u00e3o requer) e ficou curioso, aqui v\u00e3o alguns detalhes sobre a mochila Skansen.<\/p><p>Ela \u00e9 produzida em materiais de alta qualidade (couro leg\u00edtimo na mochila e nas al\u00e7as e z\u00edper YKK de metal).<\/p><p>H\u00e1 um bolso externo, dois bolsos internos, al\u00e7as para as costas e uma al\u00e7a de m\u00e3o.<\/p><figure id=\"attachment_26018\" aria-describedby=\"caption-attachment-26018\" style=\"width: 1100px\" class=\"wp-caption aligncenter\"><a href=\"https:\/\/www.aarquiteta.com.br\/blog\/wp-content\/uploads\/2019\/06\/skansen-a-arquiteta-2.jpg\"><img decoding=\"async\" class=\"wp-image-26018\" title=\"Skansen, marca de acess\u00f3rios Nordweg que vai encantar arquitetas e designers!\" src=\"https:\/\/www.aarquiteta.com.br\/blog\/wp-content\/uploads\/2019\/06\/skansen-a-arquiteta-2.jpg\" alt=\"Skansen, marca de acess\u00f3rios Nordweg que vai encantar arquitetas e designers!\" width=\"1100\" height=\"996\" srcset=\"https:\/\/www.aarquiteta.com.br\/blog\/wp-content\/uploads\/2019\/06\/skansen-a-arquiteta-2.jpg 700w, https:\/\/www.aarquiteta.com.br\/blog\/wp-content\/uploads\/2019\/06\/skansen-a-arquiteta-2-696x630.jpg 696w, https:\/\/www.aarquiteta.com.br\/blog\/wp-content\/uploads\/2019\/06\/skansen-a-arquiteta-2-150x136.jpg 150w\" sizes=\"(max-width: 1100px) 100vw, 1100px\" \/><\/a><figcaption id=\"caption-attachment-26018\" class=\"wp-caption-text\">Skansen, marca de acess\u00f3rios Nordweg que vai encantar arquitetas e designers!<\/figcaption><\/figure><p>Dentro da mochila Studio \u00e9 poss\u00edvel colocar um notebook de at\u00e9 13\u201d e ainda cabe mais coisa.<\/p><p>Ela tem 42 cm de altura e largura de 29 cm por 15 cm.<\/p><p>A garantia para defeitos de fabrica\u00e7\u00e3o \u00e9 de dois anos. Ela est\u00e1 dispon\u00edvel nas <a href=\"https:\/\/www.aarquiteta.com.br\/blog\/?s=CORES\">cores<\/a> preto, verde, caramelo, marsala e azul.<\/p><h2>Bolsa Transversal Citiz Caramelo<\/h2><p>A <a href=\"https:\/\/skansen.com.br\/collections\/all-products\/products\/bolsa-transversal-citiz-caramelo\" target=\"_blank\" rel=\"noopener noreferrer\">bolsa transversal<\/a> segue o mesmo estilo da mochila: materiais de alta qualidade, com couro leg\u00edtimo, design minimalista e vers\u00e1til.<\/p><p>\u00c9 aquela bolsa que voc\u00ea usa para guardar documento, chave, batom, cart\u00f5es e mais, de modo que \u00e9 f\u00e1cil encontrar tudo.<\/p><p>A bolsa pode ser usada, inclusive, em conjunto com a mochila, principalmente quando voc\u00ea precisa exibir os documentos toda hora e n\u00e3o quer tirar a mochila das costas ou n\u00e3o, quer ficar horas procurando em outros locais.<\/p><p>Nos aeroportos, por exemplo, quando estamos cheios de malas normalmente pesadas, o segredo \u00e9 colocar tudo em uma bolsa com f\u00e1cil acesso.<\/p><figure id=\"attachment_26021\" aria-describedby=\"caption-attachment-26021\" style=\"width: 1200px\" class=\"wp-caption aligncenter\"><a href=\"https:\/\/www.aarquiteta.com.br\/blog\/wp-content\/uploads\/2019\/06\/skansen-a-arquiteta-3.jpg\"><img decoding=\"async\" class=\"wp-image-26021 size-full\" title=\"Skansen, marca de acess\u00f3rios Nordweg que vai encantar arquitetas e designers!\" src=\"https:\/\/www.aarquiteta.com.br\/blog\/wp-content\/uploads\/2019\/06\/skansen-a-arquiteta-3.jpg\" alt=\"Skansen, marca de acess\u00f3rios Nordweg que vai encantar arquitetas e designers!\" width=\"1200\" height=\"1088\" srcset=\"https:\/\/www.aarquiteta.com.br\/blog\/wp-content\/uploads\/2019\/06\/skansen-a-arquiteta-3.jpg 1200w, https:\/\/www.aarquiteta.com.br\/blog\/wp-content\/uploads\/2019\/06\/skansen-a-arquiteta-3-1024x928.jpg 1024w, https:\/\/www.aarquiteta.com.br\/blog\/wp-content\/uploads\/2019\/06\/skansen-a-arquiteta-3-696x631.jpg 696w, https:\/\/www.aarquiteta.com.br\/blog\/wp-content\/uploads\/2019\/06\/skansen-a-arquiteta-3-150x136.jpg 150w\" sizes=\"(max-width: 1200px) 100vw, 1200px\" \/><\/a><figcaption id=\"caption-attachment-26021\" class=\"wp-caption-text\">Skansen, marca de acess\u00f3rios Nordweg que vai encantar arquitetas e designers!<\/figcaption><\/figure><p>A bolsa transversal possui dimens\u00f5es de 16 cm de altura e largura de 22 cm por 7cm.<\/p><p>H\u00e1 um bolso interno e um externo, e al\u00e7a de ombro em couro ajust\u00e1vel.<\/p><p>A garantia tamb\u00e9m \u00e9 de dois anos para defeitos de fabrica\u00e7\u00e3o e ela tamb\u00e9m est\u00e1 dispon\u00edvel nas cores preta, verde, marsala, azul e caramelo.<\/p><figure id=\"attachment_26019\" aria-describedby=\"caption-attachment-26019\" style=\"width: 1200px\" class=\"wp-caption aligncenter\"><a href=\"https:\/\/www.aarquiteta.com.br\/blog\/wp-content\/uploads\/2019\/06\/skansen-a-arquiteta-4.jpg\"><img decoding=\"async\" class=\"wp-image-26019 size-full\" src=\"https:\/\/www.aarquiteta.com.br\/blog\/wp-content\/uploads\/2019\/06\/skansen-a-arquiteta-4.jpg\" alt=\"\" width=\"1200\" height=\"1200\" title=\"\" srcset=\"https:\/\/www.aarquiteta.com.br\/blog\/wp-content\/uploads\/2019\/06\/skansen-a-arquiteta-4.jpg 1200w, https:\/\/www.aarquiteta.com.br\/blog\/wp-content\/uploads\/2019\/06\/skansen-a-arquiteta-4-1024x1024.jpg 1024w, https:\/\/www.aarquiteta.com.br\/blog\/wp-content\/uploads\/2019\/06\/skansen-a-arquiteta-4-696x696.jpg 696w, https:\/\/www.aarquiteta.com.br\/blog\/wp-content\/uploads\/2019\/06\/skansen-a-arquiteta-4-96x96.jpg 96w, https:\/\/www.aarquiteta.com.br\/blog\/wp-content\/uploads\/2019\/06\/skansen-a-arquiteta-4-150x150.jpg 150w\" sizes=\"(max-width: 1200px) 100vw, 1200px\" \/><\/a><figcaption id=\"caption-attachment-26019\" class=\"wp-caption-text\">Skansen, marca de acess\u00f3rios Nordweg que vai encantar arquitetas e designers!<\/figcaption><\/figure><h4>Dica:<\/h4><p>Se voc\u00ea prefere um design mais masculino, mas com a mesma eleg\u00e2ncia e qualidade, o ideal \u00e9 dar uma olhada nos produtos fabricados pela Nordweg.<\/p><p>N\u00f3s j\u00e1 testamos alguns viajando pela Am\u00e9rica do Sul e a experi\u00eancia foi \u00f3tima, como voc\u00ea pode ver <a href=\"https:\/\/www.aarquiteta.com.br\/blog\/bda-review\/viajar-produtos-nordweg\/\" target=\"_blank\" rel=\"noopener noreferrer\">nesse artigo<\/a>.<\/p><h3><strong>E a\u00ed, gostou do artigo?<\/strong><\/h3><p><span id=\"Entao_compartilhe_com_os_amigos\" class=\"ez-toc-section\"><\/span><span id=\"Entao_compartilhe_com_os_amigos\" class=\"ez-toc-section\"><\/span><strong>Ent\u00e3o compartilhe com os amigos!<\/strong><\/p><p>Em fim, n\u00e3o se esque\u00e7a de me deixar saber nos coment\u00e1rios o que voc\u00ea achou do artigo.<\/p><p>At\u00e9 a pr\u00f3xima dica!<\/p><h3><span id=\"%E2%96%BAVeja_mais_dicas_em\" class=\"ez-toc-section\"><\/span><span id=\"%E2%96%BAVeja_mais_dicas_em\" class=\"ez-toc-section\"><\/span>\u25baVeja mais dicas em:<\/h3><p>Quer mais dicas ent\u00e3o confira alguns dos nossos artigos sobre:<\/p><ul><li><a href=\"https:\/\/www.aarquiteta.com.br\/decoracao\/\" target=\"_blank\" rel=\"noopener\">Decora\u00e7\u00e3o<\/a><\/li><li><a href=\"https:\/\/www.aarquiteta.com.br\/blog\/paisagismo\/\" target=\"_blank\" rel=\"noopener\">Casa e Jardim<\/a><\/li><li><a href=\"https:\/\/www.aarquiteta.com.br\/blog\/arquitetura\/mundo-arquitetura\/\" target=\"_blank\" rel=\"noopener\">Mundo Arquitetura<\/a><\/li><\/ul><h3><span id=\"%E2%96%BA_Siga-nos_nas_redes_sociais\" class=\"ez-toc-section\"><\/span><span id=\"%E2%96%BA_Siga-nos_nas_redes_sociais\" class=\"ez-toc-section\"><\/span>\u25ba Siga-nos nas redes sociais:<\/h3><p>Al\u00e9m disso, confira nossas redes sociais, siga-nos em:<\/p><ul><li><a href=\"https:\/\/br.pinterest.com\/aarquitetapinterest\/_created\/\" target=\"_blank\" rel=\"noopener\">Pinterest<\/a><\/li><li><a href=\"https:\/\/web.facebook.com\/aarquiteta\" target=\"_blank\" rel=\"noopener\">Facebook<\/a><\/li><li><a href=\"https:\/\/www.instagram.com\/aarquitetablog\" target=\"_blank\" rel=\"noopener\">Instagram<\/a><\/li><li><a href=\"https:\/\/www.tiktok.com\/@aarquiteta_oficial?lang=pt-BR\" target=\"_blank\" rel=\"noopener\">Tiktok<\/a><\/li><\/ul><h3><\/h3>","protected":false},"excerpt":{"rendered":"<p>Skansen, marca de acess\u00f3rios femininos da Nordweg que vai encantar arquitetas e designers.Na Arquitetura, o design faz toda a diferen\u00e7a. Mesmo que essa regra se aplique muito \u00e0 \u00e1rea profissional, \u00e9 curioso\u00a0como\u00a0h\u00e1 uma\u00a0tend\u00eancia de\u00a0levar tamb\u00e9m para o lado pessoal.Quando voc\u00ea come\u00e7a a entender os elementos de um cen\u00e1rio e como eles se encaixam, come\u00e7a a [&hellip;]<\/p>\n","protected":false},"author":102,"featured_media":26017,"comment_status":"closed","ping_status":"closed","sticky":false,"template":"","format":"standard","meta":{"footnotes":""},"categories":[10005],"tags":[2260,9069,2889,9068,2890,9067,1750],"class_list":["post-25987","post","type-post","status-publish","format-standard","has-post-thumbnail","category-casa-e-jardim","tag-bolsa","tag-bolsa-skansen","tag-mochila","tag-mochila-skansen","tag-nordweg","tag-skansen","tag-viagem"],"_wp_attached_file":null,"_wp_attachment_metadata":null,"_wp_attachment_context":null,"_wp_attachment_is_custom_header":null,"geo_longitude":null,"geo_public":null,"geo_latitude":null,"_publicize_done_external":null,"_wpas_done_3897181":null,"publicize_twitter_user":null,"_wpas_done_3897175":null,"_wpas_skip_3897181":null,"_wpas_skip_3897175":null,"_wpas_skip_3924723":null,"_wpas_mess":null,"_wpas_done_3924723":null,"wps_subtitle":"Lindos acess\u00f3rios para quem gosta de estar bem e nada moda!","_links":{"self":[{"href":"https:\/\/www.aarquiteta.com.br\/blog\/wp-json\/wp\/v2\/posts\/25987","targetHints":{"allow":["GET"]}}],"collection":[{"href":"https:\/\/www.aarquiteta.com.br\/blog\/wp-json\/wp\/v2\/posts"}],"about":[{"href":"https:\/\/www.aarquiteta.com.br\/blog\/wp-json\/wp\/v2\/types\/post"}],"author":[{"embeddable":true,"href":"https:\/\/www.aarquiteta.com.br\/blog\/wp-json\/wp\/v2\/users\/102"}],"replies":[{"embeddable":true,"href":"https:\/\/www.aarquiteta.com.br\/blog\/wp-json\/wp\/v2\/comments?post=25987"}],"version-history":[{"count":0,"href":"https:\/\/www.aarquiteta.com.br\/blog\/wp-json\/wp\/v2\/posts\/25987\/revisions"}],"wp:featuredmedia":[{"embeddable":true,"href":"https:\/\/www.aarquiteta.com.br\/blog\/wp-json\/wp\/v2\/media\/26017"}],"wp:attachment":[{"href":"https:\/\/www.aarquiteta.com.br\/blog\/wp-json\/wp\/v2\/media?parent=25987"}],"wp:term":[{"taxonomy":"category","embeddable":true,"href":"https:\/\/www.aarquiteta.com.br\/blog\/wp-json\/wp\/v2\/categories?post=25987"},{"taxonomy":"post_tag","embeddable":true,"href":"https:\/\/www.aarquiteta.com.br\/blog\/wp-json\/wp\/v2\/tags?post=25987"}],"curies":[{"name":"wp","href":"https:\/\/api.w.org\/{rel}","templated":true}]}}