{"id":25935,"date":"2022-02-20T15:06:34","date_gmt":"2022-02-20T18:06:34","guid":{"rendered":"http:\/\/aarquiteta.com.br\/?p=25935"},"modified":"2024-06-28T15:36:38","modified_gmt":"2024-06-28T18:36:38","slug":"cores-de-tinta-na-decoracao","status":"publish","type":"post","link":"https:\/\/www.aarquiteta.com.br\/blog\/cores-de-tinta-na-decoracao\/","title":{"rendered":"Cores de Tinta na Decora\u00e7\u00e3o de Interiores &#8211; 4 regras de cor para adotar!"},"content":{"rendered":"<p>Saber combinar uma cor \u00e9 sempre uma tarefa dif\u00edcil talvez mais para uns que para outros.\u00a0Contudo, para ajudar nessa tarefa essencial no design de cores, h\u00e1 4 regras de cor que podem auxiliar na hora de encontrar o equil\u00edbrio e, consequentemente, salvar qualquer ambiente. Vamos a elas:<\/p>\n<h2>Cores de Tinta na Decora\u00e7\u00e3o de Interiores &#8211; 4 regras de cor para adotar!<\/h2>\n<h3>1| Regra 60-30-10 para cor:<\/h3>\n<p>Calma, isso n\u00e3o \u00e9 nenhum c\u00f3digo especial da paleta de cores.<\/p>\n<p>Esses valores representam porcentagens.<\/p>\n<p>A regra consiste em usar tr\u00eas cores, cada uma com uma dessas porcentagens no ambiente.<\/p>\n<p>Funciona assim: inicialmente, voc\u00ea deve escolher seu tom dominante (obviamente, ele estar\u00e1 presente em 60% do ambiente).<\/p>\n<p>Como ele \u00e9 o dominante, escolha uma cor mais neutra, de modo que o espa\u00e7o n\u00e3o fique sobrecarregado demais.<\/p>\n<p>Depois, voc\u00ea escolhe a sua cor secund\u00e1ria (30%).<\/p>\n<p>Ela n\u00e3o precisa ser neutra como o tom dominante e pode ter um pouquinho mais de vida.<\/p>\n<p>Por \u00faltimo, voc\u00ea escolhe sua cor de destaque, que estar\u00e1 presente em 10% do ambiente.<\/p>\n<p>Conclu\u00edmos, neste item, que a matem\u00e1tica pode ser essencial na hora de decorar.<\/p>\n<figure id=\"attachment_25936\" aria-describedby=\"caption-attachment-25936\" style=\"width: 1200px\" class=\"wp-caption aligncenter\"><a href=\"https:\/\/www.aarquiteta.com.br\/blog\/wp-content\/uploads\/2019\/05\/regras-cor-decoracao-arquiteta-2.jpg\"><img decoding=\"async\" class=\"wp-image-25936\" title=\"neufert\" src=\"https:\/\/www.aarquiteta.com.br\/blog\/wp-content\/uploads\/2019\/05\/regras-cor-decoracao-arquiteta-2.jpg\" alt=\"Cores na Decora\u00e7\u00e3o de Interiores - 4 regras de cor para adotar!\" width=\"1200\" height=\"801\" srcset=\"https:\/\/www.aarquiteta.com.br\/blog\/wp-content\/uploads\/2019\/05\/regras-cor-decoracao-arquiteta-2.jpg 800w, https:\/\/www.aarquiteta.com.br\/blog\/wp-content\/uploads\/2019\/05\/regras-cor-decoracao-arquiteta-2-696x465.jpg 696w, https:\/\/www.aarquiteta.com.br\/blog\/wp-content\/uploads\/2019\/05\/regras-cor-decoracao-arquiteta-2-150x100.jpg 150w\" sizes=\"(max-width: 1200px) 100vw, 1200px\" \/><\/a><figcaption id=\"caption-attachment-25936\" class=\"wp-caption-text\">Cores na Decora\u00e7\u00e3o de Interiores &#8211; 4 regras de cor para adotar! Imagem: freshome.com<\/figcaption><\/figure>\n<h3>2| Cor quente e fria:<\/h3>\n<p>Na paleta de cores, h\u00e1 aquelas mais vibrantes, que passam mais energia, e as mais calmas, mais tranquilas.<\/p>\n<p>Esses s\u00e3o, respectivamente, exemplos de cores quentes (como laranja, amarelo, vermelho e marrom) e de cores frias (como verde, azul e roxo).<\/p>\n<p>A ideia \u00e9 voc\u00ea n\u00e3o escolher a cor para a casa toda, mas sim para cada ambiente de acordo com a sua finalidade.<\/p>\n<p>Por exemplo, nos quartos, o ideal \u00e9 um ambiente mais calmo, mais tranquilo. Ent\u00e3o, nesse caso, o indicado \u00e9 usar cores frias.<\/p>\n<p>Por outro lado, na sala, a inten\u00e7\u00e3o \u00e9 passar uma energia positiva, criar um ambiente para conversas calorosas, discuss\u00f5es saud\u00e1veis e agita\u00e7\u00e3o.<\/p>\n<p>Assim, as cores quentes t\u00eam mais espa\u00e7o nesses casos.<\/p>\n<figure id=\"attachment_25939\" aria-describedby=\"caption-attachment-25939\" style=\"width: 1200px\" class=\"wp-caption aligncenter\"><a href=\"https:\/\/www.aarquiteta.com.br\/blog\/wp-content\/uploads\/2019\/05\/regras-cor-decoracao-arquiteta-3.jpg\"><img decoding=\"async\" class=\"wp-image-25939\" title=\"Cores na Decora\u00e7\u00e3o de Interiores - 4 regras de cor para adotar!\" src=\"https:\/\/www.aarquiteta.com.br\/blog\/wp-content\/uploads\/2019\/05\/regras-cor-decoracao-arquiteta-3.jpg\" alt=\"Cores na Decora\u00e7\u00e3o de Interiores - 4 regras de cor para adotar!\" width=\"1200\" height=\"1200\" srcset=\"https:\/\/www.aarquiteta.com.br\/blog\/wp-content\/uploads\/2019\/05\/regras-cor-decoracao-arquiteta-3.jpg 1000w, https:\/\/www.aarquiteta.com.br\/blog\/wp-content\/uploads\/2019\/05\/regras-cor-decoracao-arquiteta-3-696x696.jpg 696w, https:\/\/www.aarquiteta.com.br\/blog\/wp-content\/uploads\/2019\/05\/regras-cor-decoracao-arquiteta-3-96x96.jpg 96w, https:\/\/www.aarquiteta.com.br\/blog\/wp-content\/uploads\/2019\/05\/regras-cor-decoracao-arquiteta-3-150x150.jpg 150w\" sizes=\"(max-width: 1200px) 100vw, 1200px\" \/><\/a><figcaption id=\"caption-attachment-25939\" class=\"wp-caption-text\">Cores na Decora\u00e7\u00e3o de Interiores &#8211; 4 regras de cor para adotar! Imagem: freshome.com<\/figcaption><\/figure>\n<h3>3| Cor complementar<\/h3>\n<p>Optar por cores complementares \u00e9 mais simples que parece.<\/p>\n<p>Basicamente, consiste em escolher duas cores opostas da paleta, como vermelho e verde, roxo, amarelo e mais, mas\u00a0calma, n\u00e3o \u00e9 para decorar o ambiente todo s\u00f3 usando essas duas.<\/p>\n<p>Voc\u00ea precisar\u00e1 de um tom neutro para dar um grande equil\u00edbrio e um descanso para os olhos.\u00a0Use moderadamente e n\u00e3o abuse!<\/p>\n<figure id=\"attachment_25937\" aria-describedby=\"caption-attachment-25937\" style=\"width: 1200px\" class=\"wp-caption aligncenter\"><a href=\"https:\/\/www.aarquiteta.com.br\/blog\/wp-content\/uploads\/2019\/05\/regras-cor-decoracao-arquiteta-4.jpg\"><img decoding=\"async\" class=\"wp-image-25937\" src=\"https:\/\/www.aarquiteta.com.br\/blog\/wp-content\/uploads\/2019\/05\/regras-cor-decoracao-arquiteta-4.jpg\" alt=\"\" width=\"1200\" height=\"1022\" title=\"\" srcset=\"https:\/\/www.aarquiteta.com.br\/blog\/wp-content\/uploads\/2019\/05\/regras-cor-decoracao-arquiteta-4.jpg 1000w, https:\/\/www.aarquiteta.com.br\/blog\/wp-content\/uploads\/2019\/05\/regras-cor-decoracao-arquiteta-4-696x593.jpg 696w, https:\/\/www.aarquiteta.com.br\/blog\/wp-content\/uploads\/2019\/05\/regras-cor-decoracao-arquiteta-4-150x128.jpg 150w\" sizes=\"(max-width: 1200px) 100vw, 1200px\" \/><\/a><figcaption id=\"caption-attachment-25937\" class=\"wp-caption-text\">Cores na Decora\u00e7\u00e3o de Interiores &#8211; 4 regras de cor para adotar! Imagem: freshome.com<\/figcaption><\/figure>\n<h3>4| Cor an\u00e1loga<\/h3>\n<p>A \u00faltima dica \u00e9 parecida com a anterior.<\/p>\n<p>Por\u00e9m, no lugar de escolher cores opostas, voc\u00ea escolher\u00e1 cores pr\u00f3ximas.<\/p>\n<p>Pegue uma cor central e \u00e0s duas que est\u00e3o ao lado dela (uma pela direita e uma pela esquerda).<\/p>\n<p>Ao usar tr\u00eas cores, \u00e9 poss\u00edvel voltar na primeira regra e usar na propor\u00e7\u00e3o 60-30-10.<\/p>\n<p>Voc\u00ea tamb\u00e9m pode usar v\u00e1rios tons de uma mesma cor ou usar um esquema monocrom\u00e1tico, caso as cores n\u00e3o sejam realmente o seu forte.<\/p>\n<figure id=\"attachment_25938\" aria-describedby=\"caption-attachment-25938\" style=\"width: 1200px\" class=\"wp-caption aligncenter\"><a href=\"https:\/\/www.aarquiteta.com.br\/blog\/wp-content\/uploads\/2019\/05\/regras-cor-decoracao-arquiteta-5.jpg\"><img decoding=\"async\" class=\"wp-image-25938\" src=\"https:\/\/www.aarquiteta.com.br\/blog\/wp-content\/uploads\/2019\/05\/regras-cor-decoracao-arquiteta-5.jpg\" alt=\"\" width=\"1200\" height=\"800\" title=\"\" srcset=\"https:\/\/www.aarquiteta.com.br\/blog\/wp-content\/uploads\/2019\/05\/regras-cor-decoracao-arquiteta-5.jpg 1000w, https:\/\/www.aarquiteta.com.br\/blog\/wp-content\/uploads\/2019\/05\/regras-cor-decoracao-arquiteta-5-696x464.jpg 696w, https:\/\/www.aarquiteta.com.br\/blog\/wp-content\/uploads\/2019\/05\/regras-cor-decoracao-arquiteta-5-150x100.jpg 150w\" sizes=\"(max-width: 1200px) 100vw, 1200px\" \/><\/a><figcaption id=\"caption-attachment-25938\" class=\"wp-caption-text\">Cores na Decora\u00e7\u00e3o de Interiores &#8211; 4 regras de cor para adotar! Imagem: freshome.com<\/figcaption><\/figure>\n<pre>Refer\u00eancia: Decora\u00e7\u00e3o por  Freshome.<\/pre>\n<p>&nbsp;<\/p>\n","protected":false},"excerpt":{"rendered":"<p>Saber combinar uma cor \u00e9 sempre uma tarefa dif\u00edcil talvez mais para uns que para outros.\u00a0Contudo, para ajudar nessa tarefa essencial no design de cores, h\u00e1 4 regras de cor que podem auxiliar na hora de encontrar o equil\u00edbrio e, consequentemente, salvar qualquer ambiente. Vamos a elas: Cores de Tinta na Decora\u00e7\u00e3o de Interiores &#8211; [&hellip;]<\/p>\n","protected":false},"author":102,"featured_media":43644,"comment_status":"closed","ping_status":"closed","sticky":false,"template":"","format":"standard","meta":{"footnotes":""},"categories":[35375,18769],"tags":[2168,9057,9059,336,9058,9056],"class_list":["post-25935","post","type-post","status-publish","format-standard","has-post-thumbnail","category-acabamentos","category-pintura","tag-cores","tag-cores-na-decoracao","tag-cores-para-decorar","tag-decoracao","tag-dicas-de-cores-na-decoracao","tag-regras-de-cor"],"_wp_attached_file":null,"_wp_attachment_metadata":null,"_wp_attachment_context":null,"_wp_attachment_is_custom_header":null,"geo_longitude":null,"geo_public":null,"geo_latitude":null,"_publicize_done_external":null,"_wpas_done_3897181":null,"publicize_twitter_user":null,"_wpas_done_3897175":null,"_wpas_skip_3897181":null,"_wpas_skip_3897175":null,"_wpas_skip_3924723":null,"_wpas_mess":null,"_wpas_done_3924723":null,"wps_subtitle":"Confira as melhores dicas de Decora\u00e7\u00e3o que separamos para voc\u00ea decorar sua casa e deix\u00e1-la ainda mais aconchegante!","_links":{"self":[{"href":"https:\/\/www.aarquiteta.com.br\/blog\/wp-json\/wp\/v2\/posts\/25935","targetHints":{"allow":["GET"]}}],"collection":[{"href":"https:\/\/www.aarquiteta.com.br\/blog\/wp-json\/wp\/v2\/posts"}],"about":[{"href":"https:\/\/www.aarquiteta.com.br\/blog\/wp-json\/wp\/v2\/types\/post"}],"author":[{"embeddable":true,"href":"https:\/\/www.aarquiteta.com.br\/blog\/wp-json\/wp\/v2\/users\/102"}],"replies":[{"embeddable":true,"href":"https:\/\/www.aarquiteta.com.br\/blog\/wp-json\/wp\/v2\/comments?post=25935"}],"version-history":[{"count":0,"href":"https:\/\/www.aarquiteta.com.br\/blog\/wp-json\/wp\/v2\/posts\/25935\/revisions"}],"wp:featuredmedia":[{"embeddable":true,"href":"https:\/\/www.aarquiteta.com.br\/blog\/wp-json\/wp\/v2\/media\/43644"}],"wp:attachment":[{"href":"https:\/\/www.aarquiteta.com.br\/blog\/wp-json\/wp\/v2\/media?parent=25935"}],"wp:term":[{"taxonomy":"category","embeddable":true,"href":"https:\/\/www.aarquiteta.com.br\/blog\/wp-json\/wp\/v2\/categories?post=25935"},{"taxonomy":"post_tag","embeddable":true,"href":"https:\/\/www.aarquiteta.com.br\/blog\/wp-json\/wp\/v2\/tags?post=25935"}],"curies":[{"name":"wp","href":"https:\/\/api.w.org\/{rel}","templated":true}]}}