{"id":25904,"date":"2022-02-18T15:06:14","date_gmt":"2022-02-18T18:06:14","guid":{"rendered":"http:\/\/aarquiteta.com.br\/?p=25904"},"modified":"2024-07-01T10:38:03","modified_gmt":"2024-07-01T13:38:03","slug":"concreto-aparente-na-decoracao-como-utilizar","status":"publish","type":"post","link":"https:\/\/www.aarquiteta.com.br\/blog\/concreto-aparente-na-decoracao-como-utilizar\/","title":{"rendered":"Concreto Aparente na Decora\u00e7\u00e3o &#8211; Como utilizar em Interiores?"},"content":{"rendered":"<p>Ao longo da hist\u00f3ria da constru\u00e7\u00e3o as paredes de concreto sempre foram, normalmente, escondidas sob camadas de acabamento e tinta.<\/p>\n<p>Tudo para n\u00e3o parecer que o ambiente ficou inacabado!<\/p>\n<p>No entanto, n\u00e3o faz muito tempo que elas come\u00e7aram a ser mais valorizadas e a fazer parte da decora\u00e7\u00e3o, usadas em equil\u00edbrio com um\u00a0estilo\u00a0mais leve e moderna.<\/p>\n<h2>Concreto Aparente na Decora\u00e7\u00e3o &#8211; Como utilizar em Interiores?<\/h2>\n<figure id=\"attachment_25911\" aria-describedby=\"caption-attachment-25911\" style=\"width: 1200px\" class=\"wp-caption aligncenter\"><a href=\"https:\/\/www.aarquiteta.com.br\/blog\/wp-content\/uploads\/2019\/05\/concreto-na-decoracao-arquiteta-1.jpg\"><img decoding=\"async\" class=\"wp-image-25911\" src=\"https:\/\/www.aarquiteta.com.br\/blog\/wp-content\/uploads\/2019\/05\/concreto-na-decoracao-arquiteta-1-1024x759.jpg\" alt=\"\" width=\"1200\" height=\"890\" title=\"\" srcset=\"https:\/\/www.aarquiteta.com.br\/blog\/wp-content\/uploads\/2019\/05\/concreto-na-decoracao-arquiteta-1-1024x759.jpg 1024w, https:\/\/www.aarquiteta.com.br\/blog\/wp-content\/uploads\/2019\/05\/concreto-na-decoracao-arquiteta-1-696x516.jpg 696w, https:\/\/www.aarquiteta.com.br\/blog\/wp-content\/uploads\/2019\/05\/concreto-na-decoracao-arquiteta-1-150x111.jpg 150w, https:\/\/www.aarquiteta.com.br\/blog\/wp-content\/uploads\/2019\/05\/concreto-na-decoracao-arquiteta-1.jpg 2000w\" sizes=\"(max-width: 1200px) 100vw, 1200px\" \/><\/a><figcaption id=\"caption-attachment-25911\" class=\"wp-caption-text\">Concreto Aparente na Decora\u00e7\u00e3o &#8211; Como utilizar em Interiores? Imagem: talissadecor.com<\/figcaption><\/figure>\n<h3>Quais as vantagens do uso do concreto na decora\u00e7\u00e3o?<\/h3>\n<p>Concreto \u00e9, basicamente, a mistura de cimento, areia, brita e \u00e1gua. Ele \u00e9 amplamente utilizado na constru\u00e7\u00e3o civil, principalmente no Brasil.<\/p>\n<p>Dentre as <strong>vantagens do concreto<\/strong>, \u00e9 poss\u00edvel citar que ele \u00e9 <strong>vers\u00e1til, resistente<\/strong> e menos sujeito \u00e0 corros\u00e3o e deteriora\u00e7\u00e3o e possui um <strong>\u00f3timo custo-benef\u00edcio.<\/strong><\/p>\n<p>Al\u00e9m disso, n\u00e3o pode ser usado para lareiras, visto que n\u00e3o \u00e9 um material combust\u00edvel ou comburente.<\/p>\n<h3>O que \u00e9 o Estilo Industrial na decora\u00e7\u00e3o?<\/h3>\n<p>No quesito decora\u00e7\u00e3o, eles passam a sensa\u00e7\u00e3o de algo <strong>sofisticado<\/strong> e contempor\u00e2neo.<\/p>\n<p>\u00c9 o <strong>chamado estilo industrial<\/strong>, dado pela sensa\u00e7\u00e3o de inacabado com um sombreado cinza.<\/p>\n<p>Ao falar assim, parece que fica um servi\u00e7o malfeito, mas o resultado, na verdade, \u00e9 incr\u00edvel, por\u00e9m, tudo depende da decora\u00e7\u00e3o do ambiente na totalidade.<\/p>\n<p>Se voc\u00ea optar pela parede de concreto em um ambiente onde ela fica destoante e parecendo um desleixo, realmente nada funcionar\u00e1.<\/p>\n<p>\u00c9 preciso consider\u00e1-la como parte da decora\u00e7\u00e3o e escolher elementos que fiquem em equil\u00edbrio com todo o ambiente.<\/p>\n<p>O que \u00e9 comum \u00e9 usar em equil\u00edbrio com madeira e vidros.<\/p>\n<figure id=\"attachment_25909\" aria-describedby=\"caption-attachment-25909\" style=\"width: 1200px\" class=\"wp-caption aligncenter\"><a href=\"https:\/\/www.aarquiteta.com.br\/blog\/wp-content\/uploads\/2019\/05\/concreto-na-decoracao-arquiteta-6.jpg\"><img decoding=\"async\" class=\"wp-image-25909 size-full\" src=\"https:\/\/www.aarquiteta.com.br\/blog\/wp-content\/uploads\/2019\/05\/concreto-na-decoracao-arquiteta-6.jpg\" alt=\"\" width=\"1200\" height=\"876\" title=\"\" srcset=\"https:\/\/www.aarquiteta.com.br\/blog\/wp-content\/uploads\/2019\/05\/concreto-na-decoracao-arquiteta-6.jpg 1200w, https:\/\/www.aarquiteta.com.br\/blog\/wp-content\/uploads\/2019\/05\/concreto-na-decoracao-arquiteta-6-1024x748.jpg 1024w, https:\/\/www.aarquiteta.com.br\/blog\/wp-content\/uploads\/2019\/05\/concreto-na-decoracao-arquiteta-6-696x508.jpg 696w, https:\/\/www.aarquiteta.com.br\/blog\/wp-content\/uploads\/2019\/05\/concreto-na-decoracao-arquiteta-6-150x110.jpg 150w\" sizes=\"(max-width: 1200px) 100vw, 1200px\" \/><\/a><figcaption id=\"caption-attachment-25909\" class=\"wp-caption-text\">Imagem: home-designing.com<\/figcaption><\/figure>\n<h3>\u00a0Como utilizar concreto na decora\u00e7\u00e3o de interiores?<\/h3>\n<p>Os pain\u00e9is de concreto tamb\u00e9m est\u00e3o se tornando mais comuns n\u00e3o s\u00f3 como um elemento construtivo, mas tamb\u00e9m decorativo.<\/p>\n<p>\u00c9 poss\u00edvel optar por manter o painel cru ou dar-lhe um acabamento.<\/p>\n<p>O uso do concreto vai al\u00e9m de paredes e pisos. Eles podem estar presentes em lajes, colunas, bancadas, etc.<\/p>\n<p>A verdade \u00e9 que ele \u00e9 um estilo bem diferente, mas que agrada aos olhos e d\u00e1 um ar de eleg\u00e2ncia. Basta saber usar!<\/p>\n<h2>Exemplos de uso de concreto aparente na decora\u00e7\u00e3o:<\/h2>\n<p>Confira abaixo alguns exemplos de aplica\u00e7\u00e3o do uso do concreto aparente com fotos que podem te deixar inspirado a utiliz\u00e1-lo em seus projetos:<\/p>\n<figure id=\"attachment_25916\" aria-describedby=\"caption-attachment-25916\" style=\"width: 1100px\" class=\"wp-caption aligncenter\"><a href=\"https:\/\/www.aarquiteta.com.br\/blog\/wp-content\/uploads\/2019\/05\/concreto-na-decoracao-arquiteta-10.jpg\"><img decoding=\"async\" class=\"wp-image-25916\" title=\"Concreto Aparente na Decora\u00e7\u00e3o - Como utilizar em Interiores?\" src=\"https:\/\/www.aarquiteta.com.br\/blog\/wp-content\/uploads\/2019\/05\/concreto-na-decoracao-arquiteta-10.jpg\" alt=\"\" width=\"1100\" height=\"720\" srcset=\"https:\/\/www.aarquiteta.com.br\/blog\/wp-content\/uploads\/2019\/05\/concreto-na-decoracao-arquiteta-10.jpg 907w, https:\/\/www.aarquiteta.com.br\/blog\/wp-content\/uploads\/2019\/05\/concreto-na-decoracao-arquiteta-10-696x456.jpg 696w, https:\/\/www.aarquiteta.com.br\/blog\/wp-content\/uploads\/2019\/05\/concreto-na-decoracao-arquiteta-10-150x98.jpg 150w\" sizes=\"(max-width: 1100px) 100vw, 1100px\" \/><\/a><figcaption id=\"caption-attachment-25916\" class=\"wp-caption-text\">Concreto Aparente na Decora\u00e7\u00e3o &#8211; Como utilizar em Interiores? Imagem: amalshajan.me<\/figcaption><\/figure>\n<figure id=\"attachment_25915\" aria-describedby=\"caption-attachment-25915\" style=\"width: 1100px\" class=\"wp-caption aligncenter\"><a href=\"https:\/\/www.aarquiteta.com.br\/blog\/wp-content\/uploads\/2019\/05\/concreto-na-decoracao-arquiteta-4.jpg\"><img decoding=\"async\" class=\"wp-image-25915\" title=\"Concreto Aparente na Decora\u00e7\u00e3o - Como utilizar na Decora\u00e7\u00e3o de Interiores?\" src=\"https:\/\/www.aarquiteta.com.br\/blog\/wp-content\/uploads\/2019\/05\/concreto-na-decoracao-arquiteta-4-1024x461.jpg\" alt=\"Concreto Aparente na Decora\u00e7\u00e3o - Como utilizar na Decora\u00e7\u00e3o de Interiores?\" width=\"1100\" height=\"495\" srcset=\"https:\/\/www.aarquiteta.com.br\/blog\/wp-content\/uploads\/2019\/05\/concreto-na-decoracao-arquiteta-4-1024x461.jpg 1024w, https:\/\/www.aarquiteta.com.br\/blog\/wp-content\/uploads\/2019\/05\/concreto-na-decoracao-arquiteta-4-696x313.jpg 696w, https:\/\/www.aarquiteta.com.br\/blog\/wp-content\/uploads\/2019\/05\/concreto-na-decoracao-arquiteta-4-150x68.jpg 150w, https:\/\/www.aarquiteta.com.br\/blog\/wp-content\/uploads\/2019\/05\/concreto-na-decoracao-arquiteta-4.jpg 1999w\" sizes=\"(max-width: 1100px) 100vw, 1100px\" \/><\/a><figcaption id=\"caption-attachment-25915\" class=\"wp-caption-text\">Concreto Aparente na Decora\u00e7\u00e3o &#8211; Como utilizar em Interiores? Imagem: homedesignlovers.net<\/figcaption><\/figure>\n<figure id=\"attachment_25914\" aria-describedby=\"caption-attachment-25914\" style=\"width: 1100px\" class=\"wp-caption aligncenter\"><a href=\"https:\/\/www.aarquiteta.com.br\/blog\/wp-content\/uploads\/2019\/05\/concreto-na-decoracao-arquiteta-7.jpg\"><img decoding=\"async\" class=\"wp-image-25914\" src=\"https:\/\/www.aarquiteta.com.br\/blog\/wp-content\/uploads\/2019\/05\/concreto-na-decoracao-arquiteta-7.jpg\" alt=\"concreto na decora\u00e7\u00e3o\" width=\"1100\" height=\"1467\" title=\"\" srcset=\"https:\/\/www.aarquiteta.com.br\/blog\/wp-content\/uploads\/2019\/05\/concreto-na-decoracao-arquiteta-7.jpg 966w, https:\/\/www.aarquiteta.com.br\/blog\/wp-content\/uploads\/2019\/05\/concreto-na-decoracao-arquiteta-7-768x1024.jpg 768w, https:\/\/www.aarquiteta.com.br\/blog\/wp-content\/uploads\/2019\/05\/concreto-na-decoracao-arquiteta-7-696x928.jpg 696w, https:\/\/www.aarquiteta.com.br\/blog\/wp-content\/uploads\/2019\/05\/concreto-na-decoracao-arquiteta-7-640x853.jpg 640w, https:\/\/www.aarquiteta.com.br\/blog\/wp-content\/uploads\/2019\/05\/concreto-na-decoracao-arquiteta-7-150x200.jpg 150w\" sizes=\"(max-width: 1100px) 100vw, 1100px\" \/><\/a><figcaption id=\"caption-attachment-25914\" class=\"wp-caption-text\">Imagem: designtrends.com<\/figcaption><\/figure>\n<figure id=\"attachment_25913\" aria-describedby=\"caption-attachment-25913\" style=\"width: 1100px\" class=\"wp-caption aligncenter\"><a href=\"https:\/\/www.aarquiteta.com.br\/blog\/wp-content\/uploads\/2019\/05\/concreto-na-decoracao-arquiteta-12.jpg\"><img decoding=\"async\" class=\"wp-image-25913\" src=\"https:\/\/www.aarquiteta.com.br\/blog\/wp-content\/uploads\/2019\/05\/concreto-na-decoracao-arquiteta-12.jpg\" alt=\"concreto na decora\u00e7\u00e3o\" width=\"1100\" height=\"1003\" title=\"\" srcset=\"https:\/\/www.aarquiteta.com.br\/blog\/wp-content\/uploads\/2019\/05\/concreto-na-decoracao-arquiteta-12.jpg 750w, https:\/\/www.aarquiteta.com.br\/blog\/wp-content\/uploads\/2019\/05\/concreto-na-decoracao-arquiteta-12-696x635.jpg 696w, https:\/\/www.aarquiteta.com.br\/blog\/wp-content\/uploads\/2019\/05\/concreto-na-decoracao-arquiteta-12-150x137.jpg 150w\" sizes=\"(max-width: 1100px) 100vw, 1100px\" \/><\/a><figcaption id=\"caption-attachment-25913\" class=\"wp-caption-text\">Imagem: livewallpaper.info<\/figcaption><\/figure>\n<figure id=\"attachment_25912\" aria-describedby=\"caption-attachment-25912\" style=\"width: 1100px\" class=\"wp-caption aligncenter\"><a href=\"https:\/\/www.aarquiteta.com.br\/blog\/wp-content\/uploads\/2019\/05\/concreto-na-decoracao-arquiteta-9.jpg\"><img decoding=\"async\" class=\"wp-image-25912\" src=\"https:\/\/www.aarquiteta.com.br\/blog\/wp-content\/uploads\/2019\/05\/concreto-na-decoracao-arquiteta-9.jpg\" alt=\"\" width=\"1100\" height=\"720\" title=\"\" srcset=\"https:\/\/www.aarquiteta.com.br\/blog\/wp-content\/uploads\/2019\/05\/concreto-na-decoracao-arquiteta-9.jpg 600w, https:\/\/www.aarquiteta.com.br\/blog\/wp-content\/uploads\/2019\/05\/concreto-na-decoracao-arquiteta-9-150x98.jpg 150w\" sizes=\"(max-width: 1100px) 100vw, 1100px\" \/><\/a><figcaption id=\"caption-attachment-25912\" class=\"wp-caption-text\">Imagem: criptomoeda.club<\/figcaption><\/figure>\n<figure id=\"attachment_25907\" aria-describedby=\"caption-attachment-25907\" style=\"width: 1100px\" class=\"wp-caption aligncenter\"><a href=\"https:\/\/www.aarquiteta.com.br\/blog\/wp-content\/uploads\/2019\/05\/concreto-na-decoracao-arquiteta-5.jpg\"><img decoding=\"async\" class=\"wp-image-25907\" src=\"https:\/\/www.aarquiteta.com.br\/blog\/wp-content\/uploads\/2019\/05\/concreto-na-decoracao-arquiteta-5.jpg\" alt=\"\" width=\"1100\" height=\"880\" title=\"\" srcset=\"https:\/\/www.aarquiteta.com.br\/blog\/wp-content\/uploads\/2019\/05\/concreto-na-decoracao-arquiteta-5.jpg 1000w, https:\/\/www.aarquiteta.com.br\/blog\/wp-content\/uploads\/2019\/05\/concreto-na-decoracao-arquiteta-5-696x557.jpg 696w, https:\/\/www.aarquiteta.com.br\/blog\/wp-content\/uploads\/2019\/05\/concreto-na-decoracao-arquiteta-5-150x120.jpg 150w\" sizes=\"(max-width: 1100px) 100vw, 1100px\" \/><\/a><figcaption id=\"caption-attachment-25907\" class=\"wp-caption-text\">Imagem: pt.aliexpress.com<\/figcaption><\/figure>\n<figure id=\"attachment_25905\" aria-describedby=\"caption-attachment-25905\" style=\"width: 1100px\" class=\"wp-caption aligncenter\"><a href=\"https:\/\/www.aarquiteta.com.br\/blog\/wp-content\/uploads\/2019\/05\/concreto-na-decoracao-arquiteta-3.jpg\"><img decoding=\"async\" class=\"wp-image-25905\" src=\"https:\/\/www.aarquiteta.com.br\/blog\/wp-content\/uploads\/2019\/05\/concreto-na-decoracao-arquiteta-3-1024x803.jpg\" alt=\"concreto na decora\u00e7\u00e3o\" width=\"1100\" height=\"863\" title=\"\" srcset=\"https:\/\/www.aarquiteta.com.br\/blog\/wp-content\/uploads\/2019\/05\/concreto-na-decoracao-arquiteta-3.jpg 1024w, https:\/\/www.aarquiteta.com.br\/blog\/wp-content\/uploads\/2019\/05\/concreto-na-decoracao-arquiteta-3-696x546.jpg 696w, https:\/\/www.aarquiteta.com.br\/blog\/wp-content\/uploads\/2019\/05\/concreto-na-decoracao-arquiteta-3-150x118.jpg 150w\" sizes=\"(max-width: 1100px) 100vw, 1100px\" \/><\/a><figcaption id=\"caption-attachment-25905\" class=\"wp-caption-text\">Imagem: mukuro.net<\/figcaption><\/figure>\n<p>Refer\u00eancias: Architecture Art Design; Freshome. Se voc\u00ea achou o assunto interessante confira mais fotos de projetos em Estilo Industrial:<\/p>\n<p>&nbsp;<\/p>\n<p>&nbsp;<\/p>\n","protected":false},"excerpt":{"rendered":"<p>Ao longo da hist\u00f3ria da constru\u00e7\u00e3o as paredes de concreto sempre foram, normalmente, escondidas sob camadas de acabamento e tinta. Tudo para n\u00e3o parecer que o ambiente ficou inacabado! No entanto, n\u00e3o faz muito tempo que elas come\u00e7aram a ser mais valorizadas e a fazer parte da decora\u00e7\u00e3o, usadas em equil\u00edbrio com um\u00a0estilo\u00a0mais leve e [&hellip;]<\/p>\n","protected":false},"author":102,"featured_media":43494,"comment_status":"closed","ping_status":"closed","sticky":false,"template":"","format":"standard","meta":{"footnotes":""},"categories":[1484,18791],"tags":[9050,336,9051,1028,1119,1465,9052],"class_list":["post-25904","post","type-post","status-publish","format-standard","has-post-thumbnail","category-decoracao","category-estilo-industrial-na-decoracao","tag-concreto-na-decoracao","tag-decoracao","tag-decoracao-de-concreto","tag-design-de-interiores","tag-dicas","tag-dicas-de-decoracao","tag-uso-de-concreto"],"_wp_attached_file":null,"_wp_attachment_metadata":null,"_wp_attachment_context":null,"_wp_attachment_is_custom_header":null,"geo_longitude":null,"geo_public":null,"geo_latitude":null,"_publicize_done_external":null,"_wpas_done_3897181":null,"publicize_twitter_user":null,"_wpas_done_3897175":null,"_wpas_skip_3897181":null,"_wpas_skip_3897175":null,"_wpas_skip_3924723":null,"_wpas_mess":null,"_wpas_done_3924723":null,"wps_subtitle":"Confira as melhores dicas de Decora\u00e7\u00e3o que separamos para voc\u00ea decorar sua casa e deix\u00e1-la ainda mais aconchegante!","_links":{"self":[{"href":"https:\/\/www.aarquiteta.com.br\/blog\/wp-json\/wp\/v2\/posts\/25904","targetHints":{"allow":["GET"]}}],"collection":[{"href":"https:\/\/www.aarquiteta.com.br\/blog\/wp-json\/wp\/v2\/posts"}],"about":[{"href":"https:\/\/www.aarquiteta.com.br\/blog\/wp-json\/wp\/v2\/types\/post"}],"author":[{"embeddable":true,"href":"https:\/\/www.aarquiteta.com.br\/blog\/wp-json\/wp\/v2\/users\/102"}],"replies":[{"embeddable":true,"href":"https:\/\/www.aarquiteta.com.br\/blog\/wp-json\/wp\/v2\/comments?post=25904"}],"version-history":[{"count":0,"href":"https:\/\/www.aarquiteta.com.br\/blog\/wp-json\/wp\/v2\/posts\/25904\/revisions"}],"wp:featuredmedia":[{"embeddable":true,"href":"https:\/\/www.aarquiteta.com.br\/blog\/wp-json\/wp\/v2\/media\/43494"}],"wp:attachment":[{"href":"https:\/\/www.aarquiteta.com.br\/blog\/wp-json\/wp\/v2\/media?parent=25904"}],"wp:term":[{"taxonomy":"category","embeddable":true,"href":"https:\/\/www.aarquiteta.com.br\/blog\/wp-json\/wp\/v2\/categories?post=25904"},{"taxonomy":"post_tag","embeddable":true,"href":"https:\/\/www.aarquiteta.com.br\/blog\/wp-json\/wp\/v2\/tags?post=25904"}],"curies":[{"name":"wp","href":"https:\/\/api.w.org\/{rel}","templated":true}]}}