{"id":24500,"date":"2022-01-22T14:05:14","date_gmt":"2022-01-22T17:05:14","guid":{"rendered":"https:\/\/blogdaarquitetura.com\/?p=24500"},"modified":"2024-06-28T11:25:45","modified_gmt":"2024-06-28T14:25:45","slug":"cortes-de-auditorio","status":"publish","type":"post","link":"https:\/\/www.aarquiteta.com.br\/blog\/cortes-de-auditorio\/","title":{"rendered":"Audit\u00f3rio &#8211; 10 cortes de audit\u00f3rio para te inspirar!"},"content":{"rendered":"<p align=\"justify\"><img decoding=\"async\" class=\"alignnone wp-image-40992 size-full\" src=\"https:\/\/www.aarquiteta.com.br\/blog\/wp-content\/uploads\/2018\/07\/cortes-de-auditorio.jpg\" alt=\"cortes de audit\u00f3rio\" width=\"700\" height=\"400\" title=\"\" srcset=\"https:\/\/www.aarquiteta.com.br\/blog\/wp-content\/uploads\/2018\/07\/cortes-de-auditorio.jpg 700w, https:\/\/www.aarquiteta.com.br\/blog\/wp-content\/uploads\/2018\/07\/cortes-de-auditorio-696x398.jpg 696w, https:\/\/www.aarquiteta.com.br\/blog\/wp-content\/uploads\/2018\/07\/cortes-de-auditorio-150x86.jpg 150w\" sizes=\"(max-width: 700px) 100vw, 700px\" \/><\/p>\n<p align=\"justify\">Audit\u00f3rio &#8211; 10 cortes de audit\u00f3rio para te inspirar!<\/p>\n<p align=\"justify\">Para quem entende sobre arquitetura, \u00e9 dif\u00edcil entrar em um audit\u00f3rio e n\u00e3o imaginar os elementos considerados em seu projeto.<\/p>\n<p align=\"justify\">A grandiosidade da arquitetura de um audit\u00f3rio tem o poder de influenciar as diferentes emo\u00e7\u00f5es que acontecem ali, seja no palco, fazendo uma apresenta\u00e7\u00e3o, ou na plateia.<\/p>\n<p align=\"justify\">Esse fato, atrelado \u00e0s restri\u00e7\u00f5es do local, tornam o projeto uma miss\u00e3o dif\u00edcil.<\/p>\n<h2 align=\"justify\"><span style=\"color: #ff9900;\">Arquitetura de audit\u00f3rios<\/span><\/h2>\n<p align=\"justify\">Antes de come\u00e7ar o projeto de um audit\u00f3rio, \u00e9 preciso ter em mente qual ser\u00e1 a utilidade daquele local.<\/p>\n<p align=\"justify\">\u00c9 a finalidade que determinar\u00e1 os principais fatores que guiar\u00e3o o projeto.<\/p>\n<p align=\"justify\">Por exemplo, enquanto os de universidades e empresas s\u00e3o mais s\u00e9rios, normalmente mais simples e com uma arquitetura tradicional, os audit\u00f3rios que situam grandes espet\u00e1culos e concertos s\u00e3o mais sofisticados e mais complexos.<\/p>\n<p align=\"justify\">Na hora de projetar, v\u00e1rios fatores s\u00e3o considerados, como ac\u00fastica, ilumina\u00e7\u00e3o, conforto e acessibilidade.<\/p>\n<p align=\"justify\">No caso da ac\u00fastica, se o ambiente for especialmente para concertos, \u00e9 necess\u00e1rio isolar o ambiente de sons e vibra\u00e7\u00f5es externos e tamb\u00e9m considerar a reflex\u00e3o dos sons internos.<\/p>\n<p align=\"justify\">Assim, \u00e9 o projeto arquitet\u00f4nico que deve se adaptar \u00e0 ac\u00fastica e n\u00e3o o contr\u00e1rio.<\/p>\n<p align=\"justify\">Apesar de os audit\u00f3rios de empresas e universidades serem mais simples, n\u00e3o quer dizer que n\u00e3o \u00e9 preciso ficar atento a alguns fatores.<\/p>\n<p align=\"justify\">A ilumina\u00e7\u00e3o, por exemplo, \u00e9 muito importante nesses ambientes que s\u00e3o, normalmente, dedicados a palestras, apresenta\u00e7\u00f5es (incluindo as temidas defesas de TCC, disserta\u00e7\u00e3o e tese, no caso das universidades) e talvez aulas.<\/p>\n<p align=\"justify\">Uma grande dificuldade \u00e9 projetar espa\u00e7os que atendam a usos m\u00faltiplos, visto que seria necess\u00e1rio um espa\u00e7o com diferentes caracter\u00edsticas e comportamentos t\u00e9cnicos.<\/p>\n<p align=\"justify\">As restri\u00e7\u00f5es t\u00e9cnicas e econ\u00f4micas tamb\u00e9m s\u00e3o influenciadoras dos projetos de audit\u00f3rios.<\/p>\n<p>&nbsp;<\/p>\n","protected":false},"excerpt":{"rendered":"<p>Audit\u00f3rio &#8211; 10 cortes de audit\u00f3rio para te inspirar! Para quem entende sobre arquitetura, \u00e9 dif\u00edcil entrar em um audit\u00f3rio e n\u00e3o imaginar os elementos considerados em seu projeto. A grandiosidade da arquitetura de um audit\u00f3rio tem o poder de influenciar as diferentes emo\u00e7\u00f5es que acontecem ali, seja no palco, fazendo uma apresenta\u00e7\u00e3o, ou na [&hellip;]<\/p>\n","protected":false},"author":102,"featured_media":40992,"comment_status":"closed","ping_status":"closed","sticky":false,"template":"","format":"standard","meta":{"footnotes":""},"categories":[1507],"tags":[137,1556,1557,1558,1559,1560],"class_list":["post-24500","post","type-post","status-publish","format-standard","has-post-thumbnail","category-arquitetura","tag-arquitetura","tag-arquitetura-de-auditorio","tag-auditorio","tag-concertos","tag-cortes-de-auditorio","tag-universidades"],"_wp_attached_file":null,"_wp_attachment_metadata":null,"_wp_attachment_context":null,"_wp_attachment_is_custom_header":null,"geo_longitude":null,"geo_public":null,"geo_latitude":null,"_publicize_done_external":null,"_wpas_done_3897181":null,"publicize_twitter_user":null,"_wpas_done_3897175":null,"_wpas_skip_3897181":null,"_wpas_skip_3897175":null,"_wpas_skip_3924723":null,"_wpas_mess":null,"_wpas_done_3924723":null,"wps_subtitle":"Na Arquitetura, \u00e9 dif\u00edcil entrar em um audit\u00f3rio e n\u00e3o imaginar seu projeto. Para te inspirar, n\u00f3s separamos v\u00e1rias imagens! Veja!","_links":{"self":[{"href":"https:\/\/www.aarquiteta.com.br\/blog\/wp-json\/wp\/v2\/posts\/24500","targetHints":{"allow":["GET"]}}],"collection":[{"href":"https:\/\/www.aarquiteta.com.br\/blog\/wp-json\/wp\/v2\/posts"}],"about":[{"href":"https:\/\/www.aarquiteta.com.br\/blog\/wp-json\/wp\/v2\/types\/post"}],"author":[{"embeddable":true,"href":"https:\/\/www.aarquiteta.com.br\/blog\/wp-json\/wp\/v2\/users\/102"}],"replies":[{"embeddable":true,"href":"https:\/\/www.aarquiteta.com.br\/blog\/wp-json\/wp\/v2\/comments?post=24500"}],"version-history":[{"count":0,"href":"https:\/\/www.aarquiteta.com.br\/blog\/wp-json\/wp\/v2\/posts\/24500\/revisions"}],"wp:featuredmedia":[{"embeddable":true,"href":"https:\/\/www.aarquiteta.com.br\/blog\/wp-json\/wp\/v2\/media\/40992"}],"wp:attachment":[{"href":"https:\/\/www.aarquiteta.com.br\/blog\/wp-json\/wp\/v2\/media?parent=24500"}],"wp:term":[{"taxonomy":"category","embeddable":true,"href":"https:\/\/www.aarquiteta.com.br\/blog\/wp-json\/wp\/v2\/categories?post=24500"},{"taxonomy":"post_tag","embeddable":true,"href":"https:\/\/www.aarquiteta.com.br\/blog\/wp-json\/wp\/v2\/tags?post=24500"}],"curies":[{"name":"wp","href":"https:\/\/api.w.org\/{rel}","templated":true}]}}