{"id":1824,"date":"2016-05-28T16:04:25","date_gmt":"2016-05-28T19:04:25","guid":{"rendered":"http:\/\/aarquiteta.com.br\/?p=1824"},"modified":"2024-08-23T10:03:47","modified_gmt":"2024-08-23T13:03:47","slug":"certificacao-de-conclusao-abed","status":"publish","type":"post","link":"https:\/\/www.aarquiteta.com.br\/blog\/certificacao-de-conclusao-abed\/","title":{"rendered":"ABED: Certifica\u00e7\u00e3o de Conclus\u00e3o dos Cursos Livres!"},"content":{"rendered":"<div class=\"youtube-embed\" data-video_id=\"6vCgmCk1Uqw\"><iframe title=\"Como obter as certifica\u00e7\u00f5es dos cursos.\" width=\"696\" height=\"392\" src=\"https:\/\/www.youtube.com\/embed\/6vCgmCk1Uqw?feature=oembed&#038;enablejsapi=1\" frameborder=\"0\" allow=\"accelerometer; autoplay; clipboard-write; encrypted-media; gyroscope; picture-in-picture; web-share\" allowfullscreen><\/iframe><\/div>\n<h2 style=\"text-align: justify;\">Sobre a carga hor\u00e1ria dos cursos<\/h2>\n<p style=\"text-align: justify;\">Os cursos da A Arquiteta possuem a possibilidade de atribuir aos seus alunos uma certifica\u00e7\u00e3o de conclus\u00e3o dos cursos livres.<\/p>\n<p style=\"text-align: justify;\">De acordo com o desempenho obtido pelo aluno comprovado pela entrega de um exerc\u00edcio prova avaliamos o n\u00edvel de aproveitamento do aluno no curso.<\/p>\n<p style=\"text-align: justify;\">A institui\u00e7\u00e3o de ensino A Arquiteta \u00e9 associada a ABED.<\/p>\n<p style=\"text-align: justify;\"><a href=\"https:\/\/www.aarquiteta.com.br\/blog\/wp-content\/uploads\/2013\/10\/abed.jpg\"><img decoding=\"async\" class=\"wp-image-1825 aligncenter\" style=\"width: 323px; height: 99px;\" src=\"https:\/\/www.aarquiteta.com.br\/blog\/wp-content\/uploads\/2013\/10\/abed.jpg\" alt=\"\" width=\"487\" height=\"194\" title=\"\" srcset=\"https:\/\/www.aarquiteta.com.br\/blog\/wp-content\/uploads\/2013\/10\/abed.jpg 487w, https:\/\/www.aarquiteta.com.br\/blog\/wp-content\/uploads\/2013\/10\/abed-150x60.jpg 150w\" sizes=\"(max-width: 487px) 100vw, 487px\" \/><\/a><\/p>\n<h3 style=\"text-align: justify;\">O que isso significa?<\/h3>\n<p style=\"text-align: justify;\">Significa que al\u00e9m de contar com o aprendizado de qualidade e de baixo investimento em nossa loja,\u00a0com cursos ministrados\u00a0por profissionais com forma\u00e7\u00e3o no ensino superior como\u00a0arquitetos, engenheiros e\u00a0designers, o aluno receber\u00e1 tamb\u00e9m mediante solicita\u00e7\u00e3o por e-mail, certifica\u00e7\u00e3o de conclus\u00e3o dos cursos livres realizado!<\/p>\n<p style=\"text-align: justify;\">A institui\u00e7\u00e3o A Arquiteta emitir\u00e1 o certifica\u00e7\u00e3o de conclus\u00e3o dos cursos livres onde o aluno poder\u00e1 utiliza-la para complementar a carga hor\u00e1ria do relat\u00f3rio das Atividades Complementares da faculdade, de acordo com as normas da universidade.<\/p>\n<p>Por tanto se voc\u00ea que est\u00e1 cursando uma faculdade e que gostaria de adicionar horas extras ao seu relat\u00f3rio de Atividades Complementares de Est\u00e1gio esse \u00e9 mais um canal para voc\u00ea poder faz\u00ea-lo de forma produtiva!<\/p>\n<p><img decoding=\"async\" class=\"aligncenter\" style=\"width: 438px; height: 452px;\" title=\"certifica\u00e7\u00e3o de conclus\u00e3o dos cursos livres abed\" src=\"https:\/\/www.aarquiteta.com.br\/blog\/wp-content\/uploads\/2013\/10\/carterinha-abed-1024x956.jpg\" alt=\"carterinha abed\" width=\"660\" height=\"616\" \/><\/p>\n<p style=\"text-align: center;\">A Arquiteta \u00e9 associada a ABED desde 2014.<\/p>\n<h2><strong>Qual \u00e9 a carga hor\u00e1ria de cada curso?<\/strong><\/h2>\n<p style=\"text-align: justify;\"><span style=\"color: #000000;\">Confira a baixo a carga hor\u00e1ria de alguns dos nossos cursos os quais\u00a0voc\u00ea poder\u00e1 acrescentar ao seu relat\u00f3rio.<\/span><\/p>\n<p style=\"text-align: justify;\">Primeiramente voc\u00eas sabem\u00a0que existem os\u00a0 <a href=\"https:\/\/www.aarquiteta.com.br\/Cursos\" target=\"_blank\" rel=\"noopener noreferrer\">CURSOS INDIVIDUAIS\u00a0<\/a>\u00a0e os <a href=\"https:\/\/www.aarquiteta.com.br\/pacotes-cursos-arquitetura\/\" target=\"_blank\" rel=\"noopener noreferrer\">PACOTES DE CURSOS, <\/a>como o nosso <a href=\"https:\/\/www.aarquiteta.com.br\/formacao-arquitetura-premium-novo-pacote-8\/\" target=\"_blank\" rel=\"noopener noreferrer\">FORMA\u00c7\u00c3O ARQUITETURA PREMIUM<\/a>.<\/p>\n<p style=\"text-align: justify;\">Quando o aluno compra um curso individual, ap\u00f3s avalia\u00e7\u00e3o atrav\u00e9s do exerc\u00edcio-prova, ele recebe certifica\u00e7\u00e3o de conclus\u00e3o dos cursos livres referente ao curso que ele adquiriu. Por exemplo, comprando o <a href=\"https:\/\/www.aarquiteta.com.br\/cursos\/autocad\">curso de AutoCAD<\/a>\u00a0e entregando o exerc\u00edcio prova do curso, o aluno receber\u00e1 o certificado do curso de AutoCAD.<\/p>\n<h2 style=\"text-align: justify;\">A carga hor\u00e1ria individual de cada curso \u00e9:<\/h2>\n<p><strong>1- Curso de Autocad 2D<\/strong><br \/>\nCarga hor\u00e1ria: 80h<\/p>\n<p>Autocad 3D<br \/>\nCarga hor\u00e1ria: 52hs<\/p>\n<p>Autocad Projetos de Prefeitura<br \/>\nCarga hor\u00e1ria: 60h<\/p>\n<p><strong>2 &#8211; Curso de 3DMAX + Vray 3.5<\/strong><br \/>\nCarga hor\u00e1ria: 260h<\/p>\n<p><strong>3 &#8211; Curso de Maquete Eletr\u00f4nica (SKETCHUP + Vray 3.4)<\/strong><br \/>\nCarga hor\u00e1ria: 260h<\/p>\n<p><strong>4 &#8211; Curso de SketchUP 2017<\/strong><br \/>\nCarga hor\u00e1ria: 160h<\/p>\n<p><strong>5 &#8211; Curso de Lumion 3D<\/strong><br \/>\nCarga hor\u00e1ria: 100h<\/p>\n<p><strong>6 &#8211; Curso de Kerkythea Render<\/strong><br \/>\nCarga hor\u00e1ria: 40h<\/p>\n<p><strong>7 &#8211; Curso de Vray Render<\/strong><br \/>\nCarga hor\u00e1ria: 100h<\/p>\n<p><strong>8- Curso B\u00e1sico de Photoshop com P\u00f3s Produ\u00e7\u00e3o em Imagens 3D<\/strong><br \/>\nCarga hor\u00e1ria: 40 h<\/p>\n<p><strong>9- Curso de Planta Humanizada em Corel Draw<\/strong><br \/>\nCarga hor\u00e1ria: 180 h<\/p>\n<p><strong>10 Curso de REALIDADE AUMENTADA em ARMEDIA<\/strong><br \/>\nCarga hor\u00e1ria: 40 h<\/p>\n<p><strong>11 &#8211; Curso de STANDS E ARQUITETUTURA PROMOCIONA<\/strong>L<br \/>\nCarga hor\u00e1ria: 200 h<\/p>\n<p><strong>12 &#8211; Curso de PROMOB e CORTE CERTO<\/strong><br \/>\nCarga hor\u00e1ria: 40<\/p>\n<p><strong>13 &#8211; Curso de PROJETOS DE PREFEITURA em REVIT ARQUITETURA<\/strong><br \/>\n&#8211; Projetos de prefeitura 2015 = 110h<br \/>\n&#8211; MEP Hidr\u00e1ulica = 45h<br \/>\n&#8211; MEP El\u00e9trica= 30h<\/p>\n<p><strong>14Curso de ARCHICAD 15<\/strong><br \/>\nCarga hor\u00e1ria: 60 h<\/p>\n<p><strong>15 &#8211; Curso de Perspectiva a M\u00e3o Livre para Arquitetos<\/strong><br \/>\nCarga Hor\u00e1ria: 85h<\/p>\n<p><strong>16 &#8211; Curso de Projetos de Instala\u00e7\u00f5es El\u00e9tricas e Hidr\u00e1ulicas Prediais<\/strong><br \/>\nAutoCAD El\u00e9trica: 11h<br \/>\nAutoCAD Hidrossanit\u00e1rio: 18h<\/p>\n<p><strong>17 &#8211; LayOut<\/strong><br \/>\nCarga Hor\u00e1ria: 45h<\/p>\n<p><strong>18 &#8211; Unreal<\/strong><br \/>\nCarga Hor\u00e1ria: 160h<\/p>\n<p><strong>19 &#8211; Projeto Executivo<\/strong><br \/>\nCarga Hor\u00e1ria: 60h<\/p>\n<p><strong>20 Constru\u00e7\u00f5es Sustent\u00e1veis:<\/strong><\/p>\n<p>01 \u2013 Educa\u00e7\u00e3o Ambiental -30h<br \/>\n02 \u2013 Reciclagem \u2013 30h<br \/>\n03 \u2013 Energias Renov\u00e1veis \u2013 45h<br \/>\n04 \u2013 Constru\u00e7\u00f5es Sustent\u00e1veis \u2013 60h<\/p>\n<p><strong>21-SimLab:<\/strong><\/p>\n<p>Carga Hor\u00e1ria: 40h<\/p>\n<p><strong>22-Familias Revit<\/strong><\/p>\n<p>Carga Hor\u00e1ria: 110h<\/p>\n<p><strong>23-Design de Interiores: Projetando Espa\u00e7os<\/strong><\/p>\n<p>Carga Hor\u00e1ria: 40h<\/p>\n<p><strong>24- <a href=\"https:\/\/www.aarquiteta.com.br\/cursos\/ms-project\">Curso de MS Project<\/a><\/strong><\/p>\n<p>Carga Hor\u00e1ria: 14h<\/p>\n<p><strong>25- Como abrir seu escrit\u00f3rio de Arquitetura<\/strong><\/p>\n<p>Carga Hor\u00e1ria: 10H<\/p>\n<p>&nbsp;<\/p>\n<p style=\"text-align: justify;\">Para receber os certificados o aluno n\u00e3o precisa desenvolver todos os cursos de uma \u00fanica vez.<\/p>\n<p style=\"text-align: justify;\">Conforme vai-se terminando cada curso, pode-se solicitando os certificados individualmente conforme a conclus\u00e3o dos mesmos.<\/p>\n<h2 style=\"text-align: justify;\"><strong>Como solicitar os certificados dos cursos livres de arquitetura<\/strong><\/h2>\n<p style=\"text-align: justify;\">Emitiremos a certifica\u00e7\u00e3o de conclus\u00e3o dos cursos livres para todos os alunos que adquirirem os cursos com A Arquiteta ou com um dos nossos parceiros e COMPROVAR no m\u00ednimo, 70% de aproveitamento do curso.<\/p>\n<p style=\"text-align: justify;\">Para isso, o aluno deve:<\/p>\n<ul>\n<li style=\"text-align: justify;\">Acompanhar as v\u00eddeo-aulas e fazer todos os exerc\u00edcios e projetos propostos;<\/li>\n<li style=\"text-align: justify;\">Enviar os arquivos desenvolvidos\u00a0do exerc\u00edcio-prova para:\u00a0atendimento@aarquiteta.com.br ou contato@aarquiteta.com.br\u00a0em formato PDF, no caso dos projetos; e em MP4 no caso de videos de passeios virtuais como o Lumion ou Unreal. Sugerimos que suba o v\u00eddeo no Youtube e s\u00f3 nos encaminhe o link.<\/li>\n<li>Informar no assunto do e-mail:\u00a0<strong>CERTIFICADO<\/strong><\/li>\n<li><strong>Informar no corpo do e-mail:<\/strong>\u00a0Nome completo, N\u00famero do pedido,\u00a0Nome do curso<\/li>\n<li>Arquivos aceitos no e-mail: PDF, JPEG, PNG, Link<\/li>\n<li style=\"text-align: justify;\">Prazo de solicita\u00e7\u00e3o do certificado: <strong>at\u00e9 2 anos<\/strong> ap\u00f3s a DATA aquisi\u00e7\u00e3o do curso.<\/li>\n<\/ul>\n<h2 style=\"text-align: justify;\">Prazo de emiss\u00e3o dos certificados<\/h2>\n<p style=\"text-align: justify;\">A \u00a0certifica\u00e7\u00e3o de conclus\u00e3o dos cursos livres ser\u00e3o emitidos gratuitamente em arquivos PDF e enviados por e-mail no <strong>prazo de at\u00e9 10 dias uteis ap\u00f3s a data da solicita\u00e7\u00e3o.<\/strong><\/p>\n<p>\u00a0Voc\u00ea poder\u00e1 imprimi-lo em formato A3 em sua casa, escrit\u00f3rio ou ainda em uma gr\u00e1fica especializada em impress\u00f5es em maiores formatos.<\/p>\n<p>N\u00e3o realizamos mais impress\u00f5es de certificados.<\/p>\n<h2 style=\"text-align: justify;\"><strong>Como \u00e9 feita a avalia\u00e7\u00e3o<\/strong><\/h2>\n<p style=\"text-align: justify;\">A avalia\u00e7\u00e3o ser\u00e1 feita \u00fanica e exclusivamente com a entrega de um <a href=\"https:\/\/www.sendspace.com\/pro\/dl\/dy3exa\" target=\"_blank\" rel=\"noopener noreferrer\">EXERC\u00cdCIO- PROVA<\/a>\u00a0que pode ser um projeto por n\u00f3s proposto ou um projeto realizado pelo aluno.<\/p>\n<p style=\"text-align: justify;\">O exerc\u00edcio proposto est\u00e1 anexado juntamente com os demais materiais do curso, caso n\u00e3o localize-o voc\u00ea poder\u00e1 fazer o <a href=\"https:\/\/www.sendspace.com\/pro\/dl\/dy3exa\" target=\"_blank\" rel=\"noopener\">download<\/a> do <a href=\"https:\/\/www.dropbox.com\/s\/x7jqvhub6rbrm0o\/EXERCICIO-PROVA-CERTIFICADO.pdf?dl=0\" target=\"_blank\" rel=\"noopener\">PDF<\/a>\u00a0neste artigo. Ele pode ser utilizado para\u00a0a avalia\u00e7\u00e3o de todos os cursos!<\/p>\n<p>&nbsp;<\/p>\n<p style=\"text-align: justify;\"><a href=\"https:\/\/www.dropbox.com\/s\/5uf3vjxmmbntenf\/EXERCICIO-PROVA-CERTIFICADO.pdf\" target=\"_blank\" rel=\"noopener noreferrer\"><img decoding=\"async\" class=\"aligncenter wp-image-1849 size-large\" title=\"certifica\u00e7\u00e3o de conclus\u00e3o dos cursos livres.\" src=\"https:\/\/www.aarquiteta.com.br\/blog\/wp-content\/uploads\/2013\/10\/EXERCICIO-PROVA-CERTIFICADO-1024x652.jpg\" alt=\"EXERCICIO-PROVA-CERTIFICADO\" width=\"960\" height=\"611\" srcset=\"https:\/\/www.aarquiteta.com.br\/blog\/wp-content\/uploads\/2013\/10\/EXERCICIO-PROVA-CERTIFICADO-1024x652.jpg 1024w, https:\/\/www.aarquiteta.com.br\/blog\/wp-content\/uploads\/2013\/10\/EXERCICIO-PROVA-CERTIFICADO-696x443.jpg 696w, https:\/\/www.aarquiteta.com.br\/blog\/wp-content\/uploads\/2013\/10\/EXERCICIO-PROVA-CERTIFICADO-150x96.jpg 150w, https:\/\/www.aarquiteta.com.br\/blog\/wp-content\/uploads\/2013\/10\/EXERCICIO-PROVA-CERTIFICADO.jpg 2048w\" sizes=\"(max-width: 960px) 100vw, 960px\" \/><\/a><\/p>\n<p>&nbsp;<\/p>\n<p style=\"text-align: justify;\"><a href=\"https:\/\/www.aarquiteta.com.br\/curso-autocad-completo\/\" target=\"_blank\" rel=\"noopener noreferrer\"><strong>1-CERTIFICADO AutoCAD PROJETOS DE PREFEITURA com MODELAGEM ARQUITET\u00d4NICA 3D<\/strong><\/a><\/p>\n<p style=\"text-align: justify;\">Desenvolver um projeto completo de prefeitura e desenvolver a volumetria em 3D.<\/p>\n<p style=\"text-align: justify;\"><strong><a href=\"https:\/\/www.aarquiteta.com.br\/curso-de-sketchup-pro-render-vray\/\" target=\"_blank\" rel=\"noopener noreferrer\">2-CERTIFICADO PARA CURSO DE MAQUETE ELETR\u00d4NICA\u00a0\u00a0(SKETCHUP + Vray 3.4)<\/a><\/strong><\/p>\n<p style=\"text-align: justify;\">Desenvolver uma planta completa, com a volumetria em 3D que consta no\u00a0<a href=\"https:\/\/www.sendspace.com\/pro\/dl\/dy3exa\" target=\"_blank\" rel=\"noopener noreferrer\">PDF<\/a>, (UTILIZE SUA CRIATIVIDADE E TALENTO NA DECORA\u00c7\u00c3O DOS AMBIENTES, N\u00c3O SER\u00c1 AVALIADA O DESIGN MAS SIM A UTILIZA\u00c7\u00c3O DA FERRAMENTA) e 2 imagens desenvolvidas em vray e ou kerkythea.<\/p>\n<p style=\"text-align: justify;\"><a href=\"https:\/\/www.aarquiteta.com.br\/curso-lumion-3d\/\" target=\"_blank\" rel=\"noopener noreferrer\"><strong>3-CERTIFICADO PARA CURSO DE LUMION 3D<\/strong><\/a><\/p>\n<p style=\"text-align: justify;\">Desenvolver um v\u00eddeo com passeio virtual \u00a0(UTILIZE SUA CRIATIVIDADE E TALENTO NA DECORA\u00c7\u00c3O DOS AMBIENTES, N\u00c3O SER\u00c1 AVALIADA O DESIGN MAS SIM A UTILIZA\u00c7\u00c3O DA FERRAMENTA)\u00a0\u00a0mais 2 imagens desenvolvidas no Lumion.<\/p>\n<div class=\"meshim_dashboard_components_widgets_ChatLogRenderer chat_log_line new_block\">\n<div class=\"jx_ui_html_div message_container\">\n<p><strong><a href=\"https:\/\/www.aarquiteta.com.br\/curso-projetos-de-instalacoes-prediais\/\">4-INSTALA\u00c7\u00d5ES PREDIAIS: EL\u00c9TRICA +<\/a><a href=\"https:\/\/www.aarquiteta.com.br\/curso-projetos-de-instalacoes-prediais\/\"> HI<\/a><a href=\"https:\/\/www.aarquiteta.com.br\/curso-projetos-de-instalacoes-prediais\/\">DR\u00c1ULICA<\/a><\/strong><\/p>\n<p class=\"jx_ui_html_div message\">Desenvolver uma prancha de cada projeto, ou seja uma de el\u00e9trica e uma hidr\u00e1ulica, por tanto o aluno receber\u00e1 2 certificados.<\/p>\n<\/div>\n<\/div>\n<div class=\"meshim_dashboard_components_widgets_ChatLogRenderer chat_log_line\">\n<div class=\"jx_ui_html_div message_container\">\n<p class=\"jx_ui_html_div message\"><strong><a href=\"https:\/\/www.aarquiteta.com.br\/curso-vray-para-sketchup-3dsmax\/\" target=\"_blank\" rel=\"noopener noreferrer\">5- CERTIFICADO PARA O CURSO DE VRAY RENDER EM SKETCHUP E\u00a0 3D MAX<\/a><\/strong><\/p>\n<div class=\"jx_ui_html_div message\">Desenvolver uma planta completa, com a volumetria em 3D, (UTILIZE SUA CRIATIVIDADE E TALENTO NA DECORA\u00c7\u00c3O DOS AMBIENTES,\u00a0 N\u00c3O SER\u00c1 AVALIADA O DESIGN MAS SIM A UTILIZA\u00c7\u00c3O DA FERRAMENTA)\u00a0\u00a0\u00a0e 2 imagens desenvolvidas em V-Ray.<\/div>\n<\/div>\n<\/div>\n<p><strong><a href=\"https:\/\/www.aarquiteta.com.br\/cursos\/kerkythea-arquitetura\/\" target=\"_blank\" rel=\"noopener noreferrer\">6- CERTIFICADO PARA O CURSO DE KERKYTHEA RENDER\u00a0 <\/a><\/strong><\/p>\n<p>Desenvolver 2 imagens \u00a0 (UTILIZE SUA CRIATIVIDADE E TALENTO NA DECORA\u00c7\u00c3O DOS AMBIENTES, N\u00c3O SER\u00c1 AVALIADA O DESIGN MAS SIM A UTILIZA\u00c7\u00c3O DA FERRAMENTA)<\/p>\n<p><strong><a href=\"https:\/\/www.aarquiteta.com.br\/cursos\/pos-producao-3d-arquitetura\/\" target=\"_blank\" rel=\"noopener noreferrer\">7- \u00a0CERTIFICADO PARA O CURSO DE P\u00d3S PRODU\u00c7\u00c3O DE IMAGENS 3D<\/a><\/strong><\/p>\n<p>Desenvolver 2 imagens\u00a0<a href=\"https:\/\/www.dropbox.com\/s\/5uf3vjxmmbntenf\/EXERCICIO-PROVA-CERTIFICADO.pdf\" target=\"_blank\" rel=\"noopener noreferrer\">\u00a0<\/a>com\u00a0o antes e depois da\u00a0p\u00f3s produ\u00e7\u00e3o em photoshop, \u00a0(UTILIZE SUA CRIATIVIDADE E TALENTO NA DECORA\u00c7\u00c3O DOS AMBIENTES, N\u00c3O SER\u00c1 AVALIADA O DESIGN MAS SIM A UTILIZA\u00c7\u00c3O DA FERRAMENTA)\u00a0\u00a0.<\/p>\n<p><a href=\"https:\/\/www.aarquiteta.com.br\/curso-revit-projetos-prefeitura\/\" target=\"_blank\" rel=\"noopener noreferrer\"><strong>8- CERTIFICADO PARA CURSO DE\u00a0\u00a0PROJETOS DE PREFEITURA EM REVIT ARQUITETURA<\/strong><\/a><\/p>\n<p style=\"text-align: justify;\">Desenvolver o projeto de prefeitura completo.<\/p>\n<p style=\"text-align: justify;\"><a href=\"https:\/\/www.aarquiteta.com.br\/cursos\/armedia-arquitetura\/\" target=\"_blank\" rel=\"noopener noreferrer\"><strong>9 CERTIFICADO PARA\u00a0CURSO de REALIDADE AUMENTADA em ARMEDIA<\/strong><\/a><\/p>\n<p style=\"text-align: justify;\">Desenvolver qualquer projeto de realidade aumentada com a ferramenta Armedia.<\/p>\n<p style=\"text-align: justify;\"><a href=\"https:\/\/www.aarquiteta.com.br\/cursos\/stands-arquitetura\/\" target=\"_blank\" rel=\"noopener noreferrer\"><strong>10-CERTIFICADO PARA CURSO de STANDS E ARQUITETUTURA PROMOCIONAL<\/strong><\/a><\/p>\n<p style=\"text-align: justify;\">Desenvolver o projeto proposto pelo professor durante a aula.<\/p>\n<p style=\"text-align: justify;\"><strong><a href=\"https:\/\/www.aarquiteta.com.br\/cursos\/promob-arquitetura\/\" target=\"_blank\" rel=\"noopener noreferrer\">11- CERTIFICADO PARA CURSO de PROMOB e CORTE CERTO<\/a><\/strong><\/p>\n<p style=\"text-align: justify;\">Desenvolver o projeto proposto pelo professor durante a aula.<\/p>\n<p style=\"text-align: justify;\"><a href=\"https:\/\/www.aarquiteta.com.br\/cursos\/archicad-artlantis-arquitetura\/\" target=\"_blank\" rel=\"noopener noreferrer\"><strong>12- CERTIFICADO PARA CURSO\u00a0 de ARCHICAD 15<\/strong><\/a><\/p>\n<p style=\"text-align: justify;\">Desenvolver o projeto proposto pelo professor durante aula ou exerc\u00edcio prova\u00a0que consta no\u00a0<a href=\"https:\/\/www.dropbox.com\/s\/x7jqvhub6rbrm0o\/EXERCICIO-PROVA-CERTIFICADO.pdf?dl=0\" target=\"_blank\" rel=\"noopener noreferrer\">PDF<\/a>.<\/p>\n<p><strong>13- CERTIFICADO PARA CURSO DE UNREAL<\/strong><\/p>\n<p>O aluno dever\u00e1 desenvolver um projeto de cena interna simples mostrando os objetos modelados com seus respectivos materiais aplicados mostrando o devido funcionamento do passeio virtual. Enviar o arquivo do video \u00a0mp4 upado em sua conta do youtube ou vimeo.<\/p>\n<p><strong><a href=\"https:\/\/www.aarquiteta.com.br\/cursos\/simlab\/\">14- CERTIFICADO DE SIMLAB<\/a><\/strong><\/p>\n<p>Desenvolver 1 imagem renderizada pelo SINLAB, cena interna ou externa \u00a0 (UTILIZE SUA CRIATIVIDADE E TALENTO NA DECORA\u00c7\u00c3O DOS AMBIENTES, N\u00c3O SER\u00c1 AVALIADA O DESIGN MAS SIM A UTILIZA\u00c7\u00c3O DA FERRAMENTA)<\/p>\n<p><strong><a href=\"https:\/\/www.aarquiteta.com.br\/curso-projeto-executivo-arquitetura-interiores\/\">15- CERTIFICADO PROJETO EXECUTIVO<\/a><\/strong><\/p>\n<p>Desenvolver 1 projeto de executivo de interiores com as seguintes plantas, ANTEPROJETO, PAGINA\u00c7\u00c3O DE PISO, ILUMINA\u00c7\u00c3O \u00a0e 1 AO MENOS 2 VISTAS DE UM AMBIENTE INTERNO. \u00a0(UTILIZE SUA CRIATIVIDADE E TALENTO NA DECORA\u00c7\u00c3O DOS AMBIENTES, N\u00c3O SER\u00c1 AVALIADA O DESIGN MAS SIM A UTILIZA\u00c7\u00c3O DA FERRAMENTA).<\/p>\n<p><strong><a href=\"https:\/\/www.aarquiteta.com.br\/cursos\/como-abrir-seu-escritorio-arquitetura\/\">16- CERTIFICADO COMO ABRIR SEU ESCRITORIO DE ARQUITETURA<\/a><\/strong><\/p>\n<p>N\u00e3o \u00e9 necess\u00e1rio realizar uma prova, somente \u00e9 preciso enviar as informa\u00e7\u00f5es de identifica\u00e7\u00e3o de compra no curso descrito no ITEM 3 acima.<\/p>\n<p><strong><a href=\"https:\/\/www.aarquiteta.com.br\/curso-3ds-max-vray-pos-3d\/\">17- CERTIFICADO \u00a03DMAX + VRAY<\/a><\/strong><\/p>\n<p>Desenvolver uma planta completa, com a volumetria em 3D, (UTILIZE SUA CRIATIVIDADE E TALENTO NA DECORA\u00c7\u00c3O DOS AMBIENTES,\u00a0 N\u00c3O SER\u00c1 AVALIADA O DESIGN MAS SIM A UTILIZA\u00c7\u00c3O DA FERRAMENTA)\u00a0\u00a0\u00a0e 2 imagens desenvolvidas em vray.<\/p>\n<p><strong><a href=\"https:\/\/www.aarquiteta.com.br\/curso-layout-2015-sketchup\/\">18- CERTIFICADO\u00a0DE LAYOUT PARA SKETCHUP PARA MOBILI\u00c1RIOS E RESID\u00caNCIA<\/a><\/strong><\/p>\n<p>Desenvolver uma prancha completa com plantas, cortes e fachada no Sketchup<\/p>\n<h2 style=\"text-align: justify;\"><strong>O Certificado<\/strong><\/h2>\n<p style=\"text-align: justify;\">Agora veja a baixo como\u00a0est\u00e1 ficando nossa certifica\u00e7\u00e3o de conclus\u00e3o dos cursos livres:<\/p>\n<p style=\"text-align: justify;\"><img decoding=\"async\" class=\"size-full wp-image-11951 aligncenter\" src=\"https:\/\/www.aarquiteta.com.br\/blog\/wp-content\/uploads\/2013\/10\/certificado-autenticado-luciana-paixao.jpg\" alt=\"\" width=\"927\" height=\"657\" title=\"\" srcset=\"https:\/\/www.aarquiteta.com.br\/blog\/wp-content\/uploads\/2013\/10\/certificado-autenticado-luciana-paixao.jpg 927w, https:\/\/www.aarquiteta.com.br\/blog\/wp-content\/uploads\/2013\/10\/certificado-autenticado-luciana-paixao-696x493.jpg 696w, https:\/\/www.aarquiteta.com.br\/blog\/wp-content\/uploads\/2013\/10\/certificado-autenticado-luciana-paixao-150x106.jpg 150w\" sizes=\"(max-width: 927px) 100vw, 927px\" \/><\/p>\n<h2><\/h2>\n<p>Agora os certificados da A Arquiteta possuem autentica\u00e7\u00e3o digital, para consultar a autenticidade do seu certificado acesse o site <a href=\"https:\/\/www.e-certificado.com\" target=\"_blank\" rel=\"noopener\">www.e-certificado.com<\/a>\u00a0 insira o c\u00f3digo do certificado logo abaixo do campo da assinatura ou acesse o QR code para obter as informa\u00e7\u00f5es de confirma\u00e7\u00e3o de autentica\u00e7\u00e3o.<\/p>\n<p><a href=\"https:\/\/www.e-certificado.com\/login\/\" target=\"_blank\" rel=\"noopener\"><img decoding=\"async\" class=\"size-full wp-image-11958 aligncenter\" src=\"https:\/\/www.aarquiteta.com.br\/blog\/wp-content\/uploads\/2013\/10\/selo_acesse_certificado_290x90_com_logo_dark.png\" alt=\"\" width=\"290\" height=\"90\" title=\"\" srcset=\"https:\/\/www.aarquiteta.com.br\/blog\/wp-content\/uploads\/2013\/10\/selo_acesse_certificado_290x90_com_logo_dark.png 290w, https:\/\/www.aarquiteta.com.br\/blog\/wp-content\/uploads\/2013\/10\/selo_acesse_certificado_290x90_com_logo_dark-150x47.png 150w\" sizes=\"(max-width: 290px) 100vw, 290px\" \/><\/a><\/p>\n<h2 style=\"text-align: justify;\">Considera\u00e7\u00f5es finais<\/h2>\n<p style=\"text-align: justify;\">O projeto para a certifica\u00e7\u00e3o de conclus\u00e3o dos cursos livres \u00e9 somente um exerc\u00edcio pra analisarmos o seu desempenho no programa. Pequenas diferen\u00e7as de cota e ainda outras diferen\u00e7as projetuais no programa podem acontecer e isso n\u00e3o influencia na certifica\u00e7\u00e3o.<\/p>\n<p style=\"text-align: justify;\">Elabore por favor, o desenho de acordo com o exerc\u00edcio prova fornecido o mais completo poss\u00edvel dentro dos conhecimentos adquiridos, como planta, corte, fachada e etc, que ele ser\u00e1 avaliado pelo conjunto entregue como um todo e n\u00e3o por detalhes projetuais que n\u00e3o fazem parte da avalia\u00e7\u00e3o!<\/p>\n<p style=\"text-align: justify;\">N\u00e3o se preocupe essas diferen\u00e7as n\u00e3o prejudicam sua avalia\u00e7\u00e3o.<\/p>\n<p style=\"text-align: justify;\">Se ainda ficou alguma d\u00favida por favor me escreva para que eu possa esclarece-la neste artigo com um UP GRADE de informa\u00e7\u00e3o!<\/p>\n<p style=\"text-align: justify;\">Espero que tenham gostado da novidade! Vejo voc\u00eas nas nossas aulas!<\/p>\n<p style=\"text-align: justify;\">Se voc\u00ea possui outras duvidas sobre nossos cursos ou loja acesse nosso todas as informa\u00e7\u00f5es sobre frete, pagamento, certifica\u00e7\u00e3o voc\u00ea pode consultar no rodap\u00e9 de nosso site<a href=\"https:\/\/www.aarquiteta.com.br\" target=\"_blank\" rel=\"noopener noreferrer\"> www.aarquiteta.com.br<\/a><\/p>\n<p style=\"text-align: justify;\">Obrigada pelo tempo de voc\u00eas e Bons estudos!<\/p>\n<p style=\"text-align: justify;\">MUITO OBRIGADA<\/p>\n<p style=\"text-align: justify;\"><em><strong>Luciana Paix\u00e3o<\/strong><\/em><\/p>\n","protected":false},"excerpt":{"rendered":"<p>Sobre a carga hor\u00e1ria dos cursos Os cursos da A Arquiteta possuem a possibilidade de atribuir aos seus alunos uma certifica\u00e7\u00e3o de conclus\u00e3o dos cursos livres. De acordo com o desempenho obtido pelo aluno comprovado pela entrega de um exerc\u00edcio prova avaliamos o n\u00edvel de aproveitamento do aluno no curso. A institui\u00e7\u00e3o de ensino A [&hellip;]<\/p>\n","protected":false},"author":102,"featured_media":13193,"comment_status":"closed","ping_status":"closed","sticky":false,"template":"","format":"standard","meta":{"footnotes":""},"categories":[1507,6,10005,33397,35353],"tags":[393,395,396,397],"class_list":["post-1824","post","type-post","status-publish","format-standard","has-post-thumbnail","category-arquitetura","category-carreira-de-arquitetura","category-casa-e-jardim","category-cursos-de-arquitetura-e-decoracao","category-cursos-livres-de-arquitetura","tag-abed","tag-curso-autocad","tag-curso-projetos-de-prefeitura","tag-relatorio-das-atividades-complementares-de-sua-faculdade"],"_wp_attached_file":null,"_wp_attachment_metadata":null,"_wp_attachment_context":null,"_wp_attachment_is_custom_header":null,"geo_longitude":null,"geo_public":null,"geo_latitude":null,"_publicize_done_external":null,"_wpas_done_3897181":null,"publicize_twitter_user":null,"_wpas_done_3897175":null,"_wpas_skip_3897181":null,"_wpas_skip_3897175":null,"_wpas_skip_3924723":null,"_wpas_mess":null,"_wpas_done_3924723":null,"wps_subtitle":"","_links":{"self":[{"href":"https:\/\/www.aarquiteta.com.br\/blog\/wp-json\/wp\/v2\/posts\/1824","targetHints":{"allow":["GET"]}}],"collection":[{"href":"https:\/\/www.aarquiteta.com.br\/blog\/wp-json\/wp\/v2\/posts"}],"about":[{"href":"https:\/\/www.aarquiteta.com.br\/blog\/wp-json\/wp\/v2\/types\/post"}],"author":[{"embeddable":true,"href":"https:\/\/www.aarquiteta.com.br\/blog\/wp-json\/wp\/v2\/users\/102"}],"replies":[{"embeddable":true,"href":"https:\/\/www.aarquiteta.com.br\/blog\/wp-json\/wp\/v2\/comments?post=1824"}],"version-history":[{"count":0,"href":"https:\/\/www.aarquiteta.com.br\/blog\/wp-json\/wp\/v2\/posts\/1824\/revisions"}],"wp:featuredmedia":[{"embeddable":true,"href":"https:\/\/www.aarquiteta.com.br\/blog\/wp-json\/wp\/v2\/media\/13193"}],"wp:attachment":[{"href":"https:\/\/www.aarquiteta.com.br\/blog\/wp-json\/wp\/v2\/media?parent=1824"}],"wp:term":[{"taxonomy":"category","embeddable":true,"href":"https:\/\/www.aarquiteta.com.br\/blog\/wp-json\/wp\/v2\/categories?post=1824"},{"taxonomy":"post_tag","embeddable":true,"href":"https:\/\/www.aarquiteta.com.br\/blog\/wp-json\/wp\/v2\/tags?post=1824"}],"curies":[{"name":"wp","href":"https:\/\/api.w.org\/{rel}","templated":true}]}}