{"id":16362,"date":"2022-02-17T15:06:42","date_gmt":"2022-02-17T18:06:42","guid":{"rendered":"http:\/\/aarquiteta.com.br\/?p=16362"},"modified":"2024-09-05T15:28:34","modified_gmt":"2024-09-05T18:28:34","slug":"quadros-decorativos-vazios-como-usar","status":"publish","type":"post","link":"https:\/\/www.aarquiteta.com.br\/blog\/quadros-decorativos-vazios-como-usar\/","title":{"rendered":"Quadros Decorativos Vazios: 6 formas de seguir esta tend\u00eancia!"},"content":{"rendered":"<p><img decoding=\"async\" class=\"wp-image-43436 size-full\" title=\"Quadros Decorativos Vazios \" src=\"https:\/\/www.aarquiteta.com.br\/blog\/wp-content\/uploads\/2021\/11\/Quadros-Decorativos-Vazios.jpg\" alt=\"Quadros Decorativos Vazios \" width=\"1200\" height=\"800\" srcset=\"https:\/\/www.aarquiteta.com.br\/blog\/wp-content\/uploads\/2021\/11\/Quadros-Decorativos-Vazios.jpg 1200w, https:\/\/www.aarquiteta.com.br\/blog\/wp-content\/uploads\/2021\/11\/Quadros-Decorativos-Vazios-1024x683.jpg 1024w, https:\/\/www.aarquiteta.com.br\/blog\/wp-content\/uploads\/2021\/11\/Quadros-Decorativos-Vazios-696x464.jpg 696w, https:\/\/www.aarquiteta.com.br\/blog\/wp-content\/uploads\/2021\/11\/Quadros-Decorativos-Vazios-150x100.jpg 150w\" sizes=\"(max-width: 1200px) 100vw, 1200px\" \/><\/p><p>Quadros decorativos vazios: 6 formas de seguir esta tend\u00eancia!<\/p><p>Parece estranho falar em decora\u00e7\u00e3o com quadros decorativos vazios, afinal, \u00e9 uma forma nada convencional de usar tal elemento.<\/p><p>Contudo, os quadros decorativos vazios t\u00eam um efeito incr\u00edvel na decora\u00e7\u00e3o, se soubermos usar.<\/p><p>Por isso, separamos algumas formas interessantes para quem quer seguir a tend\u00eancia.<\/p><h2>Quadros decorativos vazios: 6 formas de seguir esta tend\u00eancia!<\/h2><p><iframe title=\"Decore f\u00e1cil: O que \u00e9 decora\u00e7\u00e3o de ambientes?\" width=\"696\" height=\"392\" src=\"https:\/\/www.youtube.com\/embed\/9PjhGXgCGLU?feature=oembed\" frameborder=\"0\" allow=\"accelerometer; autoplay; clipboard-write; encrypted-media; gyroscope; picture-in-picture; web-share\" allowfullscreen><\/iframe><\/p><h2>Como usar quadros decorativos vazios:<\/h2><h3>1| Use a cornija da lareira para colocar os quadros decorativos:<\/h3><p>Em muitos <a href=\"https:\/\/www.aarquiteta.com.br\/blog\/decoracao\/ambientes-na-decoracao\/\" class=\"ilj-generated-link\">ambientes<\/a>, a cornija da lareira serve como ponto focal, ou seja, aquele ponto que \u00e9 o primeiro a ser visto quando algu\u00e9m entra no ambiente.<\/p><p>Uma forma de melhor aproveit\u00e1-lo \u00e9 inserindo um quadro vazio.<\/p><p>Voc\u00ea pode escolher colocar todos iguais ou variar na forma, no estilo e na cor. Isso cria uma geometria ousada.<\/p><figure id=\"attachment_16367\" aria-describedby=\"caption-attachment-16367\" style=\"width: 1200px\" class=\"wp-caption aligncenter\"><a href=\"https:\/\/www.aarquiteta.com.br\/blog\/wp-content\/uploads\/2019\/05\/quadros-vazios-a-arquiteta-2.jpg\"><img decoding=\"async\" class=\"wp-image-16367\" title=\"Quadros Decorativos Vazios: 6 formas de seguir esta tend\u00eancia!\" src=\"https:\/\/www.aarquiteta.com.br\/blog\/wp-content\/uploads\/2019\/05\/quadros-vazios-a-arquiteta-2.jpg\" alt=\"Quadros Decorativos Vazios: 6 formas de seguir esta tend\u00eancia!\" width=\"1200\" height=\"800\" srcset=\"https:\/\/www.aarquiteta.com.br\/blog\/wp-content\/uploads\/2019\/05\/quadros-vazios-a-arquiteta-2.jpg 1000w, https:\/\/www.aarquiteta.com.br\/blog\/wp-content\/uploads\/2019\/05\/quadros-vazios-a-arquiteta-2-696x464.jpg 696w, https:\/\/www.aarquiteta.com.br\/blog\/wp-content\/uploads\/2019\/05\/quadros-vazios-a-arquiteta-2-150x100.jpg 150w\" sizes=\"(max-width: 1200px) 100vw, 1200px\" \/><\/a><figcaption id=\"caption-attachment-16367\" class=\"wp-caption-text\">Quadros Decorativos Vazios: 6 formas de seguir esta tend\u00eancia! Imagem: freshome.com<\/figcaption><\/figure><h3>2| Pendure os quadros decorativos na parede da escada<\/h3><p>A <a href=\"https:\/\/www.aarquiteta.com.br\/blog\/?s=PAREDE\">parede<\/a> da escada \u00e9 um \u00f3timo lugar para pendurar os quadros vazios.\u00a0N\u00e3o tem nenhum segredo na hora de pendurar.<\/p><p>Se voc\u00ea quiser, tamb\u00e9m \u00e9 poss\u00edvel usar porta-retratos vazios: basta remover a fotografia e o vidro dos quadros, pendurar e pronto.<\/p><p>O contraste com o ambiente \u00e9 incr\u00edvel.<\/p><p>Uma alternativa na hora de pendurar \u00e9 colocar quadros menores nos maiores.<\/p><p>Al\u00e9m disso, voc\u00ea pode brincar com as <a href=\"https:\/\/www.aarquiteta.com.br\/blog\/?s=CORES\">cores<\/a> e criar um destaque no ambiente.<\/p><figure id=\"attachment_16369\" aria-describedby=\"caption-attachment-16369\" style=\"width: 1200px\" class=\"wp-caption aligncenter\"><a href=\"https:\/\/www.aarquiteta.com.br\/blog\/wp-content\/uploads\/2019\/05\/quadros-vazios-a-arquiteta-3.jpg\"><img decoding=\"async\" class=\"wp-image-16369\" title=\"Quadros Decorativos Vazios: 6 formas de seguir esta tend\u00eancia!\" src=\"https:\/\/www.aarquiteta.com.br\/blog\/wp-content\/uploads\/2019\/05\/quadros-vazios-a-arquiteta-3.jpg\" alt=\"Quadros Decorativos Vazios: 6 formas de seguir esta tend\u00eancia!\" width=\"1200\" height=\"900\" srcset=\"https:\/\/www.aarquiteta.com.br\/blog\/wp-content\/uploads\/2019\/05\/quadros-vazios-a-arquiteta-3.jpg 1000w, https:\/\/www.aarquiteta.com.br\/blog\/wp-content\/uploads\/2019\/05\/quadros-vazios-a-arquiteta-3-696x522.jpg 696w, https:\/\/www.aarquiteta.com.br\/blog\/wp-content\/uploads\/2019\/05\/quadros-vazios-a-arquiteta-3-150x113.jpg 150w\" sizes=\"(max-width: 1200px) 100vw, 1200px\" \/><\/a><figcaption id=\"caption-attachment-16369\" class=\"wp-caption-text\">Quadros Decorativos Vazios: 6 formas de seguir esta tend\u00eancia! Imagem: freshome.com<\/figcaption><\/figure><h3>3| Use quadros decorativos grandes<\/h3><p>Pendurar quadros maiores na parede gera um efeito magn\u00edfico, ainda mais se eles combinarem com o ambiente ou forem de cores ousadas em um ambiente \u201cclean\u201d.<\/p><p>Voc\u00ea tamb\u00e9m pode ajustar outros elementos para dar o toque final, como almofadas e vasos.<\/p><figure id=\"attachment_16364\" aria-describedby=\"caption-attachment-16364\" style=\"width: 1200px\" class=\"wp-caption aligncenter\"><a href=\"https:\/\/www.aarquiteta.com.br\/blog\/wp-content\/uploads\/2019\/05\/quadros-vazios-a-arquiteta-4.jpg\"><img decoding=\"async\" class=\"wp-image-16364\" title=\"Quadros Decorativos Vazios: 6 formas de seguir esta tend\u00eancia!\" src=\"https:\/\/www.aarquiteta.com.br\/blog\/wp-content\/uploads\/2019\/05\/quadros-vazios-a-arquiteta-4.jpg\" alt=\"Quadros Decorativos Vazios: 6 formas de seguir esta tend\u00eancia!\" width=\"1200\" height=\"923\" srcset=\"https:\/\/www.aarquiteta.com.br\/blog\/wp-content\/uploads\/2019\/05\/quadros-vazios-a-arquiteta-4.jpg 1000w, https:\/\/www.aarquiteta.com.br\/blog\/wp-content\/uploads\/2019\/05\/quadros-vazios-a-arquiteta-4-696x535.jpg 696w, https:\/\/www.aarquiteta.com.br\/blog\/wp-content\/uploads\/2019\/05\/quadros-vazios-a-arquiteta-4-150x115.jpg 150w\" sizes=\"(max-width: 1200px) 100vw, 1200px\" \/><\/a><figcaption id=\"caption-attachment-16364\" class=\"wp-caption-text\">Imagem: freshome.com<\/figcaption><\/figure><h3>4| Use na decora\u00e7\u00e3o do quarto<\/h3><p>No quarto, os quadros decorativos vazios tamb\u00e9m t\u00eam um \u00f3timo efeito.<\/p><p>Voc\u00ea pode coloc\u00e1-los, por exemplo, na parede da cama, logo acima dela.<\/p><p>Mas, certifique-se de fazer isso com cuidado para n\u00e3o acertar a cabe\u00e7a de ningu\u00e9m durante o sono.<\/p><figure id=\"attachment_16370\" aria-describedby=\"caption-attachment-16370\" style=\"width: 1200px\" class=\"wp-caption aligncenter\"><a href=\"https:\/\/www.aarquiteta.com.br\/blog\/wp-content\/uploads\/2019\/05\/quadros-vazios-a-arquiteta-5.jpg\"><img decoding=\"async\" class=\"wp-image-16370\" src=\"https:\/\/www.aarquiteta.com.br\/blog\/wp-content\/uploads\/2019\/05\/quadros-vazios-a-arquiteta-5.jpg\" alt=\"\" width=\"1200\" height=\"800\" title=\"\" srcset=\"https:\/\/www.aarquiteta.com.br\/blog\/wp-content\/uploads\/2019\/05\/quadros-vazios-a-arquiteta-5.jpg 1000w, https:\/\/www.aarquiteta.com.br\/blog\/wp-content\/uploads\/2019\/05\/quadros-vazios-a-arquiteta-5-696x464.jpg 696w, https:\/\/www.aarquiteta.com.br\/blog\/wp-content\/uploads\/2019\/05\/quadros-vazios-a-arquiteta-5-150x100.jpg 150w\" sizes=\"(max-width: 1200px) 100vw, 1200px\" \/><\/a><figcaption id=\"caption-attachment-16370\" class=\"wp-caption-text\">Imagem: freshome.com<\/figcaption><\/figure><h3>5| Seja criativo para escolher as cores<\/h3><p>Sabe aquele quadro ou porta-retratos velho?<\/p><p>Voc\u00ea pode realizar uns ajustes manuais e ent\u00e3o passar uma camada de tinta e pronto, eles ficam novinhos em folha e prontos para serem pendurados como quadros vazios.<\/p><p>Na hora de escolher a cor, voc\u00ea precisa pensar no que combinar\u00e1 com a sua <a href=\"https:\/\/www.aarquiteta.com.br\/blog\/design-de-interiores\/dicas-de-decoracao\/\" target=\"_blank\" rel=\"noopener noreferrer\">decora\u00e7\u00e3o<\/a>.<\/p><p>Algumas cores met\u00e1licas d\u00e3o um efeito especial.<\/p><p>Contudo, voc\u00ea tamb\u00e9m pode optar por cores mais fortes ou mais claras, al\u00e9m de diferentes texturas, misturados ou n\u00e3o.<\/p><p>Use a criatividade!<\/p><figure id=\"attachment_16365\" aria-describedby=\"caption-attachment-16365\" style=\"width: 1200px\" class=\"wp-caption aligncenter\"><a href=\"https:\/\/www.aarquiteta.com.br\/blog\/wp-content\/uploads\/2019\/05\/quadros-vazios-a-arquiteta-6.jpg\"><img decoding=\"async\" class=\"wp-image-16365\" src=\"https:\/\/www.aarquiteta.com.br\/blog\/wp-content\/uploads\/2019\/05\/quadros-vazios-a-arquiteta-6.jpg\" alt=\"\" width=\"1200\" height=\"999\" title=\"\" srcset=\"https:\/\/www.aarquiteta.com.br\/blog\/wp-content\/uploads\/2019\/05\/quadros-vazios-a-arquiteta-6.jpg 1100w, https:\/\/www.aarquiteta.com.br\/blog\/wp-content\/uploads\/2019\/05\/quadros-vazios-a-arquiteta-6-1024x853.jpg 1024w, https:\/\/www.aarquiteta.com.br\/blog\/wp-content\/uploads\/2019\/05\/quadros-vazios-a-arquiteta-6-696x580.jpg 696w, https:\/\/www.aarquiteta.com.br\/blog\/wp-content\/uploads\/2019\/05\/quadros-vazios-a-arquiteta-6-150x125.jpg 150w\" sizes=\"(max-width: 1200px) 100vw, 1200px\" \/><\/a><figcaption id=\"caption-attachment-16365\" class=\"wp-caption-text\">Quadro 6 formas de seguir esta tend\u00eancia! Imagem: freshome.com<\/figcaption><\/figure><h3>6| Coloque uns dentro dos outros<\/h3><p>Ao colocar os quadros menores nos maiores voc\u00ea pode criar um efeito incr\u00edvel, bem-parecido com aqueles gifs divertidos de fractais.<\/p><p>A ideia funciona muito bem com estilos art\u00edsticos de alto-contraste ou r\u00fastico (quadros desgastados).<\/p><p>Inclusive, a quest\u00e3o chave neste ponto \u00e9 o contraste, principalmente se voc\u00ea usa quadros do mesmo estilo.<\/p><figure id=\"attachment_16366\" aria-describedby=\"caption-attachment-16366\" style=\"width: 1200px\" class=\"wp-caption aligncenter\"><a href=\"https:\/\/www.aarquiteta.com.br\/blog\/wp-content\/uploads\/2019\/05\/quadros-vazios-a-arquiteta-7.jpg\"><img decoding=\"async\" class=\"wp-image-16366\" title=\"Quadros Decorativos Vazios: 6 formas de seguir esta tend\u00eancia!\" src=\"https:\/\/www.aarquiteta.com.br\/blog\/wp-content\/uploads\/2019\/05\/quadros-vazios-a-arquiteta-7.jpg\" alt=\"Quadros Decorativos Vazios: 6 formas de seguir esta tend\u00eancia!\" width=\"1200\" height=\"800\" srcset=\"https:\/\/www.aarquiteta.com.br\/blog\/wp-content\/uploads\/2019\/05\/quadros-vazios-a-arquiteta-7.jpg 1100w, https:\/\/www.aarquiteta.com.br\/blog\/wp-content\/uploads\/2019\/05\/quadros-vazios-a-arquiteta-7-1024x682.jpg 1024w, https:\/\/www.aarquiteta.com.br\/blog\/wp-content\/uploads\/2019\/05\/quadros-vazios-a-arquiteta-7-696x464.jpg 696w, https:\/\/www.aarquiteta.com.br\/blog\/wp-content\/uploads\/2019\/05\/quadros-vazios-a-arquiteta-7-150x100.jpg 150w\" sizes=\"(max-width: 1200px) 100vw, 1200px\" \/><\/a><figcaption id=\"caption-attachment-16366\" class=\"wp-caption-text\">Quadros Vazios: 6 formas de seguir esta tend\u00eancia! Imagem: freshome.com<\/figcaption><\/figure><pre>Refer\u00eancia: Inspirado em Decora\u00e7\u00e3o por Freshome.<\/pre><h2>E a\u00ed? Voc\u00ea gostou das dicas sobre Quadros Decorativos Vazios: 6 formas de seguir esta tend\u00eancia?<\/h2><p>Ent\u00e3o deslize a tela para baixo e<a href=\"https:\/\/br.pinterest.com\/aarquitetapinterest\/_created\/\" target=\"_blank\" rel=\"noopener\"> confira mais dicas<\/a> como esta e n\u00e3o se esque\u00e7a de compartilhar com os amigos!<\/p><p>Quer mais dicas sobre o mundo da <a href=\"https:\/\/www.aarquiteta.com.br\/blog\/?s=ARQUITETURA\">Arquitetura<\/a> e Decora\u00e7\u00e3o? Ent\u00e3o decore f\u00e1cil sem mist\u00e9rios, confira alguns dos nossos artigos em:<\/p><ul><li style=\"list-style-type: none;\"><ul><li><a href=\"https:\/\/www.aarquiteta.com.br\/blog\/paisagismo\/\" target=\"_blank\" rel=\"noopener\">Casa e Jardim<\/a><\/li><li><a href=\"https:\/\/www.aarquiteta.com.br\/blog\/arquitetura\/mundo-arquitetura\/\" target=\"_blank\" rel=\"noopener\">Mundo Arquitetura<\/a><\/li><li><a href=\"https:\/\/www.aarquiteta.com.br\/decoracao\/\" target=\"_blank\" rel=\"noopener\">Decora\u00e7\u00e3o<br \/>\n<\/a><\/li><\/ul><\/li><\/ul><p>&nbsp;<\/p>","protected":false},"excerpt":{"rendered":"<p>Quadros decorativos vazios: 6 formas de seguir esta tend\u00eancia!Parece estranho falar em decora\u00e7\u00e3o com quadros decorativos vazios, afinal, \u00e9 uma forma nada convencional de usar tal elemento.Contudo, os quadros decorativos vazios t\u00eam um efeito incr\u00edvel na decora\u00e7\u00e3o, se soubermos usar.Por isso, separamos algumas formas interessantes para quem quer seguir a tend\u00eancia.Quadros decorativos vazios: 6 formas [&hellip;]<\/p>\n","protected":false},"author":102,"featured_media":43436,"comment_status":"closed","ping_status":"closed","sticky":false,"template":"","format":"standard","meta":{"footnotes":""},"categories":[35414,10005,20353,18766,35399,35420],"tags":[1463,336,1119,1465,1462,1461,1464],"class_list":["post-16362","post","type-post","status-publish","format-standard","has-post-thumbnail","category-acessorios-para-decoracao","category-casa-e-jardim","category-home-decor","category-produtos","category-quadros-e-posteres","category-quadros-e-posteres-acessorios-para-decoracao","tag-como-usar-quadros-vazios","tag-decoracao","tag-dicas","tag-dicas-de-decoracao","tag-porta-retrato-vazio","tag-quadros-vazios","tag-quadros-vazios-na-decoracao"],"_wp_attached_file":null,"_wp_attachment_metadata":null,"_wp_attachment_context":null,"_wp_attachment_is_custom_header":null,"geo_longitude":null,"geo_public":null,"geo_latitude":null,"_publicize_done_external":null,"_wpas_done_3897181":null,"publicize_twitter_user":null,"_wpas_done_3897175":null,"_wpas_skip_3897181":null,"_wpas_skip_3897175":null,"_wpas_skip_3924723":null,"_wpas_mess":null,"_wpas_done_3924723":null,"wps_subtitle":"Confira as melhores dicas de Decora\u00e7\u00e3o que separamos para voc\u00ea decorar sua casa e deix\u00e1-la ainda mais aconchegante!","_links":{"self":[{"href":"https:\/\/www.aarquiteta.com.br\/blog\/wp-json\/wp\/v2\/posts\/16362","targetHints":{"allow":["GET"]}}],"collection":[{"href":"https:\/\/www.aarquiteta.com.br\/blog\/wp-json\/wp\/v2\/posts"}],"about":[{"href":"https:\/\/www.aarquiteta.com.br\/blog\/wp-json\/wp\/v2\/types\/post"}],"author":[{"embeddable":true,"href":"https:\/\/www.aarquiteta.com.br\/blog\/wp-json\/wp\/v2\/users\/102"}],"replies":[{"embeddable":true,"href":"https:\/\/www.aarquiteta.com.br\/blog\/wp-json\/wp\/v2\/comments?post=16362"}],"version-history":[{"count":0,"href":"https:\/\/www.aarquiteta.com.br\/blog\/wp-json\/wp\/v2\/posts\/16362\/revisions"}],"wp:featuredmedia":[{"embeddable":true,"href":"https:\/\/www.aarquiteta.com.br\/blog\/wp-json\/wp\/v2\/media\/43436"}],"wp:attachment":[{"href":"https:\/\/www.aarquiteta.com.br\/blog\/wp-json\/wp\/v2\/media?parent=16362"}],"wp:term":[{"taxonomy":"category","embeddable":true,"href":"https:\/\/www.aarquiteta.com.br\/blog\/wp-json\/wp\/v2\/categories?post=16362"},{"taxonomy":"post_tag","embeddable":true,"href":"https:\/\/www.aarquiteta.com.br\/blog\/wp-json\/wp\/v2\/tags?post=16362"}],"curies":[{"name":"wp","href":"https:\/\/api.w.org\/{rel}","templated":true}]}}