{"id":16298,"date":"2022-06-07T09:00:10","date_gmt":"2022-06-07T12:00:10","guid":{"rendered":"http:\/\/aarquiteta.com.br\/?p=16298"},"modified":"2024-09-13T17:01:51","modified_gmt":"2024-09-13T20:01:51","slug":"download-myarchicad","status":"publish","type":"post","link":"https:\/\/www.aarquiteta.com.br\/blog\/download-myarchicad\/","title":{"rendered":"MYARCHICAD &#8211; Por que escolher ARCHICAD?"},"content":{"rendered":"<p>MYARCHICAD &#8211; Por que escolhi o <a href=\"https:\/\/www.aarquiteta.com.br\/blog\/cursos-de-arquitetura-e-decoracao\/archicad\/\" class=\"ilj-generated-link\">ARCHICAD<\/a> como meu programa BIM favorito?\u00a0Confira neste artigosos motivos que me levaram a trabalhar com a Graphsoft!<\/p><h2>Novos tempos, novas tecnologias.<\/h2><p>Acabou! Chega de deixar para depois. \u00c9 chegado o momento de colocarmos definitivamente os p\u00e9s no futuro.\u00a0Mais do que nunca voc\u00ea tem um motivo muito s\u00e9rio para dominar um programa <a href=\"https:\/\/www.aarquiteta.com.br\/blog\/cursos-de-arquitetura-e-decoracao\/bim\/\" class=\"ilj-generated-link\">BIM<\/a> o quanto antes.<\/p><p>J\u00e1 est\u00e1 todo mundo sabendo que por meio da publica\u00e7\u00e3o do Decreto n\u00ba 9.377, de 17 de maio de 2018, o governo federal oficializou a Estrat\u00e9gia Nacional para a Dissemina\u00e7\u00e3o do\u00a0Building\u00a0Information\u00a0Modeling\u00a0(BIM), cuja finalidade \u00e9 promover um ambiente adequado ao investimento da metodologia BIM e sua difus\u00e3o no Brasil.<\/p><h2>Exig\u00eancias do Governo.<\/h2><p><em>* * * A partir de janeiro de 2021:\u00a0 a exig\u00eancia de se trabalhar em BIM se dar\u00e1 na elabora\u00e7\u00e3o de modelos para a \u00e1reas da arquitetura e engenharia, nas disciplinas de estrutura, hidr\u00e1ulica e el\u00e9trica, na detec\u00e7\u00e3o de interfer\u00eancias, na extra\u00e7\u00e3o de quantitativos e na gera\u00e7\u00e3o de documenta\u00e7\u00e3o gr\u00e1fica desses modelos;<\/em><\/p><p><em>* * * A partir de janeiro de 2024: os modelos dever\u00e3o contemplar as etapas que envolvem a obra, como o planejamento da execu\u00e7\u00e3o da mesma, a or\u00e7amenta\u00e7\u00e3o e a atualiza\u00e7\u00e3o dos modelos e suas informa\u00e7\u00f5es como constru\u00eddo, m\u00e9todo mais conhecido como (\u201cas\u00a0<\/em><em>built<\/em><em>\u201d). Al\u00e9m claro, das exig\u00eancias anteriores na primeira fase.<\/em><\/p><p><em>* A partir de janeiro de 2028: finalmente chegaremos \u00e0 etapa que passar\u00e1 a abranger todo o ciclo de vida da obra ao considerar as atividades do p\u00f3s-obra.<\/em><\/p><h2>Eu ainda trabalho com <a href=\"https:\/\/www.aarquiteta.com.br\/blog\/autocad-online\/\" target=\"_blank\" rel=\"noopener\">AutoCAD<\/a>!<\/h2><p>Se voc\u00ea \u00e9 Arquiteto\/a como eu e trabalha com Arquitetura de Edifica\u00e7\u00f5es ou ainda Design de Interiores e se encontra apegado as ferramentas e as linhas de representa\u00e7\u00e3o simples do <a href=\"https:\/\/www.aarquiteta.com.br\/blog\/o-que-e-autocad\/\" target=\"_blank\" rel=\"noopener\">AutoCAD<\/a> n\u00e3o se desespere.<\/p><p>Eu sei que n\u00e3o \u00e9 f\u00e1cil abandonar o uso de um programa que voc\u00ea domina 200% sendo que voc\u00ea est\u00e1 acostumado com ele h\u00e1 anos e troc\u00e1-lo por um programa novinho com novas tecnologias e detentor de um conceito que\u00a0a\u00a0primeira vista pode parecer ser um bicho de 7 cabe\u00e7as.<\/p><p>\u00c9, eu te entendo! Eu tamb\u00e9m passei por essa fase da n\u00e3o aceita\u00e7\u00e3o, da resist\u00eancia, do medo, da teimosia&#8230;<\/p><p>No entanto eu venci o medo. Rompi com as barreiras do eu n\u00e3o tenho tempo de estudar, de me aprofundar, de trocar o conhecido pelo desconhecido, ou ent\u00e3o desculpas do tipo:\u00a0<em>ah, mas vai demorar muito pra eu colocar em pr\u00e1tica tudo o que eu j\u00e1 sei nesse novo programa e em seu novo modo de projetar.<\/em><\/p><h2>H\u00e1 15 anos atr\u00e1s:<\/h2><p>Antes de falar do futuro, permita-me voltar um pouco ao passado!<\/p><p>O ano era de 2005! Eu fiquei totalmente encantada ao entrar em contato com o primeiro programa que inaugurou o sistema BIM no mundo, o ARCHICAD!<\/p><p>Um programa que traduzia todas as necessidades dos arquitetos, na verdade um programa pensado e criado por arquitetos para arquitetos.<\/p><p>Mas infelizmente eu deixei aquela oportunidade passar e infelizmente n\u00e3o escolhi o ARCHICAD como o meu programa.<\/p><p>E poucos meses depois de ter conclu\u00eddo o curso eu deixei o ARCHICAD de lado.<\/p><figure id=\"attachment_16316\" aria-describedby=\"caption-attachment-16316\" style=\"width: 1100px\" class=\"wp-caption aligncenter\"><a href=\"https:\/\/www.aarquiteta.com.br\/blog\/wp-content\/uploads\/2019\/04\/archicad-e-enscape.jpg\"><img decoding=\"async\" class=\"wp-image-16316\" title=\"MYARCHICAD - Por que escolher ARCHICAD?\" src=\"https:\/\/www.aarquiteta.com.br\/blog\/wp-content\/uploads\/2019\/04\/archicad-e-enscape.jpg\" alt=\"MYARCHICAD - Por que escolher ARCHICAD?\" width=\"1100\" height=\"519\" srcset=\"https:\/\/www.aarquiteta.com.br\/blog\/wp-content\/uploads\/2019\/04\/archicad-e-enscape.jpg 2048w, https:\/\/www.aarquiteta.com.br\/blog\/wp-content\/uploads\/2019\/04\/archicad-e-enscape-1024x483.jpg 1024w, https:\/\/www.aarquiteta.com.br\/blog\/wp-content\/uploads\/2019\/04\/archicad-e-enscape-696x328.jpg 696w, https:\/\/www.aarquiteta.com.br\/blog\/wp-content\/uploads\/2019\/04\/archicad-e-enscape-150x71.jpg 150w\" sizes=\"(max-width: 1100px) 100vw, 1100px\" \/><\/a><figcaption id=\"caption-attachment-16316\" class=\"wp-caption-text\">Imagem: Acervo Pessoal: Curso Completo de ARCHICAD com Twinmotion. <a href=\"https:\/\/www.aarquiteta.com.br\/curso-archicad\/\" target=\"_blank\" rel=\"noopener\">Clique aqui para sabe mais!<\/a><\/figcaption><\/figure><p style=\"text-align: center;\"><a href=\"https:\/\/www.aarquiteta.com.br\/curso-de-arquitetura\/\" target=\"_blank\" rel=\"noopener\"><em>ARCHICAD com Enscape<\/em><\/a><\/p><p>Os escrit\u00f3rios por onde passei estavam muito envolvidos com o AutoCAD, pouco se falava em BIM naquela ocasi\u00e3o, e infelizmente eles n\u00e3o deram oportunidade para o programa&#8230;<\/p><p>E assim passaram-se alguns anos at\u00e9 que em meu pr\u00f3prio <a href=\"https:\/\/www.aarquiteta.com.br\/blog\/decoracao\/ambientes-na-decoracao\/decoracao-de-escritorio\/\" class=\"ilj-generated-link\">escrit\u00f3rio<\/a> com os meus pr\u00f3prios projetos eu adotei o ARCHICAD como o meu programa BIM.<\/p><p>Da vers\u00e3o 9 a qual iniciei em 2005 para a \u00faltima vers\u00e3o mais recente, muita coisa mudou, no entanto, a simplicidade de sua interface continua ainda melhor!<\/p><p>Com intera\u00e7\u00e3o intuitiva as ferramentas do ARCHICAD s\u00e3o super flex\u00edveis e permitem que o arquiteto desenvolva qualquer tipo de arquitetura das mais tradicionais at\u00e9 as org\u00e2nicas ou sem forma definida.<\/p><p>Al\u00e9m claro; da documenta\u00e7\u00e3o dos <a href=\"https:\/\/www.aarquiteta.com.br\/blog\/carreira-de-arquitetura\/desenvolvimento-de-projetos-de-arquitetura\/projetos-de-arquitetura-como-fazer\/\" class=\"ilj-generated-link\">projetos de arquitetura<\/a> pra aprova\u00e7\u00e3o, elabora\u00e7\u00e3o dos projetos executivos e por que n\u00e3o, projetos de interiores?<\/p><h2><a href=\"https:\/\/www.aarquiteta.com.br\/curso-archicad\/\" target=\"_blank\" rel=\"noopener\">Por que escolhi o\u00a0ARCHICAD\u00a0como meu programa BIM?<\/a><\/h2><h3>Do CAD ao BIM<\/h3><figure id=\"attachment_16301\" aria-describedby=\"caption-attachment-16301\" style=\"width: 1100px\" class=\"wp-caption aligncenter\"><a href=\"https:\/\/www.aarquiteta.com.br\/blog\/wp-content\/uploads\/2019\/04\/Layout-Humanizado.png\"><img decoding=\"async\" class=\"wp-image-16301\" title=\"MYARCHICAD - Por que escolher ARCHICAD?\" src=\"https:\/\/www.aarquiteta.com.br\/blog\/wp-content\/uploads\/2019\/04\/Layout-Humanizado.png\" alt=\"MYARCHICAD - Por que escolher ARCHICAD?\" width=\"1100\" height=\"764\" srcset=\"https:\/\/www.aarquiteta.com.br\/blog\/wp-content\/uploads\/2019\/04\/Layout-Humanizado.png 1049w, https:\/\/www.aarquiteta.com.br\/blog\/wp-content\/uploads\/2019\/04\/Layout-Humanizado-1024x712.png 1024w, https:\/\/www.aarquiteta.com.br\/blog\/wp-content\/uploads\/2019\/04\/Layout-Humanizado-696x484.png 696w, https:\/\/www.aarquiteta.com.br\/blog\/wp-content\/uploads\/2019\/04\/Layout-Humanizado-150x104.png 150w\" sizes=\"(max-width: 1100px) 100vw, 1100px\" \/><\/a><figcaption id=\"caption-attachment-16301\" class=\"wp-caption-text\">Imagem: Acervo Pessoal: Curso Completo de ARCHICAD com Twinmotion. <a href=\"https:\/\/www.aarquiteta.com.br\/curso-archicad\/\" target=\"_blank\" rel=\"noopener\">Clique aqui para sabe mais!<\/a><\/figcaption><\/figure><p>&nbsp;<\/p><p>Sim! Tudo isso \u00e9 poss\u00edvel de forma simples e gostosa com o ARCHICAD s\u00f3 at\u00e9 aqui j\u00e1 deu para entender por que escolhi o ARCHICAD como meu programa favorito.<\/p><p>Para quem trabalha com Sketchup \u00e9 como se ele fosse um SketchUP BIM, muito intuitivo e f\u00e1cil de se trabalhar.<\/p><h3>Quer mais provas?<\/h3><p>Por isso se voc\u00ea ainda n\u00e3o se rendeu ao BIM eu sugiro que voc\u00ea procure conhecer mais sobre o ARCHICAD e descubra todo o potencial que este maravilhoso programa apresenta.<\/p><p>Como o ARCHICAD \u00e9 poss\u00edvel criar plantas passando por todas as fases e renova\u00e7\u00e3o do projeto, desde um layout simples, at\u00e9 um layout mais humanizado. Projetos executivos? Simplesmente fant\u00e1stico.<\/p><p>Voc\u00ea configura as plantas do projeto e filtra a planta desejada que sair\u00e1 separada por combina\u00e7\u00e3o de layers ou combina\u00e7\u00e3o de vegetais como o ARCHICAD o chama, veja a seguir:<\/p><figure id=\"attachment_16309\" aria-describedby=\"caption-attachment-16309\" style=\"width: 1100px\" class=\"wp-caption aligncenter\"><a href=\"https:\/\/www.aarquiteta.com.br\/blog\/wp-content\/uploads\/2019\/04\/combina\u00e7\u00e3o-de-vegetais.png\"><img decoding=\"async\" class=\"wp-image-16309\" title=\"MYARCHICAD - Por que escolher ARCHICAD?\" src=\"https:\/\/www.aarquiteta.com.br\/blog\/wp-content\/uploads\/2019\/04\/combina\u00e7\u00e3o-de-vegetais.png\" alt=\"MYARCHICAD - Por que escolher ARCHICAD?\" width=\"1100\" height=\"626\" srcset=\"https:\/\/www.aarquiteta.com.br\/blog\/wp-content\/uploads\/2019\/04\/combina\u00e7\u00e3o-de-vegetais.png 824w, https:\/\/www.aarquiteta.com.br\/blog\/wp-content\/uploads\/2019\/04\/combina\u00e7\u00e3o-de-vegetais-696x396.png 696w, https:\/\/www.aarquiteta.com.br\/blog\/wp-content\/uploads\/2019\/04\/combina\u00e7\u00e3o-de-vegetais-150x85.png 150w\" sizes=\"(max-width: 1100px) 100vw, 1100px\" \/><\/a><figcaption id=\"caption-attachment-16309\" class=\"wp-caption-text\">Imagem: Acervo Pessoal: Curso Completo de ARCHICAD com Twinmotion. <a href=\"https:\/\/www.aarquiteta.com.br\/curso-archicad\/\" target=\"_blank\" rel=\"noopener\">Clique aqui para sabe mais!<\/a><\/figcaption><\/figure><p>&nbsp;<\/p><figure id=\"attachment_16303\" aria-describedby=\"caption-attachment-16303\" style=\"width: 1100px\" class=\"wp-caption aligncenter\"><a href=\"https:\/\/www.aarquiteta.com.br\/blog\/wp-content\/uploads\/2019\/04\/navegador-de-vegetais.png\"><img decoding=\"async\" class=\"wp-image-16303\" title=\"MYARCHICAD - Por que escolher ARCHICAD?\" src=\"https:\/\/www.aarquiteta.com.br\/blog\/wp-content\/uploads\/2019\/04\/navegador-de-vegetais.png\" alt=\"MYARCHICAD - Por que escolher ARCHICAD?\" width=\"1100\" height=\"905\" srcset=\"https:\/\/www.aarquiteta.com.br\/blog\/wp-content\/uploads\/2019\/04\/navegador-de-vegetais.png 400w, https:\/\/www.aarquiteta.com.br\/blog\/wp-content\/uploads\/2019\/04\/navegador-de-vegetais-150x123.png 150w\" sizes=\"(max-width: 1100px) 100vw, 1100px\" \/><\/a><figcaption id=\"caption-attachment-16303\" class=\"wp-caption-text\">Imagem: Acervo Pessoal: Curso Completo de ARCHICAD com Twinmotion. <a href=\"https:\/\/www.aarquiteta.com.br\/curso-archicad\/\" target=\"_blank\" rel=\"noopener\">Clique aqui para sabe mais! Combina\u00e7\u00e3o de Vegetais<\/a><\/figcaption><\/figure><h3><a href=\"https:\/\/www.aarquiteta.com.br\/blog\/plantas-de-casa\/\" target=\"_blank\" rel=\"noopener\">Plantas<\/a> de demoli\u00e7\u00e3o?<\/h3><p>Muito f\u00e1cil com a utiliza\u00e7\u00e3o da ferramenta Renova\u00e7\u00e3o, veja a seguir as paredes coloridas representando a demoli\u00e7\u00e3o e a constru\u00e7\u00e3o:<\/p><figure id=\"attachment_16305\" aria-describedby=\"caption-attachment-16305\" style=\"width: 1100px\" class=\"wp-caption aligncenter\"><a href=\"https:\/\/www.aarquiteta.com.br\/blog\/wp-content\/uploads\/2019\/04\/pontos-de-interferencias.png\"><img decoding=\"async\" class=\"wp-image-16305\" title=\"MYARCHICAD - Por que escolher ARCHICAD?\" src=\"https:\/\/www.aarquiteta.com.br\/blog\/wp-content\/uploads\/2019\/04\/pontos-de-interferencias.png\" alt=\"MYARCHICAD - Por que escolher ARCHICAD?\" width=\"1100\" height=\"751\" srcset=\"https:\/\/www.aarquiteta.com.br\/blog\/wp-content\/uploads\/2019\/04\/pontos-de-interferencias.png 1071w, https:\/\/www.aarquiteta.com.br\/blog\/wp-content\/uploads\/2019\/04\/pontos-de-interferencias-1024x699.png 1024w, https:\/\/www.aarquiteta.com.br\/blog\/wp-content\/uploads\/2019\/04\/pontos-de-interferencias-696x475.png 696w, https:\/\/www.aarquiteta.com.br\/blog\/wp-content\/uploads\/2019\/04\/pontos-de-interferencias-150x102.png 150w\" sizes=\"(max-width: 1100px) 100vw, 1100px\" \/><\/a><figcaption id=\"caption-attachment-16305\" class=\"wp-caption-text\">Imagem: Acervo Pessoal: Curso Completo de ARCHICAD com Twinmotion. <a href=\"https:\/\/www.aarquiteta.com.br\/curso-archicad\/\" target=\"_blank\" rel=\"noopener\">Clique aqui para sabe mais!<\/a><\/figcaption><\/figure><h3>Um desenho e tudo documentado.<\/h3><p>Em um programa BIM o arquiteto se preocupa mais na cria\u00e7\u00e3o do modelo principal, e os demais desenhos como cortes, vistas e detalhamento nascem praticamente prontos, sem a necessidade de desenha-los.<\/p><p>Basta salvar o mapa do projeto e criar a layout dos desenhos na folha.<\/p><p>Veja a imagem a seguir.<\/p><figure id=\"attachment_16306\" aria-describedby=\"caption-attachment-16306\" style=\"width: 1100px\" class=\"wp-caption aligncenter\"><a href=\"https:\/\/www.aarquiteta.com.br\/blog\/wp-content\/uploads\/2019\/04\/prancha-banho-casal.png\"><img decoding=\"async\" class=\"wp-image-16306\" title=\"MYARCHICAD - Por que escolher ARCHICAD?\" src=\"https:\/\/www.aarquiteta.com.br\/blog\/wp-content\/uploads\/2019\/04\/prancha-banho-casal.png\" alt=\"MYARCHICAD - Por que escolher ARCHICAD?\" width=\"1100\" height=\"783\" srcset=\"https:\/\/www.aarquiteta.com.br\/blog\/wp-content\/uploads\/2019\/04\/prancha-banho-casal.png 1019w, https:\/\/www.aarquiteta.com.br\/blog\/wp-content\/uploads\/2019\/04\/prancha-banho-casal-696x495.png 696w, https:\/\/www.aarquiteta.com.br\/blog\/wp-content\/uploads\/2019\/04\/prancha-banho-casal-150x107.png 150w\" sizes=\"(max-width: 1100px) 100vw, 1100px\" \/><\/a><figcaption id=\"caption-attachment-16306\" class=\"wp-caption-text\">Imagem: Acervo Pessoal: Curso Completo de ARCHICAD com Twinmotion. <a href=\"https:\/\/www.aarquiteta.com.br\/curso-archicad\/\" target=\"_blank\" rel=\"noopener\">Clique aqui para sabe mais!<\/a><\/figcaption><\/figure><p>Por isso de in\u00edcio a sensa\u00e7\u00e3o que se tem \u00e9 que trabalhar em BIM \u00e9 demorado quando na verdade se poupa muito tempo na fase p\u00f3s modelagem.<\/p><h3>Pagina\u00e7\u00e3o de pisos e outros<\/h3><p>Com o ARCHICAD \u00e9 poss\u00edvel criar plantas de pagina\u00e7\u00e3o de piso, forro de gesso com modelagem de tabicas e sancas, planta de ilumina\u00e7\u00e3o, representa\u00e7\u00f5es de demoli\u00e7\u00e3o, existente e reconstru\u00e7\u00e3o, tudo isso a partir de um \u00fanico modelo, isso \u00e9 poss\u00edvel atrav\u00e9s do uso da combina\u00e7\u00e3o de layers que filtram os layers necess\u00e1rios pra cada tipo de planta. Uma belezura!<\/p><figure id=\"attachment_16304\" aria-describedby=\"caption-attachment-16304\" style=\"width: 1100px\" class=\"wp-caption aligncenter\"><a href=\"https:\/\/www.aarquiteta.com.br\/blog\/wp-content\/uploads\/2019\/04\/piso.png\"><img decoding=\"async\" class=\"wp-image-16304\" title=\"MYARCHICAD - Por que escolher ARCHICAD?\" src=\"https:\/\/www.aarquiteta.com.br\/blog\/wp-content\/uploads\/2019\/04\/piso.png\" alt=\"MYARCHICAD - Por que escolher ARCHICAD?\" width=\"1100\" height=\"732\" srcset=\"https:\/\/www.aarquiteta.com.br\/blog\/wp-content\/uploads\/2019\/04\/piso.png 1087w, https:\/\/www.aarquiteta.com.br\/blog\/wp-content\/uploads\/2019\/04\/piso-1024x681.png 1024w, https:\/\/www.aarquiteta.com.br\/blog\/wp-content\/uploads\/2019\/04\/piso-696x463.png 696w, https:\/\/www.aarquiteta.com.br\/blog\/wp-content\/uploads\/2019\/04\/piso-150x100.png 150w\" sizes=\"(max-width: 1100px) 100vw, 1100px\" \/><\/a><figcaption id=\"caption-attachment-16304\" class=\"wp-caption-text\">Imagem: Acervo Pessoal: Curso Completo de ARCHICAD com Twinmotion. <a href=\"https:\/\/www.aarquiteta.com.br\/curso-archicad\/\" target=\"_blank\" rel=\"noopener\">Clique aqui para sabe mais!<\/a><\/figcaption><\/figure><p>&nbsp;<\/p><figure id=\"attachment_16310\" aria-describedby=\"caption-attachment-16310\" style=\"width: 1100px\" class=\"wp-caption aligncenter\"><a href=\"https:\/\/www.aarquiteta.com.br\/blog\/wp-content\/uploads\/2019\/04\/forro.png\"><img decoding=\"async\" class=\"wp-image-16310\" title=\"Por que escolhi o\u00a0ARCHICAD\u00a0como meu programa BIM? Descubra!\" src=\"https:\/\/www.aarquiteta.com.br\/blog\/wp-content\/uploads\/2019\/04\/forro.png\" alt=\"Por que escolhi o\u00a0ARCHICAD\u00a0como meu programa BIM? Descubra!\" width=\"1100\" height=\"741\" srcset=\"https:\/\/www.aarquiteta.com.br\/blog\/wp-content\/uploads\/2019\/04\/forro.png 1065w, https:\/\/www.aarquiteta.com.br\/blog\/wp-content\/uploads\/2019\/04\/forro-1024x689.png 1024w, https:\/\/www.aarquiteta.com.br\/blog\/wp-content\/uploads\/2019\/04\/forro-696x469.png 696w, https:\/\/www.aarquiteta.com.br\/blog\/wp-content\/uploads\/2019\/04\/forro-150x101.png 150w\" sizes=\"(max-width: 1100px) 100vw, 1100px\" \/><\/a><figcaption id=\"caption-attachment-16310\" class=\"wp-caption-text\">Imagem: Acervo Pessoal: Curso Completo de ARCHICAD com Twinmotion. <a href=\"https:\/\/www.aarquiteta.com.br\/curso-archicad\/\" target=\"_blank\" rel=\"noopener\">Clique aqui para sabe mais!<\/a><\/figcaption><\/figure><p>&nbsp;<\/p><figure id=\"attachment_16311\" aria-describedby=\"caption-attachment-16311\" style=\"width: 1100px\" class=\"wp-caption aligncenter\"><a href=\"https:\/\/www.aarquiteta.com.br\/blog\/wp-content\/uploads\/2019\/04\/iluminacao.png\"><img decoding=\"async\" class=\"wp-image-16311\" title=\"por que escolhi o ARCHICAD\" src=\"https:\/\/www.aarquiteta.com.br\/blog\/wp-content\/uploads\/2019\/04\/iluminacao.png\" alt=\"\" width=\"1100\" height=\"783\" srcset=\"https:\/\/www.aarquiteta.com.br\/blog\/wp-content\/uploads\/2019\/04\/iluminacao.png 889w, https:\/\/www.aarquiteta.com.br\/blog\/wp-content\/uploads\/2019\/04\/iluminacao-696x496.png 696w, https:\/\/www.aarquiteta.com.br\/blog\/wp-content\/uploads\/2019\/04\/iluminacao-150x107.png 150w\" sizes=\"(max-width: 1100px) 100vw, 1100px\" \/><\/a><figcaption id=\"caption-attachment-16311\" class=\"wp-caption-text\">Imagem: Acervo Pessoal: Curso Completo de ARCHICAD com Twinmotion. <a href=\"https:\/\/www.aarquiteta.com.br\/curso-archicad\/\" target=\"_blank\" rel=\"noopener\">Clique aqui para sabe mais!<\/a><\/figcaption><\/figure><h2>Por que escolhi o <a href=\"https:\/\/www.aarquiteta.com.br\/curso-archicad\/\" target=\"_blank\" rel=\"noopener\">ARCHICAD<\/a> como meu programa BIM?<\/h2><p>Veja mais motivos:<\/p><h3>Mobili\u00e1rio em 3D para projetos de interiores<\/h3><p>Problemas com modelagem de mobili\u00e1rio para projeto de interiores?<\/p><p>Diferentemente do Revit as ferramentas de modelagem do <a href=\"https:\/\/www.aarquiteta.com.br\/blog\/curso-de-autocad\/\" target=\"_blank\" rel=\"noopener\">ARCHICAD<\/a> permitem que voc\u00ea modele qualquer objeto e mobili\u00e1rio em todas a dimens\u00f5es, inclusive direto no 3D, as ferramentas oferecem muita flexibilidade.<\/p><figure id=\"attachment_16308\" aria-describedby=\"caption-attachment-16308\" style=\"width: 1100px\" class=\"wp-caption aligncenter\"><a href=\"https:\/\/www.aarquiteta.com.br\/blog\/wp-content\/uploads\/2019\/04\/3d.png\"><img decoding=\"async\" class=\"wp-image-16308\" title=\"por que escolhi o ARCHICAD\" src=\"https:\/\/www.aarquiteta.com.br\/blog\/wp-content\/uploads\/2019\/04\/3d.png\" alt=\"\" width=\"1100\" height=\"649\" srcset=\"https:\/\/www.aarquiteta.com.br\/blog\/wp-content\/uploads\/2019\/04\/3d.png 1211w, https:\/\/www.aarquiteta.com.br\/blog\/wp-content\/uploads\/2019\/04\/3d-1024x605.png 1024w, https:\/\/www.aarquiteta.com.br\/blog\/wp-content\/uploads\/2019\/04\/3d-696x411.png 696w, https:\/\/www.aarquiteta.com.br\/blog\/wp-content\/uploads\/2019\/04\/3d-150x89.png 150w\" sizes=\"(max-width: 1100px) 100vw, 1100px\" \/><\/a><figcaption id=\"caption-attachment-16308\" class=\"wp-caption-text\">Imagem: Acervo Pessoal: Curso Completo de MYARCHICAD com Twinmotion. <a href=\"https:\/\/www.aarquiteta.com.br\/curso-archicad\/\" target=\"_blank\" rel=\"noopener\">Clique aqui para sabe mais!<\/a><\/figcaption><\/figure><p style=\"text-align: center;\"><a href=\"https:\/\/www.aarquiteta.com.br\/curso-archicad\/\" target=\"_blank\" rel=\"noopener\">Modelo 3D a partir dos filtros de mobili\u00e1rio -WIP<\/a><\/p><p>A nova biblioteca nativa do ARCHICAD principalmente hoje vem com componentes altamente parametriz\u00e1veis: Arm\u00e1rios da <a href=\"https:\/\/www.aarquiteta.com.br\/blog\/?s=COZINHA\">cozinha<\/a>, dormit\u00f3rios, gabinetes dos banheiros, e muitos outros elementos j\u00e1 vem prontos para voc\u00ea edit\u00e1-los sem precisar modelar absolutamente tudo do zero, voc\u00ea reaproveita o que j\u00e1 tem e s\u00f3 complementa a modelagem com o que n\u00e3o tem.<\/p><p>N\u00e3o tenha medo das paredes compostas, rampas, escadas, telhados e terrenos, hoje o ARCHICAD conta com um modus operandi muito amistoso em rela\u00e7\u00e3o as vers\u00f5es anteriores.<\/p><p>Desde algumas vers\u00f5es anteriores para c\u00e1, o ARCHICAD na vers\u00e3o Brazilian j\u00e1 vem configurado com todos os padr\u00f5es atuais das Normas Brasileiras, uma preocupa\u00e7\u00e3o da <a href=\"https:\/\/graphisoft.com\/br\" target=\"_blank\" rel=\"noopener\"><strong>Graphsoft<\/strong><\/a> para que n\u00f3s arquitetos possamos investir nosso tempo no que \u00e9 mais importante, ou seja no projeto em si, as normas j\u00e1 est\u00e3o aplicadas.<\/p><figure id=\"attachment_16307\" aria-describedby=\"caption-attachment-16307\" style=\"width: 1100px\" class=\"wp-caption alignnone\"><a style=\"font-weight: bold; background-color: initial;\" href=\"https:\/\/www.aarquiteta.com.br\/blog\/wp-content\/uploads\/2019\/04\/prancha-banho-cozinha.png\"><img decoding=\"async\" class=\"wp-image-16307\" title=\"por que escolhi o ARCHICAD\" src=\"https:\/\/www.aarquiteta.com.br\/blog\/wp-content\/uploads\/2019\/04\/prancha-banho-cozinha.png\" alt=\"\" width=\"1100\" height=\"784\" srcset=\"https:\/\/www.aarquiteta.com.br\/blog\/wp-content\/uploads\/2019\/04\/prancha-banho-cozinha.png 955w, https:\/\/www.aarquiteta.com.br\/blog\/wp-content\/uploads\/2019\/04\/prancha-banho-cozinha-696x496.png 696w, https:\/\/www.aarquiteta.com.br\/blog\/wp-content\/uploads\/2019\/04\/prancha-banho-cozinha-150x107.png 150w\" sizes=\"(max-width: 1100px) 100vw, 1100px\" \/><\/a><figcaption id=\"caption-attachment-16307\" class=\"wp-caption-text\">MYARCHICAD &#8211; Por que escolher ARCHICAD?<\/figcaption><\/figure><p>Curso Completo de ARCHICAD com Twinmotion. <a href=\"https:\/\/www.aarquiteta.com.br\/curso-archicad\/\" target=\"_blank\" rel=\"noopener\">Clique aqui para sabe mais!<\/a>Voc\u00ea se quer precisa se\u00a0preocupar com\u00a0configura\u00e7\u00e3o de cotas e pena, c\u00e1lculo de escadas, guarda-corpo entre outros, e o melhor \u00e9 que a cada vers\u00e3o essa padroniza\u00e7\u00e3o vem sendo atualizada.<\/p><p>Preocupado com as folhas padr\u00e3o de impress\u00e3o? No ARCHICAD as folhas mestre deixaram de ser um transtorno, pois configura-las deixou de ser um bicho de 7 cabe\u00e7as!<\/p><p>Tudo o que voc\u00ea precisa fazer \u00e9 configurar os layouts mestres para impress\u00e3o com a folha padr\u00e3o do seu escrit\u00f3rio e organiza-las no navegador de projetos do seu\u00a0template. Uma \u00fanica vez!<\/p><p>Veja a seguir na lateral direita da imagem o local onde est\u00e1 localizado o navegador de projetos:<\/p><figure id=\"attachment_16302\" aria-describedby=\"caption-attachment-16302\" style=\"width: 1100px\" class=\"wp-caption alignnone\"><a style=\"font-weight: bold; background-color: initial;\" href=\"https:\/\/www.aarquiteta.com.br\/blog\/wp-content\/uploads\/2019\/04\/navegador-de-projetoss.png\"><img decoding=\"async\" class=\"wp-image-16302\" title=\"por que escolhi o ARCHICAD\" src=\"https:\/\/www.aarquiteta.com.br\/blog\/wp-content\/uploads\/2019\/04\/navegador-de-projetoss.png\" alt=\"\" width=\"1100\" height=\"639\" srcset=\"https:\/\/www.aarquiteta.com.br\/blog\/wp-content\/uploads\/2019\/04\/navegador-de-projetoss.png 1361w, https:\/\/www.aarquiteta.com.br\/blog\/wp-content\/uploads\/2019\/04\/navegador-de-projetoss-1024x595.png 1024w, https:\/\/www.aarquiteta.com.br\/blog\/wp-content\/uploads\/2019\/04\/navegador-de-projetoss-696x405.png 696w, https:\/\/www.aarquiteta.com.br\/blog\/wp-content\/uploads\/2019\/04\/navegador-de-projetoss-150x87.png 150w\" sizes=\"(max-width: 1100px) 100vw, 1100px\" \/><\/a><figcaption id=\"caption-attachment-16302\" class=\"wp-caption-text\">MYARCHICAD &#8211; Por que escolher ARCHICAD?<\/figcaption><\/figure><p>Imagem: Acervo Pessoal: Curso Completo de ARCHICAD com Twinmotion. Clique aqui para sabe mais!<\/p><h3>Planta de Checagem Estrutural<\/h3><p>\u00c9 lindo quando \u00e9 chegado o momento de fechar uma prancha de desenhos, se houver uma altera\u00e7\u00e3o no\u00a0modelo\u00a0e a prancha j\u00e1\u00a0estiver sido\u00a0fechada a altera\u00e7\u00e3o ser\u00e1 detectada\u00a0e\u00a0todas as altera\u00e7\u00f5es ser\u00e3o realizadas automaticamente nos desenhos e nas folhas j\u00e1 diagramadas. Fant\u00e1stico!<\/p><p>Uma coisa muito importante para se trabalhar com BIM \u00e9 ter um bom\u00a0template, algumas profissionais mais experientes no assunto comercializam\u00a0templates\u00a0prometendo produtividade e performance no entanto cada escrit\u00f3rio possui sua pr\u00f3pria express\u00e3o gr\u00e1fica, por isso \u00e9 importante que voc\u00ea aprenda a criar seu pr\u00f3prio\u00a0template\u00a0ou contrate um profissional de implementa\u00e7\u00e3o BIM para que ele possa te auxiliar na cria\u00e7\u00e3o do seu\u00a0template\u00a0baseado nas suas necessidades gr\u00e1ficas e de imagem 3D.<\/p><p>N\u00e3o se iluda, um bom\u00a0template, ou melhor, o seu\u00a0template\u00a0mesmo que seja oriundo a princ\u00edpio de um\u00a0template\u00a0j\u00e1 existente ele nunca ser\u00e1 adequado e perfeito para voc\u00ea, a cada novo projeto novas modifica\u00e7\u00f5es v\u00e3o sendo adicionadas em seu\u00a0template, isso \u00e9 o que eu chama de um\u00a0template\u00a0vivo, e a cada novo projeto \u00e9 s\u00f3 voc\u00ea atualizar e salvar uma nova vers\u00e3o atualizada.<\/p><h2>Por que escolhi o <a href=\"http:\/\/www.aarquiteta.com.br\/curso-gratis-archicad\/\" target=\"_blank\" rel=\"noopener\">ARCHICAD<\/a> como meu programa BIM?<\/h2><h3>Pensa que acabou?<\/h3><p>O ARCHICAD possui em renderizador pr\u00f3prio para voc\u00ea apresentar o seu projeto em imagens 3D foto realistas utilizando o Cinerender, o renderizador do pr\u00f3prio programa.<\/p><p>E como um bom programa BIM que se preze voc\u00ea vai aprender a extrair as informa\u00e7\u00f5es dos quantitativos do seu projeto, assim como criar tabelas de esquadrias, \u00e1reas entre outras.<\/p><p>Se voc\u00ea trabalhar com o ARCHICAD mas seu colega engenheiro n\u00e3o, o ARCHICAD ainda tem a possibilidade de salvar o seu projeto em arquivo IFC que possibilidade a compartilhaza\u00e7\u00e3o da informa\u00e7\u00e3o da modelagem.<\/p><p>Chega de leva e traz de um programa para o outro com o ARCHICAD \u00e9 poss\u00edvel que voc\u00ea desenvolva todas as etapas do seu projeto incluindo detalhamento de mobili\u00e1rio e imagem 3D de qualidade em um \u00fanico programa, com 0% de perdas e tudo centralizado sob o seu controle.<\/p><p>Bom, j\u00e1 deu pra perceber n\u00e9? ARCHICAD \u00e9 o meu programa BIM favorito, quem conhece escolhe a Graphsoft!<\/p><p>N\u00e3o deixe para a \u00faltima hora! Comece hoje a investir no seu futuro! Aprenda BIM, aprenda o BIM do ARCHICAD!<\/p><p>E voc\u00ea que j\u00e1 trabalha em BIM, qual seu programa BIM favorito? Conte-nos porqu\u00ea!<\/p><h2><a href=\"https:\/\/www.aarquiteta.com.br\/curso-de-arquitetura\/\" target=\"_blank\" rel=\"noopener\">Quer conhecer mais sobre o ARCHICAD?<\/a><\/h2><p>Confira no video a seguir um panorama completo sobre o porqu\u00ea do <a href=\"https:\/\/www.aarquiteta.com.br\/curso-archicad\/\" target=\"_blank\" rel=\"noopener\">ARCHICAD<\/a> ser o melhor programa para fluxo de projeto do mercado de \u2018softwares\u2019 para arquitetura:<\/p><p><iframe src=\"https:\/\/www.youtube.com\/embed\/w_DMFISIRwg\" width=\"560\" height=\"315\" frameborder=\"0\" allowfullscreen=\"allowfullscreen\"><\/iframe><\/p><p>N\u00e3o d\u00e1 para negar o qu\u00e3o inovador \u00e9 este programa. Obrigada <a href=\"https:\/\/graphisoft.com\/br\" target=\"_blank\" rel=\"noopener\">Graphsoft!<\/a><\/p><h2>Estudante, aprenda <a href=\"https:\/\/www.aarquiteta.com.br\/curso-archicad\/\" target=\"_blank\" rel=\"noopener\">ARCHICAD<\/a> agora mesmo!<\/h2><p>Se voc\u00ea deseja entrar agora para o universo BIM com o programa mais utilizado pelos estudantes e pelos escrit\u00f3rios de arquitetura, confira o meu novo <a href=\"https:\/\/www.aarquiteta.com.br\/curso-archicad\/\" target=\"_blank\" rel=\"noopener\">curso de ARCHICAD<\/a> em meu portal de cursos \u2018online\u2019.<\/p><p>Veja mais sobre ARCHICAD:<\/p><ol><li>Como trabalhar com conjunto de canetas no ARCHICAD.<\/li><li class=\"gdlr-blog-title\">Como clonar pastas no ARCHICAD, Navegador de Projetos e Documenta\u00e7\u00e3o.<\/li><li>Como criar paredes compostas.<\/li><\/ol><p>Voc\u00ea sabia que pode come\u00e7ar a aprender a usar o ARCHICAD agora, e n\u00e3o pagar nada por isso?\u00a0Basta acessar o meu curso gr\u00e1tis Projeto em BIM do Zero ao Render com ARCHICAD e Twinmotion!<\/p>","protected":false},"excerpt":{"rendered":"<p>MYARCHICAD &#8211; Por que escolhi o ARCHICAD como meu programa BIM favorito?\u00a0Confira neste artigosos motivos que me levaram a trabalhar com a Graphsoft!Novos tempos, novas tecnologias.Acabou! Chega de deixar para depois. \u00c9 chegado o momento de colocarmos definitivamente os p\u00e9s no futuro.\u00a0Mais do que nunca voc\u00ea tem um motivo muito s\u00e9rio para dominar um programa [&hellip;]<\/p>\n","protected":false},"author":102,"featured_media":56872,"comment_status":"closed","ping_status":"closed","sticky":false,"template":"","format":"standard","meta":{"footnotes":""},"categories":[33403,1097,33397],"tags":[1430,9164,10082],"class_list":["post-16298","post","type-post","status-publish","format-standard","has-post-thumbnail","category-archicad","category-bim","category-cursos-de-arquitetura-e-decoracao","tag-archicad","tag-curso-de-archicad-conjunto-de-canetas-no-archicad","tag-escolher-archicad"],"_wp_attached_file":null,"_wp_attachment_metadata":null,"_wp_attachment_context":null,"_wp_attachment_is_custom_header":null,"geo_longitude":null,"geo_public":null,"geo_latitude":null,"_publicize_done_external":null,"_wpas_done_3897181":null,"publicize_twitter_user":null,"_wpas_done_3897175":null,"_wpas_skip_3897181":null,"_wpas_skip_3897175":null,"_wpas_skip_3924723":null,"_wpas_mess":null,"_wpas_done_3924723":null,"wps_subtitle":"Descubra porque voc\u00ea deve escolher o programa ARCHICAD como seu programa BIM favorito para seu escrit\u00f3rio. Confira e se apaixone tamb\u00e9m!","_links":{"self":[{"href":"https:\/\/www.aarquiteta.com.br\/blog\/wp-json\/wp\/v2\/posts\/16298","targetHints":{"allow":["GET"]}}],"collection":[{"href":"https:\/\/www.aarquiteta.com.br\/blog\/wp-json\/wp\/v2\/posts"}],"about":[{"href":"https:\/\/www.aarquiteta.com.br\/blog\/wp-json\/wp\/v2\/types\/post"}],"author":[{"embeddable":true,"href":"https:\/\/www.aarquiteta.com.br\/blog\/wp-json\/wp\/v2\/users\/102"}],"replies":[{"embeddable":true,"href":"https:\/\/www.aarquiteta.com.br\/blog\/wp-json\/wp\/v2\/comments?post=16298"}],"version-history":[{"count":0,"href":"https:\/\/www.aarquiteta.com.br\/blog\/wp-json\/wp\/v2\/posts\/16298\/revisions"}],"wp:featuredmedia":[{"embeddable":true,"href":"https:\/\/www.aarquiteta.com.br\/blog\/wp-json\/wp\/v2\/media\/56872"}],"wp:attachment":[{"href":"https:\/\/www.aarquiteta.com.br\/blog\/wp-json\/wp\/v2\/media?parent=16298"}],"wp:term":[{"taxonomy":"category","embeddable":true,"href":"https:\/\/www.aarquiteta.com.br\/blog\/wp-json\/wp\/v2\/categories?post=16298"},{"taxonomy":"post_tag","embeddable":true,"href":"https:\/\/www.aarquiteta.com.br\/blog\/wp-json\/wp\/v2\/tags?post=16298"}],"curies":[{"name":"wp","href":"https:\/\/api.w.org\/{rel}","templated":true}]}}