{"id":15783,"date":"2022-02-16T19:10:47","date_gmt":"2022-02-16T22:10:47","guid":{"rendered":"http:\/\/aarquiteta.com.br\/?p=15783"},"modified":"2024-09-05T08:51:39","modified_gmt":"2024-09-05T11:51:39","slug":"apartamento-studio-como-decorar","status":"publish","type":"post","link":"https:\/\/www.aarquiteta.com.br\/blog\/apartamento-studio-como-decorar\/","title":{"rendered":"Apartamento Studio: 6 Dicas para decorar com efici\u00eancia!"},"content":{"rendered":"<p align=\"justify\"><img decoding=\"async\" class=\"aligncenter wp-image-43422 size-full\" title=\"Apartamento Studio: 6 Dicas de como decorar com efici\u00eancia!\" src=\"https:\/\/www.aarquiteta.com.br\/blog\/wp-content\/uploads\/2021\/10\/apartamento-studio.jpg\" alt=\"Apartamento Studio: 6 Dicas de como decorar com efici\u00eancia!\" width=\"1200\" height=\"800\" srcset=\"https:\/\/www.aarquiteta.com.br\/blog\/wp-content\/uploads\/2021\/10\/apartamento-studio.jpg 1200w, https:\/\/www.aarquiteta.com.br\/blog\/wp-content\/uploads\/2021\/10\/apartamento-studio-1024x683.jpg 1024w, https:\/\/www.aarquiteta.com.br\/blog\/wp-content\/uploads\/2021\/10\/apartamento-studio-696x464.jpg 696w, https:\/\/www.aarquiteta.com.br\/blog\/wp-content\/uploads\/2021\/10\/apartamento-studio-150x100.jpg 150w\" sizes=\"(max-width: 1200px) 100vw, 1200px\" \/><\/p><p align=\"justify\">Apartamento Studio <a href=\"https:\/\/www.aarquiteta.com.br\/blog\/cursos-de-arquitetura-e-decoracao\/curso-de-decoracao-de-interiores\/\">como decorar<\/a>?<\/p><p align=\"justify\">Nos \u00faltimos anos, os modelos denominados, <a href=\"https:\/\/www.aarquiteta.com.br\/blog\/?s=APARTAMENTO\">apartamento<\/a> studio conquistam muitas pessoas.<\/p><p align=\"justify\">Afinal, n\u00e3o \u00e9 porque \u00e9 um apartamento pequeno que ele n\u00e3o pode ser funcional e agrad\u00e1vel.<\/p><p align=\"justify\">Confira este guia essencial para um <a href=\"https:\/\/www.aarquiteta.com.br\/blog\/?s=PROJETO\">projeto<\/a> de apartamento studio:<\/p><h2 align=\"justify\">Apartamento Studio: Um guia essencial para quem precisa projetar com efici\u00eancia!<\/h2><h3>O que \u00e9 um Studio?<\/h3><p>Para come\u00e7ar, um Est\u00fadio \u00e9 um apartamento de um <a href=\"https:\/\/www.aarquiteta.com.br\/blog\/?s=quarto\">quarto<\/a>, onde apenas o banheiro \u00e9 separado por portas fechadas.<\/p><p>O resto (<a href=\"https:\/\/www.aarquiteta.com.br\/blog\/decoracao\/ambientes-na-decoracao\/decoracao-de-cozinha\/\">cozinha<\/a>, sala, quarto, escrit\u00f3rio&#8230;) precisa caber em um \u00fanico espa\u00e7o.<\/p><p>O que geralmente n\u00e3o vai al\u00e9m de 46,5 m\u00b2.<\/p><p align=\"justify\">O apartamento est\u00fadio est\u00e3o cada vez mais populares. Eles consistem no princ\u00edpio de uma kitnet muito mais estilosa.<\/p><p align=\"justify\">Os ambientes s\u00e3o integrados e \u00e9 poss\u00edvel usar o espa\u00e7o de v\u00e1rias formas para construir um ambiente aconchegante e agrad\u00e1vel.<\/p><p align=\"justify\">Os apartamentos est\u00fadios s\u00e3o muito comuns em \u00e1reas urbanas.<\/p><p align=\"justify\">S\u00e3o espa\u00e7os que comportam bem at\u00e9 duas pessoas e t\u00eam como p\u00fablico-alvo quem mora sozinho ou casais que come\u00e7aram a construir a vida juntos.<\/p><p><iframe title=\"Decore f\u00e1cil: O que \u00e9 decora\u00e7\u00e3o de ambientes?\" width=\"696\" height=\"392\" src=\"https:\/\/www.youtube.com\/embed\/9PjhGXgCGLU?feature=oembed\" frameborder=\"0\" allow=\"accelerometer; autoplay; clipboard-write; encrypted-media; gyroscope; picture-in-picture; web-share\" allowfullscreen><\/iframe><\/p><h2 align=\"justify\">Dicas de como projetar um apartamento studio!<\/h2><h3>Est\u00fadio ou studio?<\/h3><p>Quando falamos em apartamento est\u00fadio, pensamos na forma correta como o escrevemos.<\/p><p>A palavra STUDIO vem do idioma ingl\u00eas, sendo o EST\u00daDIO do idioma portugu\u00eas, j\u00e1 o ST\u00daDIO \u00e9 a jun\u00e7\u00e3o dos dois idiomas estando&#8221;INCORRETO&#8221;.<\/p><h2>Qual a diferen\u00e7a entre um Studio e um Loft?<\/h2><h3>Tipo de apartamento:<\/h3><p>Tanto o studio como o loft s\u00e3o tipos de apartamento que proporcionam diferentes jeitos de morar.<\/p><p>Apesar de ambos buscarem a n\u00e3o utiliza\u00e7\u00e3o de divis\u00f5es com paredes, os apartamentos studios apresentam menos divis\u00f5es internas do que um loft, que possui mais \u00e1rea de constru\u00e7\u00e3o.<\/p><p>Os Studios possuem cerca de 30 a 40 m\u00b2 e fica a crit\u00e9rio do morador criar ou n\u00e3o um dormit\u00f3rio fechado com paredes para maior privacidade.<\/p><h3 align=\"justify\">Planta kitnet 25m2:<\/h3><p>Solteiros, estudantes, idosos e at\u00e9 fam\u00edlias jovens t\u00eam como alvo esses im\u00f3veis, que s\u00e3o, em princ\u00edpio, muito econ\u00f4micos para quem est\u00e1 come\u00e7ando e precisa mobiliar um espa\u00e7o pequeno sem muito estresse.<\/p><figure id=\"attachment_34703\" aria-describedby=\"caption-attachment-34703\" style=\"width: 710px\" class=\"wp-caption aligncenter\"><img decoding=\"async\" class=\"wp-image-34703 size-full\" src=\"https:\/\/www.aarquiteta.com.br\/blog\/wp-content\/uploads\/2021\/09\/kitnet-1.jpg\" alt=\"planta de kitnet\" width=\"710\" height=\"716\" title=\"\" srcset=\"https:\/\/www.aarquiteta.com.br\/blog\/wp-content\/uploads\/2021\/09\/kitnet-1.jpg 710w, https:\/\/www.aarquiteta.com.br\/blog\/wp-content\/uploads\/2021\/09\/kitnet-1-696x702.jpg 696w, https:\/\/www.aarquiteta.com.br\/blog\/wp-content\/uploads\/2021\/09\/kitnet-1-96x96.jpg 96w, https:\/\/www.aarquiteta.com.br\/blog\/wp-content\/uploads\/2021\/09\/kitnet-1-150x151.jpg 150w\" sizes=\"(max-width: 710px) 100vw, 710px\" \/><figcaption id=\"caption-attachment-34703\" class=\"wp-caption-text\">planta de kitnet<\/figcaption><\/figure><h3>Lofts significado:<\/h3><p>A palavra Loft no dicion\u00e1rio refere-se a uma sala ou espa\u00e7o diretamente sob o telhado de uma casa ou outro edif\u00edcio usado para fins residenciais ou comerciais.<\/p><p>Outro significado da palavra \u00e9 uma grande \u00e1rea aberta em um armaz\u00e9m, f\u00e1brica ou outro grande edif\u00edcio convertido em um espa\u00e7o vital.<\/p><h2>Studio para morar!<\/h2><p>Como disse anteriormente, os apartamentos est\u00fadios est\u00e3o cada vez mais sendo buscados, muitos o associam a uma boa kitnet, no entanto, h\u00e1 muitas diferen\u00e7as entre um apartamento studio e uma kitnet.<\/p><h3>Studio residencial:<\/h3><p>Os benef\u00edcios de moram em um studio incluem:<\/p><ol><li>Praticidade e sensa\u00e7\u00e3o de liberdade;<\/li><li>Espa\u00e7o aberto indicado para pessoas que n\u00e3o t\u00eam muito tempo para cuidar da casa;<\/li><li>Sensa\u00e7\u00e3o de amplitude, pois n\u00e3o h\u00e1 paredes para dividir o ambiente;<\/li><li>Custos de manuten\u00e7\u00e3o reduzidos: devido \u00e0 exposi\u00e7\u00e3o da infraestrutura, os tempos de reparo s\u00e3o menores e at\u00e9 mesmo os custos de danos podem ser economizados.<\/li><\/ol><h2>Apartamento studio:<\/h2><p>Se voc\u00ea vai decorar um apartamento do tipo studio fique atento a estas sugest\u00f5es a serem consideradas na hora de decorar!<\/p><h4 align=\"justify\">1 \u2014 Pense na otimiza\u00e7\u00e3o dos espa\u00e7os:<\/h4><p align=\"justify\">Em uma \u00e1rea que \u00e9 normalmente pequena, como um apartamento studio, \u00e9 preciso pensar primeiramente em tudo essencial para viver uma vida leve e de forma confort\u00e1vel em um \u00fanico espa\u00e7o.<\/p><p><span style=\"color: #2b2b2b; font-size: 16px;\">Assim, a primeira dica \u00e9: <\/span><strong style=\"color: #2b2b2b; font-size: 16px;\">\u00c9 preciso dimensionar bem o layout.<\/strong><\/p><p align=\"justify\">O <a href=\"https:\/\/www.aarquiteta.com.br\/blog\/design-de-interiores\/dicas-para-projetar-lavabo\/\" target=\"_blank\" rel=\"noopener\">banheiro<\/a>, por exemplo, pode at\u00e9 ser pequeno, mas ele precisa comportar uma pessoa confortavelmente.<\/p><p align=\"justify\">Para ficar mais atrativo, veja se \u00e9 poss\u00edvel <strong>colocar grandes janelas<\/strong> com uma vista privilegiada para algum ponto da cidade.<\/p><figure id=\"attachment_15706\" aria-describedby=\"caption-attachment-15706\" style=\"width: 1200px\" class=\"wp-caption aligncenter\"><a href=\"https:\/\/www.aarquiteta.com.br\/blog\/wp-content\/uploads\/2019\/01\/apartamento-studio-a-arquiteta-5.jpg\"><img decoding=\"async\" class=\"wp-image-15706\" title=\"Apartamento Studio: 6 Dicas de como decorar com efici\u00eancia!\" src=\"https:\/\/www.aarquiteta.com.br\/blog\/wp-content\/uploads\/2019\/01\/apartamento-studio-a-arquiteta-5.jpg\" alt=\"Apartamento Studio: 6 Dicas de como decorar com efici\u00eancia!\" width=\"1200\" height=\"800\" srcset=\"https:\/\/www.aarquiteta.com.br\/blog\/wp-content\/uploads\/2019\/01\/apartamento-studio-a-arquiteta-5.jpg 1499w, https:\/\/www.aarquiteta.com.br\/blog\/wp-content\/uploads\/2019\/01\/apartamento-studio-a-arquiteta-5-1024x682.jpg 1024w, https:\/\/www.aarquiteta.com.br\/blog\/wp-content\/uploads\/2019\/01\/apartamento-studio-a-arquiteta-5-696x464.jpg 696w, https:\/\/www.aarquiteta.com.br\/blog\/wp-content\/uploads\/2019\/01\/apartamento-studio-a-arquiteta-5-150x100.jpg 150w\" sizes=\"(max-width: 1200px) 100vw, 1200px\" \/><\/a><figcaption id=\"caption-attachment-15706\" class=\"wp-caption-text\">Apartamento Studio: 6 Dicas de como decorar com efici\u00eancia!<\/figcaption><\/figure><p align=\"justify\">Outro ponto que pode ser considerado \u00e9 o estabelecimento de <strong>\u00e1reas de uso comum no edif\u00edcio<\/strong>, como salas de reuni\u00e3o, escrit\u00f3rios, academia e mais.<\/p><p align=\"justify\">Assim, o morador pode usar os espa\u00e7os comuns <strong>para aquilo que n\u00e3o cabe no apartamento.<\/strong><\/p><h4 align=\"justify\">2 \u2014 Ilumina\u00e7\u00e3o de um Apartamento Studio:<\/h4><p align=\"justify\">Al\u00e9m da vista da paisagem externa, \u00e9 preciso pensar na i<strong>lumina\u00e7\u00e3o do ambiente.<\/strong><\/p><p align=\"justify\">Prefira projetos que deixam a luz natural entrar no ambiente, reduzindo a sensa\u00e7\u00e3o de sufocamento de ambientes pequenos.<\/p><h3 align=\"justify\">Decora\u00e7\u00e3o studio 25m2:<\/h3><figure id=\"attachment_15700\" aria-describedby=\"caption-attachment-15700\" style=\"width: 1200px\" class=\"wp-caption alignnone\"><a style=\"font-weight: bold; background-color: transparent; text-align: left;\" href=\"https:\/\/www.aarquiteta.com.br\/blog\/wp-content\/uploads\/2019\/01\/apartamento-studio-a-arquiteta-11.jpg\"><img decoding=\"async\" class=\"wp-image-15700\" src=\"https:\/\/www.aarquiteta.com.br\/blog\/wp-content\/uploads\/2019\/01\/apartamento-studio-a-arquiteta-11.jpg\" alt=\"\" width=\"1200\" height=\"1200\" title=\"\" srcset=\"https:\/\/www.aarquiteta.com.br\/blog\/wp-content\/uploads\/2019\/01\/apartamento-studio-a-arquiteta-11.jpg 1000w, https:\/\/www.aarquiteta.com.br\/blog\/wp-content\/uploads\/2019\/01\/apartamento-studio-a-arquiteta-11-696x696.jpg 696w, https:\/\/www.aarquiteta.com.br\/blog\/wp-content\/uploads\/2019\/01\/apartamento-studio-a-arquiteta-11-96x96.jpg 96w, https:\/\/www.aarquiteta.com.br\/blog\/wp-content\/uploads\/2019\/01\/apartamento-studio-a-arquiteta-11-150x150.jpg 150w\" sizes=\"(max-width: 1200px) 100vw, 1200px\" \/><\/a><figcaption id=\"caption-attachment-15700\" class=\"wp-caption-text\">Apartamento Studio: 6 Dicas de como decorar com efici\u00eancia!\u00a0 Imagem: nanaworkshop.com<\/figcaption><\/figure><p><span style=\"color: #2b2b2b; font-size: 20px;\">A ilumina\u00e7\u00e3o artificial tamb\u00e9m deve ser planejada de forma que seja uniforme.<\/span><\/p><p align=\"justify\">As l\u00e2mpadas pequenas e de parede podem ser um recurso para quem quer decorar, iluminar e economizar espa\u00e7o.<\/p><h4 align=\"justify\">3 \u2014 Pense no espa\u00e7o na sua totalidade:<\/h4><p align=\"justify\">Primeiro, desconstrua a ideia de uma casa ou um apartamento onde cada parte tem seu espa\u00e7o delimitado.<\/p><p align=\"justify\">Voc\u00ea precisa pensar no apartamento studio como um ambiente \u00fanico!<\/p><p align=\"justify\"><a href=\"https:\/\/www.aarquiteta.com.br\/blog\/wp-content\/uploads\/2019\/01\/apartamento-studio-a-arquiteta-2.jpg\"><img decoding=\"async\" class=\"alignnone wp-image-15709 size-full\" src=\"https:\/\/www.aarquiteta.com.br\/blog\/wp-content\/uploads\/2019\/01\/apartamento-studio-a-arquiteta-2.jpg\" alt=\"\" width=\"1980\" height=\"936\" title=\"\" srcset=\"https:\/\/www.aarquiteta.com.br\/blog\/wp-content\/uploads\/2019\/01\/apartamento-studio-a-arquiteta-2.jpg 1980w, https:\/\/www.aarquiteta.com.br\/blog\/wp-content\/uploads\/2019\/01\/apartamento-studio-a-arquiteta-2-1024x484.jpg 1024w, https:\/\/www.aarquiteta.com.br\/blog\/wp-content\/uploads\/2019\/01\/apartamento-studio-a-arquiteta-2-696x329.jpg 696w, https:\/\/www.aarquiteta.com.br\/blog\/wp-content\/uploads\/2019\/01\/apartamento-studio-a-arquiteta-2-150x71.jpg 150w\" sizes=\"(max-width: 1980px) 100vw, 1980px\" \/><\/a><\/p><p align=\"justify\">Isso far\u00e1 com que seja poss\u00edvel abrir sua mente na hora de projetar e de decorar.<\/p><p align=\"justify\">Claro que voc\u00ea pode atribuir uma fun\u00e7\u00e3o a cada ambiente, mas pense neles interagindo como um s\u00f3.<\/p><h4 align=\"justify\">4 \u2014 Considere a possibilidade de instalar divis\u00f3rias:<\/h4><p align=\"justify\">Afinal, n\u00e3o \u00e9 todo mundo que gosta de ter uma sala e um quarto em um mesmo espa\u00e7o.<\/p><p align=\"justify\">Dependendo do layout do apartamento, \u00e9 poss\u00edvel instalar divis\u00f3rias que garantem maior privacidade.<\/p><p align=\"justify\">No entanto, tente integrar esses elementos \u00e0 decora\u00e7\u00e3o e fazer com que eles pare\u00e7am estar onde deveriam, em equil\u00edbrio com o ambiente, e n\u00e3o como intrusos.<\/p><p align=\"justify\">Naturalidade e harmonia s\u00e3o palavras-chave!<\/p><h3 align=\"justify\"><a style=\"background-color: initial; text-align: left; font-size: 16px;\" href=\"https:\/\/www.aarquiteta.com.br\/blog\/wp-content\/uploads\/2019\/01\/apartamento-studio-a-arquiteta-6.jpg\"><img decoding=\"async\" class=\"wp-image-15705\" src=\"https:\/\/www.aarquiteta.com.br\/blog\/wp-content\/uploads\/2019\/01\/apartamento-studio-a-arquiteta-6.jpg\" alt=\"\" width=\"1200\" height=\"900\" title=\"\" srcset=\"https:\/\/www.aarquiteta.com.br\/blog\/wp-content\/uploads\/2019\/01\/apartamento-studio-a-arquiteta-6.jpg 1920w, https:\/\/www.aarquiteta.com.br\/blog\/wp-content\/uploads\/2019\/01\/apartamento-studio-a-arquiteta-6-1024x768.jpg 1024w, https:\/\/www.aarquiteta.com.br\/blog\/wp-content\/uploads\/2019\/01\/apartamento-studio-a-arquiteta-6-696x522.jpg 696w, https:\/\/www.aarquiteta.com.br\/blog\/wp-content\/uploads\/2019\/01\/apartamento-studio-a-arquiteta-6-150x113.jpg 150w\" sizes=\"(max-width: 1200px) 100vw, 1200px\" \/><\/a><\/h3><p>Apartamento Studio: 6 Dicas de como decorar com efici\u00eancia! Imagem: erasmusu.com<\/p><h2 align=\"justify\">Studios:<\/h2><h3>O que pensar hora de decorar um apartamento studio?<\/h3><h4 align=\"justify\">5 \u2014 Menos \u00e9 mais!<\/h4><p align=\"justify\">Partindo do princ\u00edpio <a href=\"https:\/\/www.aarquiteta.com.br\/blog\/arquitetura\/mundo-arquitetura\/o-que-e-arquitetura-minimalista\/\" target=\"_blank\" rel=\"noopener\">minimalista<\/a>, pense nos itens ideais e <strong>n\u00e3o sobrecarregue o ambiente<\/strong>. Isso vale para a hora de projetar ou de decorar.<\/p><p align=\"justify\">Para escolher os m\u00f3veis, prefira os que s\u00e3o vers\u00e1teis e podem ter mais de uma fun\u00e7\u00e3o.<\/p><p align=\"justify\"><strong>M\u00f3veis retr\u00e1teis, com gavetas e estantes<\/strong> tamb\u00e9m fazem sucesso nesses ambientes. As <strong>portas de correr<\/strong> tamb\u00e9m economizam espa\u00e7o nos arm\u00e1rios.<\/p><p align=\"justify\">Se o espa\u00e7o for realmente pequeno, a cama no centro far\u00e1 com que ele pare\u00e7a menor ainda.<\/p><p align=\"justify\">A dica, ent\u00e3o, \u00e9 posicion\u00e1-la na parede! Contudo, se n\u00e3o houver local para uma cama e um sof\u00e1, voc\u00ea pode adquirir um m\u00f3vel com \u00e0s duas fun\u00e7\u00f5es.<\/p><figure id=\"attachment_15704\" aria-describedby=\"caption-attachment-15704\" style=\"width: 1200px\" class=\"wp-caption aligncenter\"><a href=\"https:\/\/www.aarquiteta.com.br\/blog\/wp-content\/uploads\/2019\/01\/apartamento-studio-a-arquiteta-7.jpg\"><img decoding=\"async\" class=\"wp-image-15704 size-full\" src=\"https:\/\/www.aarquiteta.com.br\/blog\/wp-content\/uploads\/2019\/01\/apartamento-studio-a-arquiteta-7.jpg\" alt=\"\" width=\"1200\" height=\"800\" title=\"\" srcset=\"https:\/\/www.aarquiteta.com.br\/blog\/wp-content\/uploads\/2019\/01\/apartamento-studio-a-arquiteta-7.jpg 1200w, https:\/\/www.aarquiteta.com.br\/blog\/wp-content\/uploads\/2019\/01\/apartamento-studio-a-arquiteta-7-1024x683.jpg 1024w, https:\/\/www.aarquiteta.com.br\/blog\/wp-content\/uploads\/2019\/01\/apartamento-studio-a-arquiteta-7-696x464.jpg 696w, https:\/\/www.aarquiteta.com.br\/blog\/wp-content\/uploads\/2019\/01\/apartamento-studio-a-arquiteta-7-150x100.jpg 150w\" sizes=\"(max-width: 1200px) 100vw, 1200px\" \/><\/a><figcaption id=\"caption-attachment-15704\" class=\"wp-caption-text\">Apartamento Studio: 6 Dicas de como decorar com efici\u00eancia! Imagem: tomoyo-saraba.com<\/figcaption><\/figure><p align=\"justify\"><strong>Utilizar espelhos<\/strong> \u00e9 uma boa ideia para quem quer ampliar o ambiente.<\/p><p align=\"justify\">\u00c9 preciso posicionar adequadamente para que a reflex\u00e3o promova a ideia de aumento dos elementos do apartamento.<\/p><p align=\"justify\">Para que o local pare\u00e7a ter mais espa\u00e7o, os <strong>tons claros<\/strong> de verde, amarelo, azul ou branco e bege s\u00e3o indicados.<\/p><p align=\"justify\"><strong>Cores fortes<\/strong> e intensas fazem o local parecer menor!<\/p><p align=\"justify\">Para que o p\u00e9-direito pare\u00e7a maior, o ideal \u00e9 <strong>pintar o teto de cor brilhante.<\/strong><\/p><p align=\"justify\">Para dar um destaque na decora\u00e7\u00e3o, voc\u00ea pode <strong>destacar alguns itens<\/strong>, como um m\u00f3vel colorido ou um quadro.<\/p><h4 align=\"justify\">6 \u2014 Mantenha organizado!<\/h4><p align=\"justify\">N\u00e3o transforme seu apartamento studio em um verdadeiro deposito de coisas.<\/p><p align=\"justify\">Um ambiente pequeno parece menor ainda quando est\u00e1 tudo fora do lugar.<\/p><p align=\"justify\">A organiza\u00e7\u00e3o tamb\u00e9m permite que voc\u00ea consiga ter mais coisas essenciais e otimize os espa\u00e7os.<\/p><p align=\"justify\"><a href=\"https:\/\/www.aarquiteta.com.br\/blog\/wp-content\/uploads\/2019\/01\/apartamento-studio-a-arquiteta-14.jpg\"><img decoding=\"async\" class=\"wp-image-15697 size-full\" title=\"Apartamento Studio\" src=\"https:\/\/www.aarquiteta.com.br\/blog\/wp-content\/uploads\/2019\/01\/apartamento-studio-a-arquiteta-14.jpg\" alt=\"projetos de apartamento studio\" width=\"1280\" height=\"720\" srcset=\"https:\/\/www.aarquiteta.com.br\/blog\/wp-content\/uploads\/2019\/01\/apartamento-studio-a-arquiteta-14.jpg 1280w, https:\/\/www.aarquiteta.com.br\/blog\/wp-content\/uploads\/2019\/01\/apartamento-studio-a-arquiteta-14-1024x576.jpg 1024w, https:\/\/www.aarquiteta.com.br\/blog\/wp-content\/uploads\/2019\/01\/apartamento-studio-a-arquiteta-14-696x392.jpg 696w, https:\/\/www.aarquiteta.com.br\/blog\/wp-content\/uploads\/2019\/01\/apartamento-studio-a-arquiteta-14-150x84.jpg 150w\" sizes=\"(max-width: 1280px) 100vw, 1280px\" \/><\/a><\/p><p>Com essas dicas, voc\u00ea estar\u00e1 totalmente equipado para transformar seu pequeno espa\u00e7o, tornando-o eficiente.<\/p><p><span style=\"color: #2b2b2b; font-size: 16px;\">Contudo, se voc\u00ea sentir que precisa de mais alguma orienta\u00e7\u00e3o para planejar seu espa\u00e7o ou de alguma ajuda para adquirir o mobili\u00e1rio perfeito, estamos aqui para ajudar.<\/span><\/p><h2 align=\"justify\">Projetos de Apartamento Studio \u2014 Fotos para voc\u00ea se inspirar:<\/h2><p align=\"justify\">Confira a seguir outras ideias de apartamento est\u00fadio para projetar e decorar seu cantinho especial:<\/p><h3 align=\"justify\">Apartamento studio decorado:<\/h3><figure id=\"attachment_15708\" aria-describedby=\"caption-attachment-15708\" style=\"width: 1500px\" class=\"wp-caption aligncenter\"><a href=\"https:\/\/www.aarquiteta.com.br\/blog\/wp-content\/uploads\/2019\/01\/apartamento-studio-a-arquiteta-3.jpg\"><img decoding=\"async\" class=\"wp-image-15708 size-full\" title=\"Apartamento Studio\" src=\"https:\/\/www.aarquiteta.com.br\/blog\/wp-content\/uploads\/2019\/01\/apartamento-studio-a-arquiteta-3.jpg\" alt=\"projetos de apartamento studio\" width=\"1500\" height=\"750\" srcset=\"https:\/\/www.aarquiteta.com.br\/blog\/wp-content\/uploads\/2019\/01\/apartamento-studio-a-arquiteta-3.jpg 1500w, https:\/\/www.aarquiteta.com.br\/blog\/wp-content\/uploads\/2019\/01\/apartamento-studio-a-arquiteta-3-1024x512.jpg 1024w, https:\/\/www.aarquiteta.com.br\/blog\/wp-content\/uploads\/2019\/01\/apartamento-studio-a-arquiteta-3-696x348.jpg 696w, https:\/\/www.aarquiteta.com.br\/blog\/wp-content\/uploads\/2019\/01\/apartamento-studio-a-arquiteta-3-150x75.jpg 150w\" sizes=\"(max-width: 1500px) 100vw, 1500px\" \/><\/a><figcaption id=\"caption-attachment-15708\" class=\"wp-caption-text\">Imagem: cleitonsilva.com.br<\/figcaption><\/figure><figure id=\"attachment_15703\" aria-describedby=\"caption-attachment-15703\" style=\"width: 1600px\" class=\"wp-caption aligncenter\"><a href=\"https:\/\/www.aarquiteta.com.br\/blog\/wp-content\/uploads\/2019\/01\/apartamento-studio-a-arquiteta-8.jpg\"><img decoding=\"async\" class=\"wp-image-15703 size-full\" title=\"Apartamento Studio\" src=\"https:\/\/www.aarquiteta.com.br\/blog\/wp-content\/uploads\/2019\/01\/apartamento-studio-a-arquiteta-8.jpg\" alt=\"projetos de apartamento studio\" width=\"1600\" height=\"795\" srcset=\"https:\/\/www.aarquiteta.com.br\/blog\/wp-content\/uploads\/2019\/01\/apartamento-studio-a-arquiteta-8.jpg 1600w, https:\/\/www.aarquiteta.com.br\/blog\/wp-content\/uploads\/2019\/01\/apartamento-studio-a-arquiteta-8-1024x509.jpg 1024w, https:\/\/www.aarquiteta.com.br\/blog\/wp-content\/uploads\/2019\/01\/apartamento-studio-a-arquiteta-8-696x346.jpg 696w, https:\/\/www.aarquiteta.com.br\/blog\/wp-content\/uploads\/2019\/01\/apartamento-studio-a-arquiteta-8-150x75.jpg 150w\" sizes=\"(max-width: 1600px) 100vw, 1600px\" \/><\/a><figcaption id=\"caption-attachment-15703\" class=\"wp-caption-text\">Imagem: essentialliving.co.uk<\/figcaption><\/figure><figure id=\"attachment_15701\" aria-describedby=\"caption-attachment-15701\" style=\"width: 1530px\" class=\"wp-caption aligncenter\"><a href=\"https:\/\/www.aarquiteta.com.br\/blog\/wp-content\/uploads\/2019\/01\/apartamento-studio-a-arquiteta-10.jpg\"><img decoding=\"async\" class=\"wp-image-15701 size-full\" title=\"Apartamento Studio\" src=\"https:\/\/www.aarquiteta.com.br\/blog\/wp-content\/uploads\/2019\/01\/apartamento-studio-a-arquiteta-10.jpg\" alt=\"projetos de apartamento studio\" width=\"1530\" height=\"955\" srcset=\"https:\/\/www.aarquiteta.com.br\/blog\/wp-content\/uploads\/2019\/01\/apartamento-studio-a-arquiteta-10.jpg 1530w, https:\/\/www.aarquiteta.com.br\/blog\/wp-content\/uploads\/2019\/01\/apartamento-studio-a-arquiteta-10-1024x639.jpg 1024w, https:\/\/www.aarquiteta.com.br\/blog\/wp-content\/uploads\/2019\/01\/apartamento-studio-a-arquiteta-10-696x434.jpg 696w, https:\/\/www.aarquiteta.com.br\/blog\/wp-content\/uploads\/2019\/01\/apartamento-studio-a-arquiteta-10-150x94.jpg 150w\" sizes=\"(max-width: 1530px) 100vw, 1530px\" \/><\/a><figcaption id=\"caption-attachment-15701\" class=\"wp-caption-text\">Imagem: brigatz4curvas.com<\/figcaption><\/figure><figure id=\"attachment_15698\" aria-describedby=\"caption-attachment-15698\" style=\"width: 1380px\" class=\"wp-caption aligncenter\"><a href=\"https:\/\/www.aarquiteta.com.br\/blog\/wp-content\/uploads\/2019\/01\/apartamento-studio-a-arquiteta-13.jpg\"><img decoding=\"async\" class=\"wp-image-15698 size-full\" title=\"Apartamento Studio\" src=\"https:\/\/www.aarquiteta.com.br\/blog\/wp-content\/uploads\/2019\/01\/apartamento-studio-a-arquiteta-13.jpg\" alt=\"projetos de apartamento studio\" width=\"1380\" height=\"920\" srcset=\"https:\/\/www.aarquiteta.com.br\/blog\/wp-content\/uploads\/2019\/01\/apartamento-studio-a-arquiteta-13.jpg 1380w, https:\/\/www.aarquiteta.com.br\/blog\/wp-content\/uploads\/2019\/01\/apartamento-studio-a-arquiteta-13-1024x683.jpg 1024w, https:\/\/www.aarquiteta.com.br\/blog\/wp-content\/uploads\/2019\/01\/apartamento-studio-a-arquiteta-13-696x464.jpg 696w, https:\/\/www.aarquiteta.com.br\/blog\/wp-content\/uploads\/2019\/01\/apartamento-studio-a-arquiteta-13-150x100.jpg 150w\" sizes=\"(max-width: 1380px) 100vw, 1380px\" \/><\/a><figcaption id=\"caption-attachment-15698\" class=\"wp-caption-text\">Imagem: roundecor.com<\/figcaption><\/figure><pre>Refer\u00eancias: Construtora Lopes; PL Arquitetura<\/pre><h2><strong>E a\u00ed, gostou do artigo sobre Apartamento St\u00fadio?<\/strong><\/h2><p><strong>Ent\u00e3o compartilhe com os amigos!<\/strong><\/p><p>Em fim, n\u00e3o se esque\u00e7a de me deixar saber nos coment\u00e1rios o que voc\u00ea achou do artigo.<\/p><p>At\u00e9 a pr\u00f3xima dica!<\/p><h3><span id=\"%E2%96%BAVeja_mais_dicas_em\" class=\"ez-toc-section\"><\/span><span id=\"%E2%96%BAVeja_mais_dicas_em\" class=\"ez-toc-section\"><\/span>\u25baVeja mais dicas em:<\/h3><p>Quer mais dicas ent\u00e3o confira alguns dos nossos artigos sobre:<\/p><ul><li><a href=\"https:\/\/www.aarquiteta.com.br\/decoracao\/\" target=\"_blank\" rel=\"noopener\">Decora\u00e7\u00e3o<\/a><\/li><li><a href=\"https:\/\/www.aarquiteta.com.br\/blog\/paisagismo\/\" target=\"_blank\" rel=\"noopener\">Casa e Jardim<\/a><\/li><li><a href=\"https:\/\/www.aarquiteta.com.br\/blog\/arquitetura\/mundo-arquitetura\/\" target=\"_blank\" rel=\"noopener\">Mundo Arquitetura<\/a><\/li><\/ul>","protected":false},"excerpt":{"rendered":"<p>Apartamento Studio como decorar?Nos \u00faltimos anos, os modelos denominados, apartamento studio conquistam muitas pessoas.Afinal, n\u00e3o \u00e9 porque \u00e9 um apartamento pequeno que ele n\u00e3o pode ser funcional e agrad\u00e1vel.Confira este guia essencial para um projeto de apartamento studio:Apartamento Studio: Um guia essencial para quem precisa projetar com efici\u00eancia!O que \u00e9 um Studio?Para come\u00e7ar, um Est\u00fadio [&hellip;]<\/p>\n","protected":false},"author":102,"featured_media":43422,"comment_status":"closed","ping_status":"closed","sticky":false,"template":"","format":"standard","meta":{"footnotes":""},"categories":[18792],"tags":[1263,1262,1260,1259,1261],"class_list":["post-15783","post","type-post","status-publish","format-standard","has-post-thumbnail","category-decoracao-de-apartamento","tag-ambientes-integrados","tag-apartamento-pequeno","tag-apartamentos","tag-apartamentos-studio","tag-guia-para-projetar-apartamentos-studio"],"_wp_attached_file":null,"_wp_attachment_metadata":null,"_wp_attachment_context":null,"_wp_attachment_is_custom_header":null,"geo_longitude":null,"geo_public":null,"geo_latitude":null,"_publicize_done_external":null,"_wpas_done_3897181":null,"publicize_twitter_user":null,"_wpas_done_3897175":null,"_wpas_skip_3897181":null,"_wpas_skip_3897175":null,"_wpas_skip_3924723":null,"_wpas_mess":null,"_wpas_done_3924723":null,"wps_subtitle":"Confira as melhores dicas de Decora\u00e7\u00e3o que separamos para voc\u00ea decorar sua casa e deix\u00e1-la ainda mais aconchegante!","_links":{"self":[{"href":"https:\/\/www.aarquiteta.com.br\/blog\/wp-json\/wp\/v2\/posts\/15783","targetHints":{"allow":["GET"]}}],"collection":[{"href":"https:\/\/www.aarquiteta.com.br\/blog\/wp-json\/wp\/v2\/posts"}],"about":[{"href":"https:\/\/www.aarquiteta.com.br\/blog\/wp-json\/wp\/v2\/types\/post"}],"author":[{"embeddable":true,"href":"https:\/\/www.aarquiteta.com.br\/blog\/wp-json\/wp\/v2\/users\/102"}],"replies":[{"embeddable":true,"href":"https:\/\/www.aarquiteta.com.br\/blog\/wp-json\/wp\/v2\/comments?post=15783"}],"version-history":[{"count":0,"href":"https:\/\/www.aarquiteta.com.br\/blog\/wp-json\/wp\/v2\/posts\/15783\/revisions"}],"wp:featuredmedia":[{"embeddable":true,"href":"https:\/\/www.aarquiteta.com.br\/blog\/wp-json\/wp\/v2\/media\/43422"}],"wp:attachment":[{"href":"https:\/\/www.aarquiteta.com.br\/blog\/wp-json\/wp\/v2\/media?parent=15783"}],"wp:term":[{"taxonomy":"category","embeddable":true,"href":"https:\/\/www.aarquiteta.com.br\/blog\/wp-json\/wp\/v2\/categories?post=15783"},{"taxonomy":"post_tag","embeddable":true,"href":"https:\/\/www.aarquiteta.com.br\/blog\/wp-json\/wp\/v2\/tags?post=15783"}],"curies":[{"name":"wp","href":"https:\/\/api.w.org\/{rel}","templated":true}]}}