{"id":157763,"date":"2026-05-21T09:02:03","date_gmt":"2026-05-21T12:02:03","guid":{"rendered":"https:\/\/www.aarquiteta.com.br\/blog\/cadeira-acrilico-transparente\/"},"modified":"2026-05-21T09:02:03","modified_gmt":"2026-05-21T12:02:03","slug":"cadeira-acrilico-transparente","status":"publish","type":"post","link":"https:\/\/www.aarquiteta.com.br\/blog\/cadeira-acrilico-transparente\/","title":{"rendered":"Cadeira Acr\u00edlico Transparente: Inspire-se com Estilo e Funcionalidade na Decora\u00e7\u00e3o"},"content":{"rendered":"<p><b>A cadeira acr\u00edlico transparente une estilo e funcionalidade, trazendo modernidade e leveza para qualquer ambiente de forma pr\u00e1tica e elegante.<\/b><\/p>\n<h3>Por que escolher cadeira acr\u00edlico transparente na decora\u00e7\u00e3o<\/h3>\n<p>Voc\u00ea j\u00e1 notou como uma cadeira pode transformar a decora\u00e7\u00e3o? A cadeira acr\u00edlico transparente deixa o espa\u00e7o visualmente mais amplo e <b>esbanja eleg\u00e2ncia<\/b>.<\/p>\n<p>Al\u00e9m disso, \u00e9 perfeita para quem ama o design minimalista e procura uma pe\u00e7a que combine com v\u00e1rios estilos, do cl\u00e1ssico ao contempor\u00e2neo.<\/p>\n<img decoding=\"async\" src=\"https:\/\/www.aarquiteta.com.br\/blog\/wp-content\/uploads\/2026\/05\/Cadeira-Acrylico-Transparente-Inspire-se-com-Estilo-e-Funcionalidade-na-Decorayyo-01.jpg\" alt=\"Cadeira Acr\u00edlico Transparente: Inspire-se com Estilo e Funcionalidade na Decora\u00e7\u00e3o\" width=\"1024\" height=\"1024\" title=\"\"> Cadeira Acr\u00edlico Transparente: Inspire-se com Estilo e Funcionalidade na Decora\u00e7\u00e3o\/caption]\n<h3>Como usar cadeira acr\u00edlico transparente na sala de jantar<\/h3>\n<p>Na mesa de jantar, elas garantem um toque de <b>sutileza e modernidade<\/b>. Voc\u00ea pode optar por usar todas do mesmo modelo ou variar, colocando-as nas pontas.<\/p>\n<p>Esse contraste cria movimento e um charme especial, especialmente em ambientes que misturam texturas e cores.<\/p>\n<h3>Cadeira de acr\u00edlico transparente para quarto e home office<\/h3>\n<p>No quarto, uma cadeira transparente deixa a decora\u00e7\u00e3o <b>clean e sofisticada<\/b>. A dica \u00e9 apostar em almofadas ou mantas para garantir conforto e aconchego.<\/p>\n<p>No home office, modelos girat\u00f3rios com rodinhas facilitam o dia a dia e trazem funcionalidade para o seu espa\u00e7o de trabalho.<\/p>\n<img decoding=\"async\" src=\"https:\/\/www.aarquiteta.com.br\/blog\/wp-content\/uploads\/2026\/05\/Cadeira-Acrylico-Transparente-Inspire-se-com-Estilo-e-Funcionalidade-na-Decorayyo-02.jpg\" alt=\"Cadeira Acr\u00edlico Transparente: Inspire-se com Estilo e Funcionalidade na Decora\u00e7\u00e3o\" width=\"1024\" height=\"1024\" title=\"\"> Cadeira Acr\u00edlico Transparente: Inspire-se com Estilo e Funcionalidade na Decora\u00e7\u00e3o\/caption]\n<h3>Cadeira acr\u00edlico transparente em eventos e festas<\/h3>\n<p>Quer seu evento com visual impec\u00e1vel? A cadeira transparente \u00e9 ideal, pois valoriza a decora\u00e7\u00e3o sem sobrecarregar.<\/p>\n<p>Ela combina com qualquer estilo de mesa posta, ajudando a criar uma atmosfera <b>moderna e leve<\/b> para convidados.<\/p>\n<h3>Principais modelos de cadeira acr\u00edlico transparente para inspirar<\/h3>\n<ul>\n<li><b>Tramontina Belle \u00c9poque:<\/b> design cl\u00e1ssico, perfeito para ambientes retr\u00f4 e elegantes.<\/li>\n<li><b>Ghost Louis XV:<\/b> inspirado no barroco, \u00e9 o mais famoso entre as transparentes.<\/li>\n<li><b>Charles Eames Eiffel:<\/b> base que lembra a Torre Eiffel, mistura o cl\u00e1ssico com o moderno.<\/li>\n<\/ul>\n<h3>Conforto x Estilo: quando usar a cadeira acr\u00edlico transparente<\/h3>\n<p>Apesar de linda, a cadeira acr\u00edlico transparente n\u00e3o \u00e9 a mais aconchegante para longas horas.<\/p>\n<p>Use-a em ambientes que pedem estilo, mas para momentos r\u00e1pidos, como nas refei\u00e7\u00f5es ou para decorar cantinhos especiais.<\/p>\n<img decoding=\"async\" src=\"https:\/\/www.aarquiteta.com.br\/blog\/wp-content\/uploads\/2026\/05\/Cadeira-Acrylico-Transparente-Inspire-se-com-Estilo-e-Funcionalidade-na-Decorayyo-03.jpg\" alt=\"Cadeira Acr\u00edlico Transparente: Inspire-se com Estilo e Funcionalidade na Decora\u00e7\u00e3o\" width=\"1024\" height=\"1024\" title=\"\"> Cadeira Acr\u00edlico Transparente: Inspire-se com Estilo e Funcionalidade na Decora\u00e7\u00e3o\/caption]\n<h3>Vantagens da cadeira acr\u00edlico transparente para espa\u00e7os pequenos<\/h3>\n<table border=\"1\" cellpadding=\"8\" cellspacing=\"0\" style=\"border-collapse: collapse; width: 100%;\">\n<tr>\n<th><b>Vantagem<\/b><\/th>\n<th><b>Explica\u00e7\u00e3o<\/b><\/th>\n<\/tr>\n<tr>\n<td>Leveza visual<\/td>\n<td>N\u00e3o pesa no ambiente, ideal para espa\u00e7os pequenos<\/td>\n<\/tr>\n<tr>\n<td>Versatilidade<\/td>\n<td>Combina com v\u00e1rios estilos e cores na decora\u00e7\u00e3o<\/td>\n<\/tr>\n<tr>\n<td>Modernidade<\/td>\n<td>Traz um ar contempor\u00e2neo e sofisticado<\/td>\n<\/tr>\n<tr>\n<td>F\u00e1cil manuten\u00e7\u00e3o<\/td>\n<td>Limpeza simples e r\u00e1pida, material resistente<\/td>\n<\/tr>\n<\/table>\n<h3>Dicas para complementar sua cadeira acr\u00edlico transparente<\/h3>\n<p>Quer deixar a sua cadeira ainda mais charmosa? Aposte em almofadas estampadas ou mantas macias para tornar o uso mais confort\u00e1vel e cheio de personalidade.<\/p>\n<p>Outro truque interessante \u00e9 combinar a cadeira com m\u00f3veis de madeira clara para criar contraste e aquecer o ambiente.<\/p>\n<h3>Inspire-se e transforme sua casa com cadeiras acr\u00edlicas transparentes<\/h3>\n<p>Agora que voc\u00ea conhece os benef\u00edcios e as melhores formas de usar a cadeira acr\u00edlico transparente, que tal apostar nessa tend\u00eancia para dar vida nova ao seu lar?<\/p>\n<p><b>Compartilhe suas ideias ou d\u00favidas nos coment\u00e1rios!<\/b> Vamos adorar saber como voc\u00ea vai usar essa pe\u00e7a vers\u00e1til no seu dia a dia.<\/p>\n<img decoding=\"async\" src=\"https:\/\/www.aarquiteta.com.br\/blog\/wp-content\/uploads\/2026\/05\/Cadeira-Acrylico-Transparente-Inspire-se-com-Estilo-e-Funcionalidade-na-Decorayyo-04.jpg\" alt=\"Cadeira Acr\u00edlico Transparente: Inspire-se com Estilo e Funcionalidade na Decora\u00e7\u00e3o\" width=\"1024\" height=\"1024\" title=\"\"> Cadeira Acr\u00edlico Transparente: Inspire-se com Estilo e Funcionalidade na Decora\u00e7\u00e3o\/caption]\n","protected":false},"excerpt":{"rendered":"<p>A cadeira acr\u00edlico transparente une estilo e funcionalidade, trazendo modernidade e leveza para qualquer ambiente de forma pr\u00e1tica e elegante. Por que escolher cadeira acr\u00edlico transparente na decora\u00e7\u00e3o Voc\u00ea j\u00e1 notou como uma cadeira pode transformar a decora\u00e7\u00e3o? A cadeira acr\u00edlico transparente deixa o espa\u00e7o visualmente mais amplo e esbanja eleg\u00e2ncia. Al\u00e9m disso, \u00e9 perfeita [&hellip;]<\/p>\n","protected":false},"author":20,"featured_media":157762,"comment_status":"open","ping_status":"","sticky":false,"template":"","format":"standard","meta":{"footnotes":""},"categories":[],"tags":[],"class_list":["post-157763","post","type-post","status-publish","format-standard","has-post-thumbnail"],"_wp_attached_file":null,"_wp_attachment_metadata":null,"_wp_attachment_context":null,"_wp_attachment_is_custom_header":null,"geo_longitude":null,"geo_public":null,"geo_latitude":null,"_publicize_done_external":null,"_wpas_done_3897181":null,"publicize_twitter_user":null,"_wpas_done_3897175":null,"_wpas_skip_3897181":null,"_wpas_skip_3897175":null,"_wpas_skip_3924723":null,"_wpas_mess":null,"_wpas_done_3924723":null,"wps_subtitle":"","_links":{"self":[{"href":"https:\/\/www.aarquiteta.com.br\/blog\/wp-json\/wp\/v2\/posts\/157763","targetHints":{"allow":["GET"]}}],"collection":[{"href":"https:\/\/www.aarquiteta.com.br\/blog\/wp-json\/wp\/v2\/posts"}],"about":[{"href":"https:\/\/www.aarquiteta.com.br\/blog\/wp-json\/wp\/v2\/types\/post"}],"author":[{"embeddable":true,"href":"https:\/\/www.aarquiteta.com.br\/blog\/wp-json\/wp\/v2\/users\/20"}],"replies":[{"embeddable":true,"href":"https:\/\/www.aarquiteta.com.br\/blog\/wp-json\/wp\/v2\/comments?post=157763"}],"version-history":[{"count":0,"href":"https:\/\/www.aarquiteta.com.br\/blog\/wp-json\/wp\/v2\/posts\/157763\/revisions"}],"wp:featuredmedia":[{"embeddable":true,"href":"https:\/\/www.aarquiteta.com.br\/blog\/wp-json\/wp\/v2\/media\/157762"}],"wp:attachment":[{"href":"https:\/\/www.aarquiteta.com.br\/blog\/wp-json\/wp\/v2\/media?parent=157763"}],"wp:term":[{"taxonomy":"category","embeddable":true,"href":"https:\/\/www.aarquiteta.com.br\/blog\/wp-json\/wp\/v2\/categories?post=157763"},{"taxonomy":"post_tag","embeddable":true,"href":"https:\/\/www.aarquiteta.com.br\/blog\/wp-json\/wp\/v2\/tags?post=157763"}],"curies":[{"name":"wp","href":"https:\/\/api.w.org\/{rel}","templated":true}]}}