{"id":157738,"date":"2026-05-11T09:02:22","date_gmt":"2026-05-11T12:02:22","guid":{"rendered":"https:\/\/www.aarquiteta.com.br\/blog\/cacto-amendoim\/"},"modified":"2026-05-11T09:02:22","modified_gmt":"2026-05-11T12:02:22","slug":"cacto-amendoim","status":"publish","type":"post","link":"https:\/\/www.aarquiteta.com.br\/blog\/cacto-amendoim\/","title":{"rendered":"Cacto Amendoim: Guia Completo para Cultivar, Cuidar e Propagar em Casa"},"content":{"rendered":"<p><b>O cacto amendoim \u00e9 uma planta resistente e f\u00e1cil de cuidar, perfeita para quem quer um verde pr\u00e1tico e com flores lindas em casa.<\/b><\/p>\n<h3>Origem e caracter\u00edsticas do cacto amendoim<\/h3>\n<p>Voc\u00ea sabia que o <b>cacto amendoim vem da argentina?<\/b> Com suas hastes pequenas que lembram amendoins, \u00e9 uma esp\u00e9cie que encanta pela simplicidade e beleza.<\/p>\n<p>Essas hastes medem cerca de 1 cm de di\u00e2metro e podem crescer at\u00e9 15 cm, ficando pendentes e perfeitas para vasos suspensos.<\/p>\n<p>O cacto floresce no ver\u00e3o, mostrando flores vermelhas que s\u00e3o um verdadeiro charme para qualquer ambiente.<\/p>\n<img decoding=\"async\" src=\"https:\/\/www.aarquiteta.com.br\/blog\/wp-content\/uploads\/2026\/05\/Cacto-Amendoim-Guia-Completo-para-Cultivar-Cuidar-e-Propagar-em-Casa-01.jpg\" alt=\"Cacto Amendoim: Guia Completo para Cultivar, Cuidar e Propagar em Casa\" width=\"1024\" height=\"1024\" title=\"\"> Cacto Amendoim: Guia Completo para Cultivar, Cuidar e Propagar em Casa\/caption]\n<h3>Temperatura ideal para o cacto amendoim<\/h3>\n<p>Ele <b>resiste bem ao calor<\/b>, mas n\u00e3o gosta de frio extremo. Por isso, \u00e9 bom proteger a planta quando fizer menos de 15\u00b0C.<\/p>\n<p>Se sua regi\u00e3o tiver geadas, lembre-se de levar o vaso para dentro de casa ou um local protegido.<\/p>\n<h3>Ilumina\u00e7\u00e3o perfeita para o cacto amendoim<\/h3>\n<p>O sol pleno \u00e9 o melhor amigo do cacto amendoim. Coloque seu vaso em locais bem iluminados, como varandas, terra\u00e7os ou pr\u00f3ximas a janelas ensolaradas.<\/p>\n<p>Esse cuidado ajuda muito para que o cacto cres\u00e7a forte e flores\u00e7a.<\/p>\n<img decoding=\"async\" src=\"https:\/\/www.aarquiteta.com.br\/blog\/wp-content\/uploads\/2026\/05\/Cacto-Amendoim-Guia-Completo-para-Cultivar-Cuidar-e-Propagar-em-Casa-02.jpg\" alt=\"Cacto Amendoim: Guia Completo para Cultivar, Cuidar e Propagar em Casa\" width=\"1024\" height=\"1024\" title=\"\"> Cacto Amendoim: Guia Completo para Cultivar, Cuidar e Propagar em Casa\/caption]\n<h3>Solo adequado para cultivar o cacto amendoim<\/h3>\n<p>O solo precisa ser <b>bem drenado e conter terra calc\u00e1ria<\/b>. Isso ajuda o cacto a crescer saud\u00e1vel e manter seus espinhos bonitos.<\/p>\n<p>Evite solos compactados ou que ret\u00eam muita \u00e1gua para que a raiz n\u00e3o apodre\u00e7a.<\/p>\n<h3>Rega ideal do cacto amendoim<\/h3>\n<p>O segredo \u00e9 regar pouco e esperar o solo secar por completo antes da pr\u00f3xima rega.<\/p>\n<p>Assim voc\u00ea evita o encharcamento, que \u00e9 o maior vil\u00e3o da sa\u00fade do seu cacto.<\/p>\n<img decoding=\"async\" src=\"https:\/\/www.aarquiteta.com.br\/blog\/wp-content\/uploads\/2026\/05\/Cacto-Amendoim-Guia-Completo-para-Cultivar-Cuidar-e-Propagar-em-Casa-03.jpg\" alt=\"Cacto Amendoim: Guia Completo para Cultivar, Cuidar e Propagar em Casa\" width=\"1024\" height=\"1024\" title=\"\"> Cacto Amendoim: Guia Completo para Cultivar, Cuidar e Propagar em Casa\/caption]\n<h3>Tabela: Cuidados essenciais para o cacto amendoim<\/h3>\n<table border=\"1\" cellpadding=\"8\" cellspacing=\"0\" style=\"border-collapse: collapse; width: 100%;\">\n<tr>\n<th>Aspecto<\/th>\n<th>Recomenda\u00e7\u00f5es<\/th>\n<\/tr>\n<tr>\n<td>Temperatura<\/td>\n<td>10\u00baC a 30\u00baC; proteger do frio abaixo de 15\u00baC<\/td>\n<\/tr>\n<tr>\n<td>Ilumina\u00e7\u00e3o<\/td>\n<td>Exposi\u00e7\u00e3o a sol pleno por v\u00e1rias horas<\/td>\n<\/tr>\n<tr>\n<td>Solo<\/td>\n<td>Bem drenado, com terra calc\u00e1ria<\/td>\n<\/tr>\n<tr>\n<td>Rega<\/td>\n<td>Pouca \u00e1gua, solo seco entre regas<\/td>\n<\/tr>\n<tr>\n<td>Flora\u00e7\u00e3o<\/td>\n<td>Ver\u00e3o, com flores vermelhas<\/td>\n<\/tr>\n<\/table>\n<img decoding=\"async\" src=\"https:\/\/www.aarquiteta.com.br\/blog\/wp-content\/uploads\/2026\/05\/Cacto-Amendoim-Guia-Completo-para-Cultivar-Cuidar-e-Propagar-em-Casa-04.jpg\" alt=\"Cacto Amendoim: Guia Completo para Cultivar, Cuidar e Propagar em Casa\" width=\"1024\" height=\"1024\" title=\"\"> Cacto Amendoim: Guia Completo para Cultivar, Cuidar e Propagar em Casa\/caption]\n","protected":false},"excerpt":{"rendered":"<p>O cacto amendoim \u00e9 uma planta resistente e f\u00e1cil de cuidar, perfeita para quem quer um verde pr\u00e1tico e com flores lindas em casa. Origem e caracter\u00edsticas do cacto amendoim Voc\u00ea sabia que o cacto amendoim vem da argentina? Com suas hastes pequenas que lembram amendoins, \u00e9 uma esp\u00e9cie que encanta pela simplicidade e beleza. [&hellip;]<\/p>\n","protected":false},"author":20,"featured_media":157737,"comment_status":"open","ping_status":"","sticky":false,"template":"","format":"standard","meta":{"footnotes":""},"categories":[],"tags":[],"class_list":["post-157738","post","type-post","status-publish","format-standard","has-post-thumbnail"],"_wp_attached_file":null,"_wp_attachment_metadata":null,"_wp_attachment_context":null,"_wp_attachment_is_custom_header":null,"geo_longitude":null,"geo_public":null,"geo_latitude":null,"_publicize_done_external":null,"_wpas_done_3897181":null,"publicize_twitter_user":null,"_wpas_done_3897175":null,"_wpas_skip_3897181":null,"_wpas_skip_3897175":null,"_wpas_skip_3924723":null,"_wpas_mess":null,"_wpas_done_3924723":null,"wps_subtitle":"","_links":{"self":[{"href":"https:\/\/www.aarquiteta.com.br\/blog\/wp-json\/wp\/v2\/posts\/157738","targetHints":{"allow":["GET"]}}],"collection":[{"href":"https:\/\/www.aarquiteta.com.br\/blog\/wp-json\/wp\/v2\/posts"}],"about":[{"href":"https:\/\/www.aarquiteta.com.br\/blog\/wp-json\/wp\/v2\/types\/post"}],"author":[{"embeddable":true,"href":"https:\/\/www.aarquiteta.com.br\/blog\/wp-json\/wp\/v2\/users\/20"}],"replies":[{"embeddable":true,"href":"https:\/\/www.aarquiteta.com.br\/blog\/wp-json\/wp\/v2\/comments?post=157738"}],"version-history":[{"count":0,"href":"https:\/\/www.aarquiteta.com.br\/blog\/wp-json\/wp\/v2\/posts\/157738\/revisions"}],"wp:featuredmedia":[{"embeddable":true,"href":"https:\/\/www.aarquiteta.com.br\/blog\/wp-json\/wp\/v2\/media\/157737"}],"wp:attachment":[{"href":"https:\/\/www.aarquiteta.com.br\/blog\/wp-json\/wp\/v2\/media?parent=157738"}],"wp:term":[{"taxonomy":"category","embeddable":true,"href":"https:\/\/www.aarquiteta.com.br\/blog\/wp-json\/wp\/v2\/categories?post=157738"},{"taxonomy":"post_tag","embeddable":true,"href":"https:\/\/www.aarquiteta.com.br\/blog\/wp-json\/wp\/v2\/tags?post=157738"}],"curies":[{"name":"wp","href":"https:\/\/api.w.org\/{rel}","templated":true}]}}