{"id":157728,"date":"2026-05-10T17:02:34","date_gmt":"2026-05-10T20:02:34","guid":{"rendered":"https:\/\/www.aarquiteta.com.br\/blog\/ideias-de-closet\/"},"modified":"2026-05-10T17:02:34","modified_gmt":"2026-05-10T20:02:34","slug":"ideias-de-closet","status":"publish","type":"post","link":"https:\/\/www.aarquiteta.com.br\/blog\/ideias-de-closet\/","title":{"rendered":"Ideias Pr\u00e1ticas para Criar e Organizar um Closet Funcional no Quarto"},"content":{"rendered":"<p><b>Closets funcionais e organizados transformam seu quarto, garantindo praticidade e aproveitamento perfeito do espa\u00e7o.<\/b> Descubra ideias simples e econ\u00f4micas para criar o seu!<\/p>\n<h3>Como planejar o espa\u00e7o para um closet funcional<\/h3>\n<p><b>Antes de qualquer projeto, medir o quarto \u00e9 fundamental.<\/b> Com as medidas, voc\u00ea escolhe o melhor local para o closet, maximizando o uso do espa\u00e7o.<\/p>\n<p>Organizar a cama e os m\u00f3veis em harmonia ajuda a ter um ambiente confort\u00e1vel e pr\u00e1tico ao mesmo tempo.<\/p>\n<img decoding=\"async\" src=\"https:\/\/www.aarquiteta.com.br\/blog\/wp-content\/uploads\/2026\/05\/Ideias-Pryticas-para-Criar-e-Organizar-um-Closet-Funcional-no-Quarto-01.jpg\" alt=\"Ideias Pr\u00e1ticas para Criar e Organizar um Closet Funcional no Quarto\" width=\"1024\" height=\"1024\" title=\"\"> Ideias Pr\u00e1ticas para Criar e Organizar um Closet Funcional no Quarto\/caption]\n<h3>Closet atr\u00e1s da cama: inova\u00e7\u00e3o que economiza espa\u00e7o<\/h3>\n<p>Quer dividir o ambiente sem perder espa\u00e7o? <b>O closet atr\u00e1s da cama \u00e9 uma solu\u00e7\u00e3o incr\u00edvel.<\/b><\/p>\n<p>Al\u00e9m de deixar o quarto mais privativo, essa ideia une funcionalidade e charme, aproveitando \u00e1reas pouco usadas.<\/p>\n<h3>Closet em L: praticidade e aproveitamento inteligente<\/h3>\n<p><b>O formato em L ajuda a ganhar espa\u00e7o e organizar melhor as roupas e acess\u00f3rios.<\/b><\/p>\n<p>\u00c9 ideal para quartos pequenos e torna a decora\u00e7\u00e3o mais fluida, aproveitando cantos antes esquecidos.<\/p>\n<img decoding=\"async\" src=\"https:\/\/www.aarquiteta.com.br\/blog\/wp-content\/uploads\/2026\/05\/Ideias-Pryticas-para-Criar-e-Organizar-um-Closet-Funcional-no-Quarto-02.jpg\" alt=\"Ideias Pr\u00e1ticas para Criar e Organizar um Closet Funcional no Quarto\" width=\"1024\" height=\"1024\" title=\"\"> Ideias Pr\u00e1ticas para Criar e Organizar um Closet Funcional no Quarto\/caption]\n<h3>Cabideiros e nichos: elementos coringas para organiza\u00e7\u00e3o<\/h3>\n<p>Usar cabideiros e nichos \u00e9 essencial para deixar tudo acess\u00edvel e visualmente agrad\u00e1vel.<\/p>\n<ul>\n<li><b>Nichos aproveitam o espa\u00e7o vertical, \u00f3timo para guardar roupas de frio ou objetos sazonais.<\/b><\/li>\n<li>Cabideiros facilitam o acesso r\u00e1pido \u00e0s pe\u00e7as que voc\u00ea usa com frequ\u00eancia.<\/li>\n<li>Araras completam o conjunto, trazendo leveza ao visual do closet.<\/li>\n<\/ul>\n<h3>M\u00f3veis espelhados: beleza e sensa\u00e7\u00e3o de amplitude<\/h3>\n<p><b>Incluir espelhos no closet eleva o estilo e ilumina o ambiente.<\/b><\/p>\n<p>Portas espelhadas ou espelhos de ch\u00e3o ampliam espa\u00e7os pequenos, fazendo o quarto parecer maior e mais sofisticado.<\/p>\n<img decoding=\"async\" src=\"https:\/\/www.aarquiteta.com.br\/blog\/wp-content\/uploads\/2026\/05\/Ideias-Pryticas-para-Criar-e-Organizar-um-Closet-Funcional-no-Quarto-03.jpg\" alt=\"Ideias Pr\u00e1ticas para Criar e Organizar um Closet Funcional no Quarto\" width=\"1024\" height=\"1024\" title=\"\"> Ideias Pr\u00e1ticas para Criar e Organizar um Closet Funcional no Quarto\/caption]\n<h3>Closet planejado: funcionalidade feita sob medida<\/h3>\n<p><b>M\u00f3veis planejados potencializam cada cent\u00edmetro do seu quarto.<\/b><\/p>\n<p>Ao fazer uma lista do que realmente precisa, o closet fica organizado e pronto para o uso di\u00e1rio, otimizando tempo e espa\u00e7o.<\/p>\n<h3>Decora\u00e7\u00e3o do closet feminino: toque de charme e delicadeza<\/h3>\n<p><b>Voc\u00ea n\u00e3o precisa usar s\u00f3 rosa para um closet feminino bonito.<\/b><\/p>\n<p>Tons como coral, lavanda e azul trazem personalidade e suavidade, deixando o ambiente encantador e organizado.<\/p>\n<h3>Dicas pr\u00e1ticas para organizar seu closet com efici\u00eancia<\/h3>\n<p>A organiza\u00e7\u00e3o \u00e9 a alma de um closet funcional.<\/p>\n<ul>\n<li>Separe roupas por categoria e frequ\u00eancia de uso.<\/li>\n<li>Use caixas e cestos para acess\u00f3rios pequenos.<\/li>\n<li>Mantenha o ambiente sempre arejado e limpo para preservar as pe\u00e7as.<\/li>\n<\/ul>\n<table border=\"1\" cellpadding=\"8\" cellspacing=\"0\" style=\"width:100%; margin:15px 0; border-collapse: collapse;\">\n<thead>\n<tr style=\"background:#f2f2f2;\">\n<th>Ideia<\/th>\n<th>Vantagens<\/th>\n<th>Ideal para<\/th>\n<\/tr>\n<\/thead>\n<tbody>\n<tr>\n<td>Closet atr\u00e1s da cama<\/td>\n<td>Privacidade e aproveitamento de espa\u00e7o<\/td>\n<td>Quartos pequenos com layout aberto<\/td>\n<\/tr>\n<tr>\n<td>Closet em L<\/td>\n<td>Organiza\u00e7\u00e3o e uso eficiente<\/td>\n<td>Espa\u00e7os com cantos livres<\/td>\n<\/tr>\n<tr>\n<td>Cabideiros e nichos<\/td>\n<td>Facilidade de acesso e aproveitamento vertical<\/td>\n<td>Closets compactos<\/td>\n<\/tr>\n<tr>\n<td>M\u00f3veis espelhados<\/td>\n<td>Ilumina\u00e7\u00e3o e sensa\u00e7\u00e3o de amplitude<\/td>\n<td>Qualquer quarto<\/td>\n<\/tr>\n<tr>\n<td>Closet planejado<\/td>\n<td>Personaliza\u00e7\u00e3o e m\u00e1xima funcionalidade<\/td>\n<td>Quem quer organiza\u00e7\u00e3o sob medida<\/td>\n<\/tr>\n<\/tbody>\n<\/table>\n<p>Agora que voc\u00ea j\u00e1 entendeu <b>as melhores ideias para criar e organizar um closet funcional no seu quarto<\/b>, por que n\u00e3o come\u00e7ar a planejar o seu? Uma organiza\u00e7\u00e3o inteligente deixa sua rotina mais leve e o ambiente mais acolhedor.<\/p>\n<p>Gostou das dicas? Ent\u00e3o <b>deixe seu coment\u00e1rio contando qual ideia voc\u00ea pretende aplicar<\/b> ou compartilhe este artigo com quem tamb\u00e9m quer transformar o quarto. Quer mais inspira\u00e7\u00f5es? Continue navegando por aqui para mais conte\u00fados exclusivos sobre decora\u00e7\u00e3o e organiza\u00e7\u00e3o!<\/p>\n<img decoding=\"async\" src=\"https:\/\/www.aarquiteta.com.br\/blog\/wp-content\/uploads\/2026\/05\/Ideias-Pryticas-para-Criar-e-Organizar-um-Closet-Funcional-no-Quarto-04.jpg\" alt=\"Ideias Pr\u00e1ticas para Criar e Organizar um Closet Funcional no Quarto\" width=\"1024\" height=\"1024\" title=\"\"> Ideias Pr\u00e1ticas para Criar e Organizar um Closet Funcional no Quarto\/caption]\n","protected":false},"excerpt":{"rendered":"<p>Closets funcionais e organizados transformam seu quarto, garantindo praticidade e aproveitamento perfeito do espa\u00e7o. Descubra ideias simples e econ\u00f4micas para criar o seu! Como planejar o espa\u00e7o para um closet funcional Antes de qualquer projeto, medir o quarto \u00e9 fundamental. Com as medidas, voc\u00ea escolhe o melhor local para o closet, maximizando o uso do [&hellip;]<\/p>\n","protected":false},"author":20,"featured_media":157727,"comment_status":"open","ping_status":"","sticky":false,"template":"","format":"standard","meta":{"footnotes":""},"categories":[],"tags":[],"class_list":["post-157728","post","type-post","status-publish","format-standard","has-post-thumbnail"],"_wp_attached_file":null,"_wp_attachment_metadata":null,"_wp_attachment_context":null,"_wp_attachment_is_custom_header":null,"geo_longitude":null,"geo_public":null,"geo_latitude":null,"_publicize_done_external":null,"_wpas_done_3897181":null,"publicize_twitter_user":null,"_wpas_done_3897175":null,"_wpas_skip_3897181":null,"_wpas_skip_3897175":null,"_wpas_skip_3924723":null,"_wpas_mess":null,"_wpas_done_3924723":null,"wps_subtitle":"","_links":{"self":[{"href":"https:\/\/www.aarquiteta.com.br\/blog\/wp-json\/wp\/v2\/posts\/157728","targetHints":{"allow":["GET"]}}],"collection":[{"href":"https:\/\/www.aarquiteta.com.br\/blog\/wp-json\/wp\/v2\/posts"}],"about":[{"href":"https:\/\/www.aarquiteta.com.br\/blog\/wp-json\/wp\/v2\/types\/post"}],"author":[{"embeddable":true,"href":"https:\/\/www.aarquiteta.com.br\/blog\/wp-json\/wp\/v2\/users\/20"}],"replies":[{"embeddable":true,"href":"https:\/\/www.aarquiteta.com.br\/blog\/wp-json\/wp\/v2\/comments?post=157728"}],"version-history":[{"count":0,"href":"https:\/\/www.aarquiteta.com.br\/blog\/wp-json\/wp\/v2\/posts\/157728\/revisions"}],"wp:featuredmedia":[{"embeddable":true,"href":"https:\/\/www.aarquiteta.com.br\/blog\/wp-json\/wp\/v2\/media\/157727"}],"wp:attachment":[{"href":"https:\/\/www.aarquiteta.com.br\/blog\/wp-json\/wp\/v2\/media?parent=157728"}],"wp:term":[{"taxonomy":"category","embeddable":true,"href":"https:\/\/www.aarquiteta.com.br\/blog\/wp-json\/wp\/v2\/categories?post=157728"},{"taxonomy":"post_tag","embeddable":true,"href":"https:\/\/www.aarquiteta.com.br\/blog\/wp-json\/wp\/v2\/tags?post=157728"}],"curies":[{"name":"wp","href":"https:\/\/api.w.org\/{rel}","templated":true}]}}