{"id":157688,"date":"2026-05-08T13:34:54","date_gmt":"2026-05-08T16:34:54","guid":{"rendered":"https:\/\/www.aarquiteta.com.br\/blog\/pau-dagua\/"},"modified":"2026-05-08T13:34:54","modified_gmt":"2026-05-08T16:34:54","slug":"pau-dagua","status":"publish","type":"post","link":"https:\/\/www.aarquiteta.com.br\/blog\/pau-dagua\/","title":{"rendered":"Pau d\u2019\u00e1gua: Guia Completo para Cultivar, Cuidar e Purificar o Ambiente"},"content":{"rendered":"<p><b>Pau d\u2019\u00e1gua<\/b> \u00e9 a planta ideal para quem quer decorar e purificar o ar de forma simples e elegante, trazendo vida e energia ao ambiente.<\/p>\n<h3>O que \u00e9 o pau d\u2019\u00e1gua e suas principais caracter\u00edsticas<\/h3>\n<p>Voc\u00ea j\u00e1 percebeu como uma planta pode transformar um ambiente? O <b>pau d\u2019\u00e1gua<\/b>, tamb\u00e9m chamado de dracena, \u00e9 uma planta africana que encanta pela beleza das folhas e pelo poder de melhorar o ar.<\/p>\n<p>Suas folhas em roseta, verdes ou variegadas, d\u00e3o um toque sofisticado e natural. Al\u00e9m disso, \u00e9 uma planta resistente, que suporta sol pleno, meia-sombra e at\u00e9 ar-condicionado.<\/p>\n<img decoding=\"async\" src=\"\" alt=\"Pau d\u2019\u00e1gua: Guia Completo para Cultivar, Cuidar e Purificar o Ambiente\" width=\"1024\" height=\"1024\" title=\"\"> Pau d\u2019\u00e1gua: Guia Completo para Cultivar, Cuidar e Purificar o Ambiente\/caption]\n<h3>Benef\u00edcios do pau d\u2019\u00e1gua para o ambiente<\/h3>\n<p>Voc\u00ea sabia que o <b>pau d\u2019\u00e1gua<\/b> filtra poluentes como formalde\u00eddo, xileno e tolueno? Estudos da NASA mostram que ele ajuda a purificar o ar, deixando espa\u00e7os mais saud\u00e1veis e frescos.<\/p>\n<p>Al\u00e9m disso, no Feng Shui, a planta \u00e9 s\u00edmbolo de boas energias, tornando sua casa ou escrit\u00f3rio um lugar mais harmonioso.<\/p>\n<h3>Como cuidar do pau d\u2019\u00e1gua e garantir seu vigor<\/h3>\n<p>Cuidar do <b>pau d\u2019\u00e1gua<\/b> \u00e9 mais f\u00e1cil do que parece. Ele precisa de solo f\u00e9rtil e bem drenado, regas regulares e ilumina\u00e7\u00e3o indireta.<\/p>\n<p>Nos dias muito quentes, proteja as folhas do sol forte para evitar queimaduras, e use borrifador para aumentar a umidade do ar nas folhas.<\/p>\n<img decoding=\"async\" src=\"\" alt=\"Pau d\u2019\u00e1gua: Guia Completo para Cultivar, Cuidar e Purificar o Ambiente\" width=\"1024\" height=\"1024\" title=\"\"> Pau d\u2019\u00e1gua: Guia Completo para Cultivar, Cuidar e Purificar o Ambiente\/caption]\n<h3>Passo a passo para multiplicar o pau d\u2019\u00e1gua em casa<\/h3>\n<p>Quer multiplicar sua planta? O m\u00e9todo \u00e9 simples e r\u00e1pido: corte um ramo com 20 a 30 cm, incluindo pelo menos um n\u00f3, e coloque para enraizar em \u00e1gua limpa ou solo f\u00e9rtil.<\/p>\n<p>Mantenha em luz indireta e troque a \u00e1gua diariamente. Quando as ra\u00edzes aparecerem, transplante para vaso ou jardim.<\/p>\n<h3>Flores do pau d\u2019\u00e1gua: pequenas surpresas que encantam<\/h3>\n<p>Nas esta\u00e7\u00f5es quentes, o <b>pau d\u2019\u00e1gua<\/b> floresce com pequenas flores brancas e perfumadas, que atraem beija-flores e abelhas, deixando seu jardim repleto de vida.<\/p>\n<p>No Feng Shui, a florada promete bons press\u00e1gios e energias positivas para o lar.<\/p>\n<img decoding=\"async\" src=\"\" alt=\"Pau d\u2019\u00e1gua: Guia Completo para Cultivar, Cuidar e Purificar o Ambiente\" width=\"1024\" height=\"1024\" title=\"\"> Pau d\u2019\u00e1gua: Guia Completo para Cultivar, Cuidar e Purificar o Ambiente\/caption]\n<h3>Como usar o pau d\u2019\u00e1gua na decora\u00e7\u00e3o da sua casa<\/h3>\n<p>Quer deixar sua casa mais acolhedora? Coloque uma muda no cantinho do caf\u00e9 ou em aparadores. Ela traz frescor e charme instant\u00e2neo.<\/p>\n<p>Em banheiros pequenos, o pau d\u2019\u00e1gua pode decorar prateleiras ou pia sem ocupar muito espa\u00e7o, criando um visual elegante e leve.<\/p>\n<h3>Resumo r\u00e1pido: Cuidados b\u00e1sicos e benef\u00edcios do pau d\u2019\u00e1gua<\/h3>\n<table border=\"1\" cellpadding=\"5\" cellspacing=\"0\" style=\"border-collapse: collapse; width: 100%;\">\n<tr style=\"background-color:#d4f1f9;\">\n<th>Aspecto<\/th>\n<th>Detalhes<\/th>\n<\/tr>\n<tr>\n<td>Origem<\/td>\n<td>\u00c1frica<\/td>\n<\/tr>\n<tr>\n<td>Altura m\u00e9dia<\/td>\n<td>3 a 6 metros em jardins, at\u00e9 15 metros no habitat natural<\/td>\n<\/tr>\n<tr>\n<td>Ilumina\u00e7\u00e3o ideal<\/td>\n<td>Sol pleno, luz indireta e meia-sombra<\/td>\n<\/tr>\n<tr>\n<td>Solo<\/td>\n<td>F\u00e9rtil, rico em mat\u00e9ria org\u00e2nica e bem drenado<\/td>\n<\/tr>\n<tr>\n<td>Regas<\/td>\n<td>Frequentes, sem encharcar; borrifar as folhas em per\u00edodos secos<\/td>\n<\/tr>\n<tr>\n<td>Multiplica\u00e7\u00e3o<\/td>\n<td>Estaquia de ramos, enraizar em \u00e1gua ou solo<\/td>\n<\/tr>\n<tr>\n<td>Benef\u00edcios<\/td>\n<td>Purifica o ar, decora e atrai energias positivas (Feng Shui)<\/td>\n<\/tr>\n<\/table>\n<img decoding=\"async\" src=\"\" alt=\"Pau d\u2019\u00e1gua: Guia Completo para Cultivar, Cuidar e Purificar o Ambiente\" width=\"1024\" height=\"1024\" title=\"\"> Pau d\u2019\u00e1gua: Guia Completo para Cultivar, Cuidar e Purificar o Ambiente\/caption]\n","protected":false},"excerpt":{"rendered":"<p>Pau d\u2019\u00e1gua \u00e9 a planta ideal para quem quer decorar e purificar o ar de forma simples e elegante, trazendo vida e energia ao ambiente. O que \u00e9 o pau d\u2019\u00e1gua e suas principais caracter\u00edsticas Voc\u00ea j\u00e1 percebeu como uma planta pode transformar um ambiente? O pau d\u2019\u00e1gua, tamb\u00e9m chamado de dracena, \u00e9 uma planta [&hellip;]<\/p>\n","protected":false},"author":20,"featured_media":0,"comment_status":"open","ping_status":"","sticky":false,"template":"","format":"standard","meta":{"footnotes":""},"categories":[],"tags":[],"class_list":["post-157688","post","type-post","status-publish","format-standard"],"_wp_attached_file":null,"_wp_attachment_metadata":null,"_wp_attachment_context":null,"_wp_attachment_is_custom_header":null,"geo_longitude":null,"geo_public":null,"geo_latitude":null,"_publicize_done_external":null,"_wpas_done_3897181":null,"publicize_twitter_user":null,"_wpas_done_3897175":null,"_wpas_skip_3897181":null,"_wpas_skip_3897175":null,"_wpas_skip_3924723":null,"_wpas_mess":null,"_wpas_done_3924723":null,"wps_subtitle":"","_links":{"self":[{"href":"https:\/\/www.aarquiteta.com.br\/blog\/wp-json\/wp\/v2\/posts\/157688","targetHints":{"allow":["GET"]}}],"collection":[{"href":"https:\/\/www.aarquiteta.com.br\/blog\/wp-json\/wp\/v2\/posts"}],"about":[{"href":"https:\/\/www.aarquiteta.com.br\/blog\/wp-json\/wp\/v2\/types\/post"}],"author":[{"embeddable":true,"href":"https:\/\/www.aarquiteta.com.br\/blog\/wp-json\/wp\/v2\/users\/20"}],"replies":[{"embeddable":true,"href":"https:\/\/www.aarquiteta.com.br\/blog\/wp-json\/wp\/v2\/comments?post=157688"}],"version-history":[{"count":0,"href":"https:\/\/www.aarquiteta.com.br\/blog\/wp-json\/wp\/v2\/posts\/157688\/revisions"}],"wp:attachment":[{"href":"https:\/\/www.aarquiteta.com.br\/blog\/wp-json\/wp\/v2\/media?parent=157688"}],"wp:term":[{"taxonomy":"category","embeddable":true,"href":"https:\/\/www.aarquiteta.com.br\/blog\/wp-json\/wp\/v2\/categories?post=157688"},{"taxonomy":"post_tag","embeddable":true,"href":"https:\/\/www.aarquiteta.com.br\/blog\/wp-json\/wp\/v2\/tags?post=157688"}],"curies":[{"name":"wp","href":"https:\/\/api.w.org\/{rel}","templated":true}]}}