{"id":157677,"date":"2026-05-03T17:01:47","date_gmt":"2026-05-03T20:01:47","guid":{"rendered":"https:\/\/www.aarquiteta.com.br\/blog\/bambu-ornamental\/"},"modified":"2026-05-03T17:01:47","modified_gmt":"2026-05-03T20:01:47","slug":"bambu-ornamental","status":"publish","type":"post","link":"https:\/\/www.aarquiteta.com.br\/blog\/bambu-ornamental\/","title":{"rendered":"Bambu Ornamental: Guia Completo e Inspira\u00e7\u00f5es para Transformar Sua Decora\u00e7\u00e3o"},"content":{"rendered":"<p><b>Bambu ornamental<\/b> \u00e9 a escolha perfeita para quem quer decorar com charme, natureza e um toque de sorte. Quer saber por onde come\u00e7ar?<\/p>\n<h3>Por que o bambu ornamental \u00e9 tend\u00eancia na decora\u00e7\u00e3o?<\/h3>\n<p>Voc\u00ea j\u00e1 percebeu como o bambu transforma qualquer ambiente, trazendo <b>leveza e eleg\u00e2ncia<\/b>?<\/p>\n<p>Ele \u00e9 f\u00e1cil de cuidar e simboliza sorte, prosperidade e equil\u00edbrio.<\/p>\n<img decoding=\"async\" src=\"https:\/\/www.aarquiteta.com.br\/blog\/wp-content\/uploads\/2026\/05\/Bambu-Ornamental-Guia-Completo-e-Inspirayyes-para-Transformar-Sua-Decorayyo-01.jpg\" alt=\"Bambu Ornamental: Guia Completo e Inspira\u00e7\u00f5es para Transformar Sua Decora\u00e7\u00e3o\" width=\"1024\" height=\"1024\" title=\"\"> Bambu Ornamental: Guia Completo e Inspira\u00e7\u00f5es para Transformar Sua Decora\u00e7\u00e3o\/caption]\n<h3>Principais tipos de bambu ornamental e suas caracter\u00edsticas<\/h3>\n<p>Conhecer as esp\u00e9cies ajuda na escolha ideal para seu espa\u00e7o.<\/p>\n<ul>\n<li><b>Bambu moss\u00f4:<\/b> alto, folhas finas e aspecto curvo;<\/li>\n<li><b>Bambu japon\u00eas:<\/b> fino, verde escuro e perfeito para cercas;<\/li>\n<li><b>Bambu da sorte:<\/b> ideal para vasos, cultivado na \u00e1gua ou terra;<\/li>\n<li><b>Bambu barriga de buda:<\/b> raro, com n\u00f3s protuberantes;<\/li>\n<li><b>Bambu imperial:<\/b> verde-amarelo, grande porte;<\/li>\n<li><b>Bambu preto:<\/b> haste escura, folhas claras.<\/li>\n<\/ul>\n<img decoding=\"async\" src=\"https:\/\/www.aarquiteta.com.br\/blog\/wp-content\/uploads\/2026\/05\/Bambu-Ornamental-Guia-Completo-e-Inspirayyes-para-Transformar-Sua-Decorayyo-02.jpg\" alt=\"Bambu Ornamental: Guia Completo e Inspira\u00e7\u00f5es para Transformar Sua Decora\u00e7\u00e3o\" width=\"1024\" height=\"1024\" title=\"\"> Bambu Ornamental: Guia Completo e Inspira\u00e7\u00f5es para Transformar Sua Decora\u00e7\u00e3o\/caption]\n<h3>Tabela comparativa dos principais bambus para decora\u00e7\u00e3o<\/h3>\n<table border=\"1\" cellpadding=\"5\" cellspacing=\"0\">\n<thead>\n<tr>\n<th>Tipo<\/th>\n<th>Altura m\u00e9dia<\/th>\n<th>Uso indicado<\/th>\n<th>Clima ideal<\/th>\n<\/tr>\n<\/thead>\n<tbody>\n<tr>\n<td>Bambu moss\u00f4<\/td>\n<td>At\u00e9 20m<\/td>\n<td>Jardins, vasos<\/td>\n<td>Tropical<\/td>\n<\/tr>\n<tr>\n<td>Bambu japon\u00eas<\/td>\n<td>At\u00e9 5m<\/td>\n<td>Cerca viva, jardim<\/td>\n<td>Sol pleno<\/td>\n<\/tr>\n<tr>\n<td>Bambu da sorte<\/td>\n<td>1,5m<\/td>\n<td>Interiores, vasos<\/td>\n<td>Meia sombra<\/td>\n<\/tr>\n<tr>\n<td>Bambu barriga de buda<\/td>\n<td>6m<\/td>\n<td>Cercas, jardins<\/td>\n<td>Solo f\u00e9rtil<\/td>\n<\/tr>\n<tr>\n<td>Bambu imperial<\/td>\n<td>12m<\/td>\n<td>Forros, estruturas<\/td>\n<td>Tropical<\/td>\n<\/tr>\n<tr>\n<td>Bambu preto<\/td>\n<td>6m<\/td>\n<td>Decora\u00e7\u00e3o interna<\/td>\n<td>Meia sombra<\/td>\n<\/tr>\n<\/tbody>\n<\/table>\n<img decoding=\"async\" src=\"https:\/\/www.aarquiteta.com.br\/blog\/wp-content\/uploads\/2026\/05\/Bambu-Ornamental-Guia-Completo-e-Inspirayyes-para-Transformar-Sua-Decorayyo-03.jpg\" alt=\"Bambu Ornamental: Guia Completo e Inspira\u00e7\u00f5es para Transformar Sua Decora\u00e7\u00e3o\" width=\"1024\" height=\"1024\" title=\"\"> Bambu Ornamental: Guia Completo e Inspira\u00e7\u00f5es para Transformar Sua Decora\u00e7\u00e3o\/caption]\n<h3>Como usar bambu ornamental para jardim<\/h3>\n<p>Um cl\u00e1ssico \u00e9 a cerca viva, que protege e embeleza.<\/p>\n<p>Tamb\u00e9m funciona como revestimento r\u00fastico para paredes externas.<\/p>\n<h3>M\u00f3veis de bambu: naturalidade e conforto no lar<\/h3>\n<p>Mesa de centro, poltronas e banquinhos criam um ar aconchegante.<\/p>\n<p>Vale apostar em pe\u00e7as soltas para valorizar o espa\u00e7o sem exageros.<\/p>\n<h3>Biombos e divis\u00f3rias de bambu para ambientes integrados<\/h3>\n<p>Quer privacidade sem perder a luz? Biombos de bambu s\u00e3o excelentes.<\/p>\n<p>Al\u00e9m de funcionais, trazem uma textura natural que envolve o ambiente.<\/p>\n<h3>Detalhes em bambu para um toque sofisticado<\/h3>\n<p>Espelhos, lumin\u00e1rias e pain\u00e9is revestidos mostram o bambu em destaque.<\/p>\n<p>S\u00e3o pequenos detalhes que fazem toda a diferen\u00e7a na decora\u00e7\u00e3o.<\/p>\n<p>Agora que voc\u00ea sabe tudo sobre <b>bambu ornamental<\/b>, que tal escolher a sua esp\u00e9cie favorita e come\u00e7ar a transformar o seu ambiente?<\/p>\n<p>Compartilhe suas ideias ou d\u00favidas nos coment\u00e1rios e inspire outras pessoas!<\/p>\n<h3>Confira tamb\u00e9m<\/h3>\n<ul>\n<li>Artesanato com bambu: +80 ideias criativas para decorar<\/li>\n<li>Pergolado de bambu: como montar um espa\u00e7o relaxante<\/li>\n<li>Plantas que atraem boas energias para sua casa<\/li>\n<li>M\u00f3veis r\u00fasticos para varanda: conforto e estilo<\/li>\n<\/ul>\n<img decoding=\"async\" src=\"https:\/\/www.aarquiteta.com.br\/blog\/wp-content\/uploads\/2026\/05\/Bambu-Ornamental-Guia-Completo-e-Inspirayyes-para-Transformar-Sua-Decorayyo-04.jpg\" alt=\"Bambu Ornamental: Guia Completo e Inspira\u00e7\u00f5es para Transformar Sua Decora\u00e7\u00e3o\" width=\"1024\" height=\"1024\" title=\"\"> Bambu Ornamental: Guia Completo e Inspira\u00e7\u00f5es para Transformar Sua Decora\u00e7\u00e3o\/caption]\n","protected":false},"excerpt":{"rendered":"<p>Bambu ornamental \u00e9 a escolha perfeita para quem quer decorar com charme, natureza e um toque de sorte. Quer saber por onde come\u00e7ar? Por que o bambu ornamental \u00e9 tend\u00eancia na decora\u00e7\u00e3o? Voc\u00ea j\u00e1 percebeu como o bambu transforma qualquer ambiente, trazendo leveza e eleg\u00e2ncia? Ele \u00e9 f\u00e1cil de cuidar e simboliza sorte, prosperidade e [&hellip;]<\/p>\n","protected":false},"author":20,"featured_media":157676,"comment_status":"open","ping_status":"","sticky":false,"template":"","format":"standard","meta":{"footnotes":""},"categories":[],"tags":[],"class_list":["post-157677","post","type-post","status-publish","format-standard","has-post-thumbnail"],"_wp_attached_file":null,"_wp_attachment_metadata":null,"_wp_attachment_context":null,"_wp_attachment_is_custom_header":null,"geo_longitude":null,"geo_public":null,"geo_latitude":null,"_publicize_done_external":null,"_wpas_done_3897181":null,"publicize_twitter_user":null,"_wpas_done_3897175":null,"_wpas_skip_3897181":null,"_wpas_skip_3897175":null,"_wpas_skip_3924723":null,"_wpas_mess":null,"_wpas_done_3924723":null,"wps_subtitle":"","_links":{"self":[{"href":"https:\/\/www.aarquiteta.com.br\/blog\/wp-json\/wp\/v2\/posts\/157677","targetHints":{"allow":["GET"]}}],"collection":[{"href":"https:\/\/www.aarquiteta.com.br\/blog\/wp-json\/wp\/v2\/posts"}],"about":[{"href":"https:\/\/www.aarquiteta.com.br\/blog\/wp-json\/wp\/v2\/types\/post"}],"author":[{"embeddable":true,"href":"https:\/\/www.aarquiteta.com.br\/blog\/wp-json\/wp\/v2\/users\/20"}],"replies":[{"embeddable":true,"href":"https:\/\/www.aarquiteta.com.br\/blog\/wp-json\/wp\/v2\/comments?post=157677"}],"version-history":[{"count":0,"href":"https:\/\/www.aarquiteta.com.br\/blog\/wp-json\/wp\/v2\/posts\/157677\/revisions"}],"wp:featuredmedia":[{"embeddable":true,"href":"https:\/\/www.aarquiteta.com.br\/blog\/wp-json\/wp\/v2\/media\/157676"}],"wp:attachment":[{"href":"https:\/\/www.aarquiteta.com.br\/blog\/wp-json\/wp\/v2\/media?parent=157677"}],"wp:term":[{"taxonomy":"category","embeddable":true,"href":"https:\/\/www.aarquiteta.com.br\/blog\/wp-json\/wp\/v2\/categories?post=157677"},{"taxonomy":"post_tag","embeddable":true,"href":"https:\/\/www.aarquiteta.com.br\/blog\/wp-json\/wp\/v2\/tags?post=157677"}],"curies":[{"name":"wp","href":"https:\/\/api.w.org\/{rel}","templated":true}]}}