{"id":157672,"date":"2026-05-03T09:01:54","date_gmt":"2026-05-03T12:01:54","guid":{"rendered":"https:\/\/www.aarquiteta.com.br\/blog\/suculentas-de-sol\/"},"modified":"2026-05-03T09:01:54","modified_gmt":"2026-05-03T12:01:54","slug":"suculentas-de-sol","status":"publish","type":"post","link":"https:\/\/www.aarquiteta.com.br\/blog\/suculentas-de-sol\/","title":{"rendered":"Suculentas de Sol: Guia Completo para Escolher e Cultivar em Casa"},"content":{"rendered":"<p><b>Suculentas de sol s\u00e3o plantas resistentes, f\u00e1ceis de cuidar e perfeitas para deixar sua casa cheia de vida e charme.<\/b><\/p>\n<h3>Por que escolher suculentas de sol para cultivar em casa?<\/h3>\n<p>Voc\u00ea j\u00e1 percebeu como uma planta bem iluminada transforma um ambiente? <b>Suculentas de sol s\u00e3o perfeitas porque exigem poucos cuidados e adaptam-se muito bem ao calor.<\/b> Elas acumulam \u00e1gua na folha, o que as torna muito resistentes.<\/p>\n<p>Se voc\u00ea est\u00e1 come\u00e7ando na jardinagem, <b>essas plantas s\u00e3o ideais para dar os primeiros passos com sucesso e conquistar um visual lindo e natural.<\/b><\/p>\n<img decoding=\"async\" src=\"https:\/\/www.aarquiteta.com.br\/blog\/wp-content\/uploads\/2026\/05\/Suculentas-de-Sol-Guia-Completo-para-Escolher-e-Cultivar-em-Casa-01.jpg\" alt=\"Suculentas de Sol: Guia Completo para Escolher e Cultivar em Casa\" width=\"1024\" height=\"1024\" title=\"\"> Suculentas de Sol: Guia Completo para Escolher e Cultivar em Casa\/caption]\n<h3>Quais as melhores esp\u00e9cies de suculentas de sol para ter em casa?<\/h3>\n<p>Existem diversas esp\u00e9cies, mas algumas se destacam pela beleza e resist\u00eancia. Vou listar as principais para voc\u00ea preparar seus vasos e dar um toque especial ao seu espa\u00e7o.<\/p>\n<ol>\n<li><b>Sen\u00e9cio Azul:<\/b> Folhas azuladas e carnosas, flores brancas no ver\u00e3o.<\/li>\n<li><b>Sedum:<\/b> Pequenas folhas que mudam de cor conforme a luz.<\/li>\n<li><b>Sempervivum Tectorum:<\/b> Formato de roseta com ponta vermelha, ideal para solo arenoso.<\/li>\n<li><b>Sedum Morganianum:<\/b> Conhecida como \u201cRabo de Burro\u201d, \u00f3tima para pendurar.<\/li>\n<li><b>Cacto Margarida (Lampranthus):<\/b> Flores rosas e crescimento rasteiro.<\/li>\n<li><b>Kalanchoe:<\/b> Variadas cores, tolera muito bem o calor e a seca.<\/li>\n<li><b>Graptoveria:<\/b> H\u00edbrido que une beleza das folhas e facilidade de propaga\u00e7\u00e3o.<\/li>\n<li><b>Haworthia Fasciata:<\/b> Planta zebra, ex\u00f3tica e resistente.<\/li>\n<li><b>Portulacaria Afra:<\/b> Arbusto com folhas carnudas e adaptado a solos pobres.<\/li>\n<li><b>Avel\u00f3s (Euphorbia Tirucalli):<\/b> Arbusto alto, perfeito para cercas e jardins costeiros.<\/li>\n<\/ol>\n<img decoding=\"async\" src=\"https:\/\/www.aarquiteta.com.br\/blog\/wp-content\/uploads\/2026\/05\/Suculentas-de-Sol-Guia-Completo-para-Escolher-e-Cultivar-em-Casa-02.jpg\" alt=\"Suculentas de Sol: Guia Completo para Escolher e Cultivar em Casa\" width=\"1024\" height=\"1024\" title=\"\"> Suculentas de Sol: Guia Completo para Escolher e Cultivar em Casa\/caption]\n<h3>Tabela comparativa de suculentas de sol e suas caracter\u00edsticas principais<\/h3>\n<table border=\"1\" cellpadding=\"8\" cellspacing=\"0\" style=\"border-collapse: collapse; width: 100%;\">\n<thead>\n<tr style=\"background-color: #f2f2f2;\">\n<th>Esp\u00e9cie<\/th>\n<th>Origem<\/th>\n<th>Altura M\u00e9dia<\/th>\n<th>Caracter\u00edsticas Principais<\/th>\n<th>Cuidados<\/th>\n<\/tr>\n<\/thead>\n<tbody>\n<tr>\n<td>Sen\u00e9cio Azul<\/td>\n<td>\u00c1frica do Sul<\/td>\n<td>20 cm<\/td>\n<td>Folhas azuladas, flores brancas no ver\u00e3o<\/td>\n<td>Sol pleno, rega moderada<\/td>\n<\/tr>\n<tr>\n<td>Sedum Morganianum<\/td>\n<td>M\u00e9xico e Honduras<\/td>\n<td>At\u00e9 1,5 m<\/td>\n<td>Folhas pendentes, verdes-azuladas<\/td>\n<td>Sol pleno, solo drenado<\/td>\n<\/tr>\n<tr>\n<td>Kalanchoe<\/td>\n<td>\u00c1frica<\/td>\n<td>30-50 cm<\/td>\n<td>Folhas coloridas, resistentes ao calor<\/td>\n<td>Sol pleno, pouca rega<\/td>\n<\/tr>\n<tr>\n<td>Aloe Vera<\/td>\n<td>Regi\u00e3o \u00e1rida<\/td>\n<td>60 cm<\/td>\n<td>Folhas carnosas, benef\u00edcios medicinais<\/td>\n<td>Sol pleno, rega esparsa<\/td>\n<\/tr>\n<tr>\n<td>Agave<\/td>\n<td>M\u00e9xico<\/td>\n<td>1 m<\/td>\n<td>Folhas espessas, resistente a terrenos secos<\/td>\n<td>Sol pleno, pouca \u00e1gua<\/td>\n<\/tr>\n<\/tbody>\n<\/table>\n<img decoding=\"async\" src=\"https:\/\/www.aarquiteta.com.br\/blog\/wp-content\/uploads\/2026\/05\/Suculentas-de-Sol-Guia-Completo-para-Escolher-e-Cultivar-em-Casa-03.jpg\" alt=\"Suculentas de Sol: Guia Completo para Escolher e Cultivar em Casa\" width=\"1024\" height=\"1024\" title=\"\"> Suculentas de Sol: Guia Completo para Escolher e Cultivar em Casa\/caption]\n<h3>Como cultivar suculentas de sol com sucesso em casa?<\/h3>\n<ul>\n<li><b>Escolha um local bem iluminado:<\/b> Essas plantas amam sol direto, m\u00ednimo de 4 horas por dia.<\/li>\n<li><b>Use solo dren\u00e1vel:<\/b> Misture areia ou perlita para evitar ac\u00famulo de \u00e1gua.<\/li>\n<li><b>Regue moderadamente:<\/b> A rega excessiva pode prejudicar, principalmente no inverno.<\/li>\n<li><b>Evite ambientes muito \u00famidos:<\/b> Suculentas gostam de ar seco para n\u00e3o apodrecerem.<\/li>\n<li><b>Propague suas suculentas:<\/b> Muitas esp\u00e9cies se reproduzem facilmente por folhas ou brotos.<\/li>\n<\/ul>\n<h3>Dicas para decorar sua casa com suculentas de sol<\/h3>\n<p>Vasos coloridos, terr\u00e1rios e floreiras suspensas s\u00e3o perfeitos para dar vida ao ambiente.<\/p>\n<p><b>Combine diferentes esp\u00e9cies<\/b> para criar texturas, cores e formas interessantes. Assim, seu espa\u00e7o ficar\u00e1 acolhedor e cheio de personalidade!<\/p>\n<h3>Por que suculentas de sol ajudam no seu bem-estar?<\/h3>\n<p>Al\u00e9m da beleza, a presen\u00e7a de plantas melhora o clima do ambiente, reduz o estresse e aumenta o foco.<\/p>\n<p><b>Ter suculentas perto de voc\u00ea \u00e9 como um contato di\u00e1rio com a natureza que acalma a mente e renova as energias.<\/b><\/p>\n<h3>Fique atento aos cuidados e aproveite os benef\u00edcios das suculentas!<\/h3>\n<p>Agora que voc\u00ea j\u00e1 conhece as esp\u00e9cies e dicas para cultivar suculentas de sol, \u00e9 hora de colocar a m\u00e3o na terra e transformar seu lar.<\/p>\n<p><b>E a\u00ed, qual suculenta vai encantar seu cantinho primeiro? Comente e compartilhe suas experi\u00eancias comigo!<\/b><\/p>\n<h3>Sugest\u00f5es de leitura para continuar sua jornada verde<\/h3>\n<ul>\n<li><a href=\"#\">Suculentas de sombra: esp\u00e9cies que adoram ambientes com pouca luz<\/a><\/li>\n<li><a href=\"#\">Terr\u00e1rios de suculentas: passo a passo para montar o seu<\/a><\/li>\n<li><a href=\"#\">Como montar vasos decorativos com plantas resistentes<\/a><\/li>\n<\/ul>\n<img decoding=\"async\" src=\"https:\/\/www.aarquiteta.com.br\/blog\/wp-content\/uploads\/2026\/05\/Suculentas-de-Sol-Guia-Completo-para-Escolher-e-Cultivar-em-Casa-04.jpg\" alt=\"Suculentas de Sol: Guia Completo para Escolher e Cultivar em Casa\" width=\"1024\" height=\"1024\" title=\"\"> Suculentas de Sol: Guia Completo para Escolher e Cultivar em Casa\/caption]\n","protected":false},"excerpt":{"rendered":"<p>Suculentas de sol s\u00e3o plantas resistentes, f\u00e1ceis de cuidar e perfeitas para deixar sua casa cheia de vida e charme. Por que escolher suculentas de sol para cultivar em casa? Voc\u00ea j\u00e1 percebeu como uma planta bem iluminada transforma um ambiente? Suculentas de sol s\u00e3o perfeitas porque exigem poucos cuidados e adaptam-se muito bem ao [&hellip;]<\/p>\n","protected":false},"author":20,"featured_media":157671,"comment_status":"open","ping_status":"","sticky":false,"template":"","format":"standard","meta":{"footnotes":""},"categories":[],"tags":[],"class_list":["post-157672","post","type-post","status-publish","format-standard","has-post-thumbnail"],"_wp_attached_file":null,"_wp_attachment_metadata":null,"_wp_attachment_context":null,"_wp_attachment_is_custom_header":null,"geo_longitude":null,"geo_public":null,"geo_latitude":null,"_publicize_done_external":null,"_wpas_done_3897181":null,"publicize_twitter_user":null,"_wpas_done_3897175":null,"_wpas_skip_3897181":null,"_wpas_skip_3897175":null,"_wpas_skip_3924723":null,"_wpas_mess":null,"_wpas_done_3924723":null,"wps_subtitle":"","_links":{"self":[{"href":"https:\/\/www.aarquiteta.com.br\/blog\/wp-json\/wp\/v2\/posts\/157672","targetHints":{"allow":["GET"]}}],"collection":[{"href":"https:\/\/www.aarquiteta.com.br\/blog\/wp-json\/wp\/v2\/posts"}],"about":[{"href":"https:\/\/www.aarquiteta.com.br\/blog\/wp-json\/wp\/v2\/types\/post"}],"author":[{"embeddable":true,"href":"https:\/\/www.aarquiteta.com.br\/blog\/wp-json\/wp\/v2\/users\/20"}],"replies":[{"embeddable":true,"href":"https:\/\/www.aarquiteta.com.br\/blog\/wp-json\/wp\/v2\/comments?post=157672"}],"version-history":[{"count":0,"href":"https:\/\/www.aarquiteta.com.br\/blog\/wp-json\/wp\/v2\/posts\/157672\/revisions"}],"wp:featuredmedia":[{"embeddable":true,"href":"https:\/\/www.aarquiteta.com.br\/blog\/wp-json\/wp\/v2\/media\/157671"}],"wp:attachment":[{"href":"https:\/\/www.aarquiteta.com.br\/blog\/wp-json\/wp\/v2\/media?parent=157672"}],"wp:term":[{"taxonomy":"category","embeddable":true,"href":"https:\/\/www.aarquiteta.com.br\/blog\/wp-json\/wp\/v2\/categories?post=157672"},{"taxonomy":"post_tag","embeddable":true,"href":"https:\/\/www.aarquiteta.com.br\/blog\/wp-json\/wp\/v2\/tags?post=157672"}],"curies":[{"name":"wp","href":"https:\/\/api.w.org\/{rel}","templated":true}]}}