{"id":157652,"date":"2026-05-02T01:02:28","date_gmt":"2026-05-02T04:02:28","guid":{"rendered":"https:\/\/www.aarquiteta.com.br\/blog\/decoracao-pop-it\/"},"modified":"2026-05-02T01:02:28","modified_gmt":"2026-05-02T04:02:28","slug":"decoracao-pop-it","status":"publish","type":"post","link":"https:\/\/www.aarquiteta.com.br\/blog\/decoracao-pop-it\/","title":{"rendered":"Transforme o Quarto Infantil com Decora\u00e7\u00e3o Pop It: Dicas Criativas e Equilibradas"},"content":{"rendered":"<p><b>Quer transformar o quarto infantil com uma decora\u00e7\u00e3o divertida, colorida e cheia de estilo? A decora\u00e7\u00e3o Pop It \u00e9 a escolha perfeita!<\/b><\/p>\n<h3>O que \u00e9 a decora\u00e7\u00e3o Pop It?<\/h3>\n<p>Pop It \u00e9 um brinquedo sensorial que virou febre entre as crian\u00e7as por ser colorido e interativo.<\/p>\n<p>Ele inspira uma decora\u00e7\u00e3o alegre, din\u00e2mica e cheia de bolhas coloridas, que remetem ao pr\u00f3prio brinquedo.<\/p>\n<img decoding=\"async\" src=\"https:\/\/www.aarquiteta.com.br\/blog\/wp-content\/uploads\/2026\/05\/Transforme-o-Quarto-Infantil-com-Decorayyo-Pop-It-Dicas-Criativas-e-Equilibradas-01.jpg\" alt=\"Transforme o Quarto Infantil com Decora\u00e7\u00e3o Pop It: Dicas Criativas e Equilibradas\" width=\"1024\" height=\"1024\" title=\"\"> Transforme o Quarto Infantil com Decora\u00e7\u00e3o Pop It: Dicas Criativas e Equilibradas\/caption]\n<h3>Por que usar Pop It na decora\u00e7\u00e3o do quarto infantil?<\/h3>\n<p>As crian\u00e7as amam cores vibrantes e elementos l\u00fadicos, que criam um espa\u00e7o estimulante e divertido.<\/p>\n<p>A decora\u00e7\u00e3o Pop It equilibra divers\u00e3o com conforto e ajuda a desenvolver a concentra\u00e7\u00e3o dos pequenos.<\/p>\n<h3>Como combinar a decora\u00e7\u00e3o Pop It com o ambiente<\/h3>\n<p>O segredo est\u00e1 em usar cores neutras em m\u00f3veis e paredes para equilibrar a explos\u00e3o de tons do Pop It.<\/p>\n<p>Assim, a decora\u00e7\u00e3o n\u00e3o fica exagerada e o quarto permanece aconchegante e funcional.<\/p>\n<img decoding=\"async\" src=\"https:\/\/www.aarquiteta.com.br\/blog\/wp-content\/uploads\/2026\/05\/Transforme-o-Quarto-Infantil-com-Decorayyo-Pop-It-Dicas-Criativas-e-Equilibradas-02.jpg\" alt=\"Transforme o Quarto Infantil com Decora\u00e7\u00e3o Pop It: Dicas Criativas e Equilibradas\" width=\"1024\" height=\"1024\" title=\"\"> Transforme o Quarto Infantil com Decora\u00e7\u00e3o Pop It: Dicas Criativas e Equilibradas\/caption]\n<h3>Itens essenciais para decorar com tema Pop It<\/h3>\n<ul>\n<li>Papel de parede com bolhas coloridas<\/li>\n<li>Roupa de cama tem\u00e1tica<\/li>\n<li>Quadros e pain\u00e9is decorativos<\/li>\n<li>Tapetes e cortinas divertidos<\/li>\n<li>Brinquedos e pel\u00facias relacionadas<\/li>\n<\/ul>\n<h3>Papel de parede Pop It: destaque e funcionalidade<\/h3>\n<p>Escolha um papel de parede colorido em apenas uma parede para manter o equil\u00edbrio visual.<\/p>\n<p>Ele pode at\u00e9 virar parte da brincadeira, simulando o toque das bolhas do brinquedo no pr\u00f3prio ambiente.<\/p>\n<img decoding=\"async\" src=\"https:\/\/www.aarquiteta.com.br\/blog\/wp-content\/uploads\/2026\/05\/Transforme-o-Quarto-Infantil-com-Decorayyo-Pop-It-Dicas-Criativas-e-Equilibradas-03.jpg\" alt=\"Transforme o Quarto Infantil com Decora\u00e7\u00e3o Pop It: Dicas Criativas e Equilibradas\" width=\"1024\" height=\"1024\" title=\"\"> Transforme o Quarto Infantil com Decora\u00e7\u00e3o Pop It: Dicas Criativas e Equilibradas\/caption]\n<h3>Vantagens da roupa de cama Pop It<\/h3>\n<p>Al\u00e9m de decorar, len\u00e7\u00f3is e edredons tem\u00e1ticos trazem conforto e deixam o quarto mais alegre.<\/p>\n<p>Priorize tecidos de boa qualidade, para garantir o bem-estar da crian\u00e7a durante o sono.<\/p>\n<h3>Dicas para usar itens decorativos Pop It de forma equilibrada<\/h3>\n<p>Evite exageros para que o quarto n\u00e3o fique visualmente carregado.<\/p>\n<p>Use poucos elementos coloridos e misture com tons neutros para garantir harmonia e conforto aos olhos.<\/p>\n<h3>Como personalizar e surpreender seu filho com a decora\u00e7\u00e3o Pop It?<\/h3>\n<p>Invista em objetos personalizados que reflitam a personalidade da crian\u00e7a, como porta-l\u00e1pis e quadros feitos sob medida.<\/p>\n<p>Brinquedos e pel\u00facias com o tema tornam o espa\u00e7o ainda mais l\u00fadico e inesquec\u00edvel.<\/p>\n<table border=\"1\" cellpadding=\"8\" cellspacing=\"0\" style=\"border-collapse: collapse; margin-top: 15px; margin-bottom: 15px; width: 100%;\">\n<thead>\n<tr style=\"background-color: #f2c94c; text-align: center;\">\n<th>Elemento<\/th>\n<th>Dica<\/th>\n<th>Benef\u00edcio<\/th>\n<\/tr>\n<\/thead>\n<tbody>\n<tr>\n<td>Papel de parede Pop It<\/td>\n<td>Aplicar em uma s\u00f3 parede para n\u00e3o poluir o visual<\/td>\n<td>Visual divertido e concentrado<\/td>\n<\/tr>\n<tr>\n<td>Roupa de cama tem\u00e1tica<\/td>\n<td>Escolher tecidos confort\u00e1veis e cores vibrantes<\/td>\n<td>Conforto e decora\u00e7\u00e3o alegre<\/td>\n<\/tr>\n<tr>\n<td>Itens decorativos<\/td>\n<td>Escolher poucos objetos coloridos e personalizados<\/td>\n<td>Cria um espa\u00e7o \u00fanico e equilibrado<\/td>\n<\/tr>\n<tr>\n<td>M\u00f3veis neutros<\/td>\n<td>Usar cores s\u00f3lidas como branco, bege ou cinza<\/td>\n<td>Equil\u00edbrio visual e destaque para o tema Pop It<\/td>\n<\/tr>\n<\/tbody>\n<\/table>\n<p>O universo Pop It na decora\u00e7\u00e3o infantil \u00e9 apaixonante e moderno. Ele traz alegria, estimula a criatividade e ainda equilibra cores e formas.<\/p>\n<p>Com essas dicas simples, voc\u00ea vai criar um quarto que seu filho vai adorar e onde vai querer passar muito tempo.<\/p>\n<p><b>Gostou das ideias? Comente sua d\u00favida ou conte aqui como ficou a decora\u00e7\u00e3o do quarto do seu pequeno!<\/b><\/p>\n<h3>Veja tamb\u00e9m<\/h3>\n<ul>\n<li><a href=\"#\">Como decorar quartos infantis com temas l\u00fadicos<\/a><\/li>\n<li><a href=\"#\">Ideias pr\u00e1ticas para organizar brinquedos no quarto<\/a><\/li>\n<li><a href=\"#\">Cores neutras para quartos infantis: saiba usar<\/a><\/li>\n<li><a href=\"#\">M\u00f3veis multifuncionais para quartos pequenos<\/a><\/li>\n<\/ul>\n<img decoding=\"async\" src=\"https:\/\/www.aarquiteta.com.br\/blog\/wp-content\/uploads\/2026\/05\/Transforme-o-Quarto-Infantil-com-Decorayyo-Pop-It-Dicas-Criativas-e-Equilibradas-04.jpg\" alt=\"Transforme o Quarto Infantil com Decora\u00e7\u00e3o Pop It: Dicas Criativas e Equilibradas\" width=\"1024\" height=\"1024\" title=\"\"> Transforme o Quarto Infantil com Decora\u00e7\u00e3o Pop It: Dicas Criativas e Equilibradas\/caption]\n","protected":false},"excerpt":{"rendered":"<p>Quer transformar o quarto infantil com uma decora\u00e7\u00e3o divertida, colorida e cheia de estilo? A decora\u00e7\u00e3o Pop It \u00e9 a escolha perfeita! O que \u00e9 a decora\u00e7\u00e3o Pop It? Pop It \u00e9 um brinquedo sensorial que virou febre entre as crian\u00e7as por ser colorido e interativo. Ele inspira uma decora\u00e7\u00e3o alegre, din\u00e2mica e cheia de [&hellip;]<\/p>\n","protected":false},"author":20,"featured_media":157651,"comment_status":"open","ping_status":"","sticky":false,"template":"","format":"standard","meta":{"footnotes":""},"categories":[],"tags":[],"class_list":["post-157652","post","type-post","status-publish","format-standard","has-post-thumbnail"],"_wp_attached_file":null,"_wp_attachment_metadata":null,"_wp_attachment_context":null,"_wp_attachment_is_custom_header":null,"geo_longitude":null,"geo_public":null,"geo_latitude":null,"_publicize_done_external":null,"_wpas_done_3897181":null,"publicize_twitter_user":null,"_wpas_done_3897175":null,"_wpas_skip_3897181":null,"_wpas_skip_3897175":null,"_wpas_skip_3924723":null,"_wpas_mess":null,"_wpas_done_3924723":null,"wps_subtitle":"","_links":{"self":[{"href":"https:\/\/www.aarquiteta.com.br\/blog\/wp-json\/wp\/v2\/posts\/157652","targetHints":{"allow":["GET"]}}],"collection":[{"href":"https:\/\/www.aarquiteta.com.br\/blog\/wp-json\/wp\/v2\/posts"}],"about":[{"href":"https:\/\/www.aarquiteta.com.br\/blog\/wp-json\/wp\/v2\/types\/post"}],"author":[{"embeddable":true,"href":"https:\/\/www.aarquiteta.com.br\/blog\/wp-json\/wp\/v2\/users\/20"}],"replies":[{"embeddable":true,"href":"https:\/\/www.aarquiteta.com.br\/blog\/wp-json\/wp\/v2\/comments?post=157652"}],"version-history":[{"count":0,"href":"https:\/\/www.aarquiteta.com.br\/blog\/wp-json\/wp\/v2\/posts\/157652\/revisions"}],"wp:featuredmedia":[{"embeddable":true,"href":"https:\/\/www.aarquiteta.com.br\/blog\/wp-json\/wp\/v2\/media\/157651"}],"wp:attachment":[{"href":"https:\/\/www.aarquiteta.com.br\/blog\/wp-json\/wp\/v2\/media?parent=157652"}],"wp:term":[{"taxonomy":"category","embeddable":true,"href":"https:\/\/www.aarquiteta.com.br\/blog\/wp-json\/wp\/v2\/categories?post=157652"},{"taxonomy":"post_tag","embeddable":true,"href":"https:\/\/www.aarquiteta.com.br\/blog\/wp-json\/wp\/v2\/tags?post=157652"}],"curies":[{"name":"wp","href":"https:\/\/api.w.org\/{rel}","templated":true}]}}