{"id":157637,"date":"2026-05-01T01:02:05","date_gmt":"2026-05-01T04:02:05","guid":{"rendered":"https:\/\/www.aarquiteta.com.br\/blog\/lavanderia-aberta\/"},"modified":"2026-05-01T01:02:05","modified_gmt":"2026-05-01T04:02:05","slug":"lavanderia-aberta","status":"publish","type":"post","link":"https:\/\/www.aarquiteta.com.br\/blog\/lavanderia-aberta\/","title":{"rendered":"Como montar e decorar uma lavanderia aberta para um espa\u00e7o funcional e bonito"},"content":{"rendered":"<p><b>Quer transformar sua lavanderia aberta em um espa\u00e7o funcional e bonito?<\/b> Vou mostrar como organizar, montar e decorar esse ambiente com muito estilo e praticidade!<\/p>\n<h3>Por que escolher uma lavanderia aberta?<\/h3>\n<p>Optar por uma lavanderia aberta traz vantagens como <b>economia de energia<\/b> e facilidade na secagem natural das roupas.<\/p>\n<p>Al\u00e9m disso, ela oferece <b>manuten\u00e7\u00e3o mais simples<\/b>, pois o espa\u00e7o externo facilita a limpeza e ventila\u00e7\u00e3o.<\/p>\n<img decoding=\"async\" src=\"https:\/\/www.aarquiteta.com.br\/blog\/wp-content\/uploads\/2026\/05\/Como-montar-e-decorar-uma-lavanderia-aberta-para-um-espayo-funcional-e-bonito-01.jpg\" alt=\"Como montar e decorar uma lavanderia aberta para um espa\u00e7o funcional e bonito\" width=\"1024\" height=\"1024\" title=\"\"> Como montar e decorar uma lavanderia aberta para um espa\u00e7o funcional e bonito\/caption]\n<h3>Como proteger seus eletrodom\u00e9sticos em uma lavanderia externa<\/h3>\n<p>Mesmo aberta, sua lavanderia precisa de prote\u00e7\u00e3o contra o sol e a chuva para <b>preservar a m\u00e1quina de lavar<\/b> e outros equipamentos.<\/p>\n<p>Usar capas imperme\u00e1veis e telhas transparentes ajuda a manter tudo seguro e iluminado com luz natural.<\/p>\n<h3>Planejando o espa\u00e7o ideal para sua lavanderia aberta<\/h3>\n<p>Antes de montar, <b>me\u00e7a o tamanho da \u00e1rea<\/b> dispon\u00edvel para garantir espa\u00e7o suficiente para tanque, m\u00e1quina e bancadas.<\/p>\n<p>Invista em arm\u00e1rios e estantes para manter acess\u00f3rios e produtos organizados e ao alcance.<\/p>\n<img decoding=\"async\" src=\"https:\/\/www.aarquiteta.com.br\/blog\/wp-content\/uploads\/2026\/05\/Como-montar-e-decorar-uma-lavanderia-aberta-para-um-espayo-funcional-e-bonito-02.jpg\" alt=\"Como montar e decorar uma lavanderia aberta para um espa\u00e7o funcional e bonito\" width=\"1024\" height=\"1024\" title=\"\"> Como montar e decorar uma lavanderia aberta para um espa\u00e7o funcional e bonito\/caption]\n<h3>Dicas para organizar roupas e acess\u00f3rios na lavanderia externa<\/h3>\n<ul>\n<li>Use caixas organizadoras para separar roupas limpas e sujas;<\/li>\n<li>Instale prateleiras para guardar produtos de limpeza e panos;<\/li>\n<li>Deixe espa\u00e7o para cestos que facilitem o dia a dia.<\/li>\n<\/ul>\n<h3>Quadro comparativo: Vantagens da lavanderia aberta x lavanderia interna<\/h3>\n<table border=\"1\" cellpadding=\"5\" cellspacing=\"0\">\n<tr>\n<th>Aspecto<\/th>\n<th>Lavanderia Aberta<\/th>\n<th>Lavanderia Interna<\/th>\n<\/tr>\n<tr>\n<td>Ilumina\u00e7\u00e3o<\/td>\n<td>Luz natural abundante, reduz custo de energia<\/td>\n<td>Depende de ilumina\u00e7\u00e3o artificial<\/td>\n<\/tr>\n<tr>\n<td>Secagem<\/td>\n<td>Secagem natural com sol e vento<\/td>\n<td>Muitas vezes precisa de secadora el\u00e9trica<\/td>\n<\/tr>\n<tr>\n<td>Manuten\u00e7\u00e3o<\/td>\n<td>Mais f\u00e1cil, espa\u00e7o amplo para limpeza<\/td>\n<td>Espa\u00e7os pequenos e fechados dificultam<\/td>\n<\/tr>\n<tr>\n<td>Prote\u00e7\u00e3o<\/td>\n<td>Necessita de cobertura e prote\u00e7\u00e3o para eletrodom\u00e9sticos<\/td>\n<td>Naturalmente abrigada dentro de casa<\/td>\n<\/tr>\n<\/table>\n<img decoding=\"async\" src=\"https:\/\/www.aarquiteta.com.br\/blog\/wp-content\/uploads\/2026\/05\/Como-montar-e-decorar-uma-lavanderia-aberta-para-um-espayo-funcional-e-bonito-03.jpg\" alt=\"Como montar e decorar uma lavanderia aberta para um espa\u00e7o funcional e bonito\" width=\"1024\" height=\"1024\" title=\"\"> Como montar e decorar uma lavanderia aberta para um espa\u00e7o funcional e bonito\/caption]\n<h3>Como escolher o estilo de decora\u00e7\u00e3o para lavanderia aberta<\/h3>\n<p>Seja qual for seu estilo \u2014 r\u00fastico, moderno, industrial ou cl\u00e1ssico \u2014 <b>\u00e9 importante criar um ambiente agrad\u00e1vel<\/b> para facilitar as tarefas di\u00e1rias.<\/p>\n<p>Use elementos como tapetes, plantas e tecidos que combinem com a proposta e tragam aconchego ao espa\u00e7o.<\/p>\n<h3>Itens essenciais para decorar e tornar a lavanderia funcional<\/h3>\n<ul>\n<li>Tapetes antiderrapantes que adicionam cor e seguran\u00e7a;<\/li>\n<li>Toalhas de m\u00e3o com design harmonioso;<\/li>\n<li>Vasos com plantas que purificam e trazem vida;<\/li>\n<li>Prateleiras bonitas para objetos \u00fateis e decora\u00e7\u00e3o.<\/li>\n<\/ul>\n<h3>Maximize seu espa\u00e7o e mantenha tudo organizado<\/h3>\n<p>Use cada cantinho! A instala\u00e7\u00e3o de prateleiras altas ajuda a guardar produtos que n\u00e3o s\u00e3o usados diariamente.<\/p>\n<p>Invista em m\u00f3veis compactos, mas resistentes, para garantir durabilidade e organiza\u00e7\u00e3o.<\/p>\n<h3>Inspire-se para criar a lavanderia aberta dos seus sonhos<\/h3>\n<p>Agora que voc\u00ea sabe o b\u00e1sico para montar e decorar, \u00e9 hora de colocar a m\u00e3o na massa! <b>Que tal come\u00e7ar a planejar hoje mesmo?<\/b><\/p>\n<p>Conte suas ideias, d\u00favidas ou compartilhe seu projeto aqui nos coment\u00e1rios. Vamos trocar dicas e deixar sua lavanderia linda e pr\u00e1tica!<\/p>\n<h3>Conte\u00fados para voc\u00ea explorar<\/h3>\n<ul>\n<li><a href=\"#\">Piso para banheiro: ideias e dicas para escolher<\/a><\/li>\n<li><a href=\"#\">Varanda de apartamento: aproveite melhor seu espa\u00e7o<\/a><\/li>\n<li><a href=\"#\">Plantas que atraem boas energias para sua casa<\/a><\/li>\n<\/ul>\n<img decoding=\"async\" src=\"https:\/\/www.aarquiteta.com.br\/blog\/wp-content\/uploads\/2026\/05\/Como-montar-e-decorar-uma-lavanderia-aberta-para-um-espayo-funcional-e-bonito-04.jpg\" alt=\"Como montar e decorar uma lavanderia aberta para um espa\u00e7o funcional e bonito\" width=\"1024\" height=\"1024\" title=\"\"> Como montar e decorar uma lavanderia aberta para um espa\u00e7o funcional e bonito\/caption]\n","protected":false},"excerpt":{"rendered":"<p>Quer transformar sua lavanderia aberta em um espa\u00e7o funcional e bonito? Vou mostrar como organizar, montar e decorar esse ambiente com muito estilo e praticidade! Por que escolher uma lavanderia aberta? Optar por uma lavanderia aberta traz vantagens como economia de energia e facilidade na secagem natural das roupas. Al\u00e9m disso, ela oferece manuten\u00e7\u00e3o mais [&hellip;]<\/p>\n","protected":false},"author":20,"featured_media":157636,"comment_status":"open","ping_status":"","sticky":false,"template":"","format":"standard","meta":{"footnotes":""},"categories":[],"tags":[],"class_list":["post-157637","post","type-post","status-publish","format-standard","has-post-thumbnail"],"_wp_attached_file":null,"_wp_attachment_metadata":null,"_wp_attachment_context":null,"_wp_attachment_is_custom_header":null,"geo_longitude":null,"geo_public":null,"geo_latitude":null,"_publicize_done_external":null,"_wpas_done_3897181":null,"publicize_twitter_user":null,"_wpas_done_3897175":null,"_wpas_skip_3897181":null,"_wpas_skip_3897175":null,"_wpas_skip_3924723":null,"_wpas_mess":null,"_wpas_done_3924723":null,"wps_subtitle":"","_links":{"self":[{"href":"https:\/\/www.aarquiteta.com.br\/blog\/wp-json\/wp\/v2\/posts\/157637","targetHints":{"allow":["GET"]}}],"collection":[{"href":"https:\/\/www.aarquiteta.com.br\/blog\/wp-json\/wp\/v2\/posts"}],"about":[{"href":"https:\/\/www.aarquiteta.com.br\/blog\/wp-json\/wp\/v2\/types\/post"}],"author":[{"embeddable":true,"href":"https:\/\/www.aarquiteta.com.br\/blog\/wp-json\/wp\/v2\/users\/20"}],"replies":[{"embeddable":true,"href":"https:\/\/www.aarquiteta.com.br\/blog\/wp-json\/wp\/v2\/comments?post=157637"}],"version-history":[{"count":0,"href":"https:\/\/www.aarquiteta.com.br\/blog\/wp-json\/wp\/v2\/posts\/157637\/revisions"}],"wp:featuredmedia":[{"embeddable":true,"href":"https:\/\/www.aarquiteta.com.br\/blog\/wp-json\/wp\/v2\/media\/157636"}],"wp:attachment":[{"href":"https:\/\/www.aarquiteta.com.br\/blog\/wp-json\/wp\/v2\/media?parent=157637"}],"wp:term":[{"taxonomy":"category","embeddable":true,"href":"https:\/\/www.aarquiteta.com.br\/blog\/wp-json\/wp\/v2\/categories?post=157637"},{"taxonomy":"post_tag","embeddable":true,"href":"https:\/\/www.aarquiteta.com.br\/blog\/wp-json\/wp\/v2\/tags?post=157637"}],"curies":[{"name":"wp","href":"https:\/\/api.w.org\/{rel}","templated":true}]}}