{"id":157632,"date":"2026-04-30T17:02:22","date_gmt":"2026-04-30T20:02:22","guid":{"rendered":"https:\/\/www.aarquiteta.com.br\/blog\/moveis-retro-2\/"},"modified":"2026-04-30T17:02:22","modified_gmt":"2026-04-30T20:02:22","slug":"moveis-retro-2","status":"publish","type":"post","link":"https:\/\/www.aarquiteta.com.br\/blog\/moveis-retro-2\/","title":{"rendered":"M\u00f3veis Retr\u00f4: Guia Completo para Transformar sua Casa com Estilo e Conforto"},"content":{"rendered":"<p><b>M\u00f3veis retr\u00f4<\/b> d\u00e3o um toque de personalidade e conforto \u00e0 casa, com design marcante dos anos 50 a 80, perfeita para quem ama estilo e charme.<\/p>\n<h3>O que s\u00e3o m\u00f3veis retr\u00f4 e como diferenciam dos vintage<\/h3>\n<p>Voc\u00ea sabe a diferen\u00e7a entre m\u00f3veis retr\u00f4 e vintage? <b>Os retr\u00f4s s\u00e3o pe\u00e7as novas<\/b> inspiradas nas d\u00e9cadas de 50 a 80.<\/p>\n<p>J\u00e1 os vintage s\u00e3o m\u00f3veis realmente antigos, com hist\u00f3ria real no tempo. <b>Retr\u00f4 traz o estilo cl\u00e1ssico com conforto atual.<\/b><\/p>\n<h3>Como usar m\u00f3veis retr\u00f4 na cozinha para um ambiente alegre e funcional<\/h3>\n<p>Na cozinha, <b>praticidade e beleza caminham juntas<\/b>. Arm\u00e1rios claros, como branco e verde, abrem espa\u00e7o para brinquedos coloridos.<\/p>\n<p>Vale aproveitar cadeiras, pisos e acess\u00f3rios com cores vibrantes para destacar a decora\u00e7\u00e3o sem perder funcionalidade.<\/p>\n<p><b>A ilumina\u00e7\u00e3o \u00e9 fundamental<\/b> aqui: pendentes combinando com m\u00f3veis coloridos valorizam tudo.<\/p>\n<img decoding=\"async\" src=\"https:\/\/www.aarquiteta.com.br\/blog\/wp-content\/uploads\/2026\/04\/Myveis-Retry-Guia-Completo-para-Transformar-sua-Casa-com-Estilo-e-Conforto-01.jpg\" alt=\"M\u00f3veis Retr\u00f4: Guia Completo para Transformar sua Casa com Estilo e Conforto\" width=\"1024\" height=\"1024\" title=\"\"> M\u00f3veis Retr\u00f4: Guia Completo para Transformar sua Casa com Estilo e Conforto\/caption]\n<h3>Decora\u00e7\u00e3o retr\u00f4 no quarto: harmonia entre conforto e personalidade<\/h3>\n<p>No quarto, a dica \u00e9 pensar no conjunto todo. C\u00f4modas, camas e cadeiras <b>com p\u00e9s palito conferem aconchego e charme<\/b>.<\/p>\n<p>Ambientes fashionistas pedem m\u00f3veis coloridos; para quem ama ambientes minimalistas, m\u00f3veis brancos com detalhes delicados s\u00e3o ideais.<\/p>\n<p>O ber\u00e7o retr\u00f4 \u00e9 perfeito para quartos de beb\u00ea, unindo estilo e organiza\u00e7\u00e3o.<\/p>\n<h3>M\u00f3veis retr\u00f4 para sala de jantar e estar: conforto em primeiro lugar<\/h3>\n<p>Para a sala, <b>o conforto \u00e9 essencial<\/b>. Cadeiras macias e sof\u00e1s com design colorido criam um ambiente acolhedor e estiloso.<\/p>\n<p>N\u00e3o h\u00e1 regras r\u00edgidas sobre cores. Voc\u00ea pode ousar e misturar tons, desde que a harmonia esteja presente.<\/p>\n<p>Mesa e cadeiras merecem aten\u00e7\u00e3o especial, principalmente quando a sala de jantar \u00e9 integrada \u00e0 sala de estar.<\/p>\n<img decoding=\"async\" src=\"https:\/\/www.aarquiteta.com.br\/blog\/wp-content\/uploads\/2026\/04\/Myveis-Retry-Guia-Completo-para-Transformar-sua-Casa-com-Estilo-e-Conforto-02.jpg\" alt=\"M\u00f3veis Retr\u00f4: Guia Completo para Transformar sua Casa com Estilo e Conforto\" width=\"1024\" height=\"1024\" title=\"\"> M\u00f3veis Retr\u00f4: Guia Completo para Transformar sua Casa com Estilo e Conforto\/caption]\n<h3>Por que investir em m\u00f3veis retr\u00f4 amarelos para dar vida ao ambiente<\/h3>\n<p>O amarelo \u00e9 a cor da alegria e luz. <b>M\u00f3veis retr\u00f4 amarelos trazem energia e renova\u00e7\u00e3o<\/b> para qualquer c\u00f4modo.<\/p>\n<p>Um sof\u00e1 amarelo, um barzinho ou um painel colorido transformam ambientes neutros em espa\u00e7os vibrantes e convidativos.<\/p>\n<h3>Dicas para combinar m\u00f3veis retr\u00f4 com decora\u00e7\u00e3o moderna e cl\u00e1ssica<\/h3>\n<ul>\n<li><b>Equilibre tons vibrantes com neutros<\/b> para n\u00e3o pesar o ambiente.<\/li>\n<li>Use m\u00f3veis com <b>p\u00e9s palito<\/b> para refor\u00e7ar o estilo retr\u00f4.<\/li>\n<li><b>Invista em acess\u00f3rios complementares<\/b>, como abajures e quadros, que dialoguem com as cores dos m\u00f3veis.<\/li>\n<li><b>Misture materiais<\/b> como madeira, metal e tecido para composi\u00e7\u00f5es interessantes.<\/li>\n<\/ul>\n<img decoding=\"async\" src=\"https:\/\/www.aarquiteta.com.br\/blog\/wp-content\/uploads\/2026\/04\/Myveis-Retry-Guia-Completo-para-Transformar-sua-Casa-com-Estilo-e-Conforto-03.jpg\" alt=\"M\u00f3veis Retr\u00f4: Guia Completo para Transformar sua Casa com Estilo e Conforto\" width=\"1024\" height=\"1024\" title=\"\"> M\u00f3veis Retr\u00f4: Guia Completo para Transformar sua Casa com Estilo e Conforto\/caption]\n<h3>Tabela comparativa: m\u00f3veis retr\u00f4 vs vintage<\/h3>\n<table border=\"1\" cellpadding=\"6\" cellspacing=\"0\">\n<thead>\n<tr>\n<th>Aspecto<\/th>\n<th>M\u00f3veis Retr\u00f4<\/th>\n<th>M\u00f3veis Vintage<\/th>\n<\/tr>\n<\/thead>\n<tbody>\n<tr>\n<td>Origem<\/td>\n<td>Novos, inspirados nos anos 50 a 80<\/td>\n<td>Pe\u00e7as antigas, com v\u00e1rios anos de uso<\/td>\n<\/tr>\n<tr>\n<td>Condi\u00e7\u00e3o<\/td>\n<td>Novos, renovados e confort\u00e1veis<\/td>\n<td>Antigos, podendo precisar de restaura\u00e7\u00e3o<\/td>\n<\/tr>\n<tr>\n<td>Disponibilidade<\/td>\n<td>F\u00e1ceis de encontrar em lojas especializadas<\/td>\n<td>Limitada e \u00fanica<\/td>\n<\/tr>\n<tr>\n<td>Design<\/td>\n<td>Formas geom\u00e9tricas, cores vibrantes<\/td>\n<td>Mais aut\u00eanticos e tradicionais<\/td>\n<\/tr>\n<\/tbody>\n<\/table>\n<h3>Porque o p\u00e9 palito faz toda a diferen\u00e7a na decora\u00e7\u00e3o retr\u00f4<\/h3>\n<p>Voc\u00ea reparou como aquele <b>p\u00e9 palito \u00e9 s\u00edmbolo cl\u00e1ssico do estilo retr\u00f4<\/b>?<\/p>\n<p>Ele deixa os m\u00f3veis leves, elegantes e ajuda a compor ambientes que misturam <b>modernidade e nostalgia<\/b> de forma \u00fanica.<\/p>\n<p>Invista nesse detalhe para criar decora\u00e7\u00e3o charmosa e confort\u00e1vel.<\/p>\n<h3>Explore refer\u00eancias e inspire-se para transformar sua casa com m\u00f3veis retr\u00f4<\/h3>\n<p>Existem dezenas de modelos para voc\u00ea escolher e combinar nos quartos, salas e cozinhas. <b>Inspire-se em imagens e v\u00eddeos<\/b> para ter ainda mais ideias!<\/p>\n<p>Lembre-se: m\u00f3veis retr\u00f4 s\u00e3o perfeitos para quem quer sair do \u00f3bvio, com muita cor, conforto e estilo.<\/p>\n<p>Gostou das dicas? <b>Compartilhe nos coment\u00e1rios qual ambiente da sua casa voc\u00ea quer transformar com m\u00f3veis retr\u00f4!<\/b> Navegue no blog para descobrir mais ideias incr\u00edveis.<\/p>\n<img decoding=\"async\" src=\"https:\/\/www.aarquiteta.com.br\/blog\/wp-content\/uploads\/2026\/04\/Myveis-Retry-Guia-Completo-para-Transformar-sua-Casa-com-Estilo-e-Conforto-04.jpg\" alt=\"M\u00f3veis Retr\u00f4: Guia Completo para Transformar sua Casa com Estilo e Conforto\" width=\"1024\" height=\"1024\" title=\"\"> M\u00f3veis Retr\u00f4: Guia Completo para Transformar sua Casa com Estilo e Conforto\/caption]\n","protected":false},"excerpt":{"rendered":"<p>M\u00f3veis retr\u00f4 d\u00e3o um toque de personalidade e conforto \u00e0 casa, com design marcante dos anos 50 a 80, perfeita para quem ama estilo e charme. O que s\u00e3o m\u00f3veis retr\u00f4 e como diferenciam dos vintage Voc\u00ea sabe a diferen\u00e7a entre m\u00f3veis retr\u00f4 e vintage? Os retr\u00f4s s\u00e3o pe\u00e7as novas inspiradas nas d\u00e9cadas de 50 [&hellip;]<\/p>\n","protected":false},"author":20,"featured_media":157631,"comment_status":"open","ping_status":"","sticky":false,"template":"","format":"standard","meta":{"footnotes":""},"categories":[],"tags":[],"class_list":["post-157632","post","type-post","status-publish","format-standard","has-post-thumbnail"],"_wp_attached_file":null,"_wp_attachment_metadata":null,"_wp_attachment_context":null,"_wp_attachment_is_custom_header":null,"geo_longitude":null,"geo_public":null,"geo_latitude":null,"_publicize_done_external":null,"_wpas_done_3897181":null,"publicize_twitter_user":null,"_wpas_done_3897175":null,"_wpas_skip_3897181":null,"_wpas_skip_3897175":null,"_wpas_skip_3924723":null,"_wpas_mess":null,"_wpas_done_3924723":null,"wps_subtitle":"","_links":{"self":[{"href":"https:\/\/www.aarquiteta.com.br\/blog\/wp-json\/wp\/v2\/posts\/157632","targetHints":{"allow":["GET"]}}],"collection":[{"href":"https:\/\/www.aarquiteta.com.br\/blog\/wp-json\/wp\/v2\/posts"}],"about":[{"href":"https:\/\/www.aarquiteta.com.br\/blog\/wp-json\/wp\/v2\/types\/post"}],"author":[{"embeddable":true,"href":"https:\/\/www.aarquiteta.com.br\/blog\/wp-json\/wp\/v2\/users\/20"}],"replies":[{"embeddable":true,"href":"https:\/\/www.aarquiteta.com.br\/blog\/wp-json\/wp\/v2\/comments?post=157632"}],"version-history":[{"count":0,"href":"https:\/\/www.aarquiteta.com.br\/blog\/wp-json\/wp\/v2\/posts\/157632\/revisions"}],"wp:featuredmedia":[{"embeddable":true,"href":"https:\/\/www.aarquiteta.com.br\/blog\/wp-json\/wp\/v2\/media\/157631"}],"wp:attachment":[{"href":"https:\/\/www.aarquiteta.com.br\/blog\/wp-json\/wp\/v2\/media?parent=157632"}],"wp:term":[{"taxonomy":"category","embeddable":true,"href":"https:\/\/www.aarquiteta.com.br\/blog\/wp-json\/wp\/v2\/categories?post=157632"},{"taxonomy":"post_tag","embeddable":true,"href":"https:\/\/www.aarquiteta.com.br\/blog\/wp-json\/wp\/v2\/tags?post=157632"}],"curies":[{"name":"wp","href":"https:\/\/api.w.org\/{rel}","templated":true}]}}