{"id":157612,"date":"2026-04-29T09:02:13","date_gmt":"2026-04-29T12:02:13","guid":{"rendered":"https:\/\/www.aarquiteta.com.br\/blog\/cor-amarela\/"},"modified":"2026-04-29T09:02:13","modified_gmt":"2026-04-29T12:02:13","slug":"cor-amarela","status":"publish","type":"post","link":"https:\/\/www.aarquiteta.com.br\/blog\/cor-amarela\/","title":{"rendered":"Cor Amarela na Decora\u00e7\u00e3o: Significados, Combina\u00e7\u00f5es e Inspira\u00e7\u00f5es para Transformar Seu Ambiente"},"content":{"rendered":"<p><b>A cor amarela transforma ambientes com alegria e energia, trazendo luz e personalidade para qualquer espa\u00e7o da casa.<\/b><\/p>\n<h3>Por que a cor amarela \u00e9 uma \u00f3tima escolha na decora\u00e7\u00e3o?<\/h3>\n<p><b>Voc\u00ea j\u00e1 percebeu como o amarelo ilumina qualquer ambiente?<\/b> Essa cor remete \u00e0 energia do sol, trazendo otimismo e vida para dentro de casa.<\/p>\n<p>Al\u00e9m disso, ela <b>\u00e9 ideal para espa\u00e7os que precisam de um toque de alegria e vivacidade.<\/b> Queridinha em quartos infantis, salas e cozinhas, o amarelo desperta sensa\u00e7\u00f5es de conforto e acolhimento.<\/p>\n<img decoding=\"async\" src=\"https:\/\/www.aarquiteta.com.br\/blog\/wp-content\/uploads\/2026\/04\/Cor-Amarela-na-Decorayyo-Significados-Combinayyes-e-Inspirayyes-para-Transformar-Seu-Ambiente-01.jpg\" alt=\"Cor Amarela na Decora\u00e7\u00e3o: Significados, Combina\u00e7\u00f5es e Inspira\u00e7\u00f5es para Transformar Seu Ambiente\" width=\"1024\" height=\"1024\" title=\"\"> Cor Amarela na Decora\u00e7\u00e3o: Significados, Combina\u00e7\u00f5es e Inspira\u00e7\u00f5es para Transformar Seu Ambiente\/caption]\n<h3>Como inserir diferentes tons de amarelo na decora\u00e7\u00e3o sem exagerar?<\/h3>\n<p>Nem todo amarelo \u00e9 igual: do amarelo gema ao amarelo can\u00e1rio, cada tom traz uma atmosfera \u00fanica.<\/p>\n<p>Para n\u00e3o pesar, <b>pinte apenas uma parede ou use m\u00f3veis estrat\u00e9gicos, como cadeiras e mesas.<\/b> Assim, voc\u00ea cria pontos de destaque sem sobrecarregar o espa\u00e7o.<\/p>\n<img decoding=\"async\" src=\"https:\/\/www.aarquiteta.com.br\/blog\/wp-content\/uploads\/2026\/04\/Cor-Amarela-na-Decorayyo-Significados-Combinayyes-e-Inspirayyes-para-Transformar-Seu-Ambiente-02.jpg\" alt=\"Cor Amarela na Decora\u00e7\u00e3o: Significados, Combina\u00e7\u00f5es e Inspira\u00e7\u00f5es para Transformar Seu Ambiente\" width=\"1024\" height=\"1024\" title=\"\"> Cor Amarela na Decora\u00e7\u00e3o: Significados, Combina\u00e7\u00f5es e Inspira\u00e7\u00f5es para Transformar Seu Ambiente\/caption]\n<h3>Quais cores combinam melhor com o amarelo? Confira a tabela!<\/h3>\n<table border=\"1\" cellpadding=\"8\" cellspacing=\"0\" style=\"border-collapse: collapse; width: 100%; margin-top: 10px; margin-bottom: 15px;\">\n<thead>\n<tr>\n<th>Cor<\/th>\n<th>Combinada com amarelo<\/th>\n<th>Resultado na decora\u00e7\u00e3o<\/th>\n<\/tr>\n<\/thead>\n<tbody>\n<tr>\n<td><b>Preto<\/b><\/td>\n<td>Contraste forte<\/td>\n<td><b>Eleg\u00e2ncia e modernidade, perfeito para destacar o amarelo<\/b><\/td>\n<\/tr>\n<tr>\n<td><b>Branco<\/b><\/td>\n<td>Harmonia leve<\/td>\n<td><b>Ambientes claros, iluminados e delicados<\/b><\/td>\n<\/tr>\n<tr>\n<td><b>Marrom<\/b><\/td>\n<td>Complemento s\u00f3brio<\/td>\n<td><b>Calor e aconchego, especialmente com amarelo can\u00e1rio<\/b><\/td>\n<\/tr>\n<tr>\n<td><b>Roxo<\/b><\/td>\n<td>Cor complementar<\/td>\n<td><b>Toque ousado e contempor\u00e2neo<\/b><\/td>\n<\/tr>\n<tr>\n<td><b>Verde e Azul ${colos frios}<\/b><\/td>\n<td>An\u00e1logos frios<\/td>\n<td><b>Equil\u00edbrio e frescor<\/b><\/td>\n<\/tr>\n<\/tbody>\n<\/table>\n<img decoding=\"async\" src=\"https:\/\/www.aarquiteta.com.br\/blog\/wp-content\/uploads\/2026\/04\/Cor-Amarela-na-Decorayyo-Significados-Combinayyes-e-Inspirayyes-para-Transformar-Seu-Ambiente-03.jpg\" alt=\"Cor Amarela na Decora\u00e7\u00e3o: Significados, Combina\u00e7\u00f5es e Inspira\u00e7\u00f5es para Transformar Seu Ambiente\" width=\"1024\" height=\"1024\" title=\"\"> Cor Amarela na Decora\u00e7\u00e3o: Significados, Combina\u00e7\u00f5es e Inspira\u00e7\u00f5es para Transformar Seu Ambiente\/caption]\n<h3>Por que o amarelo can\u00e1rio \u00e9 t\u00e3o amado na decora\u00e7\u00e3o?<\/h3>\n<p><b>O amarelo can\u00e1rio \u00e9 uma tonalidade mais s\u00f3bria e vers\u00e1til.<\/b> Ele suaviza a for\u00e7a visual do amarelo tradicional, permitindo mais combina\u00e7\u00f5es.<\/p>\n<p>Essa nuance casa perfeitamente com tons quentes como vermelho, laranja e bordeaux, <b>criando espa\u00e7os elegantes e acolhedores.<\/b><\/p>\n<h3>Dicas pr\u00e1ticas para usar amarelo em ambientes pequenos<\/h3>\n<ul>\n<li><b>Prefira paredes parciais com amarelo para n\u00e3o diminuir o espa\u00e7o visualmente.<\/b><\/li>\n<li><b>Use objetos decorativos, como almofadas e vasos, para pontos de cor.<\/b><\/li>\n<li><b>Combine com branco e cinza para deixar o espa\u00e7o mais leve.<\/b><\/li>\n<\/ul>\n<h3>Os m\u00f3veis certos para destacar o amarelo<\/h3>\n<p><b>Cadeiras, mesas e estantes em amarelo s\u00e3o escolhas certeiras.<\/b> Eles funcionam como protagonistas em ambientes neutros.<\/p>\n<p>Se preferir pinturas, foque em detalhes, como nichos ou molduras de janelas, para distribuir a cor sem poluir o visual.<\/p>\n<h3>Como a ilumina\u00e7\u00e3o valoriza a cor amarela na decora\u00e7\u00e3o<\/h3>\n<p>Luz natural amplia a intensidade do amarelo, criando sensa\u00e7\u00e3o de aconchego.<\/p>\n<p>J\u00e1 a luz amarela quente pode suavizar tons muito vibrantes, deixando o ambiente agrad\u00e1vel e equilibrado.<\/p>\n<h3>Inspira\u00e7\u00f5es para transformar seu ambiente com a cor amarela<\/h3>\n<p>Seja em paredes, m\u00f3veis ou acess\u00f3rios, o amarelo \u00e9 perfeito para quem busca um toque de vida na decora\u00e7\u00e3o.<\/p>\n<p><b>Experimente misturar o amarelo com cores neutras e toques naturais, como madeira e plantas.<\/b> O resultado \u00e9 sempre alegre, elegante e cheio de personalidade.<\/p>\n<p>O amarelo tem esse poder m\u00e1gico de transformar espa\u00e7os, trazendo <b>alegria e energia para o seu dia a dia.<\/b> Que tal come\u00e7ar agora mesmo?<\/p>\n<p>Quer saber mais sobre como usar cores na decora\u00e7\u00e3o? Deixe seu coment\u00e1rio e descubra outras inspira\u00e7\u00f5es!<\/p>\n<img decoding=\"async\" src=\"https:\/\/www.aarquiteta.com.br\/blog\/wp-content\/uploads\/2026\/04\/Cor-Amarela-na-Decorayyo-Significados-Combinayyes-e-Inspirayyes-para-Transformar-Seu-Ambiente-04.jpg\" alt=\"Cor Amarela na Decora\u00e7\u00e3o: Significados, Combina\u00e7\u00f5es e Inspira\u00e7\u00f5es para Transformar Seu Ambiente\" width=\"1024\" height=\"1024\" title=\"\"> Cor Amarela na Decora\u00e7\u00e3o: Significados, Combina\u00e7\u00f5es e Inspira\u00e7\u00f5es para Transformar Seu Ambiente\/caption]\n","protected":false},"excerpt":{"rendered":"<p>A cor amarela transforma ambientes com alegria e energia, trazendo luz e personalidade para qualquer espa\u00e7o da casa. Por que a cor amarela \u00e9 uma \u00f3tima escolha na decora\u00e7\u00e3o? Voc\u00ea j\u00e1 percebeu como o amarelo ilumina qualquer ambiente? Essa cor remete \u00e0 energia do sol, trazendo otimismo e vida para dentro de casa. Al\u00e9m disso, [&hellip;]<\/p>\n","protected":false},"author":20,"featured_media":157611,"comment_status":"open","ping_status":"","sticky":false,"template":"","format":"standard","meta":{"footnotes":""},"categories":[],"tags":[],"class_list":["post-157612","post","type-post","status-publish","format-standard","has-post-thumbnail"],"_wp_attached_file":null,"_wp_attachment_metadata":null,"_wp_attachment_context":null,"_wp_attachment_is_custom_header":null,"geo_longitude":null,"geo_public":null,"geo_latitude":null,"_publicize_done_external":null,"_wpas_done_3897181":null,"publicize_twitter_user":null,"_wpas_done_3897175":null,"_wpas_skip_3897181":null,"_wpas_skip_3897175":null,"_wpas_skip_3924723":null,"_wpas_mess":null,"_wpas_done_3924723":null,"wps_subtitle":"","_links":{"self":[{"href":"https:\/\/www.aarquiteta.com.br\/blog\/wp-json\/wp\/v2\/posts\/157612","targetHints":{"allow":["GET"]}}],"collection":[{"href":"https:\/\/www.aarquiteta.com.br\/blog\/wp-json\/wp\/v2\/posts"}],"about":[{"href":"https:\/\/www.aarquiteta.com.br\/blog\/wp-json\/wp\/v2\/types\/post"}],"author":[{"embeddable":true,"href":"https:\/\/www.aarquiteta.com.br\/blog\/wp-json\/wp\/v2\/users\/20"}],"replies":[{"embeddable":true,"href":"https:\/\/www.aarquiteta.com.br\/blog\/wp-json\/wp\/v2\/comments?post=157612"}],"version-history":[{"count":0,"href":"https:\/\/www.aarquiteta.com.br\/blog\/wp-json\/wp\/v2\/posts\/157612\/revisions"}],"wp:featuredmedia":[{"embeddable":true,"href":"https:\/\/www.aarquiteta.com.br\/blog\/wp-json\/wp\/v2\/media\/157611"}],"wp:attachment":[{"href":"https:\/\/www.aarquiteta.com.br\/blog\/wp-json\/wp\/v2\/media?parent=157612"}],"wp:term":[{"taxonomy":"category","embeddable":true,"href":"https:\/\/www.aarquiteta.com.br\/blog\/wp-json\/wp\/v2\/categories?post=157612"},{"taxonomy":"post_tag","embeddable":true,"href":"https:\/\/www.aarquiteta.com.br\/blog\/wp-json\/wp\/v2\/tags?post=157612"}],"curies":[{"name":"wp","href":"https:\/\/api.w.org\/{rel}","templated":true}]}}