{"id":157547,"date":"2026-04-25T01:02:08","date_gmt":"2026-04-25T04:02:08","guid":{"rendered":"https:\/\/www.aarquiteta.com.br\/blog\/ficus-benjamina\/"},"modified":"2026-04-25T01:02:08","modified_gmt":"2026-04-25T04:02:08","slug":"ficus-benjamina","status":"publish","type":"post","link":"https:\/\/www.aarquiteta.com.br\/blog\/ficus-benjamina\/","title":{"rendered":"Ficus Benjamina: Guia Completo para Cuidar da Planta em Vasos e no Jardim"},"content":{"rendered":"<p><b>Ficus Benjamina<\/b> \u00e9 uma planta vers\u00e1til que decora sua casa ou jardim, trazendo beleza e frescor com cuidados simples e pr\u00e1ticos.<\/p>\n<h3>Introdu\u00e7\u00e3o: Por que escolher a Ficus Benjamina para sua casa?<\/h3>\n<p>Voc\u00ea j\u00e1 reparou como uma planta pode transformar o visual e o clima de um ambiente? <b>Ficus Benjamina<\/b> n\u00e3o \u00e9 s\u00f3 linda, \u00e9 uma das plantas mais adapt\u00e1veis que conhe\u00e7o.<\/p>\n<p>Ela vive muito bem tanto em vasos dentro de casa quanto plantada no jardim, trazendo folhas verdes que parecem dan\u00e7ar ao vento, e at\u00e9 flores que atraem passarinhos. Quer saber como cuidar dessa beleza na sua casa? Ent\u00e3o vem comigo!<\/p>\n<img decoding=\"async\" src=\"https:\/\/www.aarquiteta.com.br\/blog\/wp-content\/uploads\/2026\/04\/Ficus-Benjamina-Guia-Completo-para-Cuidar-da-Planta-em-Vasos-e-no-Jardim-01.jpg\" alt=\"Ficus Benjamina: Guia Completo para Cuidar da Planta em Vasos e no Jardim\" width=\"1024\" height=\"1024\" title=\"\"> Ficus Benjamina: Guia Completo para Cuidar da Planta em Vasos e no Jardim\/caption]\n<h3>Local ideal e ilumina\u00e7\u00e3o para Ficus Benjamina<\/h3>\n<p>Essa planta adora um cantinho iluminado, mas sem sol direto por horas a fio. <b>Varanda, sala perto da janela ou jardim com sombra parcial<\/b> s\u00e3o perfeitos para ela crescer feliz.<\/p>\n<p>Evite colocar perto do ar condicionado, pois mudan\u00e7as bruscas de ambiente podem fazer a planta perder folhas e se estressar.<\/p>\n<h3>Rega e solo: mantenha a umidade na medida certa<\/h3>\n<p>Uma regra charme para a Ficus Benjamina \u00e9: <b>regar uma vez por semana<\/b>, sempre vendo se o solo j\u00e1 secou para evitar o apodrecimento das ra\u00edzes.<\/p>\n<p>No Ver\u00e3o e Primavera, quando ela d\u00e1 um show de crescimento, regue um pouco mais; no Outono e Inverno, s\u00f3 mantenha o solo levemente \u00famido.<\/p>\n<img decoding=\"async\" src=\"https:\/\/www.aarquiteta.com.br\/blog\/wp-content\/uploads\/2026\/04\/Ficus-Benjamina-Guia-Completo-para-Cuidar-da-Planta-em-Vasos-e-no-Jardim-02.jpg\" alt=\"Ficus Benjamina: Guia Completo para Cuidar da Planta em Vasos e no Jardim\" width=\"1024\" height=\"1024\" title=\"\"> Ficus Benjamina: Guia Completo para Cuidar da Planta em Vasos e no Jardim\/caption]\n<h3>Poda: o segredo para uma planta saud\u00e1vel e bonita<\/h3>\n<p>Fa\u00e7a podas uma vez por ano, antes da Primavera. <b>Use uma tesoura bem afiada e limpa para retirar galhos secos<\/b> e garantir uma apar\u00eancia vibrante e um crescimento fortalecido.<\/p>\n<p>Esse cuidado ajuda a manter a planta elegante, como se estivesse sempre pronta para um passeio de gala no seu jardim ou sala.<\/p>\n<h3>Fertilizantes: nutri\u00e7\u00e3o para a Ficus Benjamina<\/h3>\n<p>A minha dica \u00e9 usar um fertilizante rico em nitrog\u00eanio <b>durante a Primavera e o Ver\u00e3o<\/b>, de prefer\u00eancia a cada um ou dois meses.<\/p>\n<p>Isso deixa o solo mais f\u00e9rtil e garante folhas brilhantes e fortes \u2014 um verdadeiro luxo verde para a sua decora\u00e7\u00e3o natural.<\/p>\n<h3>Cuidados especiais para a Ficus Benjamina no jardim<\/h3>\n<p>Ao plantar no jardim, <b>escolha um local espa\u00e7oso, longe de cal\u00e7adas e muros<\/b>, para que ela cres\u00e7a livre, sem prejudicar constru\u00e7\u00f5es.<\/p>\n<p>A rega pode ser menos frequente que em vasos, pois a terra est\u00e1 diretamente em contato com o ambiente natural.<\/p>\n<img decoding=\"async\" src=\"https:\/\/www.aarquiteta.com.br\/blog\/wp-content\/uploads\/2026\/04\/Ficus-Benjamina-Guia-Completo-para-Cuidar-da-Planta-em-Vasos-e-no-Jardim-03.jpg\" alt=\"Ficus Benjamina: Guia Completo para Cuidar da Planta em Vasos e no Jardim\" width=\"1024\" height=\"1024\" title=\"\"> Ficus Benjamina: Guia Completo para Cuidar da Planta em Vasos e no Jardim\/caption]\n<h3>Tabela comparativa: Ficus Benjamina no vaso x no jardim<\/h3>\n<table border=\"1\" cellpadding=\"8\" cellspacing=\"0\" style=\"border-collapse: collapse; width: 100%; max-width: 600px; margin: 15px 0;\">\n<thead>\n<tr style=\"background-color: #f0f0f0;\">\n<th>Aspecto<\/th>\n<th>Ficus Benjamina em Vaso<\/th>\n<th>Ficus Benjamina no Jardim<\/th>\n<\/tr>\n<\/thead>\n<tbody>\n<tr>\n<td>Ilumina\u00e7\u00e3o<\/td>\n<td>Ambiente iluminado, sem sol direto intenso<\/td>\n<td>Local com sombra parcial, bem ventilado<\/td>\n<\/tr>\n<tr>\n<td>Rega<\/td>\n<td>Semanal, m\u00e1s aten\u00e7\u00e3o ao solo seco<\/td>\n<td>Mais espor\u00e1dica, conforme chuva natural<\/td>\n<\/tr>\n<tr>\n<td>Poda<\/td>\n<td>Uma vez por ano, antes da Primavera<\/td>\n<td>Recomendada para controle de crescimento<\/td>\n<\/tr>\n<tr>\n<td>Localiza\u00e7\u00e3o<\/td>\n<td>Longe do ar-condicionado e mudan\u00e7as bruscas<\/td>\n<td>Em \u00e1rea aberta, sem obstru\u00e7\u00f5es<\/td>\n<\/tr>\n<tr>\n<td>Fertilizante<\/td>\n<td>A cada 1-2 meses na Primavera e Ver\u00e3o<\/td>\n<td>Op\u00e7\u00e3o, dependendo da qualidade do solo<\/td>\n<\/tr>\n<\/tbody>\n<\/table>\n<h3>Curiosidades incr\u00edveis sobre a Ficus Benjamina<\/h3>\n<ul>\n<li><b>Origin\u00e1ria da \u00c1sia<\/b>, \u00e9 uma planta que simboliza resist\u00eancia e adaptabilidade.<\/li>\n<li>Suas flores pequenas se transformam em frutos vermelhos, <b>atraindo passarinhos<\/b> e dando vida ao jardim.<\/li>\n<li>A seiva leitosa da planta \u00e9 t\u00f3xica, podendo causar irrita\u00e7\u00f5es, por isso \u00e9 importante usar luvas ao podar.<\/li>\n<li>Ela ajuda a renovar o ar do ambiente, <b>trazendo energias positivas<\/b> para sua casa.<\/li>\n<li>\u00c9 uma das plantas mais indicadas para quem busca um toque natural sem muita complica\u00e7\u00e3o.<\/li>\n<\/ul>\n<h3>Seguran\u00e7a na hora da poda<\/h3>\n<p>Use luvas para evitar contato direto com a seiva, que pode causar <b>alergias e irrita\u00e7\u00f5es na pele<\/b>.<\/p>\n<p>Se ingerida, pode causar dores abdominais \u2014 <b>cuidado especial \u00e9 essencial<\/b> se houver crian\u00e7as ou pets por perto.<\/p>\n<h3>Enfim, vale a pena cultivar a Ficus Benjamina?<\/h3>\n<p>Sem d\u00favidas! Ela \u00e9 uma planta vers\u00e1til, elegante e que traz vida para qualquer espa\u00e7o.<\/p>\n<p>Quer deixar sua casa mais charmosa e acolhedora? <b>Experimente a Ficus Benjamina e conte para mim como foi sua experi\u00eancia!<\/b><\/p>\n<p>E se gostou, n\u00e3o deixe de conferir outras dicas sobre plantas para vasos e jardins \u2014 aqui no blog tem muita novidade esperando por voc\u00ea!<\/p>\n<img decoding=\"async\" src=\"https:\/\/www.aarquiteta.com.br\/blog\/wp-content\/uploads\/2026\/04\/Ficus-Benjamina-Guia-Completo-para-Cuidar-da-Planta-em-Vasos-e-no-Jardim-04.jpg\" alt=\"Ficus Benjamina: Guia Completo para Cuidar da Planta em Vasos e no Jardim\" width=\"1024\" height=\"1024\" title=\"\"> Ficus Benjamina: Guia Completo para Cuidar da Planta em Vasos e no Jardim\/caption]\n","protected":false},"excerpt":{"rendered":"<p>Ficus Benjamina \u00e9 uma planta vers\u00e1til que decora sua casa ou jardim, trazendo beleza e frescor com cuidados simples e pr\u00e1ticos. Introdu\u00e7\u00e3o: Por que escolher a Ficus Benjamina para sua casa? Voc\u00ea j\u00e1 reparou como uma planta pode transformar o visual e o clima de um ambiente? Ficus Benjamina n\u00e3o \u00e9 s\u00f3 linda, \u00e9 uma [&hellip;]<\/p>\n","protected":false},"author":20,"featured_media":157546,"comment_status":"open","ping_status":"","sticky":false,"template":"","format":"standard","meta":{"footnotes":""},"categories":[],"tags":[],"class_list":["post-157547","post","type-post","status-publish","format-standard","has-post-thumbnail"],"_wp_attached_file":null,"_wp_attachment_metadata":null,"_wp_attachment_context":null,"_wp_attachment_is_custom_header":null,"geo_longitude":null,"geo_public":null,"geo_latitude":null,"_publicize_done_external":null,"_wpas_done_3897181":null,"publicize_twitter_user":null,"_wpas_done_3897175":null,"_wpas_skip_3897181":null,"_wpas_skip_3897175":null,"_wpas_skip_3924723":null,"_wpas_mess":null,"_wpas_done_3924723":null,"wps_subtitle":"","_links":{"self":[{"href":"https:\/\/www.aarquiteta.com.br\/blog\/wp-json\/wp\/v2\/posts\/157547","targetHints":{"allow":["GET"]}}],"collection":[{"href":"https:\/\/www.aarquiteta.com.br\/blog\/wp-json\/wp\/v2\/posts"}],"about":[{"href":"https:\/\/www.aarquiteta.com.br\/blog\/wp-json\/wp\/v2\/types\/post"}],"author":[{"embeddable":true,"href":"https:\/\/www.aarquiteta.com.br\/blog\/wp-json\/wp\/v2\/users\/20"}],"replies":[{"embeddable":true,"href":"https:\/\/www.aarquiteta.com.br\/blog\/wp-json\/wp\/v2\/comments?post=157547"}],"version-history":[{"count":0,"href":"https:\/\/www.aarquiteta.com.br\/blog\/wp-json\/wp\/v2\/posts\/157547\/revisions"}],"wp:featuredmedia":[{"embeddable":true,"href":"https:\/\/www.aarquiteta.com.br\/blog\/wp-json\/wp\/v2\/media\/157546"}],"wp:attachment":[{"href":"https:\/\/www.aarquiteta.com.br\/blog\/wp-json\/wp\/v2\/media?parent=157547"}],"wp:term":[{"taxonomy":"category","embeddable":true,"href":"https:\/\/www.aarquiteta.com.br\/blog\/wp-json\/wp\/v2\/categories?post=157547"},{"taxonomy":"post_tag","embeddable":true,"href":"https:\/\/www.aarquiteta.com.br\/blog\/wp-json\/wp\/v2\/tags?post=157547"}],"curies":[{"name":"wp","href":"https:\/\/api.w.org\/{rel}","templated":true}]}}