{"id":157155,"date":"2026-03-29T01:01:45","date_gmt":"2026-03-29T04:01:45","guid":{"rendered":"https:\/\/www.aarquiteta.com.br\/blog\/mandril-arquitetura-casacor-sao-paulo-2024\/"},"modified":"2026-03-29T01:01:45","modified_gmt":"2026-03-29T04:01:45","slug":"mandril-arquitetura-casacor-sao-paulo-2024","status":"publish","type":"post","link":"https:\/\/www.aarquiteta.com.br\/blog\/mandril-arquitetura-casacor-sao-paulo-2024\/","title":{"rendered":"Mandril Arquitetura Apresenta Cozinha Artesanal e Contempor\u00e2nea na CASACOR S\u00e3o Paulo"},"content":{"rendered":"<p><b>Mandril Arquitetura apresenta uma cozinha artesanal e contempor\u00e2nea na CASACOR S\u00e3o Paulo 2024, com cer\u00e2micas autorais e design cheio de curvas.<\/b><\/p>\n<h3>Primeira participa\u00e7\u00e3o da Mandril Arquitetura na CASACOR<\/h3>\n<p>Voc\u00ea j\u00e1 sentiu que uma cozinha pode contar uma hist\u00f3ria? Foi isso que a Mandril Arquitetura trouxe na sua estreia na CASACOR S\u00e3o Paulo. <b>O escrit\u00f3rio, liderado por Bruno Reis e Helena Kallas, apostou no artesanal e no contempor\u00e2neo para transformar um espa\u00e7o de 55 m\u00b2.<\/b> A mostra, famosa por reunir o melhor da arquitetura e design da Am\u00e9rica, abrigou a \u201cCozinha Torno\u201d, que destaca a import\u00e2ncia do momento presente.<\/p>\n<img decoding=\"async\" src=\"https:\/\/www.aarquiteta.com.br\/blog\/wp-content\/uploads\/2026\/03\/Mandril-Arquitetura-Apresenta-Cozinha-Artesanal-e-Contemporynea-na-CASACOR-Syo-Paulo-01.jpg\" alt=\"Mandril Arquitetura Apresenta Cozinha Artesanal e Contempor\u00e2nea na CASACOR S\u00e3o Paulo\" width=\"1024\" height=\"1024\" title=\"\"> Mandril Arquitetura Apresenta Cozinha Artesanal e Contempor\u00e2nea na CASACOR S\u00e3o Paulo\/caption]\n<h3>Cer\u00e2micas autorais que traduzem conex\u00e3o e autenticidade<\/h3>\n<p>A grande estrela da cozinha \u00e9 a cole\u00e7\u00e3o de cer\u00e2micas feitas \u00e0 m\u00e3o, em parceria com o Ateli\u00ea Cer\u00e2mica &#038; Cia. <b>Essas pe\u00e7as foram pintadas e moldadas artesanalmente, revelando uma t\u00e9cnica milenar e aten\u00e7\u00e3o plena.<\/b> O uso do torno para criar vasos, lumin\u00e1rias e revestimentos sela o conceito do agora, convidando quem visita a vivenciar o espa\u00e7o com presen\u00e7a e carinho.<\/p>\n<h3>Linhas curvas dominam o design interior<\/h3>\n<p>Al\u00e9m das cer\u00e2micas, as <b>linhas curvas aparecem na marcenaria executada pela SCA, envolvendo a coifa e as laterais do arm\u00e1rio.<\/b> Essa escolha valoriza formas org\u00e2nicas, que se conectam com a suavidade das pe\u00e7as em barro e ajudam a convidar o visitante a permanecer no ambiente, criando um convite natural ao aconchego.<\/p>\n<img decoding=\"async\" src=\"https:\/\/www.aarquiteta.com.br\/blog\/wp-content\/uploads\/2026\/03\/Mandril-Arquitetura-Apresenta-Cozinha-Artesanal-e-Contemporynea-na-CASACOR-Syo-Paulo-02.jpg\" alt=\"Mandril Arquitetura Apresenta Cozinha Artesanal e Contempor\u00e2nea na CASACOR S\u00e3o Paulo\" width=\"1024\" height=\"1024\" title=\"\"> Mandril Arquitetura Apresenta Cozinha Artesanal e Contempor\u00e2nea na CASACOR S\u00e3o Paulo\/caption]\n<h3>Detalhes especiais que trazem mem\u00f3ria afetiva<\/h3>\n<p>Outro toque de personalidade fica por conta do azul, cor predominante no ambiente. <b>Ela aparece no tecido das cadeiras \u201cTi\u00e3o\u201d restauradas, na tape\u00e7aria setentista e nas pinceladas das cer\u00e2micas.<\/b> Essa cor foi escolhida com um significado especial para os idealizadores: prote\u00e7\u00e3o, conforto e bem-estar, levando o projeto para al\u00e9m do visual e dando carga emocional ao espa\u00e7o.<\/p>\n<h3>Modernidade e praticidade integradas ao artesanal<\/h3>\n<p>O equil\u00edbrio perfeito do artesanal com o pr\u00e1tico est\u00e1 em elementos como o porcelanato Gales da Portinari, a bancada em Dekton Nacre da Cosentino e os metais Deca. <b>Tudo pensado para oferecer conforto e funcionalidade, sem perder a identidade.<\/b> O design nacional contempor\u00e2neo marca presen\u00e7a com lumin\u00e1rias de Carolina Maluhy e Fernando Prado, trazendo luz e eleg\u00e2ncia.<\/p>\n<img decoding=\"async\" src=\"https:\/\/www.aarquiteta.com.br\/blog\/wp-content\/uploads\/2026\/03\/Mandril-Arquitetura-Apresenta-Cozinha-Artesanal-e-Contemporynea-na-CASACOR-Syo-Paulo-03.jpg\" alt=\"Mandril Arquitetura Apresenta Cozinha Artesanal e Contempor\u00e2nea na CASACOR S\u00e3o Paulo\" width=\"1024\" height=\"1024\" title=\"\"> Mandril Arquitetura Apresenta Cozinha Artesanal e Contempor\u00e2nea na CASACOR S\u00e3o Paulo\/caption]\n<h3>Como a Cozinha Torno traduz o tema \u201cDe presente, o agora\u201d<\/h3>\n<p>A Mandril Arquitetura usou o conceito do torno para mostrar que o importante \u00e9 a aten\u00e7\u00e3o ao presente. <b>A t\u00e9cnica artesanal requer foco, criar ao vivo, com as m\u00e3os. Essa filosofia foi aplicada no design, valorizando a experi\u00eancia de estar na cozinha.<\/b> \u00c9 um espa\u00e7o que funciona como mem\u00f3ria e ritual, conectando afetos e momentos em fam\u00edlia.<\/p>\n<h3>Tabela resumo: principais elementos da cozinha Mandril na CASACOR 2024<\/h3>\n<table border=\"1\" cellpadding=\"6\" cellspacing=\"0\" style=\"border-collapse:collapse; width:100%;\">\n<thead>\n<tr style=\"background-color:#f2f2f2;\">\n<th>Elemento<\/th>\n<th>Descri\u00e7\u00e3o<\/th>\n<th>Significado\/Funcionalidade<\/th>\n<\/tr>\n<\/thead>\n<tbody>\n<tr>\n<td>Cer\u00e2micas Autorais<\/td>\n<td>Pintadas e modeladas \u00e0 m\u00e3o pelo escrit\u00f3rio e ateli\u00ea parceiro<\/td>\n<td>Promove presen\u00e7a e autenticidade<\/td>\n<\/tr>\n<tr>\n<td>Linhas Curvas na Marcenaria<\/td>\n<td>Detalhes da coifa e arm\u00e1rios, feitos pela SCA<\/td>\n<td>Suavidade e conforto visual<\/td>\n<\/tr>\n<tr>\n<td>Cadeiras \u201cTi\u00e3o\u201d Restauradas<\/td>\n<td>Estofado azul e design cl\u00e1ssico nacional<\/td>\n<td>Mem\u00f3ria afetiva e estilo local<\/td>\n<\/tr>\n<tr>\n<td>Porcelanato Gales (Portinari)<\/td>\n<td>Piso parcial que une beleza e resist\u00eancia<\/td>\n<td>Praticidade e eleg\u00e2ncia<\/td>\n<\/tr>\n<tr>\n<td>Bancada Dekton Nacre (Cosentino)<\/td>\n<td>Superf\u00edcie resistente e moderna para prepara\u00e7\u00e3o<\/td>\n<td>Funcionalidade contempor\u00e2nea<\/td>\n<\/tr>\n<tr>\n<td>Lumin\u00e1rias E-cone e Eclipse<\/td>\n<td>Design nacional da Lumini, para pendentes e arandelas<\/td>\n<td>Ilumina\u00e7\u00e3o eficiente e estilo sofisticado<\/td>\n<\/tr>\n<\/tbody>\n<\/table>\n<img decoding=\"async\" src=\"https:\/\/www.aarquiteta.com.br\/blog\/wp-content\/uploads\/2026\/03\/Mandril-Arquitetura-Apresenta-Cozinha-Artesanal-e-Contemporynea-na-CASACOR-Syo-Paulo-04.jpg\" alt=\"Mandril Arquitetura Apresenta Cozinha Artesanal e Contempor\u00e2nea na CASACOR S\u00e3o Paulo\" width=\"1024\" height=\"1024\" title=\"\"> Mandril Arquitetura Apresenta Cozinha Artesanal e Contempor\u00e2nea na CASACOR S\u00e3o Paulo\/caption]\n","protected":false},"excerpt":{"rendered":"<p>Mandril Arquitetura apresenta uma cozinha artesanal e contempor\u00e2nea na CASACOR S\u00e3o Paulo 2024, com cer\u00e2micas autorais e design cheio de curvas. Primeira participa\u00e7\u00e3o da Mandril Arquitetura na CASACOR Voc\u00ea j\u00e1 sentiu que uma cozinha pode contar uma hist\u00f3ria? Foi isso que a Mandril Arquitetura trouxe na sua estreia na CASACOR S\u00e3o Paulo. O escrit\u00f3rio, liderado [&hellip;]<\/p>\n","protected":false},"author":20,"featured_media":157154,"comment_status":"open","ping_status":"","sticky":false,"template":"","format":"standard","meta":{"footnotes":""},"categories":[],"tags":[],"class_list":["post-157155","post","type-post","status-publish","format-standard","has-post-thumbnail"],"_wp_attached_file":null,"_wp_attachment_metadata":null,"_wp_attachment_context":null,"_wp_attachment_is_custom_header":null,"geo_longitude":null,"geo_public":null,"geo_latitude":null,"_publicize_done_external":null,"_wpas_done_3897181":null,"publicize_twitter_user":null,"_wpas_done_3897175":null,"_wpas_skip_3897181":null,"_wpas_skip_3897175":null,"_wpas_skip_3924723":null,"_wpas_mess":null,"_wpas_done_3924723":null,"wps_subtitle":"","_links":{"self":[{"href":"https:\/\/www.aarquiteta.com.br\/blog\/wp-json\/wp\/v2\/posts\/157155","targetHints":{"allow":["GET"]}}],"collection":[{"href":"https:\/\/www.aarquiteta.com.br\/blog\/wp-json\/wp\/v2\/posts"}],"about":[{"href":"https:\/\/www.aarquiteta.com.br\/blog\/wp-json\/wp\/v2\/types\/post"}],"author":[{"embeddable":true,"href":"https:\/\/www.aarquiteta.com.br\/blog\/wp-json\/wp\/v2\/users\/20"}],"replies":[{"embeddable":true,"href":"https:\/\/www.aarquiteta.com.br\/blog\/wp-json\/wp\/v2\/comments?post=157155"}],"version-history":[{"count":0,"href":"https:\/\/www.aarquiteta.com.br\/blog\/wp-json\/wp\/v2\/posts\/157155\/revisions"}],"wp:featuredmedia":[{"embeddable":true,"href":"https:\/\/www.aarquiteta.com.br\/blog\/wp-json\/wp\/v2\/media\/157154"}],"wp:attachment":[{"href":"https:\/\/www.aarquiteta.com.br\/blog\/wp-json\/wp\/v2\/media?parent=157155"}],"wp:term":[{"taxonomy":"category","embeddable":true,"href":"https:\/\/www.aarquiteta.com.br\/blog\/wp-json\/wp\/v2\/categories?post=157155"},{"taxonomy":"post_tag","embeddable":true,"href":"https:\/\/www.aarquiteta.com.br\/blog\/wp-json\/wp\/v2\/tags?post=157155"}],"curies":[{"name":"wp","href":"https:\/\/api.w.org\/{rel}","templated":true}]}}