{"id":157150,"date":"2026-03-28T17:02:15","date_gmt":"2026-03-28T20:02:15","guid":{"rendered":"https:\/\/www.aarquiteta.com.br\/blog\/home-office-na-sala\/"},"modified":"2026-03-28T17:02:15","modified_gmt":"2026-03-28T20:02:15","slug":"home-office-na-sala","status":"publish","type":"post","link":"https:\/\/www.aarquiteta.com.br\/blog\/home-office-na-sala\/","title":{"rendered":"Como montar e decorar um home office funcional e integrado na sala de estar"},"content":{"rendered":"<p><b>Montar um home office funcional e integrado na sala de estar pode transformar seu dia a dia, tornando o trabalho confort\u00e1vel e a decora\u00e7\u00e3o harmoniosa.<\/b><\/p>\n<h3>Por que apostar no home office integrado \u00e0 sala de estar?<\/h3>\n<p><b>Usar a sala de estar para trabalho \u00e9 ideal para quem tem pouco espa\u00e7o, mas deseja um ambiente pr\u00e1tico e bonito.<\/b><\/p>\n<p>Al\u00e9m de otimizar espa\u00e7o, essa integra\u00e7\u00e3o promove um conv\u00edvio mais flex\u00edvel, sem a necessidade de ambientes isolados.<\/p>\n<p>Com estrat\u00e9gias simples, \u00e9 poss\u00edvel unir conforto e organiza\u00e7\u00e3o, sem perder a identidade do seu lar.<\/p>\n<img decoding=\"async\" src=\"https:\/\/www.aarquiteta.com.br\/blog\/wp-content\/uploads\/2026\/03\/Como-montar-e-decorar-um-home-office-funcional-e-integrado-na-sala-de-estar-01.jpg\" alt=\"Como montar e decorar um home office funcional e integrado na sala de estar\" width=\"1024\" height=\"1024\" title=\"\"> Como montar e decorar um home office funcional e integrado na sala de estar\/caption]\n<h3>Cloffice: o escrit\u00f3rio dentro do arm\u00e1rio que cabe na sua sala<\/h3>\n<p><b>O cloffice \u00e9 uma solu\u00e7\u00e3o inteligente para disfar\u00e7ar o home office em pequenos espa\u00e7os.<\/b><\/p>\n<p>Basta um arm\u00e1rio pr\u00f3ximo ao rack ou buffet para criar um espa\u00e7o exclusivo que fecha \u00e0 noite, mantendo a sala limpa.<\/p>\n<p>Assim, seu ambiente de trabalho fica pr\u00e1tico e invis\u00edvel, sem bagun\u00e7a aparente.<\/p>\n<h3>Mesa atr\u00e1s do sof\u00e1: aproveitamento inteligente para home office<\/h3>\n<p><b>Colocar a mesa atr\u00e1s do sof\u00e1 aproveita cantos pouco usados e torna o home office discreto.<\/b><\/p>\n<p>Essa estrat\u00e9gia funciona bem em salas amplas ou com conceito aberto, onde o espa\u00e7o pede fun\u00e7\u00f5es duplas.<\/p>\n<p>Al\u00e9m disso, a mesa vira um aparador elegante quando voc\u00ea n\u00e3o estiver trabalhando.<\/p>\n<img decoding=\"async\" src=\"https:\/\/www.aarquiteta.com.br\/blog\/wp-content\/uploads\/2026\/03\/Como-montar-e-decorar-um-home-office-funcional-e-integrado-na-sala-de-estar-02.jpg\" alt=\"Como montar e decorar um home office funcional e integrado na sala de estar\" width=\"1024\" height=\"1024\" title=\"\"> Como montar e decorar um home office funcional e integrado na sala de estar\/caption]\n<h3>Home office ao lado do rack: aproveite cada cantinho<\/h3>\n<p><b>Um cantinho ao lado do rack pode ser o local perfeito para um escrit\u00f3rio funcional.<\/b><\/p>\n<p>Com gaveteiros inteligentes e organizadores, voc\u00ea mant\u00e9m tudo no lugar e evita a bagun\u00e7a visual.<\/p>\n<p>Organiza\u00e7\u00e3o aqui \u00e9 mais que est\u00e9tica, \u00e9 produtividade imediata.<\/p>\n<h3>Escolhendo a mesa ideal para seu home office integrado<\/h3>\n<p><b>A mesa deve combinar espa\u00e7o e ergonomia: suporte para monitor, teclado e material de trabalho.<\/b><\/p>\n<p>Mesa ajust\u00e1vel \u00e9 um plus para variar a postura e cuidar da sa\u00fade durante o dia.<\/p>\n<p>Modelos com gavetas e prateleiras ajudam a manter a ordem no seu cantinho de trabalho.<\/p>\n<img decoding=\"async\" src=\"https:\/\/www.aarquiteta.com.br\/blog\/wp-content\/uploads\/2026\/03\/Como-montar-e-decorar-um-home-office-funcional-e-integrado-na-sala-de-estar-03.jpg\" alt=\"Como montar e decorar um home office funcional e integrado na sala de estar\" width=\"1024\" height=\"1024\" title=\"\"> Como montar e decorar um home office funcional e integrado na sala de estar\/caption]\n<h3>Cadeiras confort\u00e1veis para trabalhar sem prejudicar sua postura<\/h3>\n<p><b>Invista em cadeiras com bom suporte lombar e assentos acolchoados para conforto duradouro.<\/b><\/p>\n<p>Materiais como malha ou couro respir\u00e1vel ajudam a manter a sensa\u00e7\u00e3o de frescor durante longas horas.<\/p>\n<p>E claro, escolha um design que combine e valorize a decora\u00e7\u00e3o da sua sala.<\/p>\n<h3>Ilumina\u00e7\u00e3o que potencializa seu desempenho no home office<\/h3>\n<p><b>Combinar luz natural e artificial \u00e9 fundamental para um ambiente produtivo.<\/b><\/p>\n<p>Luzes brancas entre 4000K e 5000K ajudam a reduzir a fadiga e melhorar a concentra\u00e7\u00e3o.<\/p>\n<p>Uma lumin\u00e1ria de mesa ajust\u00e1vel e luzes de teto criam camadas que iluminam sem cansar os olhos.<\/p>\n<h3>Dicas finais para integrar seu home office na sala com estilo<\/h3>\n<p><b>Equilibrar decora\u00e7\u00e3o, conforto e funcionalidade \u00e9 o segredo para um home office integrado e agrad\u00e1vel.<\/b><\/p>\n<p>Use cores neutras que combinam com o resto da sala e invista em prateleiras para personalizar o espa\u00e7o.<\/p>\n<p>Pequenos detalhes, como plantas e objetos decorativos, trazem vida e motiva\u00e7\u00e3o para o seu dia.<\/p>\n<img decoding=\"async\" src=\"https:\/\/www.aarquiteta.com.br\/blog\/wp-content\/uploads\/2026\/03\/Como-montar-e-decorar-um-home-office-funcional-e-integrado-na-sala-de-estar-04.jpg\" alt=\"Como montar e decorar um home office funcional e integrado na sala de estar\" width=\"1024\" height=\"1024\" title=\"\"> Como montar e decorar um home office funcional e integrado na sala de estar\/caption]\n","protected":false},"excerpt":{"rendered":"<p>Montar um home office funcional e integrado na sala de estar pode transformar seu dia a dia, tornando o trabalho confort\u00e1vel e a decora\u00e7\u00e3o harmoniosa. Por que apostar no home office integrado \u00e0 sala de estar? Usar a sala de estar para trabalho \u00e9 ideal para quem tem pouco espa\u00e7o, mas deseja um ambiente pr\u00e1tico [&hellip;]<\/p>\n","protected":false},"author":20,"featured_media":157149,"comment_status":"open","ping_status":"","sticky":false,"template":"","format":"standard","meta":{"footnotes":""},"categories":[],"tags":[],"class_list":["post-157150","post","type-post","status-publish","format-standard","has-post-thumbnail"],"_wp_attached_file":null,"_wp_attachment_metadata":null,"_wp_attachment_context":null,"_wp_attachment_is_custom_header":null,"geo_longitude":null,"geo_public":null,"geo_latitude":null,"_publicize_done_external":null,"_wpas_done_3897181":null,"publicize_twitter_user":null,"_wpas_done_3897175":null,"_wpas_skip_3897181":null,"_wpas_skip_3897175":null,"_wpas_skip_3924723":null,"_wpas_mess":null,"_wpas_done_3924723":null,"wps_subtitle":"","_links":{"self":[{"href":"https:\/\/www.aarquiteta.com.br\/blog\/wp-json\/wp\/v2\/posts\/157150","targetHints":{"allow":["GET"]}}],"collection":[{"href":"https:\/\/www.aarquiteta.com.br\/blog\/wp-json\/wp\/v2\/posts"}],"about":[{"href":"https:\/\/www.aarquiteta.com.br\/blog\/wp-json\/wp\/v2\/types\/post"}],"author":[{"embeddable":true,"href":"https:\/\/www.aarquiteta.com.br\/blog\/wp-json\/wp\/v2\/users\/20"}],"replies":[{"embeddable":true,"href":"https:\/\/www.aarquiteta.com.br\/blog\/wp-json\/wp\/v2\/comments?post=157150"}],"version-history":[{"count":0,"href":"https:\/\/www.aarquiteta.com.br\/blog\/wp-json\/wp\/v2\/posts\/157150\/revisions"}],"wp:featuredmedia":[{"embeddable":true,"href":"https:\/\/www.aarquiteta.com.br\/blog\/wp-json\/wp\/v2\/media\/157149"}],"wp:attachment":[{"href":"https:\/\/www.aarquiteta.com.br\/blog\/wp-json\/wp\/v2\/media?parent=157150"}],"wp:term":[{"taxonomy":"category","embeddable":true,"href":"https:\/\/www.aarquiteta.com.br\/blog\/wp-json\/wp\/v2\/categories?post=157150"},{"taxonomy":"post_tag","embeddable":true,"href":"https:\/\/www.aarquiteta.com.br\/blog\/wp-json\/wp\/v2\/tags?post=157150"}],"curies":[{"name":"wp","href":"https:\/\/api.w.org\/{rel}","templated":true}]}}