{"id":157140,"date":"2026-03-28T01:01:49","date_gmt":"2026-03-28T04:01:49","guid":{"rendered":"https:\/\/www.aarquiteta.com.br\/blog\/cabeceira-ripada-3\/"},"modified":"2026-03-28T01:01:49","modified_gmt":"2026-03-28T04:01:49","slug":"cabeceira-ripada-3","status":"publish","type":"post","link":"https:\/\/www.aarquiteta.com.br\/blog\/cabeceira-ripada-3\/","title":{"rendered":"Cabeceira Ripada: Guia Pr\u00e1tico para Transformar Seu Quarto com Estilo e Economia"},"content":{"rendered":"<p><b>Cabeceira ripada<\/b> \u00e9 a solu\u00e7\u00e3o pr\u00e1tica e charmosa para atualizar seu quarto com estilo, sem gastar muito.<\/p>\n<h3>O que \u00e9 a cabeceira ripada e por que ela faz sucesso?<\/h3>\n<p>Voc\u00ea j\u00e1 percebeu como uma simples <b>cabeceira ripada<\/b> pode mudar a cara do seu quarto?<\/p>\n<p>Ela traz um visual moderno, leve e cheio de personalidade.<\/p>\n<p>Al\u00e9m disso, \u00e9 econ\u00f4mica e super f\u00e1cil de fazer!<\/p>\n<img decoding=\"async\" src=\"https:\/\/www.aarquiteta.com.br\/blog\/wp-content\/uploads\/2026\/03\/Cabeceira-Ripada-Guia-Prytico-para-Transformar-Seu-Quarto-com-Estilo-e-Economia-01.jpg\" alt=\"Cabeceira Ripada: Guia Pr\u00e1tico para Transformar Seu Quarto com Estilo e Economia\" width=\"1024\" height=\"1024\" title=\"\"> Cabeceira Ripada: Guia Pr\u00e1tico para Transformar Seu Quarto com Estilo e Economia\/caption]\n<h3>Modelos de cabeceira ripada para diferentes estilos de quarto<\/h3>\n<p>Existem v\u00e1rias maneiras de usar ripas de madeira na sua cabeceira.<\/p>\n<p>Por exemplo, a <b>cabeceira ripada simples<\/b> \u00e9 \u00f3tima para quem gosta de um ambiente clean e minimalista.<\/p>\n<p>J\u00e1 o painel ripado que cobre toda a parede d\u00e1 um toque de luxo e amplitude.<\/p>\n<img decoding=\"async\" src=\"https:\/\/www.aarquiteta.com.br\/blog\/wp-content\/uploads\/2026\/03\/Cabeceira-Ripada-Guia-Prytico-para-Transformar-Seu-Quarto-com-Estilo-e-Economia-02.jpg\" alt=\"Cabeceira Ripada: Guia Pr\u00e1tico para Transformar Seu Quarto com Estilo e Economia\" width=\"1024\" height=\"1024\" title=\"\"> Cabeceira Ripada: Guia Pr\u00e1tico para Transformar Seu Quarto com Estilo e Economia\/caption]\n<h3>Como escolher a melhor madeira para sua cabeceira ripada<\/h3>\n<p>A escolha da madeira \u00e9 super importante para garantir resist\u00eancia e beleza.<\/p>\n<p>Madeiras nobres como pinus, MDF ou mesmo reaproveitadas trazem diferentes texturas e tons para o ambiente.<\/p>\n<h3>Passo a passo para fazer sua cabeceira ripada sem complica\u00e7\u00e3o<\/h3>\n<ol>\n<li><b>Compre as ripas nas medidas certas<\/b> para evitar desperd\u00edcios e facilitar a instala\u00e7\u00e3o.<\/li>\n<li><b>Pinte e impermeabilize a madeira<\/b>, para proteger e dar o acabamento desejado.<\/li>\n<li><b>Instale suportes horizontais<\/b> na parede para fixar as ripas verticais com facilidade e seguran\u00e7a.<\/li>\n<li><b>Monte as ripas<\/b> com espa\u00e7amento uniforme para um visual harmonioso.<\/li>\n<li><b>Finalize com uma decora\u00e7\u00e3o leve<\/b>, usando quadros, lumin\u00e1rias ou plantas para dar vida ao quarto.<\/li>\n<\/ol>\n<img decoding=\"async\" src=\"https:\/\/www.aarquiteta.com.br\/blog\/wp-content\/uploads\/2026\/03\/Cabeceira-Ripada-Guia-Prytico-para-Transformar-Seu-Quarto-com-Estilo-e-Economia-03.jpg\" alt=\"Cabeceira Ripada: Guia Pr\u00e1tico para Transformar Seu Quarto com Estilo e Economia\" width=\"1024\" height=\"1024\" title=\"\"> Cabeceira Ripada: Guia Pr\u00e1tico para Transformar Seu Quarto com Estilo e Economia\/caption]\n<h3>Guia r\u00e1pido: comparativo de tipos de cabeceiras ripadas<\/h3>\n<table border=\"1\" cellspacing=\"0\" cellpadding=\"8\" style=\"border-collapse: collapse; margin: 15px 0; width: 100%;\">\n<thead>\n<tr style=\"background-color: #f2f2f2;\">\n<th>Tipo de Cabeceira<\/th>\n<th>Visual<\/th>\n<th>Vantagens<\/th>\n<th>Indicado para<\/th>\n<\/tr>\n<\/thead>\n<tbody>\n<tr>\n<td>Simples Ripada<\/td>\n<td>Minimalista e moderna<\/td>\n<td>F\u00e1cil de fazer, econ\u00f4mica<\/td>\n<td>Quartos pequenos e decor minimalista<\/td>\n<\/tr>\n<tr>\n<td>Na metade da parede<\/td>\n<td>Decorativa e funcional<\/td>\n<td>Espa\u00e7o para outros revestimentos e luz indireta<\/td>\n<td>Ambientes m\u00e9dios, customiz\u00e1veis<\/td>\n<\/tr>\n<tr>\n<td>Painel ripado em toda parede<\/td>\n<td>Imponente e estilosa<\/td>\n<td>Amplia o espa\u00e7o visualmente, luxo<\/td>\n<td>Quartos amplos e estilosos<\/td>\n<\/tr>\n<\/tbody>\n<\/table>\n<h3>Dicas para combinar a cabeceira ripada com sua decora\u00e7\u00e3o<\/h3>\n<ul>\n<li>Use roupas de cama neutras para destacar a textura da madeira.<\/li>\n<li>Adicione plantas para frescor e vida ao ambiente.<\/li>\n<li>Invista em uma ilumina\u00e7\u00e3o suave, como fitas de LED, para um toque acolhedor.<\/li>\n<li>Decore com quadros e lumin\u00e1rias simples que valorizem a cabeceira.<\/li>\n<\/ul>\n<h3>Porque investir numa cabeceira ripada \u00e9 uma escolha inteligente<\/h3>\n<p>Al\u00e9m da beleza \u00fanica, a cabeceira ripada \u00e9 vers\u00e1til, barata e f\u00e1cil de renovar.<\/p>\n<p>Basta pintar ou trocar as ripas para atualizar o quarto sem gastar uma fortuna.<\/p>\n<h3>Inspire-se: transforma\u00e7\u00e3o real com cabeceira ripada<\/h3>\n<p>Conheci uma amiga que reformou o quarto inteiro gastando pouco.<\/p>\n<p>Ela fez uma cabeceira ripada simples e aplicou uma fita LED \u2013 o resultado? Um ambiente super aconchegante e elegante.<\/p>\n<p>Isso prova que com criatividade e um toque de madeira, seu quarto pode virar um cantinho dos sonhos.<\/p>\n<h3>Quer transformar seu quarto hoje mesmo? Aproveite para come\u00e7ar seu projeto!<\/h3>\n<p>Agora que voc\u00ea viu como a <b>cabeceira ripada<\/b> \u00e9 pr\u00e1tica, charmosa e acess\u00edvel, que tal tirar suas ideias do papel?<\/p>\n<p>Deixe seu coment\u00e1rio aqui, conte sua experi\u00eancia ou d\u00favidas para que possamos ajudar voc\u00ea a criar um quarto com muito estilo e economia.<\/p>\n<p>Ah, e n\u00e3o deixe de conferir outros conte\u00fados que v\u00e3o te ajudar a reformar sua casa com criatividade!<\/p>\n<h3>Temas relacionados para voc\u00ea explorar:<\/h3>\n<ul>\n<li>Decora\u00e7\u00e3o barata para quartos pequenos<\/li>\n<li>Como escolher a ilumina\u00e7\u00e3o ideal para o quarto<\/li>\n<li>M\u00f3veis multifuncionais para otimizar espa\u00e7o<\/li>\n<\/ul>\n<img decoding=\"async\" src=\"https:\/\/www.aarquiteta.com.br\/blog\/wp-content\/uploads\/2026\/03\/Cabeceira-Ripada-Guia-Prytico-para-Transformar-Seu-Quarto-com-Estilo-e-Economia-04.jpg\" alt=\"Cabeceira Ripada: Guia Pr\u00e1tico para Transformar Seu Quarto com Estilo e Economia\" width=\"1024\" height=\"1024\" title=\"\"> Cabeceira Ripada: Guia Pr\u00e1tico para Transformar Seu Quarto com Estilo e Economia\/caption]\n","protected":false},"excerpt":{"rendered":"<p>Cabeceira ripada \u00e9 a solu\u00e7\u00e3o pr\u00e1tica e charmosa para atualizar seu quarto com estilo, sem gastar muito. O que \u00e9 a cabeceira ripada e por que ela faz sucesso? Voc\u00ea j\u00e1 percebeu como uma simples cabeceira ripada pode mudar a cara do seu quarto? Ela traz um visual moderno, leve e cheio de personalidade. Al\u00e9m [&hellip;]<\/p>\n","protected":false},"author":20,"featured_media":157139,"comment_status":"open","ping_status":"","sticky":false,"template":"","format":"standard","meta":{"footnotes":""},"categories":[],"tags":[],"class_list":["post-157140","post","type-post","status-publish","format-standard","has-post-thumbnail"],"_wp_attached_file":null,"_wp_attachment_metadata":null,"_wp_attachment_context":null,"_wp_attachment_is_custom_header":null,"geo_longitude":null,"geo_public":null,"geo_latitude":null,"_publicize_done_external":null,"_wpas_done_3897181":null,"publicize_twitter_user":null,"_wpas_done_3897175":null,"_wpas_skip_3897181":null,"_wpas_skip_3897175":null,"_wpas_skip_3924723":null,"_wpas_mess":null,"_wpas_done_3924723":null,"wps_subtitle":"","_links":{"self":[{"href":"https:\/\/www.aarquiteta.com.br\/blog\/wp-json\/wp\/v2\/posts\/157140","targetHints":{"allow":["GET"]}}],"collection":[{"href":"https:\/\/www.aarquiteta.com.br\/blog\/wp-json\/wp\/v2\/posts"}],"about":[{"href":"https:\/\/www.aarquiteta.com.br\/blog\/wp-json\/wp\/v2\/types\/post"}],"author":[{"embeddable":true,"href":"https:\/\/www.aarquiteta.com.br\/blog\/wp-json\/wp\/v2\/users\/20"}],"replies":[{"embeddable":true,"href":"https:\/\/www.aarquiteta.com.br\/blog\/wp-json\/wp\/v2\/comments?post=157140"}],"version-history":[{"count":0,"href":"https:\/\/www.aarquiteta.com.br\/blog\/wp-json\/wp\/v2\/posts\/157140\/revisions"}],"wp:featuredmedia":[{"embeddable":true,"href":"https:\/\/www.aarquiteta.com.br\/blog\/wp-json\/wp\/v2\/media\/157139"}],"wp:attachment":[{"href":"https:\/\/www.aarquiteta.com.br\/blog\/wp-json\/wp\/v2\/media?parent=157140"}],"wp:term":[{"taxonomy":"category","embeddable":true,"href":"https:\/\/www.aarquiteta.com.br\/blog\/wp-json\/wp\/v2\/categories?post=157140"},{"taxonomy":"post_tag","embeddable":true,"href":"https:\/\/www.aarquiteta.com.br\/blog\/wp-json\/wp\/v2\/tags?post=157140"}],"curies":[{"name":"wp","href":"https:\/\/api.w.org\/{rel}","templated":true}]}}