{"id":157135,"date":"2026-03-27T17:02:10","date_gmt":"2026-03-27T20:02:10","guid":{"rendered":"https:\/\/www.aarquiteta.com.br\/blog\/pedras-para-jardim\/"},"modified":"2026-03-27T17:02:10","modified_gmt":"2026-03-27T20:02:10","slug":"pedras-para-jardim","status":"publish","type":"post","link":"https:\/\/www.aarquiteta.com.br\/blog\/pedras-para-jardim\/","title":{"rendered":"Pedras para Jardim: Como Escolher e Usar para Valorizar Seu Espa\u00e7o Verde"},"content":{"rendered":"<p><b>Quer transformar seu jardim em um espa\u00e7o lindo e funcional?<\/b> Saiba como escolher as pedras certas para valorizar seu espa\u00e7o verde com facilidade e estilo!<\/p>\n<h3>Por que usar pedras para jardim?<\/h3>\n<p>As pedras d\u00e3o um toque natural e dur\u00e1vel ao jardim, <b>que combina beleza com praticidade.<\/b> Elas facilitam a manuten\u00e7\u00e3o e garantem um visual organizado.<\/p>\n<p>Al\u00e9m disso, <b>podem ser usadas para caminhos, forra\u00e7\u00e3o e at\u00e9 mobili\u00e1rio natural.<\/b> S\u00e3o vers\u00e1teis e complementam plantas e flores com charme.<\/p>\n<p>Se voc\u00ea busca um jardim marcante, <b>as pedras s\u00e3o a escolha certa para trazer personalidade ao ambiente.<\/b><\/p>\n<img decoding=\"async\" src=\"https:\/\/www.aarquiteta.com.br\/blog\/wp-content\/uploads\/2026\/03\/Pedras-para-Jardim-Como-Escolher-e-Usar-para-Valorizar-Seu-Espayo-Verde-01.jpg\" alt=\"Pedras para Jardim: Como Escolher e Usar para Valorizar Seu Espa\u00e7o Verde\" width=\"1024\" height=\"1024\" title=\"\"> Pedras para Jardim: Como Escolher e Usar para Valorizar Seu Espa\u00e7o Verde\/caption]\n<h3>Tipos mais usados de pedras para jardim<\/h3>\n<ul>\n<li><b>Pedra de rio:<\/b> acess\u00edvel e com aspecto bem natural, ideal para quem gosta do visual r\u00fastico.<\/li>\n<li><b>Seixo natural e rolado:<\/b> o natural \u00e9 bruto, o rolado \u00e9 liso e polido \u2013 escolha conforme o estilo do seu jardim.<\/li>\n<li><b>Brita branca e cinza:<\/b> econ\u00f4mica, real\u00e7a plantas coloridas e serve para jardins zen ou modernos.<\/li>\n<li><b>Dolomita branca:<\/b> textura uniforme, ideal para criar \u00e1reas elegantes e funcionais.<\/li>\n<li><b>Argila expandida:<\/b> leve e \u00famida, perfeita para vasos e terra\u00e7os.<\/li>\n<li><b>Pedras S\u00e3o Tom\u00e9 e caverna:<\/b> antiderrapantes e resistentes, \u00f3timas para caminhos e bordas.<\/li>\n<li><b>Placas de m\u00e1rmore e granito:<\/b> para quem quer um toque sofisticado e pr\u00e1tico.<\/li>\n<\/ul>\n<img decoding=\"async\" src=\"https:\/\/www.aarquiteta.com.br\/blog\/wp-content\/uploads\/2026\/03\/Pedras-para-Jardim-Como-Escolher-e-Usar-para-Valorizar-Seu-Espayo-Verde-02.jpg\" alt=\"Pedras para Jardim: Como Escolher e Usar para Valorizar Seu Espa\u00e7o Verde\" width=\"1024\" height=\"1024\" title=\"\"> Pedras para Jardim: Como Escolher e Usar para Valorizar Seu Espa\u00e7o Verde\/caption]\n<h3>Tabela comparativa: tipos de pedras para jardim<\/h3>\n<table border=\"1\" cellpadding=\"5\" cellspacing=\"0\">\n<thead>\n<tr>\n<th>Tipo<\/th>\n<th>Visual<\/th>\n<th>Uso Ideal<\/th>\n<th>Pre\u00e7o M\u00e9dio<\/th>\n<th>Vantagens<\/th>\n<\/tr>\n<\/thead>\n<tbody>\n<tr>\n<td>Pedra de rio<\/td>\n<td>Natural, tons amarronzados<\/td>\n<td>Caminhos, forra\u00e7\u00e3o<\/td>\n<td>Baixo<\/td>\n<td>Natural, econ\u00f4mica<\/td>\n<\/tr>\n<tr>\n<td>Seixo natural\/rolado<\/td>\n<td>R\u00fastico \/ liso polido<\/td>\n<td>Decora\u00e7\u00e3o, caminhos<\/td>\n<td>M\u00e9dio<\/td>\n<td>Vers\u00e1til, visual limpo<\/td>\n<\/tr>\n<tr>\n<td>Brita (branca\/cinza)<\/td>\n<td>Irregular, tons neutros<\/td>\n<td>Jardins zen, caminhos<\/td>\n<td>Baixo<\/td>\n<td>Equil\u00edbrio entre custo e est\u00e9tica<\/td>\n<\/tr>\n<tr>\n<td>Dolomita branca<\/td>\n<td>Textura uniforme<\/td>\n<td>Forra\u00e7\u00e3o, vasos<\/td>\n<td>M\u00e9dio<\/td>\n<td>Est\u00e9tica sofisticada, f\u00e1cil aplica\u00e7\u00e3o<\/td>\n<\/tr>\n<tr>\n<td>Argila expandida<\/td>\n<td>Marron, leve<\/td>\n<td>Vasos, terra\u00e7os<\/td>\n<td>Baixo<\/td>\n<td>Reter umidade, leve<\/td>\n<\/tr>\n<tr>\n<td>Pedra S\u00e3o Tom\u00e9<\/td>\n<td>Antiderrapante, resistente<\/td>\n<td>Caminhos, \u00e1rea externa<\/td>\n<td>M\u00e9dio<\/td>\n<td>Dur\u00e1vel, segura<\/td>\n<\/tr>\n<tr>\n<td>Placas de m\u00e1rmore<\/td>\n<td>Sofisticado, r\u00fastico<\/td>\n<td>Caminhos, bancos<\/td>\n<td>Alto<\/td>\n<td>Elegante, resistente<\/td>\n<\/tr>\n<\/tbody>\n<\/table>\n<img decoding=\"async\" src=\"https:\/\/www.aarquiteta.com.br\/blog\/wp-content\/uploads\/2026\/03\/Pedras-para-Jardim-Como-Escolher-e-Usar-para-Valorizar-Seu-Espayo-Verde-03.jpg\" alt=\"Pedras para Jardim: Como Escolher e Usar para Valorizar Seu Espa\u00e7o Verde\" width=\"1024\" height=\"1024\" title=\"\"> Pedras para Jardim: Como Escolher e Usar para Valorizar Seu Espa\u00e7o Verde\/caption]\n<h3>Como escolher pedras para seu jardim<\/h3>\n<p>Antes de comprar, <b>pense no estilo do seu espa\u00e7o e no uso que dar\u00e1 \u00e0s pedras.<\/b><\/p>\n<p>Para caminhos, prefira pedras antiderrapantes como a S\u00e3o Tom\u00e9 ou o seixo rolado.<\/p>\n<p>Se quer decorar bonsais ou vasos, a argila expandida \u00e9 leve e funcional.<\/p>\n<p>J\u00e1 para um visual r\u00fastico, a pedra de rio e a pedra caverna s\u00e3o perfeitas.<\/p>\n<h3>Vantagens de usar pedras no jardim<\/h3>\n<ul>\n<li><b>Baixa manuten\u00e7\u00e3o:<\/b> sem necessidade de regar ou podar.<\/li>\n<li><b>Durabilidade:<\/b> resistem bem ao tempo e \u00e0s intemp\u00e9ries.<\/li>\n<li><b>Controle de eros\u00e3o:<\/b> ajudam a proteger o solo conservando a umidade.<\/li>\n<li><b>Est\u00e9tica:<\/b> trazem organiza\u00e7\u00e3o e beleza natural ao ambiente.<\/li>\n<\/ul>\n<h3>Cuidados e desvantagens ao usar pedras no jardim<\/h3>\n<ul>\n<li>O custo inicial pode ser alto, dependo do material escolhido.<\/li>\n<li>Pedras expostas ao sol podem esquentar, <b>atento ao conforto para p\u00e9s descal\u00e7os.<\/b><\/li>\n<li>Se usadas direto no solo sem manta geot\u00eaxtil, podem se misturar \u00e0 terra e precisar de manuten\u00e7\u00e3o.<\/li>\n<\/ul>\n<h3>Dicas para combinar pedras com plantas<\/h3>\n<p>Use pedras claras em jardins com plantas coloridas para valorizar as flores.<\/p>\n<p>Combine pedras r\u00fasticas e plantas verdes para criar um cen\u00e1rio aconchegante e natural.<\/p>\n<p>Em vasos e jardins zen, aposte na dolomita branca para um toque de eleg\u00e2ncia suave.<\/p>\n<h3>Inspira\u00e7\u00f5es para valorizar seu jardim com pedras<\/h3>\n<ul>\n<li>Caminhos de pedra S\u00e3o Tom\u00e9 para \u00e1reas externas seguras e bonitas.<\/li>\n<li>Bordas com pedra caverna para delimitar canteiros de maneira natural.<\/li>\n<li>Forra\u00e7\u00e3o com brita branca para real\u00e7ar cores e destacar vasos.<\/li>\n<li>Banco r\u00fastico feito com placas de granito<\/li>\n<\/ul>\n<p><b>Gostou das dicas? Experimente usar pedras para jardim e transforme seu cantinho verde!<\/b> Deixe seu coment\u00e1rio ou compartilhe suas ideias. Quer mais inspira\u00e7\u00f5es? Navegue pelo blog e descubra como deixar sua casa ainda mais charmosa.<\/p>\n<img decoding=\"async\" src=\"https:\/\/www.aarquiteta.com.br\/blog\/wp-content\/uploads\/2026\/03\/Pedras-para-Jardim-Como-Escolher-e-Usar-para-Valorizar-Seu-Espayo-Verde-04.jpg\" alt=\"Pedras para Jardim: Como Escolher e Usar para Valorizar Seu Espa\u00e7o Verde\" width=\"1024\" height=\"1024\" title=\"\"> Pedras para Jardim: Como Escolher e Usar para Valorizar Seu Espa\u00e7o Verde\/caption]\n","protected":false},"excerpt":{"rendered":"<p>Quer transformar seu jardim em um espa\u00e7o lindo e funcional? Saiba como escolher as pedras certas para valorizar seu espa\u00e7o verde com facilidade e estilo! Por que usar pedras para jardim? As pedras d\u00e3o um toque natural e dur\u00e1vel ao jardim, que combina beleza com praticidade. Elas facilitam a manuten\u00e7\u00e3o e garantem um visual organizado. [&hellip;]<\/p>\n","protected":false},"author":20,"featured_media":157134,"comment_status":"open","ping_status":"","sticky":false,"template":"","format":"standard","meta":{"footnotes":""},"categories":[],"tags":[],"class_list":["post-157135","post","type-post","status-publish","format-standard","has-post-thumbnail"],"_wp_attached_file":null,"_wp_attachment_metadata":null,"_wp_attachment_context":null,"_wp_attachment_is_custom_header":null,"geo_longitude":null,"geo_public":null,"geo_latitude":null,"_publicize_done_external":null,"_wpas_done_3897181":null,"publicize_twitter_user":null,"_wpas_done_3897175":null,"_wpas_skip_3897181":null,"_wpas_skip_3897175":null,"_wpas_skip_3924723":null,"_wpas_mess":null,"_wpas_done_3924723":null,"wps_subtitle":"","_links":{"self":[{"href":"https:\/\/www.aarquiteta.com.br\/blog\/wp-json\/wp\/v2\/posts\/157135","targetHints":{"allow":["GET"]}}],"collection":[{"href":"https:\/\/www.aarquiteta.com.br\/blog\/wp-json\/wp\/v2\/posts"}],"about":[{"href":"https:\/\/www.aarquiteta.com.br\/blog\/wp-json\/wp\/v2\/types\/post"}],"author":[{"embeddable":true,"href":"https:\/\/www.aarquiteta.com.br\/blog\/wp-json\/wp\/v2\/users\/20"}],"replies":[{"embeddable":true,"href":"https:\/\/www.aarquiteta.com.br\/blog\/wp-json\/wp\/v2\/comments?post=157135"}],"version-history":[{"count":0,"href":"https:\/\/www.aarquiteta.com.br\/blog\/wp-json\/wp\/v2\/posts\/157135\/revisions"}],"wp:featuredmedia":[{"embeddable":true,"href":"https:\/\/www.aarquiteta.com.br\/blog\/wp-json\/wp\/v2\/media\/157134"}],"wp:attachment":[{"href":"https:\/\/www.aarquiteta.com.br\/blog\/wp-json\/wp\/v2\/media?parent=157135"}],"wp:term":[{"taxonomy":"category","embeddable":true,"href":"https:\/\/www.aarquiteta.com.br\/blog\/wp-json\/wp\/v2\/categories?post=157135"},{"taxonomy":"post_tag","embeddable":true,"href":"https:\/\/www.aarquiteta.com.br\/blog\/wp-json\/wp\/v2\/tags?post=157135"}],"curies":[{"name":"wp","href":"https:\/\/api.w.org\/{rel}","templated":true}]}}