{"id":157130,"date":"2026-03-27T09:02:11","date_gmt":"2026-03-27T12:02:11","guid":{"rendered":"https:\/\/www.aarquiteta.com.br\/blog\/decoracao-de-sala-simples-e-barata\/"},"modified":"2026-03-27T09:02:11","modified_gmt":"2026-03-27T12:02:11","slug":"decoracao-de-sala-simples-e-barata","status":"publish","type":"post","link":"https:\/\/www.aarquiteta.com.br\/blog\/decoracao-de-sala-simples-e-barata\/","title":{"rendered":"Decora\u00e7\u00e3o de Sala Simples e Acess\u00edvel: Dicas Pr\u00e1ticas para Transformar Seu Espa\u00e7o"},"content":{"rendered":"<p><b>Quer transformar sua sala sem gastar muito? Aqui est\u00e3o dicas pr\u00e1ticas para uma decora\u00e7\u00e3o simples, acess\u00edvel e cheia de estilo!<\/b><\/p>\n<h3>Como criar uma decora\u00e7\u00e3o de sala simples e acess\u00edvel?<\/h3>\n<p>Voc\u00ea j\u00e1 reparou como pequenas mudan\u00e7as fazem m\u00e1gica na decora\u00e7\u00e3o? <\/p>\n<p><b>Decorar a sala com simplicidade e baixo custo \u00e9 totalmente poss\u00edvel<\/b>. Selecionar objetos coloridos e personalizados muda o visual do ambiente instantaneamente. <\/p>\n<p>Uma parede colorida ou um papel de parede estiloso pode ser o destaque do espa\u00e7o, valorizando os m\u00f3veis e deixando tudo mais aconchegante.<\/p>\n<img decoding=\"async\" src=\"https:\/\/www.aarquiteta.com.br\/blog\/wp-content\/uploads\/2026\/03\/Decorayyo-de-Sala-Simples-e-Acessyvel-Dicas-Pryticas-para-Transformar-Seu-Espayo-01.jpg\" alt=\"Decora\u00e7\u00e3o de Sala Simples e Acess\u00edvel: Dicas Pr\u00e1ticas para Transformar Seu Espa\u00e7o\" width=\"1024\" height=\"1024\" title=\"\"> Decora\u00e7\u00e3o de Sala Simples e Acess\u00edvel: Dicas Pr\u00e1ticas para Transformar Seu Espa\u00e7o\/caption]\n<h3>Combinar cores neutras e acess\u00f3rios vibrantes: o segredo<\/h3>\n<p>Usar m\u00f3veis em cores neutras ajuda a manter o ambiente equilibrado. <\/p>\n<p><b>Os detalhes fazem toda diferen\u00e7a, ent\u00e3o invista em almofadas, quadros e objetos decorativos coloridos<\/b>. <\/p>\n<p>Essa combina\u00e7\u00e3o evita o excesso e ainda traz personalidade sem complica\u00e7\u00e3o.<\/p>\n<h3>Escolhendo m\u00f3veis pr\u00e1ticos para espa\u00e7os simples<\/h3>\n<p>Num ambiente compacto, circula\u00e7\u00e3o confort\u00e1vel \u00e9 <b>essencial para o bem-estar<\/b>. <\/p>\n<p>Prefira m\u00f3veis com linhas retas e cores claras para ampliar a sensa\u00e7\u00e3o de espa\u00e7o. <\/p>\n<p>Puffs, cadeiras com design leve e prateleiras ajudam a otimizar cada cantinho sem bagun\u00e7a.<\/p>\n<img decoding=\"async\" src=\"https:\/\/www.aarquiteta.com.br\/blog\/wp-content\/uploads\/2026\/03\/Decorayyo-de-Sala-Simples-e-Acessyvel-Dicas-Pryticas-para-Transformar-Seu-Espayo-02.jpg\" alt=\"Decora\u00e7\u00e3o de Sala Simples e Acess\u00edvel: Dicas Pr\u00e1ticas para Transformar Seu Espa\u00e7o\" width=\"1024\" height=\"1024\" title=\"\"> Decora\u00e7\u00e3o de Sala Simples e Acess\u00edvel: Dicas Pr\u00e1ticas para Transformar Seu Espa\u00e7o\/caption]\n<h3>Aproveitando plantas para dar vida \u00e0 decora\u00e7\u00e3o barata<\/h3>\n<p><b>Vegeta\u00e7\u00e3o \u00e9 um toque certeiro para deixar a sala fresca e acolhedora<\/b>. <\/p>\n<p>Plantas como suculentas e samambaias requerem pouco cuidado e d\u00e3o profundidade ao ambiente quando distribu\u00eddas em alturas variadas.<\/p>\n<p>Vasos no ch\u00e3o, prateleiras e at\u00e9 pendurados criam um cen\u00e1rio harmonioso e cheio de vida.<\/p>\n<h3>Decora\u00e7\u00e3o DIY: criatividade com baixo custo<\/h3>\n<p>Quer algo \u00fanico e sustent\u00e1vel? Fa\u00e7a voc\u00ea mesmo! <b>Paletes e caixotes viram mesas, prateleiras e sof\u00e1s<\/b> estilosos e econ\u00f4micos.<\/p>\n<p>Al\u00e9m disso, lumin\u00e1rias com barbante e tapetes de retalhos d\u00e3o charme e aconchego sem pesar no bolso.<\/p>\n<img decoding=\"async\" src=\"https:\/\/www.aarquiteta.com.br\/blog\/wp-content\/uploads\/2026\/03\/Decorayyo-de-Sala-Simples-e-Acessyvel-Dicas-Pryticas-para-Transformar-Seu-Espayo-03.jpg\" alt=\"Decora\u00e7\u00e3o de Sala Simples e Acess\u00edvel: Dicas Pr\u00e1ticas para Transformar Seu Espa\u00e7o\" width=\"1024\" height=\"1024\" title=\"\"> Decora\u00e7\u00e3o de Sala Simples e Acess\u00edvel: Dicas Pr\u00e1ticas para Transformar Seu Espa\u00e7o\/caption]\n<h3>Ilumina\u00e7\u00e3o como aliada na decora\u00e7\u00e3o simples<\/h3>\n<p>Investir em lumin\u00e1rias e spots de qualidade real\u00e7a os detalhes do seu espa\u00e7o.<\/p>\n<p><b>Luz bem distribu\u00edda valoriza m\u00f3veis e objetos decorativos, tornando a sala convidativa<\/b>.<\/p>\n<p>Evite luz muito forte ou apagada. Prefira uma ilumina\u00e7\u00e3o suave que desperte conforto.<\/p>\n<h3>Evite excessos: como equilibrar objetos decorativos<\/h3>\n<p><b>Menos \u00e9 mais<\/b> quando o espa\u00e7o \u00e9 limitado. Use poucos acess\u00f3rios, evitando sobrecarregar a sala.<\/p>\n<p>Escolha pe\u00e7as significativas e que conversem entre si para deixar o ambiente leve e organizado.<\/p>\n<h3>Resumo das principais dicas para decora\u00e7\u00e3o de sala simples e acess\u00edvel<\/h3>\n<table border=\"1\" cellpadding=\"8\" cellspacing=\"0\">\n<thead>\n<tr style=\"background-color:#f2f2f2;\">\n<th>Dica<\/th>\n<th>Benef\u00edcio<\/th>\n<th>Exemplo Pr\u00e1tico<\/th>\n<\/tr>\n<\/thead>\n<tbody>\n<tr>\n<td>Use cores neutras nos m\u00f3veis<\/td>\n<td>Amplia visualmente o espa\u00e7o<\/td>\n<td>Sof\u00e1 bege com almofadas coloridas<\/td>\n<\/tr>\n<tr>\n<td>Pinte uma parede ou use papel de parede<\/td>\n<td>Destaque que valoriza m\u00f3veis<\/td>\n<td>Parede azul atr\u00e1s do rack<\/td>\n<\/tr>\n<tr>\n<td>Invista em plantas variadas<\/td>\n<td>Tr\u00e1s frescor e vida ao ambiente<\/td>\n<td>Samambaias em prateleiras e vasos no ch\u00e3o<\/td>\n<\/tr>\n<tr>\n<td>M\u00f3veis pr\u00e1ticos e linhas retas<\/td>\n<td>Facilita circula\u00e7\u00e3o e organiza\u00e7\u00e3o<\/td>\n<td>Puffs multifuncionais e cadeiras leves<\/td>\n<\/tr>\n<tr>\n<td>Fa\u00e7a voc\u00ea mesmo objetos com materiais reutilizados<\/td>\n<td>Personaliza e reduz custo<\/td>\n<td>Mesinha de centro com paletes<\/td>\n<\/tr>\n<\/tbody>\n<\/table>\n<p>Deu para sentir que <b>decorar sem gastar muito \u00e9 uma quest\u00e3o de criatividade e bom gosto<\/b>, n\u00e9?<\/p>\n<p>Essas dicas simples e baratas s\u00e3o o caminho para transformar sua sala em um espa\u00e7o acolhedor e com personalidade. <\/p>\n<p>Agora eu quero saber de voc\u00ea: <b>qual dessas ideias vai virar realidade na sua casa primeiro?<\/b> Comente aqui e continue navegando para mais inspira\u00e7\u00f5es!<\/p>\n<h3>Veja tamb\u00e9m:<\/h3>\n<ul>\n<li><a href=\"#\">Como escolher tapetes para sala pequena<\/a><\/li>\n<li><a href=\"#\">Dicas para aproveitar espa\u00e7os pequenos com decora\u00e7\u00e3o funcional<\/a><\/li>\n<li><a href=\"#\">Ilumina\u00e7\u00e3o ideal para ambientes aconchegantes<\/a><\/li>\n<li><a href=\"#\">Projetos DIY f\u00e1ceis para renovar sua casa<\/a><\/li>\n<\/ul>\n<img decoding=\"async\" src=\"https:\/\/www.aarquiteta.com.br\/blog\/wp-content\/uploads\/2026\/03\/Decorayyo-de-Sala-Simples-e-Acessyvel-Dicas-Pryticas-para-Transformar-Seu-Espayo-04.jpg\" alt=\"Decora\u00e7\u00e3o de Sala Simples e Acess\u00edvel: Dicas Pr\u00e1ticas para Transformar Seu Espa\u00e7o\" width=\"1024\" height=\"1024\" title=\"\"> Decora\u00e7\u00e3o de Sala Simples e Acess\u00edvel: Dicas Pr\u00e1ticas para Transformar Seu Espa\u00e7o\/caption]\n","protected":false},"excerpt":{"rendered":"<p>Quer transformar sua sala sem gastar muito? Aqui est\u00e3o dicas pr\u00e1ticas para uma decora\u00e7\u00e3o simples, acess\u00edvel e cheia de estilo! Como criar uma decora\u00e7\u00e3o de sala simples e acess\u00edvel? Voc\u00ea j\u00e1 reparou como pequenas mudan\u00e7as fazem m\u00e1gica na decora\u00e7\u00e3o? Decorar a sala com simplicidade e baixo custo \u00e9 totalmente poss\u00edvel. Selecionar objetos coloridos e personalizados [&hellip;]<\/p>\n","protected":false},"author":20,"featured_media":157129,"comment_status":"open","ping_status":"","sticky":false,"template":"","format":"standard","meta":{"footnotes":""},"categories":[],"tags":[],"class_list":["post-157130","post","type-post","status-publish","format-standard","has-post-thumbnail"],"_wp_attached_file":null,"_wp_attachment_metadata":null,"_wp_attachment_context":null,"_wp_attachment_is_custom_header":null,"geo_longitude":null,"geo_public":null,"geo_latitude":null,"_publicize_done_external":null,"_wpas_done_3897181":null,"publicize_twitter_user":null,"_wpas_done_3897175":null,"_wpas_skip_3897181":null,"_wpas_skip_3897175":null,"_wpas_skip_3924723":null,"_wpas_mess":null,"_wpas_done_3924723":null,"wps_subtitle":"","_links":{"self":[{"href":"https:\/\/www.aarquiteta.com.br\/blog\/wp-json\/wp\/v2\/posts\/157130","targetHints":{"allow":["GET"]}}],"collection":[{"href":"https:\/\/www.aarquiteta.com.br\/blog\/wp-json\/wp\/v2\/posts"}],"about":[{"href":"https:\/\/www.aarquiteta.com.br\/blog\/wp-json\/wp\/v2\/types\/post"}],"author":[{"embeddable":true,"href":"https:\/\/www.aarquiteta.com.br\/blog\/wp-json\/wp\/v2\/users\/20"}],"replies":[{"embeddable":true,"href":"https:\/\/www.aarquiteta.com.br\/blog\/wp-json\/wp\/v2\/comments?post=157130"}],"version-history":[{"count":0,"href":"https:\/\/www.aarquiteta.com.br\/blog\/wp-json\/wp\/v2\/posts\/157130\/revisions"}],"wp:featuredmedia":[{"embeddable":true,"href":"https:\/\/www.aarquiteta.com.br\/blog\/wp-json\/wp\/v2\/media\/157129"}],"wp:attachment":[{"href":"https:\/\/www.aarquiteta.com.br\/blog\/wp-json\/wp\/v2\/media?parent=157130"}],"wp:term":[{"taxonomy":"category","embeddable":true,"href":"https:\/\/www.aarquiteta.com.br\/blog\/wp-json\/wp\/v2\/categories?post=157130"},{"taxonomy":"post_tag","embeddable":true,"href":"https:\/\/www.aarquiteta.com.br\/blog\/wp-json\/wp\/v2\/tags?post=157130"}],"curies":[{"name":"wp","href":"https:\/\/api.w.org\/{rel}","templated":true}]}}