{"id":157120,"date":"2026-03-26T17:02:16","date_gmt":"2026-03-26T20:02:16","guid":{"rendered":"https:\/\/www.aarquiteta.com.br\/blog\/cozinha-escandinava\/"},"modified":"2026-03-26T17:02:16","modified_gmt":"2026-03-26T20:02:16","slug":"cozinha-escandinava","status":"publish","type":"post","link":"https:\/\/www.aarquiteta.com.br\/blog\/cozinha-escandinava\/","title":{"rendered":"Como Criar Uma Cozinha Escandinava Pr\u00e1tica, Aconchegante e Funcional"},"content":{"rendered":"<p><b>Quer uma cozinha pr\u00e1tica, funcional e cheia de charme?<\/b> A cozinha escandinava \u00e9 a solu\u00e7\u00e3o perfeita para espa\u00e7os modernos e aconchegantes.<\/p>\n<h3>O que define uma cozinha escandinava pr\u00e1tica e aconchegante?<\/h3>\n<p>A cozinha escandinava \u00e9 conhecida pela simplicidade e funcionalidade, respeitando o conforto e o calor do lar. \u00c9 um estilo que une o minimalismo com a sensa\u00e7\u00e3o de bem-estar.<\/p>\n<p>Entre as caracter\u00edsticas principais, est\u00e3o a paleta neutra, m\u00f3veis com linhas limpas e muita luz natural. Al\u00e9m disso, a madeira clara e os elementos naturais deixam o ambiente convidativo e harmonioso.<\/p>\n<img decoding=\"async\" src=\"https:\/\/www.aarquiteta.com.br\/blog\/wp-content\/uploads\/2026\/03\/Como-Criar-Uma-Cozinha-Escandinava-Prytica-Aconchegante-e-Funcional-01.jpg\" alt=\"Como Criar Uma Cozinha Escandinava Pr\u00e1tica, Aconchegante e Funcional\" width=\"1024\" height=\"1024\" title=\"\"> Como Criar Uma Cozinha Escandinava Pr\u00e1tica, Aconchegante e Funcional\/caption]\n<h3>Paleta de cores neutras com toques de madeira clara<\/h3>\n<p>Investir em tons como branco, bege e cinza cria a sensa\u00e7\u00e3o de amplitude e limpeza visual. O toque natural da madeira clara aquece a decora\u00e7\u00e3o, evitando que o espa\u00e7o pare\u00e7a frio demais.<\/p>\n<p>Essa combina\u00e7\u00e3o ajuda a manter a cozinha leve e visualmente organizada, al\u00e9m de facilitar a integra\u00e7\u00e3o com outros ambientes da casa.<\/p>\n<h3>M\u00f3veis minimalistas para otimizar o espa\u00e7o<\/h3>\n<p>Opto por arm\u00e1rios de linhas simples, sem ornamentos exagerados e com solu\u00e7\u00f5es inteligentes de armazenamento. Isso deixa a cozinha funcional e evita aquele visual bagun\u00e7ado.<\/p>\n<p>M\u00f3veis embutidos s\u00e3o ideais para aproveitar cada cantinho, especialmente em cozinhas compactas, garantindo praticidade e beleza ao mesmo tempo.<\/p>\n<img decoding=\"async\" src=\"https:\/\/www.aarquiteta.com.br\/blog\/wp-content\/uploads\/2026\/03\/Como-Criar-Uma-Cozinha-Escandinava-Prytica-Aconchegante-e-Funcional-02.jpg\" alt=\"Como Criar Uma Cozinha Escandinava Pr\u00e1tica, Aconchegante e Funcional\" width=\"1024\" height=\"1024\" title=\"\"> Como Criar Uma Cozinha Escandinava Pr\u00e1tica, Aconchegante e Funcional\/caption]\n<h3>Prateleiras abertas aumentam a praticidade e estilo<\/h3>\n<p>Al\u00e9m de ampliar visualmente o ambiente, as prateleiras abertas facilitam o acesso aos utens\u00edlios do dia a dia. \u00c9 o jeito perfeito de mostrar objetos bonitos como potes e pratos.<\/p>\n<p>Mas lembre-se: manter essa \u00e1rea organizada \u00e9 essencial para evitar a sensa\u00e7\u00e3o de desordem. Prefira prateleiras brancas ou de madeira clara para harmonizar com o estilo.<\/p>\n<h3>Incorpore plantas para frescor e vida na cozinha<\/h3>\n<p>Plantas como suculentas e ervas d\u00e3o um toque verde que remete \u00e0 natureza, t\u00e3o importante no design escandinavo. Elas tamb\u00e9m ajudam a renovar o ar e trazem suavidade visual.<\/p>\n<p>Escolha vasos simples, que combinam com o layout minimalista, e posicione-os em prateleiras ou bancadas, sempre pensando na funcionalidade.<\/p>\n<h3>Eletrodom\u00e9sticos embutidos para um visual clean<\/h3>\n<p>Eletrodom\u00e9sticos integrados ao m\u00f3vel mant\u00eam a linha visual organizada e d\u00e3o sensa\u00e7\u00e3o de amplitude. Prefira acabamentos neutros, como inox ou branco, que conversam bem com o resto da decora\u00e7\u00e3o.<\/p>\n<p>Essa escolha \u00e9 perfeita para quem busca uma cozinha pr\u00e1tica, elegante e com cara de espa\u00e7o planejado.<\/p>\n<img decoding=\"async\" src=\"https:\/\/www.aarquiteta.com.br\/blog\/wp-content\/uploads\/2026\/03\/Como-Criar-Uma-Cozinha-Escandinava-Prytica-Aconchegante-e-Funcional-03.jpg\" alt=\"Como Criar Uma Cozinha Escandinava Pr\u00e1tica, Aconchegante e Funcional\" width=\"1024\" height=\"1024\" title=\"\"> Como Criar Uma Cozinha Escandinava Pr\u00e1tica, Aconchegante e Funcional\/caption]\n<h3>Mistura de m\u00f3veis antigos e modernos para personalidade<\/h3>\n<p>Uma mesa de madeira vintage, por exemplo, pode ser o destaque da cozinha, trazendo aconchego e hist\u00f3ria. Combinar essa pe\u00e7a com arm\u00e1rios brancos modernos cria um contraste equilibrado e cheio de charme.<\/p>\n<p>Essa mistura traz autenticidade, fazendo a cozinha parecer \u00fanica e mais acolhedora.<\/p>\n<h3>Ilumina\u00e7\u00e3o em camadas para funcionalidade e clima<\/h3>\n<p>Uso de luz geral, ilumina\u00e7\u00e3o direta nas \u00e1reas de trabalho e luz ambiente cria um espa\u00e7o vers\u00e1til e agrad\u00e1vel. Lumin\u00e1rias pendentes, spots embutidos e at\u00e9 velas deixam a cozinha pronta para qualquer momento.<\/p>\n<p>Dimmer switches ajudam a ajustar a intensidade, moldando o ambiente para o que voc\u00ea precisar.<\/p>\n<h3>Espa\u00e7os sociais para reunir fam\u00edlia e amigos<\/h3>\n<p>Incluir uma bancada com cadeiras ou uma ilha gourmet transforma a cozinha em lugar de conviv\u00eancia. Al\u00e9m de funcional, a \u00e1rea social fomenta encontros e boas conversas.<\/p>\n<p>Se poss\u00edvel, reserve um cantinho multifuncional que possa servir para leitura ou home office, ampliando a utilidade do espa\u00e7o.<\/p>\n<img decoding=\"async\" src=\"https:\/\/www.aarquiteta.com.br\/blog\/wp-content\/uploads\/2026\/03\/Como-Criar-Uma-Cozinha-Escandinava-Prytica-Aconchegante-e-Funcional-04.jpg\" alt=\"Como Criar Uma Cozinha Escandinava Pr\u00e1tica, Aconchegante e Funcional\" width=\"1024\" height=\"1024\" title=\"\"> Como Criar Uma Cozinha Escandinava Pr\u00e1tica, Aconchegante e Funcional\/caption]\n","protected":false},"excerpt":{"rendered":"<p>Quer uma cozinha pr\u00e1tica, funcional e cheia de charme? A cozinha escandinava \u00e9 a solu\u00e7\u00e3o perfeita para espa\u00e7os modernos e aconchegantes. O que define uma cozinha escandinava pr\u00e1tica e aconchegante? A cozinha escandinava \u00e9 conhecida pela simplicidade e funcionalidade, respeitando o conforto e o calor do lar. \u00c9 um estilo que une o minimalismo com [&hellip;]<\/p>\n","protected":false},"author":20,"featured_media":157119,"comment_status":"open","ping_status":"","sticky":false,"template":"","format":"standard","meta":{"footnotes":""},"categories":[],"tags":[],"class_list":["post-157120","post","type-post","status-publish","format-standard","has-post-thumbnail"],"_wp_attached_file":null,"_wp_attachment_metadata":null,"_wp_attachment_context":null,"_wp_attachment_is_custom_header":null,"geo_longitude":null,"geo_public":null,"geo_latitude":null,"_publicize_done_external":null,"_wpas_done_3897181":null,"publicize_twitter_user":null,"_wpas_done_3897175":null,"_wpas_skip_3897181":null,"_wpas_skip_3897175":null,"_wpas_skip_3924723":null,"_wpas_mess":null,"_wpas_done_3924723":null,"wps_subtitle":"","_links":{"self":[{"href":"https:\/\/www.aarquiteta.com.br\/blog\/wp-json\/wp\/v2\/posts\/157120","targetHints":{"allow":["GET"]}}],"collection":[{"href":"https:\/\/www.aarquiteta.com.br\/blog\/wp-json\/wp\/v2\/posts"}],"about":[{"href":"https:\/\/www.aarquiteta.com.br\/blog\/wp-json\/wp\/v2\/types\/post"}],"author":[{"embeddable":true,"href":"https:\/\/www.aarquiteta.com.br\/blog\/wp-json\/wp\/v2\/users\/20"}],"replies":[{"embeddable":true,"href":"https:\/\/www.aarquiteta.com.br\/blog\/wp-json\/wp\/v2\/comments?post=157120"}],"version-history":[{"count":0,"href":"https:\/\/www.aarquiteta.com.br\/blog\/wp-json\/wp\/v2\/posts\/157120\/revisions"}],"wp:featuredmedia":[{"embeddable":true,"href":"https:\/\/www.aarquiteta.com.br\/blog\/wp-json\/wp\/v2\/media\/157119"}],"wp:attachment":[{"href":"https:\/\/www.aarquiteta.com.br\/blog\/wp-json\/wp\/v2\/media?parent=157120"}],"wp:term":[{"taxonomy":"category","embeddable":true,"href":"https:\/\/www.aarquiteta.com.br\/blog\/wp-json\/wp\/v2\/categories?post=157120"},{"taxonomy":"post_tag","embeddable":true,"href":"https:\/\/www.aarquiteta.com.br\/blog\/wp-json\/wp\/v2\/tags?post=157120"}],"curies":[{"name":"wp","href":"https:\/\/api.w.org\/{rel}","templated":true}]}}