{"id":157085,"date":"2026-03-24T09:02:33","date_gmt":"2026-03-24T12:02:33","guid":{"rendered":"https:\/\/www.aarquiteta.com.br\/blog\/mesa-de-computador\/"},"modified":"2026-03-24T09:02:33","modified_gmt":"2026-03-24T12:02:33","slug":"mesa-de-computador","status":"publish","type":"post","link":"https:\/\/www.aarquiteta.com.br\/blog\/mesa-de-computador\/","title":{"rendered":"Mesa de Computador: Como Escolher o Modelo Ideal para o Seu Espa\u00e7o e Conforto"},"content":{"rendered":"<p><b>Quer escolher a mesa de computador ideal para transformar seu espa\u00e7o de trabalho e aumentar seu conforto?<\/b> Vou te mostrar dicas simples e pr\u00e1ticas para acertar na escolha!<\/p>\n<h3>Por que escolher a mesa certa faz toda a diferen\u00e7a?<\/h3>\n<p>J\u00e1 percebeu como uma mesa desconfort\u00e1vel ou fora de escala pode atrapalhar seu rendimento? <b>A mesa certa valoriza seu espa\u00e7o e seu conforto.<\/b><\/p>\n<p>Ela \u00e9 o ponto central do seu home office, e deve ser planejada para atender suas necessidades di\u00e1rias. <b>Ah, e garantir estilo para o ambiente!<\/b><\/p>\n<img decoding=\"async\" src=\"https:\/\/www.aarquiteta.com.br\/blog\/wp-content\/uploads\/2026\/03\/Mesa-de-Computador-Como-Escolher-o-Modelo-Ideal-para-o-Seu-Espayo-e-Conforto-01.jpg\" alt=\"Mesa de Computador: Como Escolher o Modelo Ideal para o Seu Espa\u00e7o e Conforto\" width=\"1024\" height=\"1024\" title=\"\"> Mesa de Computador: Como Escolher o Modelo Ideal para o Seu Espa\u00e7o e Conforto\/caption]\n<h3>Altura e dimens\u00e3o: os pilares para escolher sua mesa<\/h3>\n<p><b>A altura deve acompanhar seu corpo, evitando dores e cansa\u00e7o.<\/b> O ideal varia entre 50 a 75 cm, conforme sua estatura.<\/p>\n<p>A largura da mesa precisa caber no seu espa\u00e7o, sem apertar, e dar conta dos seus equipamentos e acess\u00f3rios.<\/p>\n<h3>Modelos que otimizam pequenos espa\u00e7os<\/h3>\n<p>Voc\u00ea tem pouco espa\u00e7o? <b>Mesas de canto, acr\u00edlico ou brancas s\u00e3o as campe\u00e3s.<\/b> Elas ampliam visualmente o ambiente e criam sensa\u00e7\u00e3o de leveza.<\/p>\n<p>Outra solu\u00e7\u00e3o \u00e9 a beliche com escrivaninha embutida, que re\u00fane descanso e trabalho no mesmo espa\u00e7o compacto.<\/p>\n<img decoding=\"async\" src=\"https:\/\/www.aarquiteta.com.br\/blog\/wp-content\/uploads\/2026\/03\/Mesa-de-Computador-Como-Escolher-o-Modelo-Ideal-para-o-Seu-Espayo-e-Conforto-02.jpg\" alt=\"Mesa de Computador: Como Escolher o Modelo Ideal para o Seu Espa\u00e7o e Conforto\" width=\"1024\" height=\"1024\" title=\"\"> Mesa de Computador: Como Escolher o Modelo Ideal para o Seu Espa\u00e7o e Conforto\/caption]\n<h3>A import\u00e2ncia de gavetas e nichos<\/h3>\n<p><b>Organiza\u00e7\u00e3o \u00e9 tudo!<\/b> Mesas com gavetas e nichos ajudam a manter itens de papelaria, documentos e equipamentos sempre \u00e0 m\u00e3o e discretos.<\/p>\n<p>Prateleiras abertas deixam livros e objetos de decora\u00e7\u00e3o vis\u00edveis, mas requerem manuten\u00e7\u00e3o para evitar bagun\u00e7a.<\/p>\n<h3>Como a cor influencia no tamanho do ambiente<\/h3>\n<p>Mesas claras, especialmente brancas e acr\u00edlico, ampliam visivelmente o espa\u00e7o e aumentam a ilumina\u00e7\u00e3o natural.<\/p>\n<p>J\u00e1 os tons de castanho ou madeira d\u00e3o aconchego, indicados para \u00e1reas maiores e decora\u00e7\u00e3o mais cl\u00e1ssica.<\/p>\n<h3>Posi\u00e7\u00e3o ideal da mesa em rela\u00e7\u00e3o \u00e0 luz<\/h3>\n<p>Evite colocar o monitor de frente para a janela, porque o excesso de luz pode cansar os olhos e atrapalhar a vis\u00e3o.<\/p>\n<p><b>Escolha um lugar iluminado, mas sem reflexos diretos na tela.<\/b> Isso melhora sua produtividade e sa\u00fade ocular.<\/p>\n<img decoding=\"async\" src=\"https:\/\/www.aarquiteta.com.br\/blog\/wp-content\/uploads\/2026\/03\/Mesa-de-Computador-Como-Escolher-o-Modelo-Ideal-para-o-Seu-Espayo-e-Conforto-03.jpg\" alt=\"Mesa de Computador: Como Escolher o Modelo Ideal para o Seu Espa\u00e7o e Conforto\" width=\"1024\" height=\"1024\" title=\"\"> Mesa de Computador: Como Escolher o Modelo Ideal para o Seu Espa\u00e7o e Conforto\/caption]\n<h3>Bancadas e mesas longas: mais espa\u00e7o para criar<\/h3>\n<p>Se tiver espa\u00e7o, invista em uma bancada ampla que permite guarda-volumes e equipamentos maiores.<\/p>\n<p>Esse modelo \u00e9 ideal para quem precisa de mesas multifuncionais e gosta de um ambiente mais personalizado.<\/p>\n<h3>Tabela comparativa: como escolher sua mesa de computador<\/h3>\n<table border=\"1\" cellpadding=\"8\" cellspacing=\"0\">\n<thead>\n<tr>\n<th>Crit\u00e9rio<\/th>\n<th>Ideal para<\/th>\n<th>Vantagens<\/th>\n<th>Dica de uso<\/th>\n<\/tr>\n<\/thead>\n<tbody>\n<tr>\n<td>Altura ajustada (50-75 cm)<\/td>\n<td>Conforto ergon\u00f4mico<\/td>\n<td>Evita dores e cansa\u00e7o<\/td>\n<td>Use cadeira compat\u00edvel<\/td>\n<\/tr>\n<tr>\n<td>Mesa de acr\u00edlico<\/td>\n<td>Ambientes pequenos<\/td>\n<td>Ilumina\u00e7\u00e3o e sensa\u00e7\u00e3o de espa\u00e7o<\/td>\n<td>Combine com tons neutros<\/td>\n<\/tr>\n<tr>\n<td>Mesa de canto<\/td>\n<td>Espa\u00e7os irregulares<\/td>\n<td>Aproveita cantos desaproveitados<\/td>\n<td>\u00d3tima para home office compacto<\/td>\n<\/tr>\n<tr>\n<td>Mesa com gavetas e nichos<\/td>\n<td>Organiza\u00e7\u00e3o e armazenamento<\/td>\n<td>Facilita o acesso a materiais<\/td>\n<td>Mantenha sempre organizada<\/td>\n<\/tr>\n<tr>\n<td>Mesa bancada<\/td>\n<td>Espa\u00e7os amplos<\/td>\n<td>Versatilidade e eleg\u00e2ncia<\/td>\n<td>Decore com prateleiras abertas<\/td>\n<\/tr>\n<\/tbody>\n<\/table>\n<h3>Dicas finais para escolher sua mesa de computador<\/h3>\n<ul>\n<li><b>Me\u00e7a seu espa\u00e7o:<\/b> evite surpresas e garanta propor\u00e7\u00e3o ideal.<\/li>\n<li><b>Pense no conforto:<\/b> a ergonomia melhora sua sa\u00fade e disposi\u00e7\u00e3o.<\/li>\n<li><b>Invista na organiza\u00e7\u00e3o:<\/b> gavetas e nichos fazem diferen\u00e7a no dia a dia.<\/li>\n<li><b>Considere a decora\u00e7\u00e3o:<\/b> cores e materiais influenciam no clima do ambiente.<\/li>\n<li><b>Experimente modelos multifuncionais:<\/b> qualidade e estilo juntos.<\/li>\n<\/ul>\n<p>Agora que voc\u00ea sabe o que observar, que tal escolher aquele modelo que combina com voc\u00ea e transformar seu canto de trabalho? <b>Conte nos coment\u00e1rios qual estilo combina mais com seu espa\u00e7o!<\/b><\/p>\n<p>E para continuar inspirado, d\u00ea uma olhada nas nossas dicas de cadeira para escrit\u00f3rio e escrivaninha pequena para completar seu home office com conforto e estilo.<\/p>\n<img decoding=\"async\" src=\"https:\/\/www.aarquiteta.com.br\/blog\/wp-content\/uploads\/2026\/03\/Mesa-de-Computador-Como-Escolher-o-Modelo-Ideal-para-o-Seu-Espayo-e-Conforto-04.jpg\" alt=\"Mesa de Computador: Como Escolher o Modelo Ideal para o Seu Espa\u00e7o e Conforto\" width=\"1024\" height=\"1024\" title=\"\"> Mesa de Computador: Como Escolher o Modelo Ideal para o Seu Espa\u00e7o e Conforto\/caption]\n","protected":false},"excerpt":{"rendered":"<p>Quer escolher a mesa de computador ideal para transformar seu espa\u00e7o de trabalho e aumentar seu conforto? Vou te mostrar dicas simples e pr\u00e1ticas para acertar na escolha! Por que escolher a mesa certa faz toda a diferen\u00e7a? J\u00e1 percebeu como uma mesa desconfort\u00e1vel ou fora de escala pode atrapalhar seu rendimento? A mesa certa [&hellip;]<\/p>\n","protected":false},"author":20,"featured_media":157084,"comment_status":"open","ping_status":"","sticky":false,"template":"","format":"standard","meta":{"footnotes":""},"categories":[],"tags":[],"class_list":["post-157085","post","type-post","status-publish","format-standard","has-post-thumbnail"],"_wp_attached_file":null,"_wp_attachment_metadata":null,"_wp_attachment_context":null,"_wp_attachment_is_custom_header":null,"geo_longitude":null,"geo_public":null,"geo_latitude":null,"_publicize_done_external":null,"_wpas_done_3897181":null,"publicize_twitter_user":null,"_wpas_done_3897175":null,"_wpas_skip_3897181":null,"_wpas_skip_3897175":null,"_wpas_skip_3924723":null,"_wpas_mess":null,"_wpas_done_3924723":null,"wps_subtitle":"","_links":{"self":[{"href":"https:\/\/www.aarquiteta.com.br\/blog\/wp-json\/wp\/v2\/posts\/157085","targetHints":{"allow":["GET"]}}],"collection":[{"href":"https:\/\/www.aarquiteta.com.br\/blog\/wp-json\/wp\/v2\/posts"}],"about":[{"href":"https:\/\/www.aarquiteta.com.br\/blog\/wp-json\/wp\/v2\/types\/post"}],"author":[{"embeddable":true,"href":"https:\/\/www.aarquiteta.com.br\/blog\/wp-json\/wp\/v2\/users\/20"}],"replies":[{"embeddable":true,"href":"https:\/\/www.aarquiteta.com.br\/blog\/wp-json\/wp\/v2\/comments?post=157085"}],"version-history":[{"count":0,"href":"https:\/\/www.aarquiteta.com.br\/blog\/wp-json\/wp\/v2\/posts\/157085\/revisions"}],"wp:featuredmedia":[{"embeddable":true,"href":"https:\/\/www.aarquiteta.com.br\/blog\/wp-json\/wp\/v2\/media\/157084"}],"wp:attachment":[{"href":"https:\/\/www.aarquiteta.com.br\/blog\/wp-json\/wp\/v2\/media?parent=157085"}],"wp:term":[{"taxonomy":"category","embeddable":true,"href":"https:\/\/www.aarquiteta.com.br\/blog\/wp-json\/wp\/v2\/categories?post=157085"},{"taxonomy":"post_tag","embeddable":true,"href":"https:\/\/www.aarquiteta.com.br\/blog\/wp-json\/wp\/v2\/tags?post=157085"}],"curies":[{"name":"wp","href":"https:\/\/api.w.org\/{rel}","templated":true}]}}