{"id":157080,"date":"2026-03-24T01:02:22","date_gmt":"2026-03-24T04:02:22","guid":{"rendered":"https:\/\/www.aarquiteta.com.br\/blog\/ampliar-sem-reformas\/"},"modified":"2026-03-24T01:02:22","modified_gmt":"2026-03-24T04:02:22","slug":"ampliar-sem-reformas","status":"publish","type":"post","link":"https:\/\/www.aarquiteta.com.br\/blog\/ampliar-sem-reformas\/","title":{"rendered":"Como Fazer a Sala Parecer Maior Sem Precisar Reformar"},"content":{"rendered":"<p><b>Quer uma sala que pare\u00e7a maior sem mexer na estrutura?<\/b> Vou te mostrar truques simples, baratos e cheios de estilo para ampliar seu espa\u00e7o de forma pr\u00e1tica.<\/p>\n<h3>Por que escolher cores claras amplia sua sala<\/h3>\n<p>Usar pinturas e m\u00f3veis em tons claros, como branco e bege, \u00e9 como abrir janelas no espa\u00e7o\u00a0mesmo sem ter uma.<\/p>\n<p>A luz reflete mais nesses tons, deixando o ambiente\u00a0<b>mais iluminado e visualmente maior<\/b>.<\/p>\n<p>Detalhes coloridos em almofadas e objetos d\u00e3o vida, mas sem pesar o visual.<\/p>\n<img decoding=\"async\" src=\"https:\/\/www.aarquiteta.com.br\/blog\/wp-content\/uploads\/2026\/03\/Como-Fazer-a-Sala-Parecer-Maior-Sem-Precisar-Reformar-01.jpg\" alt=\"Como Fazer a Sala Parecer Maior Sem Precisar Reformar\" width=\"1024\" height=\"1024\" title=\"\"> Como Fazer a Sala Parecer Maior Sem Precisar Reformar\/caption]\n<h3>Como os espelhos criam profundidade e aumentam o espa\u00e7o<\/h3>\n<p>N\u00e3o subestime o poder desse item! Um espelho grande numa parede cria uma <b>sensa\u00e7\u00e3o de extens\u00e3o infinita<\/b>.<\/p>\n<p>Eles espalham a luz natural e artificial, deixando tudo mais<span> leve e aberto.<\/span><\/p>\n<h3>Integre a sala com a varanda para ampliar sem reformas estruturais<\/h3>\n<p>Se sua sala tem varanda, pode usar tapetes e m\u00f3veis para integrar os espa\u00e7os \u2013 sem quebrar nada.<\/p>\n<p>Combinar pisos e eliminar obst\u00e1culos visuais faz o m\u00f3vel parecer parte de um ambiente s\u00f3, <b>mais espa\u00e7oso e convidativo.<\/b><\/p>\n<img decoding=\"async\" src=\"https:\/\/www.aarquiteta.com.br\/blog\/wp-content\/uploads\/2026\/03\/Como-Fazer-a-Sala-Parecer-Maior-Sem-Precisar-Reformar-02.jpg\" alt=\"Como Fazer a Sala Parecer Maior Sem Precisar Reformar\" width=\"1024\" height=\"1024\" title=\"\"> Como Fazer a Sala Parecer Maior Sem Precisar Reformar\/caption]\n<h3>Ilumina\u00e7\u00e3o: a aliada indispens\u00e1vel para ampliar a sensa\u00e7\u00e3o do ambiente<\/h3>\n<p>Invista em luzes variadas: lustres, abajures e spots criam diferentes camadas que <b>aumentam o ambiente<\/b>.<\/p>\n<p>Na d\u00favida, prefira luzes quentes, que deixam tudo mais aconchegante e amplo.<\/p>\n<h3>Evite o excesso de m\u00f3veis: espa\u00e7o livre \u00e9 sin\u00f4nimo de amplitude<\/h3>\n<p>Menos \u00e9 mais! Mantenha poucos m\u00f3veis, priorizando os essenciais e multifuncionais para liberar espa\u00e7o.<\/p>\n<p>Por exemplo, substitua o rack da TV por pain\u00e9is suspensos e aproveite melhor seu ch\u00e3o.<\/p>\n<h3>Escolhendo pisos que ampliam: o segredo est\u00e1 na continuidade<\/h3>\n<p>Pisos claros e que se estendem pelo ambiente geram uma <b>sensa\u00e7\u00e3o de continuidade e amplitude<\/b>.<\/p>\n<p>Piso laminado parecido entre a sala e varanda, por exemplo, une os dois espa\u00e7os visualmente.<\/p>\n<img decoding=\"async\" src=\"https:\/\/www.aarquiteta.com.br\/blog\/wp-content\/uploads\/2026\/03\/Como-Fazer-a-Sala-Parecer-Maior-Sem-Precisar-Reformar-03.jpg\" alt=\"Como Fazer a Sala Parecer Maior Sem Precisar Reformar\" width=\"1024\" height=\"1024\" title=\"\"> Como Fazer a Sala Parecer Maior Sem Precisar Reformar\/caption]\n<h3>Decora\u00e7\u00e3o minimalista para maximizar espa\u00e7o<\/h3>\n<p>Almofadas, quadros e plantas s\u00e3o bem-vindos, mas escolha poucos itens estrat\u00e9gicos para n\u00e3o poluir.<\/p>\n<p>Espa\u00e7os organizados transmitem a impress\u00e3o de amplitude e tranquilidade.<\/p>\n<h3>Quadro-resumo: Dicas para ampliar sua sala sem reformas<\/h3>\n<table border=\"1\" cellpadding=\"8\" cellspacing=\"0\" style=\"border-collapse: collapse; width: 100%;\">\n<tr style=\"background-color: #f2f2f2;\">\n<th style=\"text-align:left;\">Dica<\/th>\n<th style=\"text-align:left;\">Como aplicar<\/th>\n<th style=\"text-align:left;\">Benef\u00edcio<\/th>\n<\/tr>\n<tr>\n<td><b>Cores claras<\/b><\/td>\n<td>Parede branca, m\u00f3veis bege<\/td>\n<td>Mais luz e amplitude visual<\/td>\n<\/tr>\n<tr>\n<td><b>Espelhos grandes<\/b><\/td>\n<td>Na parede principal ou v\u00e1rios pequenos<\/td>\n<td>Aumenta profundidade e ilumina<\/td>\n<\/tr>\n<tr>\n<td><b>Integra\u00e7\u00e3o com varanda<\/b><\/td>\n<td>Unificar pisos e decora\u00e7\u00e3o<\/td>\n<td>Espa\u00e7o \u00fanico aberto e fluido<\/td>\n<\/tr>\n<tr>\n<td><b>Ilumina\u00e7\u00e3o variada<\/b><\/td>\n<td>Lustres, abajures, spots<\/td>\n<td>Ambiente mais aconchegante e amplo<\/td>\n<\/tr>\n<tr>\n<td><b>M\u00f3veis essenciais<\/b><\/td>\n<td>Evitar excesso e usar pain\u00e9is<\/td>\n<td>Mais espa\u00e7o livre e funcionalidade<\/td>\n<\/tr>\n<tr>\n<td><b>Piso cont\u00ednuo<\/b><\/td>\n<td>Mesma cor e tipo em ambientes integrados<\/td>\n<td>Sensa\u00e7\u00e3o de ambiente maior<\/td>\n<\/tr>\n<tr>\n<td><b>Decora\u00e7\u00e3o minimalista<\/b><\/td>\n<td>Itens estrat\u00e9gicos e pouco volume<\/td>\n<td>Visual organizado e tranquilo<\/td>\n<\/tr>\n<\/table>\n<p>Viu s\u00f3? Com essas t\u00e9cnicas voc\u00ea consegue transformar sua sala sem precisar pegar martelo ou gastar muito!<\/p>\n<p>Quer saber mais sobre como usar a decora\u00e7\u00e3o para ampliar espa\u00e7os? Comente aqui qual dica voc\u00ea vai testar primeiro, e continue navegando para descobrir projetos incr\u00edveis, ideias para m\u00f3veis planejados e outras sugest\u00f5es que v\u00e3o deixar seu ambiente ainda mais bonito.<\/p>\n<img decoding=\"async\" src=\"https:\/\/www.aarquiteta.com.br\/blog\/wp-content\/uploads\/2026\/03\/Como-Fazer-a-Sala-Parecer-Maior-Sem-Precisar-Reformar-04.jpg\" alt=\"Como Fazer a Sala Parecer Maior Sem Precisar Reformar\" width=\"1024\" height=\"1024\" title=\"\"> Como Fazer a Sala Parecer Maior Sem Precisar Reformar\/caption]\n","protected":false},"excerpt":{"rendered":"<p>Quer uma sala que pare\u00e7a maior sem mexer na estrutura? Vou te mostrar truques simples, baratos e cheios de estilo para ampliar seu espa\u00e7o de forma pr\u00e1tica. Por que escolher cores claras amplia sua sala Usar pinturas e m\u00f3veis em tons claros, como branco e bege, \u00e9 como abrir janelas no espa\u00e7o\u00a0mesmo sem ter uma. [&hellip;]<\/p>\n","protected":false},"author":20,"featured_media":157079,"comment_status":"open","ping_status":"","sticky":false,"template":"","format":"standard","meta":{"footnotes":""},"categories":[],"tags":[],"class_list":["post-157080","post","type-post","status-publish","format-standard","has-post-thumbnail"],"_wp_attached_file":null,"_wp_attachment_metadata":null,"_wp_attachment_context":null,"_wp_attachment_is_custom_header":null,"geo_longitude":null,"geo_public":null,"geo_latitude":null,"_publicize_done_external":null,"_wpas_done_3897181":null,"publicize_twitter_user":null,"_wpas_done_3897175":null,"_wpas_skip_3897181":null,"_wpas_skip_3897175":null,"_wpas_skip_3924723":null,"_wpas_mess":null,"_wpas_done_3924723":null,"wps_subtitle":"","_links":{"self":[{"href":"https:\/\/www.aarquiteta.com.br\/blog\/wp-json\/wp\/v2\/posts\/157080","targetHints":{"allow":["GET"]}}],"collection":[{"href":"https:\/\/www.aarquiteta.com.br\/blog\/wp-json\/wp\/v2\/posts"}],"about":[{"href":"https:\/\/www.aarquiteta.com.br\/blog\/wp-json\/wp\/v2\/types\/post"}],"author":[{"embeddable":true,"href":"https:\/\/www.aarquiteta.com.br\/blog\/wp-json\/wp\/v2\/users\/20"}],"replies":[{"embeddable":true,"href":"https:\/\/www.aarquiteta.com.br\/blog\/wp-json\/wp\/v2\/comments?post=157080"}],"version-history":[{"count":0,"href":"https:\/\/www.aarquiteta.com.br\/blog\/wp-json\/wp\/v2\/posts\/157080\/revisions"}],"wp:featuredmedia":[{"embeddable":true,"href":"https:\/\/www.aarquiteta.com.br\/blog\/wp-json\/wp\/v2\/media\/157079"}],"wp:attachment":[{"href":"https:\/\/www.aarquiteta.com.br\/blog\/wp-json\/wp\/v2\/media?parent=157080"}],"wp:term":[{"taxonomy":"category","embeddable":true,"href":"https:\/\/www.aarquiteta.com.br\/blog\/wp-json\/wp\/v2\/categories?post=157080"},{"taxonomy":"post_tag","embeddable":true,"href":"https:\/\/www.aarquiteta.com.br\/blog\/wp-json\/wp\/v2\/tags?post=157080"}],"curies":[{"name":"wp","href":"https:\/\/api.w.org\/{rel}","templated":true}]}}