{"id":157055,"date":"2026-03-22T01:02:26","date_gmt":"2026-03-22T04:02:26","guid":{"rendered":"https:\/\/www.aarquiteta.com.br\/blog\/quarto-compartilhado-saiba-decorar\/"},"modified":"2026-03-22T01:02:26","modified_gmt":"2026-03-22T04:02:26","slug":"quarto-compartilhado-saiba-decorar","status":"publish","type":"post","link":"https:\/\/www.aarquiteta.com.br\/blog\/quarto-compartilhado-saiba-decorar\/","title":{"rendered":"Como Decorar um Quarto Compartilhado Preservando a Privacidade e o Conforto"},"content":{"rendered":"<p><b>Quer saber como decorar um quarto compartilhado preservando a privacidade e o conforto?<\/b> Vou mostrar dicas pr\u00e1ticas para deixar o ambiente harmonioso e funcional para todos.<\/p>\n<h3>Por que a privacidade \u00e9 essencial em um quarto dividido?<\/h3>\n<p>Quando voc\u00ea divide um quarto, <b>manter a privacidade \u00e9 fundamental para o bem-estar<\/b>. O espa\u00e7o deve equilibrar a conviv\u00eancia e o conforto, evitando a sensa\u00e7\u00e3o de invas\u00e3o.<\/p>\n<p>Por isso, pensar em solu\u00e7\u00f5es inteligentes ajuda a otimizar o ambiente e respeitar o espa\u00e7o individual.<\/p>\n<img decoding=\"async\" src=\"https:\/\/www.aarquiteta.com.br\/blog\/wp-content\/uploads\/2026\/03\/Como-Decorar-um-Quarto-Compartilhado-Preservando-a-Privacidade-e-o-Conforto-01.jpg\" alt=\"Como Decorar um Quarto Compartilhado Preservando a Privacidade e o Conforto\" width=\"1024\" height=\"1024\" title=\"\"> Como Decorar um Quarto Compartilhado Preservando a Privacidade e o Conforto\/caption]\n<h3>Como usar cores para harmonizar e preservar a individualidade<\/h3>\n<p><b>Tons neutros s\u00e3o aliados na decora\u00e7\u00e3o de quartos compartilhados.<\/b> Eles criam um ambiente limpo e acolhedor, que agrada a todos.<\/p>\n<p>Vale a pena investir em detalhes personalizados, como almofadas ou quadros, que expressem a personalidade de cada um.<\/p>\n<h3>Organiza\u00e7\u00e3o pr\u00e1tica: o segredo para quartos compartilhados funcionais<\/h3>\n<p><b>Sem bagun\u00e7a, tudo fica mais leve e organizado.<\/b> Utilize cabideiros para roupas e acess\u00f3rios, prateleiras para livros e objetos pessoais.<\/p>\n<p>Isso facilita o uso di\u00e1rio e evita conflitos por desordem.<\/p>\n<img decoding=\"async\" src=\"https:\/\/www.aarquiteta.com.br\/blog\/wp-content\/uploads\/2026\/03\/Como-Decorar-um-Quarto-Compartilhado-Preservando-a-Privacidade-e-o-Conforto-02.jpg\" alt=\"Como Decorar um Quarto Compartilhado Preservando a Privacidade e o Conforto\" width=\"1024\" height=\"1024\" title=\"\"> Como Decorar um Quarto Compartilhado Preservando a Privacidade e o Conforto\/caption]\n<h3>Camas suspensas e m\u00f3veis multifuncionais para otimizar espa\u00e7o<\/h3>\n<p><b>Camas suspensas s\u00e3o ideais para apartamentos pequenos.<\/b> Elas liberam espa\u00e7o para estudo, lazer ou at\u00e9 mesmo um canto de leitura.<\/p>\n<p>Aposte tamb\u00e9m em m\u00f3veis revers\u00edveis e compactos para aumentar a funcionalidade.<\/p>\n<h3>Mesa lateral e poltrona: conforto para momentos de descanso<\/h3>\n<p>Um cantinho com mesa e poltrona pode ser um espa\u00e7o individual para leitura ou trabalho.<\/p>\n<p><b>Esses itens s\u00e3o vers\u00e1teis e ajudam a dividir a \u00e1rea sem criar barreiras.<\/b><\/p>\n<h3>Mesas de cabeceira pr\u00e1ticas, sem ocupar espa\u00e7o<\/h3>\n<p><b>Optar por mesas pequenas e funcionais ajuda a evitar um quarto carregado.<\/b><\/p>\n<p>Al\u00e9m disso, facilitam a organiza\u00e7\u00e3o e mant\u00e9m o ambiente leve e agrad\u00e1vel para todos.<\/p>\n<img decoding=\"async\" src=\"https:\/\/www.aarquiteta.com.br\/blog\/wp-content\/uploads\/2026\/03\/Como-Decorar-um-Quarto-Compartilhado-Preservando-a-Privacidade-e-o-Conforto-03.jpg\" alt=\"Como Decorar um Quarto Compartilhado Preservando a Privacidade e o Conforto\" width=\"1024\" height=\"1024\" title=\"\"> Como Decorar um Quarto Compartilhado Preservando a Privacidade e o Conforto\/caption]\n<h3>Cuidados para n\u00e3o sobrecarregar a decora\u00e7\u00e3o<\/h3>\n<p><b>Evite objetos em excesso para n\u00e3o sufocar o ambiente.<\/b> Um quarto carregado pode gerar sensa\u00e7\u00e3o de desordem, prejudicando a conviv\u00eancia.<\/p>\n<p>O equil\u00edbrio entre decora\u00e7\u00e3o e funcionalidade \u00e9 o que mant\u00e9m o conforto.<\/p>\n<h3>Resumo das principais dicas para decorar quartos compartilhados<\/h3>\n<table border=\"1\" cellpadding=\"5\" cellspacing=\"0\">\n<thead>\n<tr>\n<th>Dica<\/th>\n<th>Benef\u00edcio<\/th>\n<th>Exemplo pr\u00e1tico<\/th>\n<\/tr>\n<\/thead>\n<tbody>\n<tr>\n<td>Tons neutros na pintura<\/td>\n<td>Ambiente harm\u00f4nico e clean<\/td>\n<td>Parede em off-white com detalhes coloridos em almofadas<\/td>\n<\/tr>\n<tr>\n<td>Camas suspensas<\/td>\n<td>Otimiza\u00e7\u00e3o de espa\u00e7o<\/td>\n<td>Cama alta aproveitando espa\u00e7o inferior para mesa de estudos<\/td>\n<\/tr>\n<tr>\n<td>Espelho grande<\/td>\n<td>Amplia e ilumina o quarto<\/td>\n<td>Espelho na parede oposta \u00e0 janela<\/td>\n<\/tr>\n<tr>\n<td>Cabideiros organizadores<\/td>\n<td>Praticidade na organiza\u00e7\u00e3o<\/td>\n<td>Cabideiro de parede para roupas di\u00e1rias<\/td>\n<\/tr>\n<tr>\n<td>M\u00f3veis pequenos e funcionais<\/td>\n<td>Ambiente leve e organizado<\/td>\n<td>Mesas de cabeceira compactas com gavetas<\/td>\n<\/tr>\n<\/tbody>\n<\/table>\n<p><b>Decorar um quarto compartilhado \u00e9 um desafio, mas tamb\u00e9m uma oportunidade incr\u00edvel de criar um espa\u00e7o funcional e acolhedor.<\/b> Com aten\u00e7\u00e3o aos detalhes e planejamento, d\u00e1 para preservar a privacidade sem perder o conforto.<\/p>\n<p>Agora que voc\u00ea tem essas dicas, que tal come\u00e7ar a transformar seu quarto hoje mesmo? <b>Deixe um coment\u00e1rio contando sua experi\u00eancia ou d\u00favidas, vou adorar ajudar!<\/b><\/p>\n<h3>Conte\u00fados recomendados para voc\u00ea<\/h3>\n<ul>\n<li><a href=\"#\">+68 ideias para decorar quartos pequenos<\/a><\/li>\n<li><a href=\"#\">Como escolher o colch\u00e3o ideal para seu conforto<\/a><\/li>\n<li><a href=\"#\">Dicas de ilumina\u00e7\u00e3o para ambientes aconchegantes<\/a><\/li>\n<li><a href=\"#\">M\u00f3veis multifuncionais que transformam pequenos espa\u00e7os<\/a><\/li>\n<\/ul>\n<img decoding=\"async\" src=\"https:\/\/www.aarquiteta.com.br\/blog\/wp-content\/uploads\/2026\/03\/Como-Decorar-um-Quarto-Compartilhado-Preservando-a-Privacidade-e-o-Conforto-04.jpg\" alt=\"Como Decorar um Quarto Compartilhado Preservando a Privacidade e o Conforto\" width=\"1024\" height=\"1024\" title=\"\"> Como Decorar um Quarto Compartilhado Preservando a Privacidade e o Conforto\/caption]\n","protected":false},"excerpt":{"rendered":"<p>Quer saber como decorar um quarto compartilhado preservando a privacidade e o conforto? Vou mostrar dicas pr\u00e1ticas para deixar o ambiente harmonioso e funcional para todos. Por que a privacidade \u00e9 essencial em um quarto dividido? Quando voc\u00ea divide um quarto, manter a privacidade \u00e9 fundamental para o bem-estar. O espa\u00e7o deve equilibrar a conviv\u00eancia [&hellip;]<\/p>\n","protected":false},"author":20,"featured_media":157054,"comment_status":"open","ping_status":"","sticky":false,"template":"","format":"standard","meta":{"footnotes":""},"categories":[],"tags":[],"class_list":["post-157055","post","type-post","status-publish","format-standard","has-post-thumbnail"],"_wp_attached_file":null,"_wp_attachment_metadata":null,"_wp_attachment_context":null,"_wp_attachment_is_custom_header":null,"geo_longitude":null,"geo_public":null,"geo_latitude":null,"_publicize_done_external":null,"_wpas_done_3897181":null,"publicize_twitter_user":null,"_wpas_done_3897175":null,"_wpas_skip_3897181":null,"_wpas_skip_3897175":null,"_wpas_skip_3924723":null,"_wpas_mess":null,"_wpas_done_3924723":null,"wps_subtitle":"","_links":{"self":[{"href":"https:\/\/www.aarquiteta.com.br\/blog\/wp-json\/wp\/v2\/posts\/157055","targetHints":{"allow":["GET"]}}],"collection":[{"href":"https:\/\/www.aarquiteta.com.br\/blog\/wp-json\/wp\/v2\/posts"}],"about":[{"href":"https:\/\/www.aarquiteta.com.br\/blog\/wp-json\/wp\/v2\/types\/post"}],"author":[{"embeddable":true,"href":"https:\/\/www.aarquiteta.com.br\/blog\/wp-json\/wp\/v2\/users\/20"}],"replies":[{"embeddable":true,"href":"https:\/\/www.aarquiteta.com.br\/blog\/wp-json\/wp\/v2\/comments?post=157055"}],"version-history":[{"count":0,"href":"https:\/\/www.aarquiteta.com.br\/blog\/wp-json\/wp\/v2\/posts\/157055\/revisions"}],"wp:featuredmedia":[{"embeddable":true,"href":"https:\/\/www.aarquiteta.com.br\/blog\/wp-json\/wp\/v2\/media\/157054"}],"wp:attachment":[{"href":"https:\/\/www.aarquiteta.com.br\/blog\/wp-json\/wp\/v2\/media?parent=157055"}],"wp:term":[{"taxonomy":"category","embeddable":true,"href":"https:\/\/www.aarquiteta.com.br\/blog\/wp-json\/wp\/v2\/categories?post=157055"},{"taxonomy":"post_tag","embeddable":true,"href":"https:\/\/www.aarquiteta.com.br\/blog\/wp-json\/wp\/v2\/tags?post=157055"}],"curies":[{"name":"wp","href":"https:\/\/api.w.org\/{rel}","templated":true}]}}